{"id":43116,"date":"2020-08-20T01:19:12","date_gmt":"2020-08-19T23:19:12","guid":{"rendered":"https:\/\/creadores.org\/?p=43116"},"modified":"2025-07-16T21:23:39","modified_gmt":"2025-07-16T19:23:39","slug":"madrid-es-moda-se-reinventa-tras-el-covid-19-2","status":"publish","type":"post","link":"https:\/\/creadores.org\/en\/madrid-es-moda-se-reinventa-tras-el-covid-19-2\/","title":{"rendered":"Madrid es Moda se reinventa tras el COVID-19"},"content":{"rendered":"<p>La comunidad de la moda espa\u00f1ola, liderada por la Asociaci\u00f3n Creadores de Moda de Espa\u00f1a (ACME) bajo el paraguas de la iniciativa municipal Madrid Capital de Moda, presenta una nueva edici\u00f3n de <a href=\"http:\/\/madridesmoda.com\/\" target=\"_blank\" rel=\"noopener noreferrer nofollow\">Madrid es Moda<\/a>, un proyecto que se reinventa para apoyar y revitalizar la moda espa\u00f1ola tras el Covid-19 con el respaldo del Foro de Empresas por Madrid. El objetivo de Madrid es Moda es crear una plataforma de comunicaci\u00f3n que fomente nacional e internacionalmente el conocimiento y el consumo de las marcas espa\u00f1olas, parte esencial para alcanzar una recuperaci\u00f3n r\u00e1pida tras la reciente crisis sanitaria, reforzando la programaci\u00f3n de desfiles de Mercedes-Benz Fashion Week Madrid.<\/p>\n<p>Madrid es Moda potenciar\u00e1 aquellos aspectos que hacen \u00fanica nuestra industria: marcas con alma, propuestas de autor que apuestan por un nuevo lujo basado en el equipo humano, la artesan\u00eda, la producci\u00f3n en cercan\u00eda, el consumo responsable, la calidad, la recuperaci\u00f3n de los oficios y la tradici\u00f3n. Madrid es Moda ser\u00e1 espacio de encuentro y promoci\u00f3n de aquellas firmas nacionales que defienden el slow fashion como base de una filosof\u00eda de moda de futuro.<\/p>\n<p>MeM contar\u00e1 con la participaci\u00f3n de: \u00c1NGEL SCHLESSER, BEATRIZ PE\u00d1ALVER, BRAIN &#038; BEAST, DEVOTA &#038; LOMBA,\u00a0 DOLORES CORT\u00c9S, DOMINNICO, DUARTE, ERNESTO NARANJO, GARC\u00cdA MADRID, HELENA ROHNER, JC PAJARES, JORGE V\u00c1ZQUEZ, JUAN VIDAL, LEANDRO CANO, MANS, MARCOS LUENGO, MAR\u00cdA LAFUENTE, MIGUEL MARINERO, MOIS\u00c9S NIETO, OLIVA, OTEYZA, PERTEGAZ, PILAR DALBAT, RELIQUIAE, ROBERTO VERINO, TERESA HELBIG, THE EXTREME COLLECTION y 44 STUDIO.<\/p>\n<p>Entre las principales acciones de Madrid es Moda destaca el lanzamiento en septiembre de un pionero proyecto de venta online para poder adquirir las colecciones oto\u00f1o\/invierno 2020-2021 de los dise\u00f1adores de ACME, as\u00ed como una selecci\u00f3n de sus piezas emblem\u00e1ticas, que estar\u00e1 disponible hasta el mes de noviembre. Esta iniciativa se pondr\u00e1 en marcha gracias a la alianza de la Asociaci\u00f3n con <a href=\"https:\/\/es-fascinante.com\/collections\/view-all\" target=\"_blank\" rel=\"noopener noreferrer nofollow\">Es Fascinante<\/a>, que apoya el talento creativo espa\u00f1ol y el movimiento slow fashion a trav\u00e9s de la venta de firmas de moda Made in\/by Spain. Este portal traslada los valores de la moda lenta, la esencia y la experiencia de compra en un atelier de dise\u00f1o de autor al entorno online, ofreciendo un trato especializado y de cercan\u00eda que conecta el universo del creador con el cliente final.<\/p>\n<p>Adem\u00e1s, Madrid es Moda impulsar\u00e1 el consumo de proximidad a trav\u00e9s de experiencias exclusivas con las firmas participantes. Del 7 al 13 de septiembre los dise\u00f1adores presentar\u00e1n en eventos de peque\u00f1o aforo sus nuevas colecciones a la venta, correspondientes a la temporada oto\u00f1o\/invierno 2020-2021, as\u00ed como peque\u00f1as colecciones c\u00e1psula o prendas ic\u00f3nicas de su trayectoria. Citas \u00fanicas en las que los asistentes podr\u00e1n interactuar de una forma cercana y segura con los art\u00edfices de la moda espa\u00f1ola con el objetivo de acercar la moda de autor al consumidor, poniendo en valor la calidad, la autenticidad y la sostenibilidad econ\u00f3mica, cultural y social de la industria.<\/p>\n","protected":false},"excerpt":{"rendered":"<p>La comunidad de la moda espa\u00f1ola, liderada por la Asociaci\u00f3n Creadores de Moda de Espa\u00f1a (ACME) bajo el paraguas de la iniciativa municipal Madrid Capital de Moda, presenta una nueva edici\u00f3n de Madrid es Moda, un proyecto que se reinventa para apoyar y revitalizar la moda espa\u00f1ola tras el Covid-19 con el respaldo del Foro [&hellip;]<\/p>\n","protected":false},"author":4,"featured_media":81514,"comment_status":"closed","ping_status":"closed","sticky":false,"template":"","format":"standard","meta":{"footnotes":""},"categories":[698],"tags":[191,780],"class_list":["post-43116","post","type-post","status-publish","format-standard","has-post-thumbnail","hentry","category-noticias-de-madrid-es-moda","tag-madrid-es-moda","tag-pilar-dalbat"],"yoast_head":"<!-- This site is optimized with the Yoast SEO plugin v28.4 - https:\/\/yoast.com\/product\/yoast-seo-wordpress\/ -->\n<title>Madrid es Moda se reinventa tras el COVID-19 - Asociaci\u00f3n Creadores de Moda de Espa\u00f1a | ACME<\/title>\n<meta name=\"description\" content=\"MADRID ES MODA se reinventa de cara a su edici\u00f3n de septiembre de 2020 con el prop\u00f3sito de convertirse en una plataforma on y off donde firmas de moda de autor puedan presentar y vender al consumidor final sus colecciones en curso.\" \/>\n<meta name=\"robots\" content=\"index, follow, max-snippet:-1, max-image-preview:large, max-video-preview:-1\" \/>\n<link rel=\"canonical\" href=\"https:\/\/creadores.org\/en\/madrid-es-moda-se-reinventa-tras-el-covid-19-2\/\" \/>\n<meta property=\"og:locale\" content=\"en_US\" \/>\n<meta property=\"og:type\" content=\"article\" \/>\n<meta property=\"og:title\" content=\"Madrid es Moda se reinventa tras el COVID-19 - Asociaci\u00f3n Creadores de Moda de Espa\u00f1a | ACME\" \/>\n<meta property=\"og:description\" content=\"MADRID ES MODA se reinventa de cara a su edici\u00f3n de septiembre de 2020 con el prop\u00f3sito de convertirse en una plataforma on y off donde firmas de moda de autor puedan presentar y vender al consumidor final sus colecciones en curso.\" \/>\n<meta property=\"og:url\" content=\"https:\/\/creadores.org\/en\/madrid-es-moda-se-reinventa-tras-el-covid-19-2\/\" \/>\n<meta property=\"og:site_name\" content=\"Asociaci\u00f3n Creadores de Moda de Espa\u00f1a | ACME\" \/>\n<meta property=\"article:publisher\" content=\"https:\/\/www.facebook.com\/Asociaci%c3%b3n-Creadores-de-Moda-de-Espa%c3%b1a-297009471514\/\" \/>\n<meta property=\"article:published_time\" content=\"2020-08-19T23:19:12+00:00\" \/>\n<meta property=\"article:modified_time\" content=\"2025-07-16T19:23:39+00:00\" \/>\n<meta property=\"og:image\" content=\"https:\/\/creadores.org\/wp-content\/uploads\/2020\/09\/juanjo-oliva-mem-acme-1920x1080-bn-0004-scaled.jpg\" \/>\n\t<meta property=\"og:image:width\" content=\"2560\" \/>\n\t<meta property=\"og:image:height\" content=\"1440\" \/>\n\t<meta property=\"og:image:type\" content=\"image\/jpeg\" \/>\n<meta name=\"author\" content=\"Felipe\" \/>\n<meta name=\"twitter:card\" content=\"summary_large_image\" \/>\n<meta name=\"twitter:creator\" content=\"@creadoresacme\" \/>\n<meta name=\"twitter:site\" content=\"@creadoresacme\" \/>\n<meta name=\"twitter:label1\" content=\"Written by\" \/>\n\t<meta name=\"twitter:data1\" content=\"Felipe\" \/>\n\t<meta name=\"twitter:label2\" content=\"Est. reading time\" \/>\n\t<meta name=\"twitter:data2\" content=\"3 minutes\" \/>\n<script type=\"application\/ld+json\" class=\"yoast-schema-graph\">{\"@context\":\"https:\\\/\\\/schema.org\",\"@graph\":[{\"@type\":\"Article\",\"@id\":\"https:\\\/\\\/creadores.org\\\/en\\\/madrid-es-moda-se-reinventa-tras-el-covid-19-2\\\/#article\",\"isPartOf\":{\"@id\":\"https:\\\/\\\/creadores.org\\\/en\\\/madrid-es-moda-se-reinventa-tras-el-covid-19-2\\\/\"},\"author\":{\"name\":\"Felipe\",\"@id\":\"https:\\\/\\\/creadores.org\\\/en\\\/#\\\/schema\\\/person\\\/fdf61cde9f2e71e9cefe26613b50a079\"},\"headline\":\"Madrid es Moda se reinventa tras el COVID-19\",\"datePublished\":\"2020-08-19T23:19:12+00:00\",\"dateModified\":\"2025-07-16T19:23:39+00:00\",\"mainEntityOfPage\":{\"@id\":\"https:\\\/\\\/creadores.org\\\/en\\\/madrid-es-moda-se-reinventa-tras-el-covid-19-2\\\/\"},\"wordCount\":527,\"publisher\":{\"@id\":\"https:\\\/\\\/creadores.org\\\/en\\\/#organization\"},\"image\":{\"@id\":\"https:\\\/\\\/creadores.org\\\/en\\\/madrid-es-moda-se-reinventa-tras-el-covid-19-2\\\/#primaryimage\"},\"thumbnailUrl\":\"https:\\\/\\\/creadores.org\\\/wp-content\\\/uploads\\\/2025\\\/06\\\/juanjo-oliva-mem-acme-1920x1080-bn-0004-scaled.jpg-2.jpg\",\"keywords\":[\"Madrid es Moda\",\"Pilar Dalbat\"],\"articleSection\":[\"Madrid es Moda\"],\"inLanguage\":\"en-US\"},{\"@type\":\"WebPage\",\"@id\":\"https:\\\/\\\/creadores.org\\\/en\\\/madrid-es-moda-se-reinventa-tras-el-covid-19-2\\\/\",\"url\":\"https:\\\/\\\/creadores.org\\\/en\\\/madrid-es-moda-se-reinventa-tras-el-covid-19-2\\\/\",\"name\":\"Madrid es Moda se reinventa tras el COVID-19 - Asociaci\u00f3n Creadores de Moda de Espa\u00f1a | ACME\",\"isPartOf\":{\"@id\":\"https:\\\/\\\/creadores.org\\\/en\\\/#website\"},\"primaryImageOfPage\":{\"@id\":\"https:\\\/\\\/creadores.org\\\/en\\\/madrid-es-moda-se-reinventa-tras-el-covid-19-2\\\/#primaryimage\"},\"image\":{\"@id\":\"https:\\\/\\\/creadores.org\\\/en\\\/madrid-es-moda-se-reinventa-tras-el-covid-19-2\\\/#primaryimage\"},\"thumbnailUrl\":\"https:\\\/\\\/creadores.org\\\/wp-content\\\/uploads\\\/2025\\\/06\\\/juanjo-oliva-mem-acme-1920x1080-bn-0004-scaled.jpg-2.jpg\",\"datePublished\":\"2020-08-19T23:19:12+00:00\",\"dateModified\":\"2025-07-16T19:23:39+00:00\",\"description\":\"MADRID ES MODA se reinventa de cara a su edici\u00f3n de septiembre de 2020 con el prop\u00f3sito de convertirse en una plataforma on y off donde firmas de moda de autor puedan presentar y vender al consumidor final sus colecciones en curso.\",\"breadcrumb\":{\"@id\":\"https:\\\/\\\/creadores.org\\\/en\\\/madrid-es-moda-se-reinventa-tras-el-covid-19-2\\\/#breadcrumb\"},\"inLanguage\":\"en-US\",\"potentialAction\":[{\"@type\":\"ReadAction\",\"target\":[\"https:\\\/\\\/creadores.org\\\/en\\\/madrid-es-moda-se-reinventa-tras-el-covid-19-2\\\/\"]}]},{\"@type\":\"ImageObject\",\"inLanguage\":\"en-US\",\"@id\":\"https:\\\/\\\/creadores.org\\\/en\\\/madrid-es-moda-se-reinventa-tras-el-covid-19-2\\\/#primaryimage\",\"url\":\"https:\\\/\\\/creadores.org\\\/wp-content\\\/uploads\\\/2025\\\/06\\\/juanjo-oliva-mem-acme-1920x1080-bn-0004-scaled.jpg-2.jpg\",\"contentUrl\":\"https:\\\/\\\/creadores.org\\\/wp-content\\\/uploads\\\/2025\\\/06\\\/juanjo-oliva-mem-acme-1920x1080-bn-0004-scaled.jpg-2.jpg\",\"width\":1600,\"height\":900},{\"@type\":\"BreadcrumbList\",\"@id\":\"https:\\\/\\\/creadores.org\\\/en\\\/madrid-es-moda-se-reinventa-tras-el-covid-19-2\\\/#breadcrumb\",\"itemListElement\":[{\"@type\":\"ListItem\",\"position\":1,\"name\":\"Portada\",\"item\":\"https:\\\/\\\/creadores.org\\\/en\\\/\"},{\"@type\":\"ListItem\",\"position\":2,\"name\":\"Madrid es Moda se reinventa tras el COVID-19\"}]},{\"@type\":\"WebSite\",\"@id\":\"https:\\\/\\\/creadores.org\\\/en\\\/#website\",\"url\":\"https:\\\/\\\/creadores.org\\\/en\\\/\",\"name\":\"Asociaci\u00f3n Creadores de Moda de Espa\u00f1a | ACME\",\"description\":\"La Asociaci\u00f3n Creadores de Moda de Espa\u00f1a (ACME) es una organizaci\u00f3n profesional sin \u00e1nimo de lucro fundada en 1988\",\"publisher\":{\"@id\":\"https:\\\/\\\/creadores.org\\\/en\\\/#organization\"},\"potentialAction\":[{\"@type\":\"SearchAction\",\"target\":{\"@type\":\"EntryPoint\",\"urlTemplate\":\"https:\\\/\\\/creadores.org\\\/en\\\/?s={search_term_string}\"},\"query-input\":{\"@type\":\"PropertyValueSpecification\",\"valueRequired\":true,\"valueName\":\"search_term_string\"}}],\"inLanguage\":\"en-US\"},{\"@type\":\"Organization\",\"@id\":\"https:\\\/\\\/creadores.org\\\/en\\\/#organization\",\"name\":\"Asociaci\u00f3n Creadores de Moda de Espa\u00f1a | ACME\",\"url\":\"https:\\\/\\\/creadores.org\\\/en\\\/\",\"logo\":{\"@type\":\"ImageObject\",\"inLanguage\":\"en-US\",\"@id\":\"https:\\\/\\\/creadores.org\\\/en\\\/#\\\/schema\\\/logo\\\/image\\\/\",\"url\":\"https:\\\/\\\/creadores.org\\\/wp-content\\\/uploads\\\/2025\\\/06\\\/acme-logo.svg\",\"contentUrl\":\"https:\\\/\\\/creadores.org\\\/wp-content\\\/uploads\\\/2025\\\/06\\\/acme-logo.svg\",\"width\":650,\"height\":119,\"caption\":\"Asociaci\u00f3n Creadores de Moda de Espa\u00f1a | ACME\"},\"image\":{\"@id\":\"https:\\\/\\\/creadores.org\\\/en\\\/#\\\/schema\\\/logo\\\/image\\\/\"},\"sameAs\":[\"https:\\\/\\\/www.facebook.com\\\/Asociaci\u00f3n-Creadores-de-Moda-de-Espa\u00f1a-297009471514\\\/\",\"https:\\\/\\\/x.com\\\/creadoresacme\",\"https:\\\/\\\/www.instagram.com\\\/creadoresacme\\\/\"]},{\"@type\":\"Person\",\"@id\":\"https:\\\/\\\/creadores.org\\\/en\\\/#\\\/schema\\\/person\\\/fdf61cde9f2e71e9cefe26613b50a079\",\"name\":\"Felipe\"}]}<\/script>\n<!-- \/ Yoast SEO plugin. -->","yoast_head_json":{"title":"Madrid es Moda se reinventa tras el COVID-19 - Asociaci\u00f3n Creadores de Moda de Espa\u00f1a | ACME","description":"MADRID ES MODA se reinventa de cara a su edici\u00f3n de septiembre de 2020 con el prop\u00f3sito de convertirse en una plataforma on y off donde firmas de moda de autor puedan presentar y vender al consumidor final sus colecciones en curso.","robots":{"index":"index","follow":"follow","max-snippet":"max-snippet:-1","max-image-preview":"max-image-preview:large","max-video-preview":"max-video-preview:-1"},"canonical":"https:\/\/creadores.org\/en\/madrid-es-moda-se-reinventa-tras-el-covid-19-2\/","og_locale":"en_US","og_type":"article","og_title":"Madrid es Moda se reinventa tras el COVID-19 - Asociaci\u00f3n Creadores de Moda de Espa\u00f1a | ACME","og_description":"MADRID ES MODA se reinventa de cara a su edici\u00f3n de septiembre de 2020 con el prop\u00f3sito de convertirse en una plataforma on y off donde firmas de moda de autor puedan presentar y vender al consumidor final sus colecciones en curso.","og_url":"https:\/\/creadores.org\/en\/madrid-es-moda-se-reinventa-tras-el-covid-19-2\/","og_site_name":"Asociaci\u00f3n Creadores de Moda de Espa\u00f1a | ACME","article_publisher":"https:\/\/www.facebook.com\/Asociaci%c3%b3n-Creadores-de-Moda-de-Espa%c3%b1a-297009471514\/","article_published_time":"2020-08-19T23:19:12+00:00","article_modified_time":"2025-07-16T19:23:39+00:00","og_image":[{"width":2560,"height":1440,"url":"https:\/\/creadores.org\/wp-content\/uploads\/2020\/09\/juanjo-oliva-mem-acme-1920x1080-bn-0004-scaled.jpg","type":"image\/jpeg"}],"author":"Felipe","twitter_card":"summary_large_image","twitter_creator":"@creadoresacme","twitter_site":"@creadoresacme","twitter_misc":{"Written by":"Felipe","Est. reading time":"3 minutes"},"schema":{"@context":"https:\/\/schema.org","@graph":[{"@type":"Article","@id":"https:\/\/creadores.org\/en\/madrid-es-moda-se-reinventa-tras-el-covid-19-2\/#article","isPartOf":{"@id":"https:\/\/creadores.org\/en\/madrid-es-moda-se-reinventa-tras-el-covid-19-2\/"},"author":{"name":"Felipe","@id":"https:\/\/creadores.org\/en\/#\/schema\/person\/fdf61cde9f2e71e9cefe26613b50a079"},"headline":"Madrid es Moda se reinventa tras el COVID-19","datePublished":"2020-08-19T23:19:12+00:00","dateModified":"2025-07-16T19:23:39+00:00","mainEntityOfPage":{"@id":"https:\/\/creadores.org\/en\/madrid-es-moda-se-reinventa-tras-el-covid-19-2\/"},"wordCount":527,"publisher":{"@id":"https:\/\/creadores.org\/en\/#organization"},"image":{"@id":"https:\/\/creadores.org\/en\/madrid-es-moda-se-reinventa-tras-el-covid-19-2\/#primaryimage"},"thumbnailUrl":"https:\/\/creadores.org\/wp-content\/uploads\/2025\/06\/juanjo-oliva-mem-acme-1920x1080-bn-0004-scaled.jpg-2.jpg","keywords":["Madrid es Moda","Pilar Dalbat"],"articleSection":["Madrid es Moda"],"inLanguage":"en-US"},{"@type":"WebPage","@id":"https:\/\/creadores.org\/en\/madrid-es-moda-se-reinventa-tras-el-covid-19-2\/","url":"https:\/\/creadores.org\/en\/madrid-es-moda-se-reinventa-tras-el-covid-19-2\/","name":"Madrid es Moda se reinventa tras el COVID-19 - Asociaci\u00f3n Creadores de Moda de Espa\u00f1a | ACME","isPartOf":{"@id":"https:\/\/creadores.org\/en\/#website"},"primaryImageOfPage":{"@id":"https:\/\/creadores.org\/en\/madrid-es-moda-se-reinventa-tras-el-covid-19-2\/#primaryimage"},"image":{"@id":"https:\/\/creadores.org\/en\/madrid-es-moda-se-reinventa-tras-el-covid-19-2\/#primaryimage"},"thumbnailUrl":"https:\/\/creadores.org\/wp-content\/uploads\/2025\/06\/juanjo-oliva-mem-acme-1920x1080-bn-0004-scaled.jpg-2.jpg","datePublished":"2020-08-19T23:19:12+00:00","dateModified":"2025-07-16T19:23:39+00:00","description":"MADRID ES MODA se reinventa de cara a su edici\u00f3n de septiembre de 2020 con el prop\u00f3sito de convertirse en una plataforma on y off donde firmas de moda de autor puedan presentar y vender al consumidor final sus colecciones en curso.","breadcrumb":{"@id":"https:\/\/creadores.org\/en\/madrid-es-moda-se-reinventa-tras-el-covid-19-2\/#breadcrumb"},"inLanguage":"en-US","potentialAction":[{"@type":"ReadAction","target":["https:\/\/creadores.org\/en\/madrid-es-moda-se-reinventa-tras-el-covid-19-2\/"]}]},{"@type":"ImageObject","inLanguage":"en-US","@id":"https:\/\/creadores.org\/en\/madrid-es-moda-se-reinventa-tras-el-covid-19-2\/#primaryimage","url":"https:\/\/creadores.org\/wp-content\/uploads\/2025\/06\/juanjo-oliva-mem-acme-1920x1080-bn-0004-scaled.jpg-2.jpg","contentUrl":"https:\/\/creadores.org\/wp-content\/uploads\/2025\/06\/juanjo-oliva-mem-acme-1920x1080-bn-0004-scaled.jpg-2.jpg","width":1600,"height":900},{"@type":"BreadcrumbList","@id":"https:\/\/creadores.org\/en\/madrid-es-moda-se-reinventa-tras-el-covid-19-2\/#breadcrumb","itemListElement":[{"@type":"ListItem","position":1,"name":"Portada","item":"https:\/\/creadores.org\/en\/"},{"@type":"ListItem","position":2,"name":"Madrid es Moda se reinventa tras el COVID-19"}]},{"@type":"WebSite","@id":"https:\/\/creadores.org\/en\/#website","url":"https:\/\/creadores.org\/en\/","name":"Asociaci\u00f3n Creadores de Moda de Espa\u00f1a | ACME","description":"La Asociaci\u00f3n Creadores de Moda de Espa\u00f1a (ACME) es una organizaci\u00f3n profesional sin \u00e1nimo de lucro fundada en 1988","publisher":{"@id":"https:\/\/creadores.org\/en\/#organization"},"potentialAction":[{"@type":"SearchAction","target":{"@type":"EntryPoint","urlTemplate":"https:\/\/creadores.org\/en\/?s={search_term_string}"},"query-input":{"@type":"PropertyValueSpecification","valueRequired":true,"valueName":"search_term_string"}}],"inLanguage":"en-US"},{"@type":"Organization","@id":"https:\/\/creadores.org\/en\/#organization","name":"Asociaci\u00f3n Creadores de Moda de Espa\u00f1a | ACME","url":"https:\/\/creadores.org\/en\/","logo":{"@type":"ImageObject","inLanguage":"en-US","@id":"https:\/\/creadores.org\/en\/#\/schema\/logo\/image\/","url":"https:\/\/creadores.org\/wp-content\/uploads\/2025\/06\/acme-logo.svg","contentUrl":"https:\/\/creadores.org\/wp-content\/uploads\/2025\/06\/acme-logo.svg","width":650,"height":119,"caption":"Asociaci\u00f3n Creadores de Moda de Espa\u00f1a | ACME"},"image":{"@id":"https:\/\/creadores.org\/en\/#\/schema\/logo\/image\/"},"sameAs":["https:\/\/www.facebook.com\/Asociaci\u00f3n-Creadores-de-Moda-de-Espa\u00f1a-297009471514\/","https:\/\/x.com\/creadoresacme","https:\/\/www.instagram.com\/creadoresacme\/"]},{"@type":"Person","@id":"https:\/\/creadores.org\/en\/#\/schema\/person\/fdf61cde9f2e71e9cefe26613b50a079","name":"Felipe"}]}},"_links":{"self":[{"href":"https:\/\/creadores.org\/en\/wp-json\/wp\/v2\/posts\/43116","targetHints":{"allow":["GET"]}}],"collection":[{"href":"https:\/\/creadores.org\/en\/wp-json\/wp\/v2\/posts"}],"about":[{"href":"https:\/\/creadores.org\/en\/wp-json\/wp\/v2\/types\/post"}],"author":[{"embeddable":true,"href":"https:\/\/creadores.org\/en\/wp-json\/wp\/v2\/users\/4"}],"replies":[{"embeddable":true,"href":"https:\/\/creadores.org\/en\/wp-json\/wp\/v2\/comments?post=43116"}],"version-history":[{"count":4,"href":"https:\/\/creadores.org\/en\/wp-json\/wp\/v2\/posts\/43116\/revisions"}],"predecessor-version":[{"id":84755,"href":"https:\/\/creadores.org\/en\/wp-json\/wp\/v2\/posts\/43116\/revisions\/84755"}],"wp:featuredmedia":[{"embeddable":true,"href":"https:\/\/creadores.org\/en\/wp-json\/wp\/v2\/media\/81514"}],"wp:attachment":[{"href":"https:\/\/creadores.org\/en\/wp-json\/wp\/v2\/media?parent=43116"}],"wp:term":[{"taxonomy":"category","embeddable":true,"href":"https:\/\/creadores.org\/en\/wp-json\/wp\/v2\/categories?post=43116"},{"taxonomy":"post_tag","embeddable":true,"href":"https:\/\/creadores.org\/en\/wp-json\/wp\/v2\/tags?post=43116"}],"curies":[{"name":"wp","href":"https:\/\/api.w.org\/{rel}","templated":true}]}}