{"id":100713,"date":"2026-09-01T13:51:59","date_gmt":"2026-09-01T11:51:59","guid":{"rendered":"https:\/\/creadores.org\/lola-casademunt-presenta-the-archive-edit-la-capsula-con-la-que-celebra-su-45-aniversario\/"},"modified":"2026-09-02T09:54:47","modified_gmt":"2026-09-02T07:54:47","slug":"lola-casademunt-presents-the-archive-edit-its-45th-anniversary-celebration-capsule-collection","status":"publish","type":"post","link":"https:\/\/creadores.org\/en\/lola-casademunt-presents-the-archive-edit-its-45th-anniversary-celebration-capsule-collection\/","title":{"rendered":"LOLA CASADEMUNT presents The Archive Edit, its 45th anniversary celebration capsule collection"},"content":{"rendered":"<p>LOLA CASADEMUNT presents The Archive Edit, a special edition within its Fall\/Winter 2026-2027 collection, commemorating the fashion brand&#8217;s 45-year history. The capsule collection revives pieces from its creative archives reinterpreting silhouettes inspired by Lola Casademunt\u2019s, the founder, personal wardrobe, under the creative direction of Maite Casademunt, the brand\u2019s President and Creative Director.<\/p>\n<p>The resulting wardrobe combines tailoring, flowing dresses, coats, knitwear, capes, and jewelry-inspired pieces. Jacquards, embroidery, sequins, and handcrafted embellishments enrich the designs, set against a palette of blacks, golds, and neutral tones with touches of color.<\/p>\n<p>LOLA CASADEMUNT&#8217;s 45th anniversary was also celebrated on the runway with La Joya, a collection in which the brand paid homage to Barcelona through color, iconic prints, and sophisticated silhouettes.<\/p>\n","protected":false},"excerpt":{"rendered":"<p>LOLA CASADEMUNT presents The Archive Edit, a special edition within its Fall\/Winter 2026-2027 collection, commemorating the fashion brand&#8217;s 45-year history. The capsule collection revives pieces from its creative archives reinterpreting silhouettes inspired by Lola Casademunt\u2019s, the founder, personal wardrobe, under the creative direction of Maite Casademunt, the brand\u2019s President and Creative Director. The resulting wardrobe [&hellip;]<\/p>\n","protected":false},"author":4,"featured_media":100714,"comment_status":"closed","ping_status":"closed","sticky":false,"template":"","format":"standard","meta":{"footnotes":""},"categories":[6],"tags":[],"class_list":["post-100713","post","type-post","status-publish","format-standard","has-post-thumbnail","hentry","category-noticias"],"yoast_head":"<!-- This site is optimized with the Yoast SEO plugin v28.4 - https:\/\/yoast.com\/product\/yoast-seo-wordpress\/ -->\n<title>LOLA CASADEMUNT presents The Archive Edit, its 45th anniversary celebration capsule collection - Asociaci\u00f3n Creadores de Moda de Espa\u00f1a | ACME<\/title>\n<meta name=\"robots\" content=\"index, follow, max-snippet:-1, max-image-preview:large, max-video-preview:-1\" \/>\n<link rel=\"canonical\" href=\"https:\/\/creadores.org\/en\/lola-casademunt-presents-the-archive-edit-its-45th-anniversary-celebration-capsule-collection\/\" \/>\n<meta property=\"og:locale\" content=\"en_US\" \/>\n<meta property=\"og:type\" content=\"article\" \/>\n<meta property=\"og:title\" content=\"LOLA CASADEMUNT presents The Archive Edit, its 45th anniversary celebration capsule collection - Asociaci\u00f3n Creadores de Moda de Espa\u00f1a | ACME\" \/>\n<meta property=\"og:description\" content=\"LOLA CASADEMUNT presents The Archive Edit, a special edition within its Fall\/Winter 2026-2027 collection, commemorating the fashion brand&#8217;s 45-year history. The capsule collection revives pieces from its creative archives reinterpreting silhouettes inspired by Lola Casademunt\u2019s, the founder, personal wardrobe, under the creative direction of Maite Casademunt, the brand\u2019s President and Creative Director. The resulting wardrobe [&hellip;]\" \/>\n<meta property=\"og:url\" content=\"https:\/\/creadores.org\/en\/lola-casademunt-presents-the-archive-edit-its-45th-anniversary-celebration-capsule-collection\/\" \/>\n<meta property=\"og:site_name\" content=\"Asociaci\u00f3n Creadores de Moda de Espa\u00f1a | ACME\" \/>\n<meta property=\"article:publisher\" content=\"https:\/\/www.facebook.com\/Asociaci%c3%b3n-Creadores-de-Moda-de-Espa%c3%b1a-297009471514\/\" \/>\n<meta property=\"article:published_time\" content=\"2026-09-01T11:51:59+00:00\" \/>\n<meta property=\"article:modified_time\" content=\"2026-09-02T07:54:47+00:00\" \/>\n<meta property=\"og:image\" content=\"https:\/\/creadores.org\/wp-content\/uploads\/2026\/09\/lola-casademunt-archive-edit-02-LOOK_311.jpg\" \/>\n\t<meta property=\"og:image:width\" content=\"1200\" \/>\n\t<meta property=\"og:image:height\" content=\"800\" \/>\n\t<meta property=\"og:image:type\" content=\"image\/jpeg\" \/>\n<meta name=\"author\" content=\"Felipe\" \/>\n<meta name=\"twitter:card\" content=\"summary_large_image\" \/>\n<meta name=\"twitter:creator\" content=\"@creadoresacme\" \/>\n<meta name=\"twitter:site\" content=\"@creadoresacme\" \/>\n<meta name=\"twitter:label1\" content=\"Written by\" \/>\n\t<meta name=\"twitter:data1\" content=\"Felipe\" \/>\n\t<meta name=\"twitter:label2\" content=\"Est. reading time\" \/>\n\t<meta name=\"twitter:data2\" content=\"1 minute\" \/>\n<script type=\"application\/ld+json\" class=\"yoast-schema-graph\">{\"@context\":\"https:\\\/\\\/schema.org\",\"@graph\":[{\"@type\":\"Article\",\"@id\":\"https:\\\/\\\/creadores.org\\\/en\\\/lola-casademunt-presents-the-archive-edit-its-45th-anniversary-celebration-capsule-collection\\\/#article\",\"isPartOf\":{\"@id\":\"https:\\\/\\\/creadores.org\\\/en\\\/lola-casademunt-presents-the-archive-edit-its-45th-anniversary-celebration-capsule-collection\\\/\"},\"author\":{\"name\":\"Felipe\",\"@id\":\"https:\\\/\\\/creadores.org\\\/en\\\/#\\\/schema\\\/person\\\/fdf61cde9f2e71e9cefe26613b50a079\"},\"headline\":\"LOLA CASADEMUNT presents The Archive Edit, its 45th anniversary celebration capsule collection\",\"datePublished\":\"2026-09-01T11:51:59+00:00\",\"dateModified\":\"2026-09-02T07:54:47+00:00\",\"mainEntityOfPage\":{\"@id\":\"https:\\\/\\\/creadores.org\\\/en\\\/lola-casademunt-presents-the-archive-edit-its-45th-anniversary-celebration-capsule-collection\\\/\"},\"wordCount\":135,\"publisher\":{\"@id\":\"https:\\\/\\\/creadores.org\\\/en\\\/#organization\"},\"image\":{\"@id\":\"https:\\\/\\\/creadores.org\\\/en\\\/lola-casademunt-presents-the-archive-edit-its-45th-anniversary-celebration-capsule-collection\\\/#primaryimage\"},\"thumbnailUrl\":\"https:\\\/\\\/creadores.org\\\/wp-content\\\/uploads\\\/2026\\\/09\\\/lola-casademunt-archive-edit-02-LOOK_311.jpg\",\"articleSection\":[\"Noticias\"],\"inLanguage\":\"en-US\"},{\"@type\":\"WebPage\",\"@id\":\"https:\\\/\\\/creadores.org\\\/en\\\/lola-casademunt-presents-the-archive-edit-its-45th-anniversary-celebration-capsule-collection\\\/\",\"url\":\"https:\\\/\\\/creadores.org\\\/en\\\/lola-casademunt-presents-the-archive-edit-its-45th-anniversary-celebration-capsule-collection\\\/\",\"name\":\"LOLA CASADEMUNT presents The Archive Edit, its 45th anniversary celebration capsule collection - Asociaci\u00f3n Creadores de Moda de Espa\u00f1a | ACME\",\"isPartOf\":{\"@id\":\"https:\\\/\\\/creadores.org\\\/en\\\/#website\"},\"primaryImageOfPage\":{\"@id\":\"https:\\\/\\\/creadores.org\\\/en\\\/lola-casademunt-presents-the-archive-edit-its-45th-anniversary-celebration-capsule-collection\\\/#primaryimage\"},\"image\":{\"@id\":\"https:\\\/\\\/creadores.org\\\/en\\\/lola-casademunt-presents-the-archive-edit-its-45th-anniversary-celebration-capsule-collection\\\/#primaryimage\"},\"thumbnailUrl\":\"https:\\\/\\\/creadores.org\\\/wp-content\\\/uploads\\\/2026\\\/09\\\/lola-casademunt-archive-edit-02-LOOK_311.jpg\",\"datePublished\":\"2026-09-01T11:51:59+00:00\",\"dateModified\":\"2026-09-02T07:54:47+00:00\",\"breadcrumb\":{\"@id\":\"https:\\\/\\\/creadores.org\\\/en\\\/lola-casademunt-presents-the-archive-edit-its-45th-anniversary-celebration-capsule-collection\\\/#breadcrumb\"},\"inLanguage\":\"en-US\",\"potentialAction\":[{\"@type\":\"ReadAction\",\"target\":[\"https:\\\/\\\/creadores.org\\\/en\\\/lola-casademunt-presents-the-archive-edit-its-45th-anniversary-celebration-capsule-collection\\\/\"]}]},{\"@type\":\"ImageObject\",\"inLanguage\":\"en-US\",\"@id\":\"https:\\\/\\\/creadores.org\\\/en\\\/lola-casademunt-presents-the-archive-edit-its-45th-anniversary-celebration-capsule-collection\\\/#primaryimage\",\"url\":\"https:\\\/\\\/creadores.org\\\/wp-content\\\/uploads\\\/2026\\\/09\\\/lola-casademunt-archive-edit-02-LOOK_311.jpg\",\"contentUrl\":\"https:\\\/\\\/creadores.org\\\/wp-content\\\/uploads\\\/2026\\\/09\\\/lola-casademunt-archive-edit-02-LOOK_311.jpg\",\"width\":1200,\"height\":800},{\"@type\":\"BreadcrumbList\",\"@id\":\"https:\\\/\\\/creadores.org\\\/en\\\/lola-casademunt-presents-the-archive-edit-its-45th-anniversary-celebration-capsule-collection\\\/#breadcrumb\",\"itemListElement\":[{\"@type\":\"ListItem\",\"position\":1,\"name\":\"Portada\",\"item\":\"https:\\\/\\\/creadores.org\\\/en\\\/\"},{\"@type\":\"ListItem\",\"position\":2,\"name\":\"LOLA CASADEMUNT presents The Archive Edit, its 45th anniversary celebration capsule collection\"}]},{\"@type\":\"WebSite\",\"@id\":\"https:\\\/\\\/creadores.org\\\/en\\\/#website\",\"url\":\"https:\\\/\\\/creadores.org\\\/en\\\/\",\"name\":\"Asociaci\u00f3n Creadores de Moda de Espa\u00f1a | ACME\",\"description\":\"La Asociaci\u00f3n Creadores de Moda de Espa\u00f1a (ACME) es una organizaci\u00f3n profesional sin \u00e1nimo de lucro fundada en 1988\",\"publisher\":{\"@id\":\"https:\\\/\\\/creadores.org\\\/en\\\/#organization\"},\"potentialAction\":[{\"@type\":\"SearchAction\",\"target\":{\"@type\":\"EntryPoint\",\"urlTemplate\":\"https:\\\/\\\/creadores.org\\\/en\\\/?s={search_term_string}\"},\"query-input\":{\"@type\":\"PropertyValueSpecification\",\"valueRequired\":true,\"valueName\":\"search_term_string\"}}],\"inLanguage\":\"en-US\"},{\"@type\":\"Organization\",\"@id\":\"https:\\\/\\\/creadores.org\\\/en\\\/#organization\",\"name\":\"Asociaci\u00f3n Creadores de Moda de Espa\u00f1a | ACME\",\"url\":\"https:\\\/\\\/creadores.org\\\/en\\\/\",\"logo\":{\"@type\":\"ImageObject\",\"inLanguage\":\"en-US\",\"@id\":\"https:\\\/\\\/creadores.org\\\/en\\\/#\\\/schema\\\/logo\\\/image\\\/\",\"url\":\"https:\\\/\\\/creadores.org\\\/wp-content\\\/uploads\\\/2025\\\/06\\\/acme-logo.svg\",\"contentUrl\":\"https:\\\/\\\/creadores.org\\\/wp-content\\\/uploads\\\/2025\\\/06\\\/acme-logo.svg\",\"width\":650,\"height\":119,\"caption\":\"Asociaci\u00f3n Creadores de Moda de Espa\u00f1a | ACME\"},\"image\":{\"@id\":\"https:\\\/\\\/creadores.org\\\/en\\\/#\\\/schema\\\/logo\\\/image\\\/\"},\"sameAs\":[\"https:\\\/\\\/www.facebook.com\\\/Asociaci\u00f3n-Creadores-de-Moda-de-Espa\u00f1a-297009471514\\\/\",\"https:\\\/\\\/x.com\\\/creadoresacme\",\"https:\\\/\\\/www.instagram.com\\\/creadoresacme\\\/\"]},{\"@type\":\"Person\",\"@id\":\"https:\\\/\\\/creadores.org\\\/en\\\/#\\\/schema\\\/person\\\/fdf61cde9f2e71e9cefe26613b50a079\",\"name\":\"Felipe\"}]}<\/script>\n<!-- \/ Yoast SEO plugin. -->","yoast_head_json":{"title":"LOLA CASADEMUNT presents The Archive Edit, its 45th anniversary celebration capsule collection - Asociaci\u00f3n Creadores de Moda de Espa\u00f1a | ACME","robots":{"index":"index","follow":"follow","max-snippet":"max-snippet:-1","max-image-preview":"max-image-preview:large","max-video-preview":"max-video-preview:-1"},"canonical":"https:\/\/creadores.org\/en\/lola-casademunt-presents-the-archive-edit-its-45th-anniversary-celebration-capsule-collection\/","og_locale":"en_US","og_type":"article","og_title":"LOLA CASADEMUNT presents The Archive Edit, its 45th anniversary celebration capsule collection - Asociaci\u00f3n Creadores de Moda de Espa\u00f1a | ACME","og_description":"LOLA CASADEMUNT presents The Archive Edit, a special edition within its Fall\/Winter 2026-2027 collection, commemorating the fashion brand&#8217;s 45-year history. The capsule collection revives pieces from its creative archives reinterpreting silhouettes inspired by Lola Casademunt\u2019s, the founder, personal wardrobe, under the creative direction of Maite Casademunt, the brand\u2019s President and Creative Director. The resulting wardrobe [&hellip;]","og_url":"https:\/\/creadores.org\/en\/lola-casademunt-presents-the-archive-edit-its-45th-anniversary-celebration-capsule-collection\/","og_site_name":"Asociaci\u00f3n Creadores de Moda de Espa\u00f1a | ACME","article_publisher":"https:\/\/www.facebook.com\/Asociaci%c3%b3n-Creadores-de-Moda-de-Espa%c3%b1a-297009471514\/","article_published_time":"2026-09-01T11:51:59+00:00","article_modified_time":"2026-09-02T07:54:47+00:00","og_image":[{"width":1200,"height":800,"url":"https:\/\/creadores.org\/wp-content\/uploads\/2026\/09\/lola-casademunt-archive-edit-02-LOOK_311.jpg","type":"image\/jpeg"}],"author":"Felipe","twitter_card":"summary_large_image","twitter_creator":"@creadoresacme","twitter_site":"@creadoresacme","twitter_misc":{"Written by":"Felipe","Est. reading time":"1 minute"},"schema":{"@context":"https:\/\/schema.org","@graph":[{"@type":"Article","@id":"https:\/\/creadores.org\/en\/lola-casademunt-presents-the-archive-edit-its-45th-anniversary-celebration-capsule-collection\/#article","isPartOf":{"@id":"https:\/\/creadores.org\/en\/lola-casademunt-presents-the-archive-edit-its-45th-anniversary-celebration-capsule-collection\/"},"author":{"name":"Felipe","@id":"https:\/\/creadores.org\/en\/#\/schema\/person\/fdf61cde9f2e71e9cefe26613b50a079"},"headline":"LOLA CASADEMUNT presents The Archive Edit, its 45th anniversary celebration capsule collection","datePublished":"2026-09-01T11:51:59+00:00","dateModified":"2026-09-02T07:54:47+00:00","mainEntityOfPage":{"@id":"https:\/\/creadores.org\/en\/lola-casademunt-presents-the-archive-edit-its-45th-anniversary-celebration-capsule-collection\/"},"wordCount":135,"publisher":{"@id":"https:\/\/creadores.org\/en\/#organization"},"image":{"@id":"https:\/\/creadores.org\/en\/lola-casademunt-presents-the-archive-edit-its-45th-anniversary-celebration-capsule-collection\/#primaryimage"},"thumbnailUrl":"https:\/\/creadores.org\/wp-content\/uploads\/2026\/09\/lola-casademunt-archive-edit-02-LOOK_311.jpg","articleSection":["Noticias"],"inLanguage":"en-US"},{"@type":"WebPage","@id":"https:\/\/creadores.org\/en\/lola-casademunt-presents-the-archive-edit-its-45th-anniversary-celebration-capsule-collection\/","url":"https:\/\/creadores.org\/en\/lola-casademunt-presents-the-archive-edit-its-45th-anniversary-celebration-capsule-collection\/","name":"LOLA CASADEMUNT presents The Archive Edit, its 45th anniversary celebration capsule collection - Asociaci\u00f3n Creadores de Moda de Espa\u00f1a | ACME","isPartOf":{"@id":"https:\/\/creadores.org\/en\/#website"},"primaryImageOfPage":{"@id":"https:\/\/creadores.org\/en\/lola-casademunt-presents-the-archive-edit-its-45th-anniversary-celebration-capsule-collection\/#primaryimage"},"image":{"@id":"https:\/\/creadores.org\/en\/lola-casademunt-presents-the-archive-edit-its-45th-anniversary-celebration-capsule-collection\/#primaryimage"},"thumbnailUrl":"https:\/\/creadores.org\/wp-content\/uploads\/2026\/09\/lola-casademunt-archive-edit-02-LOOK_311.jpg","datePublished":"2026-09-01T11:51:59+00:00","dateModified":"2026-09-02T07:54:47+00:00","breadcrumb":{"@id":"https:\/\/creadores.org\/en\/lola-casademunt-presents-the-archive-edit-its-45th-anniversary-celebration-capsule-collection\/#breadcrumb"},"inLanguage":"en-US","potentialAction":[{"@type":"ReadAction","target":["https:\/\/creadores.org\/en\/lola-casademunt-presents-the-archive-edit-its-45th-anniversary-celebration-capsule-collection\/"]}]},{"@type":"ImageObject","inLanguage":"en-US","@id":"https:\/\/creadores.org\/en\/lola-casademunt-presents-the-archive-edit-its-45th-anniversary-celebration-capsule-collection\/#primaryimage","url":"https:\/\/creadores.org\/wp-content\/uploads\/2026\/09\/lola-casademunt-archive-edit-02-LOOK_311.jpg","contentUrl":"https:\/\/creadores.org\/wp-content\/uploads\/2026\/09\/lola-casademunt-archive-edit-02-LOOK_311.jpg","width":1200,"height":800},{"@type":"BreadcrumbList","@id":"https:\/\/creadores.org\/en\/lola-casademunt-presents-the-archive-edit-its-45th-anniversary-celebration-capsule-collection\/#breadcrumb","itemListElement":[{"@type":"ListItem","position":1,"name":"Portada","item":"https:\/\/creadores.org\/en\/"},{"@type":"ListItem","position":2,"name":"LOLA CASADEMUNT presents The Archive Edit, its 45th anniversary celebration capsule collection"}]},{"@type":"WebSite","@id":"https:\/\/creadores.org\/en\/#website","url":"https:\/\/creadores.org\/en\/","name":"Asociaci\u00f3n Creadores de Moda de Espa\u00f1a | ACME","description":"La Asociaci\u00f3n Creadores de Moda de Espa\u00f1a (ACME) es una organizaci\u00f3n profesional sin \u00e1nimo de lucro fundada en 1988","publisher":{"@id":"https:\/\/creadores.org\/en\/#organization"},"potentialAction":[{"@type":"SearchAction","target":{"@type":"EntryPoint","urlTemplate":"https:\/\/creadores.org\/en\/?s={search_term_string}"},"query-input":{"@type":"PropertyValueSpecification","valueRequired":true,"valueName":"search_term_string"}}],"inLanguage":"en-US"},{"@type":"Organization","@id":"https:\/\/creadores.org\/en\/#organization","name":"Asociaci\u00f3n Creadores de Moda de Espa\u00f1a | ACME","url":"https:\/\/creadores.org\/en\/","logo":{"@type":"ImageObject","inLanguage":"en-US","@id":"https:\/\/creadores.org\/en\/#\/schema\/logo\/image\/","url":"https:\/\/creadores.org\/wp-content\/uploads\/2025\/06\/acme-logo.svg","contentUrl":"https:\/\/creadores.org\/wp-content\/uploads\/2025\/06\/acme-logo.svg","width":650,"height":119,"caption":"Asociaci\u00f3n Creadores de Moda de Espa\u00f1a | ACME"},"image":{"@id":"https:\/\/creadores.org\/en\/#\/schema\/logo\/image\/"},"sameAs":["https:\/\/www.facebook.com\/Asociaci\u00f3n-Creadores-de-Moda-de-Espa\u00f1a-297009471514\/","https:\/\/x.com\/creadoresacme","https:\/\/www.instagram.com\/creadoresacme\/"]},{"@type":"Person","@id":"https:\/\/creadores.org\/en\/#\/schema\/person\/fdf61cde9f2e71e9cefe26613b50a079","name":"Felipe"}]}},"_links":{"self":[{"href":"https:\/\/creadores.org\/en\/wp-json\/wp\/v2\/posts\/100713","targetHints":{"allow":["GET"]}}],"collection":[{"href":"https:\/\/creadores.org\/en\/wp-json\/wp\/v2\/posts"}],"about":[{"href":"https:\/\/creadores.org\/en\/wp-json\/wp\/v2\/types\/post"}],"author":[{"embeddable":true,"href":"https:\/\/creadores.org\/en\/wp-json\/wp\/v2\/users\/4"}],"replies":[{"embeddable":true,"href":"https:\/\/creadores.org\/en\/wp-json\/wp\/v2\/comments?post=100713"}],"version-history":[{"count":1,"href":"https:\/\/creadores.org\/en\/wp-json\/wp\/v2\/posts\/100713\/revisions"}],"predecessor-version":[{"id":100730,"href":"https:\/\/creadores.org\/en\/wp-json\/wp\/v2\/posts\/100713\/revisions\/100730"}],"wp:featuredmedia":[{"embeddable":true,"href":"https:\/\/creadores.org\/en\/wp-json\/wp\/v2\/media\/100714"}],"wp:attachment":[{"href":"https:\/\/creadores.org\/en\/wp-json\/wp\/v2\/media?parent=100713"}],"wp:term":[{"taxonomy":"category","embeddable":true,"href":"https:\/\/creadores.org\/en\/wp-json\/wp\/v2\/categories?post=100713"},{"taxonomy":"post_tag","embeddable":true,"href":"https:\/\/creadores.org\/en\/wp-json\/wp\/v2\/tags?post=100713"}],"curies":[{"name":"wp","href":"https:\/\/api.w.org\/{rel}","templated":true}]}}