{"id":100759,"date":"2026-09-02T13:00:50","date_gmt":"2026-09-02T11:00:50","guid":{"rendered":"https:\/\/creadores.org\/costura-de-autor-arranca-en-mieres-con-ocho-artesanos-y-disenadores\/"},"modified":"2026-09-02T13:11:10","modified_gmt":"2026-09-02T11:11:10","slug":"eight-artisans-and-designers-begin-a-designer-fashion-training-program-in-mieres","status":"publish","type":"post","link":"https:\/\/creadores.org\/en\/eight-artisans-and-designers-begin-a-designer-fashion-training-program-in-mieres\/","title":{"rendered":"Eight Artisans and Designers Begin a Designer Fashion Training Program in Mieres"},"content":{"rendered":"<p>On August 27th, at the Caudal Business Center in Mieres (Asturias), began the Technological Advancement Training Program in High-End Designer Fashion Crafts, also known as Designer Couture. Promoted by SODECO, HUNOSA Empresas, and the Foundation Caja Rural de Asturias, with the collaboration of the Foundation Academia de la Moda Espa\u00f1ola (FAME) and the Asociaci\u00f3n de Creadores de Moda de Espa\u00f1a (ACME), it is the first project with national scope framed within the Ministry of Culture\u2019s Lineas Estrat\u00e9gicas de Dise\u00f1o de Autor (LEMA)<\/p>\n<p>Eight artisans and designers will participate in a 165-hour training program, which runs for three months until November 27th and is led by H\u00e9ctor Jare\u00f1o Amieva, a LEMA Commissioner. The practical classes\u2014pattern making, cutting, sewing, embroidery, and furrier work\u2014are taught by Lola Pi\u00f1a, who began her career in 1986 alongside Manuel Pi\u00f1a and who has also worked for Sybilla, among others. Furthermore, the program includes content on brand development, financing, and marketing, as well as masterclasses, visits to companies in the sector, and networking events.<\/p>\n<p>Official sponsors include local suppliers such as El Taller\u00edn de Lolo, Madrid-based tailor La Confianza, and fashion brand Dolores Promesas.<\/p>\n<p>The high number of applications received, opens the door to a second edition in 2027 and the possibility of a High-End Designer Fashion Crafts Technology Center in Asturias, which is one of the initiatives included in LEMA.<\/p>\n","protected":false},"excerpt":{"rendered":"<p>On August 27th, at the Caudal Business Center in Mieres (Asturias), began the Technological Advancement Training Program in High-End Designer Fashion Crafts, also known as Designer Couture. Promoted by SODECO, HUNOSA Empresas, and the Foundation Caja Rural de Asturias, with the collaboration of the Foundation Academia de la Moda Espa\u00f1ola (FAME) and the Asociaci\u00f3n de [&hellip;]<\/p>\n","protected":false},"author":4,"featured_media":100771,"comment_status":"closed","ping_status":"closed","sticky":false,"template":"","format":"standard","meta":{"footnotes":""},"categories":[1163],"tags":[],"class_list":["post-100759","post","type-post","status-publish","format-standard","has-post-thumbnail","hentry","category-news"],"yoast_head":"<!-- This site is optimized with the Yoast SEO plugin v28.4 - https:\/\/yoast.com\/product\/yoast-seo-wordpress\/ -->\n<title>Eight Artisans and Designers Begin a Designer Fashion Training Program in Mieres - Asociaci\u00f3n Creadores de Moda de Espa\u00f1a | ACME<\/title>\n<meta name=\"robots\" content=\"index, follow, max-snippet:-1, max-image-preview:large, max-video-preview:-1\" \/>\n<link rel=\"canonical\" href=\"https:\/\/creadores.org\/en\/eight-artisans-and-designers-begin-a-designer-fashion-training-program-in-mieres\/\" \/>\n<meta property=\"og:locale\" content=\"en_US\" \/>\n<meta property=\"og:type\" content=\"article\" \/>\n<meta property=\"og:title\" content=\"Eight Artisans and Designers Begin a Designer Fashion Training Program in Mieres - Asociaci\u00f3n Creadores de Moda de Espa\u00f1a | ACME\" \/>\n<meta property=\"og:description\" content=\"On August 27th, at the Caudal Business Center in Mieres (Asturias), began the Technological Advancement Training Program in High-End Designer Fashion Crafts, also known as Designer Couture. Promoted by SODECO, HUNOSA Empresas, and the Foundation Caja Rural de Asturias, with the collaboration of the Foundation Academia de la Moda Espa\u00f1ola (FAME) and the Asociaci\u00f3n de [&hellip;]\" \/>\n<meta property=\"og:url\" content=\"https:\/\/creadores.org\/en\/eight-artisans-and-designers-begin-a-designer-fashion-training-program-in-mieres\/\" \/>\n<meta property=\"og:site_name\" content=\"Asociaci\u00f3n Creadores de Moda de Espa\u00f1a | ACME\" \/>\n<meta property=\"article:publisher\" content=\"https:\/\/www.facebook.com\/Asociaci%c3%b3n-Creadores-de-Moda-de-Espa%c3%b1a-297009471514\/\" \/>\n<meta property=\"article:published_time\" content=\"2026-09-02T11:00:50+00:00\" \/>\n<meta property=\"article:modified_time\" content=\"2026-09-02T11:11:10+00:00\" \/>\n<meta property=\"og:image\" content=\"https:\/\/creadores.org\/wp-content\/uploads\/2026\/09\/costura-de-autor-IMG_2059-1.jpg\" \/>\n\t<meta property=\"og:image:width\" content=\"1200\" \/>\n\t<meta property=\"og:image:height\" content=\"800\" \/>\n\t<meta property=\"og:image:type\" content=\"image\/jpeg\" \/>\n<meta name=\"author\" content=\"Felipe\" \/>\n<meta name=\"twitter:card\" content=\"summary_large_image\" \/>\n<meta name=\"twitter:creator\" content=\"@creadoresacme\" \/>\n<meta name=\"twitter:site\" content=\"@creadoresacme\" \/>\n<meta name=\"twitter:label1\" content=\"Written by\" \/>\n\t<meta name=\"twitter:data1\" content=\"Felipe\" \/>\n\t<meta name=\"twitter:label2\" content=\"Est. reading time\" \/>\n\t<meta name=\"twitter:data2\" content=\"2 minutes\" \/>\n<script type=\"application\/ld+json\" class=\"yoast-schema-graph\">{\"@context\":\"https:\\\/\\\/schema.org\",\"@graph\":[{\"@type\":\"Article\",\"@id\":\"https:\\\/\\\/creadores.org\\\/en\\\/eight-artisans-and-designers-begin-a-designer-fashion-training-program-in-mieres\\\/#article\",\"isPartOf\":{\"@id\":\"https:\\\/\\\/creadores.org\\\/en\\\/eight-artisans-and-designers-begin-a-designer-fashion-training-program-in-mieres\\\/\"},\"author\":{\"name\":\"Felipe\",\"@id\":\"https:\\\/\\\/creadores.org\\\/en\\\/#\\\/schema\\\/person\\\/fdf61cde9f2e71e9cefe26613b50a079\"},\"headline\":\"Eight Artisans and Designers Begin a Designer Fashion Training Program in Mieres\",\"datePublished\":\"2026-09-02T11:00:50+00:00\",\"dateModified\":\"2026-09-02T11:11:10+00:00\",\"mainEntityOfPage\":{\"@id\":\"https:\\\/\\\/creadores.org\\\/en\\\/eight-artisans-and-designers-begin-a-designer-fashion-training-program-in-mieres\\\/\"},\"wordCount\":247,\"publisher\":{\"@id\":\"https:\\\/\\\/creadores.org\\\/en\\\/#organization\"},\"image\":{\"@id\":\"https:\\\/\\\/creadores.org\\\/en\\\/eight-artisans-and-designers-begin-a-designer-fashion-training-program-in-mieres\\\/#primaryimage\"},\"thumbnailUrl\":\"https:\\\/\\\/creadores.org\\\/wp-content\\\/uploads\\\/2026\\\/09\\\/costura-de-autor-IMG_2059-1.jpg\",\"articleSection\":[\"News\"],\"inLanguage\":\"en-US\"},{\"@type\":\"WebPage\",\"@id\":\"https:\\\/\\\/creadores.org\\\/en\\\/eight-artisans-and-designers-begin-a-designer-fashion-training-program-in-mieres\\\/\",\"url\":\"https:\\\/\\\/creadores.org\\\/en\\\/eight-artisans-and-designers-begin-a-designer-fashion-training-program-in-mieres\\\/\",\"name\":\"Eight Artisans and Designers Begin a Designer Fashion Training Program in Mieres - Asociaci\u00f3n Creadores de Moda de Espa\u00f1a | ACME\",\"isPartOf\":{\"@id\":\"https:\\\/\\\/creadores.org\\\/en\\\/#website\"},\"primaryImageOfPage\":{\"@id\":\"https:\\\/\\\/creadores.org\\\/en\\\/eight-artisans-and-designers-begin-a-designer-fashion-training-program-in-mieres\\\/#primaryimage\"},\"image\":{\"@id\":\"https:\\\/\\\/creadores.org\\\/en\\\/eight-artisans-and-designers-begin-a-designer-fashion-training-program-in-mieres\\\/#primaryimage\"},\"thumbnailUrl\":\"https:\\\/\\\/creadores.org\\\/wp-content\\\/uploads\\\/2026\\\/09\\\/costura-de-autor-IMG_2059-1.jpg\",\"datePublished\":\"2026-09-02T11:00:50+00:00\",\"dateModified\":\"2026-09-02T11:11:10+00:00\",\"breadcrumb\":{\"@id\":\"https:\\\/\\\/creadores.org\\\/en\\\/eight-artisans-and-designers-begin-a-designer-fashion-training-program-in-mieres\\\/#breadcrumb\"},\"inLanguage\":\"en-US\",\"potentialAction\":[{\"@type\":\"ReadAction\",\"target\":[\"https:\\\/\\\/creadores.org\\\/en\\\/eight-artisans-and-designers-begin-a-designer-fashion-training-program-in-mieres\\\/\"]}]},{\"@type\":\"ImageObject\",\"inLanguage\":\"en-US\",\"@id\":\"https:\\\/\\\/creadores.org\\\/en\\\/eight-artisans-and-designers-begin-a-designer-fashion-training-program-in-mieres\\\/#primaryimage\",\"url\":\"https:\\\/\\\/creadores.org\\\/wp-content\\\/uploads\\\/2026\\\/09\\\/costura-de-autor-IMG_2059-1.jpg\",\"contentUrl\":\"https:\\\/\\\/creadores.org\\\/wp-content\\\/uploads\\\/2026\\\/09\\\/costura-de-autor-IMG_2059-1.jpg\",\"width\":1200,\"height\":800},{\"@type\":\"BreadcrumbList\",\"@id\":\"https:\\\/\\\/creadores.org\\\/en\\\/eight-artisans-and-designers-begin-a-designer-fashion-training-program-in-mieres\\\/#breadcrumb\",\"itemListElement\":[{\"@type\":\"ListItem\",\"position\":1,\"name\":\"Portada\",\"item\":\"https:\\\/\\\/creadores.org\\\/en\\\/\"},{\"@type\":\"ListItem\",\"position\":2,\"name\":\"Eight Artisans and Designers Begin a Designer Fashion Training Program in Mieres\"}]},{\"@type\":\"WebSite\",\"@id\":\"https:\\\/\\\/creadores.org\\\/en\\\/#website\",\"url\":\"https:\\\/\\\/creadores.org\\\/en\\\/\",\"name\":\"Asociaci\u00f3n Creadores de Moda de Espa\u00f1a | ACME\",\"description\":\"La Asociaci\u00f3n Creadores de Moda de Espa\u00f1a (ACME) es una organizaci\u00f3n profesional sin \u00e1nimo de lucro fundada en 1988\",\"publisher\":{\"@id\":\"https:\\\/\\\/creadores.org\\\/en\\\/#organization\"},\"potentialAction\":[{\"@type\":\"SearchAction\",\"target\":{\"@type\":\"EntryPoint\",\"urlTemplate\":\"https:\\\/\\\/creadores.org\\\/en\\\/?s={search_term_string}\"},\"query-input\":{\"@type\":\"PropertyValueSpecification\",\"valueRequired\":true,\"valueName\":\"search_term_string\"}}],\"inLanguage\":\"en-US\"},{\"@type\":\"Organization\",\"@id\":\"https:\\\/\\\/creadores.org\\\/en\\\/#organization\",\"name\":\"Asociaci\u00f3n Creadores de Moda de Espa\u00f1a | ACME\",\"url\":\"https:\\\/\\\/creadores.org\\\/en\\\/\",\"logo\":{\"@type\":\"ImageObject\",\"inLanguage\":\"en-US\",\"@id\":\"https:\\\/\\\/creadores.org\\\/en\\\/#\\\/schema\\\/logo\\\/image\\\/\",\"url\":\"https:\\\/\\\/creadores.org\\\/wp-content\\\/uploads\\\/2025\\\/06\\\/acme-logo.svg\",\"contentUrl\":\"https:\\\/\\\/creadores.org\\\/wp-content\\\/uploads\\\/2025\\\/06\\\/acme-logo.svg\",\"width\":650,\"height\":119,\"caption\":\"Asociaci\u00f3n Creadores de Moda de Espa\u00f1a | ACME\"},\"image\":{\"@id\":\"https:\\\/\\\/creadores.org\\\/en\\\/#\\\/schema\\\/logo\\\/image\\\/\"},\"sameAs\":[\"https:\\\/\\\/www.facebook.com\\\/Asociaci\u00f3n-Creadores-de-Moda-de-Espa\u00f1a-297009471514\\\/\",\"https:\\\/\\\/x.com\\\/creadoresacme\",\"https:\\\/\\\/www.instagram.com\\\/creadoresacme\\\/\"]},{\"@type\":\"Person\",\"@id\":\"https:\\\/\\\/creadores.org\\\/en\\\/#\\\/schema\\\/person\\\/fdf61cde9f2e71e9cefe26613b50a079\",\"name\":\"Felipe\"}]}<\/script>\n<!-- \/ Yoast SEO plugin. -->","yoast_head_json":{"title":"Eight Artisans and Designers Begin a Designer Fashion Training Program in Mieres - Asociaci\u00f3n Creadores de Moda de Espa\u00f1a | ACME","robots":{"index":"index","follow":"follow","max-snippet":"max-snippet:-1","max-image-preview":"max-image-preview:large","max-video-preview":"max-video-preview:-1"},"canonical":"https:\/\/creadores.org\/en\/eight-artisans-and-designers-begin-a-designer-fashion-training-program-in-mieres\/","og_locale":"en_US","og_type":"article","og_title":"Eight Artisans and Designers Begin a Designer Fashion Training Program in Mieres - Asociaci\u00f3n Creadores de Moda de Espa\u00f1a | ACME","og_description":"On August 27th, at the Caudal Business Center in Mieres (Asturias), began the Technological Advancement Training Program in High-End Designer Fashion Crafts, also known as Designer Couture. Promoted by SODECO, HUNOSA Empresas, and the Foundation Caja Rural de Asturias, with the collaboration of the Foundation Academia de la Moda Espa\u00f1ola (FAME) and the Asociaci\u00f3n de [&hellip;]","og_url":"https:\/\/creadores.org\/en\/eight-artisans-and-designers-begin-a-designer-fashion-training-program-in-mieres\/","og_site_name":"Asociaci\u00f3n Creadores de Moda de Espa\u00f1a | ACME","article_publisher":"https:\/\/www.facebook.com\/Asociaci%c3%b3n-Creadores-de-Moda-de-Espa%c3%b1a-297009471514\/","article_published_time":"2026-09-02T11:00:50+00:00","article_modified_time":"2026-09-02T11:11:10+00:00","og_image":[{"width":1200,"height":800,"url":"https:\/\/creadores.org\/wp-content\/uploads\/2026\/09\/costura-de-autor-IMG_2059-1.jpg","type":"image\/jpeg"}],"author":"Felipe","twitter_card":"summary_large_image","twitter_creator":"@creadoresacme","twitter_site":"@creadoresacme","twitter_misc":{"Written by":"Felipe","Est. reading time":"2 minutes"},"schema":{"@context":"https:\/\/schema.org","@graph":[{"@type":"Article","@id":"https:\/\/creadores.org\/en\/eight-artisans-and-designers-begin-a-designer-fashion-training-program-in-mieres\/#article","isPartOf":{"@id":"https:\/\/creadores.org\/en\/eight-artisans-and-designers-begin-a-designer-fashion-training-program-in-mieres\/"},"author":{"name":"Felipe","@id":"https:\/\/creadores.org\/en\/#\/schema\/person\/fdf61cde9f2e71e9cefe26613b50a079"},"headline":"Eight Artisans and Designers Begin a Designer Fashion Training Program in Mieres","datePublished":"2026-09-02T11:00:50+00:00","dateModified":"2026-09-02T11:11:10+00:00","mainEntityOfPage":{"@id":"https:\/\/creadores.org\/en\/eight-artisans-and-designers-begin-a-designer-fashion-training-program-in-mieres\/"},"wordCount":247,"publisher":{"@id":"https:\/\/creadores.org\/en\/#organization"},"image":{"@id":"https:\/\/creadores.org\/en\/eight-artisans-and-designers-begin-a-designer-fashion-training-program-in-mieres\/#primaryimage"},"thumbnailUrl":"https:\/\/creadores.org\/wp-content\/uploads\/2026\/09\/costura-de-autor-IMG_2059-1.jpg","articleSection":["News"],"inLanguage":"en-US"},{"@type":"WebPage","@id":"https:\/\/creadores.org\/en\/eight-artisans-and-designers-begin-a-designer-fashion-training-program-in-mieres\/","url":"https:\/\/creadores.org\/en\/eight-artisans-and-designers-begin-a-designer-fashion-training-program-in-mieres\/","name":"Eight Artisans and Designers Begin a Designer Fashion Training Program in Mieres - Asociaci\u00f3n Creadores de Moda de Espa\u00f1a | ACME","isPartOf":{"@id":"https:\/\/creadores.org\/en\/#website"},"primaryImageOfPage":{"@id":"https:\/\/creadores.org\/en\/eight-artisans-and-designers-begin-a-designer-fashion-training-program-in-mieres\/#primaryimage"},"image":{"@id":"https:\/\/creadores.org\/en\/eight-artisans-and-designers-begin-a-designer-fashion-training-program-in-mieres\/#primaryimage"},"thumbnailUrl":"https:\/\/creadores.org\/wp-content\/uploads\/2026\/09\/costura-de-autor-IMG_2059-1.jpg","datePublished":"2026-09-02T11:00:50+00:00","dateModified":"2026-09-02T11:11:10+00:00","breadcrumb":{"@id":"https:\/\/creadores.org\/en\/eight-artisans-and-designers-begin-a-designer-fashion-training-program-in-mieres\/#breadcrumb"},"inLanguage":"en-US","potentialAction":[{"@type":"ReadAction","target":["https:\/\/creadores.org\/en\/eight-artisans-and-designers-begin-a-designer-fashion-training-program-in-mieres\/"]}]},{"@type":"ImageObject","inLanguage":"en-US","@id":"https:\/\/creadores.org\/en\/eight-artisans-and-designers-begin-a-designer-fashion-training-program-in-mieres\/#primaryimage","url":"https:\/\/creadores.org\/wp-content\/uploads\/2026\/09\/costura-de-autor-IMG_2059-1.jpg","contentUrl":"https:\/\/creadores.org\/wp-content\/uploads\/2026\/09\/costura-de-autor-IMG_2059-1.jpg","width":1200,"height":800},{"@type":"BreadcrumbList","@id":"https:\/\/creadores.org\/en\/eight-artisans-and-designers-begin-a-designer-fashion-training-program-in-mieres\/#breadcrumb","itemListElement":[{"@type":"ListItem","position":1,"name":"Portada","item":"https:\/\/creadores.org\/en\/"},{"@type":"ListItem","position":2,"name":"Eight Artisans and Designers Begin a Designer Fashion Training Program in Mieres"}]},{"@type":"WebSite","@id":"https:\/\/creadores.org\/en\/#website","url":"https:\/\/creadores.org\/en\/","name":"Asociaci\u00f3n Creadores de Moda de Espa\u00f1a | ACME","description":"La Asociaci\u00f3n Creadores de Moda de Espa\u00f1a (ACME) es una organizaci\u00f3n profesional sin \u00e1nimo de lucro fundada en 1988","publisher":{"@id":"https:\/\/creadores.org\/en\/#organization"},"potentialAction":[{"@type":"SearchAction","target":{"@type":"EntryPoint","urlTemplate":"https:\/\/creadores.org\/en\/?s={search_term_string}"},"query-input":{"@type":"PropertyValueSpecification","valueRequired":true,"valueName":"search_term_string"}}],"inLanguage":"en-US"},{"@type":"Organization","@id":"https:\/\/creadores.org\/en\/#organization","name":"Asociaci\u00f3n Creadores de Moda de Espa\u00f1a | ACME","url":"https:\/\/creadores.org\/en\/","logo":{"@type":"ImageObject","inLanguage":"en-US","@id":"https:\/\/creadores.org\/en\/#\/schema\/logo\/image\/","url":"https:\/\/creadores.org\/wp-content\/uploads\/2025\/06\/acme-logo.svg","contentUrl":"https:\/\/creadores.org\/wp-content\/uploads\/2025\/06\/acme-logo.svg","width":650,"height":119,"caption":"Asociaci\u00f3n Creadores de Moda de Espa\u00f1a | ACME"},"image":{"@id":"https:\/\/creadores.org\/en\/#\/schema\/logo\/image\/"},"sameAs":["https:\/\/www.facebook.com\/Asociaci\u00f3n-Creadores-de-Moda-de-Espa\u00f1a-297009471514\/","https:\/\/x.com\/creadoresacme","https:\/\/www.instagram.com\/creadoresacme\/"]},{"@type":"Person","@id":"https:\/\/creadores.org\/en\/#\/schema\/person\/fdf61cde9f2e71e9cefe26613b50a079","name":"Felipe"}]}},"_links":{"self":[{"href":"https:\/\/creadores.org\/en\/wp-json\/wp\/v2\/posts\/100759","targetHints":{"allow":["GET"]}}],"collection":[{"href":"https:\/\/creadores.org\/en\/wp-json\/wp\/v2\/posts"}],"about":[{"href":"https:\/\/creadores.org\/en\/wp-json\/wp\/v2\/types\/post"}],"author":[{"embeddable":true,"href":"https:\/\/creadores.org\/en\/wp-json\/wp\/v2\/users\/4"}],"replies":[{"embeddable":true,"href":"https:\/\/creadores.org\/en\/wp-json\/wp\/v2\/comments?post=100759"}],"version-history":[{"count":1,"href":"https:\/\/creadores.org\/en\/wp-json\/wp\/v2\/posts\/100759\/revisions"}],"predecessor-version":[{"id":100772,"href":"https:\/\/creadores.org\/en\/wp-json\/wp\/v2\/posts\/100759\/revisions\/100772"}],"wp:featuredmedia":[{"embeddable":true,"href":"https:\/\/creadores.org\/en\/wp-json\/wp\/v2\/media\/100771"}],"wp:attachment":[{"href":"https:\/\/creadores.org\/en\/wp-json\/wp\/v2\/media?parent=100759"}],"wp:term":[{"taxonomy":"category","embeddable":true,"href":"https:\/\/creadores.org\/en\/wp-json\/wp\/v2\/categories?post=100759"},{"taxonomy":"post_tag","embeddable":true,"href":"https:\/\/creadores.org\/en\/wp-json\/wp\/v2\/tags?post=100759"}],"curies":[{"name":"wp","href":"https:\/\/api.w.org\/{rel}","templated":true}]}}