{"id":100778,"date":"2026-09-02T13:16:37","date_gmt":"2026-09-02T11:16:37","guid":{"rendered":"https:\/\/creadores.org\/felix-ramiro-pregona-las-fiestas-de-menasalbas\/"},"modified":"2026-09-02T13:17:49","modified_gmt":"2026-09-02T11:17:49","slug":"felix-ramiro-delivers-the-opening-speech-for-the-menasalbas-festival","status":"publish","type":"post","link":"https:\/\/creadores.org\/en\/felix-ramiro-delivers-the-opening-speech-for-the-menasalbas-festival\/","title":{"rendered":"F\u00e9lix Ramiro Delivers the Opening Speech for the Menasalbas Festival"},"content":{"rendered":"<p>The designer and tailor delivered the opening speech during the Menasalbas (Toledo) Festival, in honor of the Most Holy Christ Bearing the Cross, held on August 31st. Ramiro was born in the town, where his company also maintains its factory and atelier where he creates his collections.<\/p>\n<p>With over 35 years of experience in menswear, the designer addressed his neighbors during one of the key moments of the town\u2019s patron saint festivities.<\/p>\n<p>&#8220;Being the opening speaker for my town&#8217;s festival is one of the greatest honors I could receive. Menasalbas is my hometown, where I was born, where my roots are, and where a fundamental part of F\u00e9lix Ramiro continues to reside,&#8221; stated the designer.<\/p>\n","protected":false},"excerpt":{"rendered":"<p>The designer and tailor delivered the opening speech during the Menasalbas (Toledo) Festival, in honor of the Most Holy Christ Bearing the Cross, held on August 31st. Ramiro was born in the town, where his company also maintains its factory and atelier where he creates his collections. With over 35 years of experience in menswear, [&hellip;]<\/p>\n","protected":false},"author":4,"featured_media":100779,"comment_status":"closed","ping_status":"closed","sticky":false,"template":"","format":"standard","meta":{"footnotes":""},"categories":[1163],"tags":[],"class_list":["post-100778","post","type-post","status-publish","format-standard","has-post-thumbnail","hentry","category-news"],"yoast_head":"<!-- This site is optimized with the Yoast SEO plugin v28.4 - https:\/\/yoast.com\/product\/yoast-seo-wordpress\/ -->\n<title>F\u00e9lix Ramiro Delivers the Opening Speech for the Menasalbas Festival - Asociaci\u00f3n Creadores de Moda de Espa\u00f1a | ACME<\/title>\n<meta name=\"robots\" content=\"index, follow, max-snippet:-1, max-image-preview:large, max-video-preview:-1\" \/>\n<link rel=\"canonical\" href=\"https:\/\/creadores.org\/en\/felix-ramiro-delivers-the-opening-speech-for-the-menasalbas-festival\/\" \/>\n<meta property=\"og:locale\" content=\"en_US\" \/>\n<meta property=\"og:type\" content=\"article\" \/>\n<meta property=\"og:title\" content=\"F\u00e9lix Ramiro Delivers the Opening Speech for the Menasalbas Festival - Asociaci\u00f3n Creadores de Moda de Espa\u00f1a | ACME\" \/>\n<meta property=\"og:description\" content=\"The designer and tailor delivered the opening speech during the Menasalbas (Toledo) Festival, in honor of the Most Holy Christ Bearing the Cross, held on August 31st. Ramiro was born in the town, where his company also maintains its factory and atelier where he creates his collections. With over 35 years of experience in menswear, [&hellip;]\" \/>\n<meta property=\"og:url\" content=\"https:\/\/creadores.org\/en\/felix-ramiro-delivers-the-opening-speech-for-the-menasalbas-festival\/\" \/>\n<meta property=\"og:site_name\" content=\"Asociaci\u00f3n Creadores de Moda de Espa\u00f1a | ACME\" \/>\n<meta property=\"article:publisher\" content=\"https:\/\/www.facebook.com\/Asociaci%c3%b3n-Creadores-de-Moda-de-Espa%c3%b1a-297009471514\/\" \/>\n<meta property=\"article:published_time\" content=\"2026-09-02T11:16:37+00:00\" \/>\n<meta property=\"article:modified_time\" content=\"2026-09-02T11:17:49+00:00\" \/>\n<meta property=\"og:image\" content=\"https:\/\/creadores.org\/wp-content\/uploads\/2026\/09\/FELIX-RAMIROMARINA-ANSELMO-.jpg\" \/>\n\t<meta property=\"og:image:width\" content=\"1200\" \/>\n\t<meta property=\"og:image:height\" content=\"800\" \/>\n\t<meta property=\"og:image:type\" content=\"image\/jpeg\" \/>\n<meta name=\"author\" content=\"Felipe\" \/>\n<meta name=\"twitter:card\" content=\"summary_large_image\" \/>\n<meta name=\"twitter:creator\" content=\"@creadoresacme\" \/>\n<meta name=\"twitter:site\" content=\"@creadoresacme\" \/>\n<meta name=\"twitter:label1\" content=\"Written by\" \/>\n\t<meta name=\"twitter:data1\" content=\"Felipe\" \/>\n\t<meta name=\"twitter:label2\" content=\"Est. reading time\" \/>\n\t<meta name=\"twitter:data2\" content=\"1 minute\" \/>\n<script type=\"application\/ld+json\" class=\"yoast-schema-graph\">{\"@context\":\"https:\\\/\\\/schema.org\",\"@graph\":[{\"@type\":\"Article\",\"@id\":\"https:\\\/\\\/creadores.org\\\/en\\\/felix-ramiro-delivers-the-opening-speech-for-the-menasalbas-festival\\\/#article\",\"isPartOf\":{\"@id\":\"https:\\\/\\\/creadores.org\\\/en\\\/felix-ramiro-delivers-the-opening-speech-for-the-menasalbas-festival\\\/\"},\"author\":{\"name\":\"Felipe\",\"@id\":\"https:\\\/\\\/creadores.org\\\/en\\\/#\\\/schema\\\/person\\\/fdf61cde9f2e71e9cefe26613b50a079\"},\"headline\":\"F\u00e9lix Ramiro Delivers the Opening Speech for the Menasalbas Festival\",\"datePublished\":\"2026-09-02T11:16:37+00:00\",\"dateModified\":\"2026-09-02T11:17:49+00:00\",\"mainEntityOfPage\":{\"@id\":\"https:\\\/\\\/creadores.org\\\/en\\\/felix-ramiro-delivers-the-opening-speech-for-the-menasalbas-festival\\\/\"},\"wordCount\":128,\"publisher\":{\"@id\":\"https:\\\/\\\/creadores.org\\\/en\\\/#organization\"},\"image\":{\"@id\":\"https:\\\/\\\/creadores.org\\\/en\\\/felix-ramiro-delivers-the-opening-speech-for-the-menasalbas-festival\\\/#primaryimage\"},\"thumbnailUrl\":\"https:\\\/\\\/creadores.org\\\/wp-content\\\/uploads\\\/2026\\\/09\\\/FELIX-RAMIROMARINA-ANSELMO-.jpg\",\"articleSection\":[\"News\"],\"inLanguage\":\"en-US\"},{\"@type\":\"WebPage\",\"@id\":\"https:\\\/\\\/creadores.org\\\/en\\\/felix-ramiro-delivers-the-opening-speech-for-the-menasalbas-festival\\\/\",\"url\":\"https:\\\/\\\/creadores.org\\\/en\\\/felix-ramiro-delivers-the-opening-speech-for-the-menasalbas-festival\\\/\",\"name\":\"F\u00e9lix Ramiro Delivers the Opening Speech for the Menasalbas Festival - Asociaci\u00f3n Creadores de Moda de Espa\u00f1a | ACME\",\"isPartOf\":{\"@id\":\"https:\\\/\\\/creadores.org\\\/en\\\/#website\"},\"primaryImageOfPage\":{\"@id\":\"https:\\\/\\\/creadores.org\\\/en\\\/felix-ramiro-delivers-the-opening-speech-for-the-menasalbas-festival\\\/#primaryimage\"},\"image\":{\"@id\":\"https:\\\/\\\/creadores.org\\\/en\\\/felix-ramiro-delivers-the-opening-speech-for-the-menasalbas-festival\\\/#primaryimage\"},\"thumbnailUrl\":\"https:\\\/\\\/creadores.org\\\/wp-content\\\/uploads\\\/2026\\\/09\\\/FELIX-RAMIROMARINA-ANSELMO-.jpg\",\"datePublished\":\"2026-09-02T11:16:37+00:00\",\"dateModified\":\"2026-09-02T11:17:49+00:00\",\"breadcrumb\":{\"@id\":\"https:\\\/\\\/creadores.org\\\/en\\\/felix-ramiro-delivers-the-opening-speech-for-the-menasalbas-festival\\\/#breadcrumb\"},\"inLanguage\":\"en-US\",\"potentialAction\":[{\"@type\":\"ReadAction\",\"target\":[\"https:\\\/\\\/creadores.org\\\/en\\\/felix-ramiro-delivers-the-opening-speech-for-the-menasalbas-festival\\\/\"]}]},{\"@type\":\"ImageObject\",\"inLanguage\":\"en-US\",\"@id\":\"https:\\\/\\\/creadores.org\\\/en\\\/felix-ramiro-delivers-the-opening-speech-for-the-menasalbas-festival\\\/#primaryimage\",\"url\":\"https:\\\/\\\/creadores.org\\\/wp-content\\\/uploads\\\/2026\\\/09\\\/FELIX-RAMIROMARINA-ANSELMO-.jpg\",\"contentUrl\":\"https:\\\/\\\/creadores.org\\\/wp-content\\\/uploads\\\/2026\\\/09\\\/FELIX-RAMIROMARINA-ANSELMO-.jpg\",\"width\":1200,\"height\":800},{\"@type\":\"BreadcrumbList\",\"@id\":\"https:\\\/\\\/creadores.org\\\/en\\\/felix-ramiro-delivers-the-opening-speech-for-the-menasalbas-festival\\\/#breadcrumb\",\"itemListElement\":[{\"@type\":\"ListItem\",\"position\":1,\"name\":\"Portada\",\"item\":\"https:\\\/\\\/creadores.org\\\/en\\\/\"},{\"@type\":\"ListItem\",\"position\":2,\"name\":\"F\u00e9lix Ramiro Delivers the Opening Speech for the Menasalbas Festival\"}]},{\"@type\":\"WebSite\",\"@id\":\"https:\\\/\\\/creadores.org\\\/en\\\/#website\",\"url\":\"https:\\\/\\\/creadores.org\\\/en\\\/\",\"name\":\"Asociaci\u00f3n Creadores de Moda de Espa\u00f1a | ACME\",\"description\":\"La Asociaci\u00f3n Creadores de Moda de Espa\u00f1a (ACME) es una organizaci\u00f3n profesional sin \u00e1nimo de lucro fundada en 1988\",\"publisher\":{\"@id\":\"https:\\\/\\\/creadores.org\\\/en\\\/#organization\"},\"potentialAction\":[{\"@type\":\"SearchAction\",\"target\":{\"@type\":\"EntryPoint\",\"urlTemplate\":\"https:\\\/\\\/creadores.org\\\/en\\\/?s={search_term_string}\"},\"query-input\":{\"@type\":\"PropertyValueSpecification\",\"valueRequired\":true,\"valueName\":\"search_term_string\"}}],\"inLanguage\":\"en-US\"},{\"@type\":\"Organization\",\"@id\":\"https:\\\/\\\/creadores.org\\\/en\\\/#organization\",\"name\":\"Asociaci\u00f3n Creadores de Moda de Espa\u00f1a | ACME\",\"url\":\"https:\\\/\\\/creadores.org\\\/en\\\/\",\"logo\":{\"@type\":\"ImageObject\",\"inLanguage\":\"en-US\",\"@id\":\"https:\\\/\\\/creadores.org\\\/en\\\/#\\\/schema\\\/logo\\\/image\\\/\",\"url\":\"https:\\\/\\\/creadores.org\\\/wp-content\\\/uploads\\\/2025\\\/06\\\/acme-logo.svg\",\"contentUrl\":\"https:\\\/\\\/creadores.org\\\/wp-content\\\/uploads\\\/2025\\\/06\\\/acme-logo.svg\",\"width\":650,\"height\":119,\"caption\":\"Asociaci\u00f3n Creadores de Moda de Espa\u00f1a | ACME\"},\"image\":{\"@id\":\"https:\\\/\\\/creadores.org\\\/en\\\/#\\\/schema\\\/logo\\\/image\\\/\"},\"sameAs\":[\"https:\\\/\\\/www.facebook.com\\\/Asociaci\u00f3n-Creadores-de-Moda-de-Espa\u00f1a-297009471514\\\/\",\"https:\\\/\\\/x.com\\\/creadoresacme\",\"https:\\\/\\\/www.instagram.com\\\/creadoresacme\\\/\"]},{\"@type\":\"Person\",\"@id\":\"https:\\\/\\\/creadores.org\\\/en\\\/#\\\/schema\\\/person\\\/fdf61cde9f2e71e9cefe26613b50a079\",\"name\":\"Felipe\"}]}<\/script>\n<!-- \/ Yoast SEO plugin. -->","yoast_head_json":{"title":"F\u00e9lix Ramiro Delivers the Opening Speech for the Menasalbas Festival - Asociaci\u00f3n Creadores de Moda de Espa\u00f1a | ACME","robots":{"index":"index","follow":"follow","max-snippet":"max-snippet:-1","max-image-preview":"max-image-preview:large","max-video-preview":"max-video-preview:-1"},"canonical":"https:\/\/creadores.org\/en\/felix-ramiro-delivers-the-opening-speech-for-the-menasalbas-festival\/","og_locale":"en_US","og_type":"article","og_title":"F\u00e9lix Ramiro Delivers the Opening Speech for the Menasalbas Festival - Asociaci\u00f3n Creadores de Moda de Espa\u00f1a | ACME","og_description":"The designer and tailor delivered the opening speech during the Menasalbas (Toledo) Festival, in honor of the Most Holy Christ Bearing the Cross, held on August 31st. Ramiro was born in the town, where his company also maintains its factory and atelier where he creates his collections. With over 35 years of experience in menswear, [&hellip;]","og_url":"https:\/\/creadores.org\/en\/felix-ramiro-delivers-the-opening-speech-for-the-menasalbas-festival\/","og_site_name":"Asociaci\u00f3n Creadores de Moda de Espa\u00f1a | ACME","article_publisher":"https:\/\/www.facebook.com\/Asociaci%c3%b3n-Creadores-de-Moda-de-Espa%c3%b1a-297009471514\/","article_published_time":"2026-09-02T11:16:37+00:00","article_modified_time":"2026-09-02T11:17:49+00:00","og_image":[{"width":1200,"height":800,"url":"https:\/\/creadores.org\/wp-content\/uploads\/2026\/09\/FELIX-RAMIROMARINA-ANSELMO-.jpg","type":"image\/jpeg"}],"author":"Felipe","twitter_card":"summary_large_image","twitter_creator":"@creadoresacme","twitter_site":"@creadoresacme","twitter_misc":{"Written by":"Felipe","Est. reading time":"1 minute"},"schema":{"@context":"https:\/\/schema.org","@graph":[{"@type":"Article","@id":"https:\/\/creadores.org\/en\/felix-ramiro-delivers-the-opening-speech-for-the-menasalbas-festival\/#article","isPartOf":{"@id":"https:\/\/creadores.org\/en\/felix-ramiro-delivers-the-opening-speech-for-the-menasalbas-festival\/"},"author":{"name":"Felipe","@id":"https:\/\/creadores.org\/en\/#\/schema\/person\/fdf61cde9f2e71e9cefe26613b50a079"},"headline":"F\u00e9lix Ramiro Delivers the Opening Speech for the Menasalbas Festival","datePublished":"2026-09-02T11:16:37+00:00","dateModified":"2026-09-02T11:17:49+00:00","mainEntityOfPage":{"@id":"https:\/\/creadores.org\/en\/felix-ramiro-delivers-the-opening-speech-for-the-menasalbas-festival\/"},"wordCount":128,"publisher":{"@id":"https:\/\/creadores.org\/en\/#organization"},"image":{"@id":"https:\/\/creadores.org\/en\/felix-ramiro-delivers-the-opening-speech-for-the-menasalbas-festival\/#primaryimage"},"thumbnailUrl":"https:\/\/creadores.org\/wp-content\/uploads\/2026\/09\/FELIX-RAMIROMARINA-ANSELMO-.jpg","articleSection":["News"],"inLanguage":"en-US"},{"@type":"WebPage","@id":"https:\/\/creadores.org\/en\/felix-ramiro-delivers-the-opening-speech-for-the-menasalbas-festival\/","url":"https:\/\/creadores.org\/en\/felix-ramiro-delivers-the-opening-speech-for-the-menasalbas-festival\/","name":"F\u00e9lix Ramiro Delivers the Opening Speech for the Menasalbas Festival - Asociaci\u00f3n Creadores de Moda de Espa\u00f1a | ACME","isPartOf":{"@id":"https:\/\/creadores.org\/en\/#website"},"primaryImageOfPage":{"@id":"https:\/\/creadores.org\/en\/felix-ramiro-delivers-the-opening-speech-for-the-menasalbas-festival\/#primaryimage"},"image":{"@id":"https:\/\/creadores.org\/en\/felix-ramiro-delivers-the-opening-speech-for-the-menasalbas-festival\/#primaryimage"},"thumbnailUrl":"https:\/\/creadores.org\/wp-content\/uploads\/2026\/09\/FELIX-RAMIROMARINA-ANSELMO-.jpg","datePublished":"2026-09-02T11:16:37+00:00","dateModified":"2026-09-02T11:17:49+00:00","breadcrumb":{"@id":"https:\/\/creadores.org\/en\/felix-ramiro-delivers-the-opening-speech-for-the-menasalbas-festival\/#breadcrumb"},"inLanguage":"en-US","potentialAction":[{"@type":"ReadAction","target":["https:\/\/creadores.org\/en\/felix-ramiro-delivers-the-opening-speech-for-the-menasalbas-festival\/"]}]},{"@type":"ImageObject","inLanguage":"en-US","@id":"https:\/\/creadores.org\/en\/felix-ramiro-delivers-the-opening-speech-for-the-menasalbas-festival\/#primaryimage","url":"https:\/\/creadores.org\/wp-content\/uploads\/2026\/09\/FELIX-RAMIROMARINA-ANSELMO-.jpg","contentUrl":"https:\/\/creadores.org\/wp-content\/uploads\/2026\/09\/FELIX-RAMIROMARINA-ANSELMO-.jpg","width":1200,"height":800},{"@type":"BreadcrumbList","@id":"https:\/\/creadores.org\/en\/felix-ramiro-delivers-the-opening-speech-for-the-menasalbas-festival\/#breadcrumb","itemListElement":[{"@type":"ListItem","position":1,"name":"Portada","item":"https:\/\/creadores.org\/en\/"},{"@type":"ListItem","position":2,"name":"F\u00e9lix Ramiro Delivers the Opening Speech for the Menasalbas Festival"}]},{"@type":"WebSite","@id":"https:\/\/creadores.org\/en\/#website","url":"https:\/\/creadores.org\/en\/","name":"Asociaci\u00f3n Creadores de Moda de Espa\u00f1a | ACME","description":"La Asociaci\u00f3n Creadores de Moda de Espa\u00f1a (ACME) es una organizaci\u00f3n profesional sin \u00e1nimo de lucro fundada en 1988","publisher":{"@id":"https:\/\/creadores.org\/en\/#organization"},"potentialAction":[{"@type":"SearchAction","target":{"@type":"EntryPoint","urlTemplate":"https:\/\/creadores.org\/en\/?s={search_term_string}"},"query-input":{"@type":"PropertyValueSpecification","valueRequired":true,"valueName":"search_term_string"}}],"inLanguage":"en-US"},{"@type":"Organization","@id":"https:\/\/creadores.org\/en\/#organization","name":"Asociaci\u00f3n Creadores de Moda de Espa\u00f1a | ACME","url":"https:\/\/creadores.org\/en\/","logo":{"@type":"ImageObject","inLanguage":"en-US","@id":"https:\/\/creadores.org\/en\/#\/schema\/logo\/image\/","url":"https:\/\/creadores.org\/wp-content\/uploads\/2025\/06\/acme-logo.svg","contentUrl":"https:\/\/creadores.org\/wp-content\/uploads\/2025\/06\/acme-logo.svg","width":650,"height":119,"caption":"Asociaci\u00f3n Creadores de Moda de Espa\u00f1a | ACME"},"image":{"@id":"https:\/\/creadores.org\/en\/#\/schema\/logo\/image\/"},"sameAs":["https:\/\/www.facebook.com\/Asociaci\u00f3n-Creadores-de-Moda-de-Espa\u00f1a-297009471514\/","https:\/\/x.com\/creadoresacme","https:\/\/www.instagram.com\/creadoresacme\/"]},{"@type":"Person","@id":"https:\/\/creadores.org\/en\/#\/schema\/person\/fdf61cde9f2e71e9cefe26613b50a079","name":"Felipe"}]}},"_links":{"self":[{"href":"https:\/\/creadores.org\/en\/wp-json\/wp\/v2\/posts\/100778","targetHints":{"allow":["GET"]}}],"collection":[{"href":"https:\/\/creadores.org\/en\/wp-json\/wp\/v2\/posts"}],"about":[{"href":"https:\/\/creadores.org\/en\/wp-json\/wp\/v2\/types\/post"}],"author":[{"embeddable":true,"href":"https:\/\/creadores.org\/en\/wp-json\/wp\/v2\/users\/4"}],"replies":[{"embeddable":true,"href":"https:\/\/creadores.org\/en\/wp-json\/wp\/v2\/comments?post=100778"}],"version-history":[{"count":1,"href":"https:\/\/creadores.org\/en\/wp-json\/wp\/v2\/posts\/100778\/revisions"}],"predecessor-version":[{"id":100781,"href":"https:\/\/creadores.org\/en\/wp-json\/wp\/v2\/posts\/100778\/revisions\/100781"}],"wp:featuredmedia":[{"embeddable":true,"href":"https:\/\/creadores.org\/en\/wp-json\/wp\/v2\/media\/100779"}],"wp:attachment":[{"href":"https:\/\/creadores.org\/en\/wp-json\/wp\/v2\/media?parent=100778"}],"wp:term":[{"taxonomy":"category","embeddable":true,"href":"https:\/\/creadores.org\/en\/wp-json\/wp\/v2\/categories?post=100778"},{"taxonomy":"post_tag","embeddable":true,"href":"https:\/\/creadores.org\/en\/wp-json\/wp\/v2\/tags?post=100778"}],"curies":[{"name":"wp","href":"https:\/\/api.w.org\/{rel}","templated":true}]}}