{"id":100839,"date":"2026-09-04T12:44:42","date_gmt":"2026-09-04T10:44:42","guid":{"rendered":"https:\/\/creadores.org\/maison-mesa-presenta-su-primera-retrospectiva-en-el-museo-del-automovil-y-la-moda-de-malaga\/"},"modified":"2026-09-04T12:47:20","modified_gmt":"2026-09-04T10:47:20","slug":"maison-mesa-presents-at-malaga-automobile-and-fashion-museum-its-first-retrospective-exhibit","status":"publish","type":"post","link":"https:\/\/creadores.org\/en\/maison-mesa-presents-at-malaga-automobile-and-fashion-museum-its-first-retrospective-exhibit\/","title":{"rendered":"Maison Mesa presents at M\u00e1laga Automobile and Fashion Museum its first Retrospective Exhibit"},"content":{"rendered":"<p><strong>Maison Mesa<\/strong> inaugurated on September 3rd at <strong>M\u00e1laga Automobile and Fashion Museum (MAM)<\/strong> \u201c<em><strong>Maison Mesa: Emotional Fashion<\/strong><\/em>\u201d, its first retrospective exhibition, which will run until November 15th, and coincides with the brand&#8217;s tenth anniversary as well as Mesa&#8217;s thirty years as a fashion designer. It explores his creative universe from a non-chronological perspective, organized around emotion as the starting point for each collection.<\/p>\n<p>The exhibit brings together pieces from different stages of the brand&#8217;s history, drawing on references that have fed his design language: figures such as Mae West, Blade Runner\u2019s world, and artists such as Andy Warhol, Roy Lichtenstein, and Jeff Koons. Among the collections represented are &#8216;I Am No Angel&#8217;, &#8216;Do Androids Dream of Electric Sheep?&#8217;, &#8216;The Passion of Lovers&#8217;, and &#8216;Das Cabinet&#8217;.<\/p>\n<p>One section features <strong>Maison Mesa<\/strong> garments altered by artists <strong>Jes\u00fas Arr\u00fae<\/strong>, <strong>Lara Padilla<\/strong>, and <strong>Juan Antonio Tinte<\/strong>, working on pieces originally created as performing garments and providing a new artistic interpretation.<\/p>\n<p>The exhibition also showcases the work of a network of collaborators with whom the fashion brand produces a part of its universe: <strong>El T\u00edo Claus&#8217;s<\/strong> knitwear and gourmet products, <strong>Casteller&#8217;s<\/strong> espadrilles, <strong>Perssam&#8217;s<\/strong> knitwear, <strong>Pons Quintana&#8217;s<\/strong> braided leather sandals, <strong>Anabella Boffa&#8217;s<\/strong> handbags, <strong>Lisi Fracchia&#8217;s<\/strong> jewelry, and <strong>Susana Mart\u00edn&#8217;s<\/strong> glass pieces. The project is supported by <strong>M\u00e1laga City Council<\/strong>.<\/p>\n<p>As part of the tour, visitors can view the <strong>Maison Mesa documentary<\/strong>, directed by <strong>Miguel Thevirum<\/strong>, which reveals the atelier&#8217;s working process and the preparations behind the brand&#8217;s fashion shows.<\/p>\n<p>The firm also emphasizes its connection to the museum itself: &#8220;For Maison Mesa, MAM is also an emotional museum, from its conception by Jo\u00e3o Magalh\u00e3es to the management of its current two directors, Elvira Carrera and Mar Gonz\u00e1lez,&#8221; they state.<\/p>\n<p>&#8220;Holding our first retrospective exhibition is a dream come true, ten years since the creation of our brand and more than thirty years of Mesa as a designer in this industry,&#8221; its founders point out.<\/p>\n","protected":false},"excerpt":{"rendered":"<p>Maison Mesa inaugurated on September 3rd at M\u00e1laga Automobile and Fashion Museum (MAM) \u201cMaison Mesa: Emotional Fashion\u201d, its first retrospective exhibition, which will run until November 15th, and coincides with the brand&#8217;s tenth anniversary as well as Mesa&#8217;s thirty years as a fashion designer. It explores his creative universe from a non-chronological perspective, organized around [&hellip;]<\/p>\n","protected":false},"author":4,"featured_media":100870,"comment_status":"closed","ping_status":"closed","sticky":false,"template":"","format":"standard","meta":{"footnotes":""},"categories":[1163],"tags":[],"class_list":["post-100839","post","type-post","status-publish","format-standard","has-post-thumbnail","hentry","category-news"],"yoast_head":"<!-- This site is optimized with the Yoast SEO plugin v28.4 - https:\/\/yoast.com\/product\/yoast-seo-wordpress\/ -->\n<title>Maison Mesa presents at M\u00e1laga Automobile and Fashion Museum its first Retrospective Exhibit - Asociaci\u00f3n Creadores de Moda de Espa\u00f1a | ACME<\/title>\n<meta name=\"robots\" content=\"index, follow, max-snippet:-1, max-image-preview:large, max-video-preview:-1\" \/>\n<link rel=\"canonical\" href=\"https:\/\/creadores.org\/en\/maison-mesa-presents-at-malaga-automobile-and-fashion-museum-its-first-retrospective-exhibit\/\" \/>\n<meta property=\"og:locale\" content=\"en_US\" \/>\n<meta property=\"og:type\" content=\"article\" \/>\n<meta property=\"og:title\" content=\"Maison Mesa presents at M\u00e1laga Automobile and Fashion Museum its first Retrospective Exhibit - Asociaci\u00f3n Creadores de Moda de Espa\u00f1a | ACME\" \/>\n<meta property=\"og:description\" content=\"Maison Mesa inaugurated on September 3rd at M\u00e1laga Automobile and Fashion Museum (MAM) \u201cMaison Mesa: Emotional Fashion\u201d, its first retrospective exhibition, which will run until November 15th, and coincides with the brand&#8217;s tenth anniversary as well as Mesa&#8217;s thirty years as a fashion designer. It explores his creative universe from a non-chronological perspective, organized around [&hellip;]\" \/>\n<meta property=\"og:url\" content=\"https:\/\/creadores.org\/en\/maison-mesa-presents-at-malaga-automobile-and-fashion-museum-its-first-retrospective-exhibit\/\" \/>\n<meta property=\"og:site_name\" content=\"Asociaci\u00f3n Creadores de Moda de Espa\u00f1a | ACME\" \/>\n<meta property=\"article:publisher\" content=\"https:\/\/www.facebook.com\/Asociaci%c3%b3n-Creadores-de-Moda-de-Espa%c3%b1a-297009471514\/\" \/>\n<meta property=\"article:published_time\" content=\"2026-09-04T10:44:42+00:00\" \/>\n<meta property=\"article:modified_time\" content=\"2026-09-04T10:47:20+00:00\" \/>\n<meta property=\"og:image\" content=\"https:\/\/creadores.org\/wp-content\/uploads\/2026\/09\/Inauguracion_Exposicion_MaisonMesa-34.jpg\" \/>\n\t<meta property=\"og:image:width\" content=\"1200\" \/>\n\t<meta property=\"og:image:height\" content=\"800\" \/>\n\t<meta property=\"og:image:type\" content=\"image\/jpeg\" \/>\n<meta name=\"author\" content=\"Felipe\" \/>\n<meta name=\"twitter:card\" content=\"summary_large_image\" \/>\n<meta name=\"twitter:creator\" content=\"@creadoresacme\" \/>\n<meta name=\"twitter:site\" content=\"@creadoresacme\" \/>\n<meta name=\"twitter:label1\" content=\"Written by\" \/>\n\t<meta name=\"twitter:data1\" content=\"Felipe\" \/>\n\t<meta name=\"twitter:label2\" content=\"Est. reading time\" \/>\n\t<meta name=\"twitter:data2\" content=\"2 minutes\" \/>\n<script type=\"application\/ld+json\" class=\"yoast-schema-graph\">{\"@context\":\"https:\\\/\\\/schema.org\",\"@graph\":[{\"@type\":\"Article\",\"@id\":\"https:\\\/\\\/creadores.org\\\/en\\\/maison-mesa-presents-at-malaga-automobile-and-fashion-museum-its-first-retrospective-exhibit\\\/#article\",\"isPartOf\":{\"@id\":\"https:\\\/\\\/creadores.org\\\/en\\\/maison-mesa-presents-at-malaga-automobile-and-fashion-museum-its-first-retrospective-exhibit\\\/\"},\"author\":{\"name\":\"Felipe\",\"@id\":\"https:\\\/\\\/creadores.org\\\/en\\\/#\\\/schema\\\/person\\\/fdf61cde9f2e71e9cefe26613b50a079\"},\"headline\":\"Maison Mesa presents at M\u00e1laga Automobile and Fashion Museum its first Retrospective Exhibit\",\"datePublished\":\"2026-09-04T10:44:42+00:00\",\"dateModified\":\"2026-09-04T10:47:20+00:00\",\"mainEntityOfPage\":{\"@id\":\"https:\\\/\\\/creadores.org\\\/en\\\/maison-mesa-presents-at-malaga-automobile-and-fashion-museum-its-first-retrospective-exhibit\\\/\"},\"wordCount\":354,\"publisher\":{\"@id\":\"https:\\\/\\\/creadores.org\\\/en\\\/#organization\"},\"image\":{\"@id\":\"https:\\\/\\\/creadores.org\\\/en\\\/maison-mesa-presents-at-malaga-automobile-and-fashion-museum-its-first-retrospective-exhibit\\\/#primaryimage\"},\"thumbnailUrl\":\"https:\\\/\\\/creadores.org\\\/wp-content\\\/uploads\\\/2026\\\/09\\\/Inauguracion_Exposicion_MaisonMesa-34.jpg\",\"articleSection\":[\"News\"],\"inLanguage\":\"en-US\"},{\"@type\":\"WebPage\",\"@id\":\"https:\\\/\\\/creadores.org\\\/en\\\/maison-mesa-presents-at-malaga-automobile-and-fashion-museum-its-first-retrospective-exhibit\\\/\",\"url\":\"https:\\\/\\\/creadores.org\\\/en\\\/maison-mesa-presents-at-malaga-automobile-and-fashion-museum-its-first-retrospective-exhibit\\\/\",\"name\":\"Maison Mesa presents at M\u00e1laga Automobile and Fashion Museum its first Retrospective Exhibit - Asociaci\u00f3n Creadores de Moda de Espa\u00f1a | ACME\",\"isPartOf\":{\"@id\":\"https:\\\/\\\/creadores.org\\\/en\\\/#website\"},\"primaryImageOfPage\":{\"@id\":\"https:\\\/\\\/creadores.org\\\/en\\\/maison-mesa-presents-at-malaga-automobile-and-fashion-museum-its-first-retrospective-exhibit\\\/#primaryimage\"},\"image\":{\"@id\":\"https:\\\/\\\/creadores.org\\\/en\\\/maison-mesa-presents-at-malaga-automobile-and-fashion-museum-its-first-retrospective-exhibit\\\/#primaryimage\"},\"thumbnailUrl\":\"https:\\\/\\\/creadores.org\\\/wp-content\\\/uploads\\\/2026\\\/09\\\/Inauguracion_Exposicion_MaisonMesa-34.jpg\",\"datePublished\":\"2026-09-04T10:44:42+00:00\",\"dateModified\":\"2026-09-04T10:47:20+00:00\",\"breadcrumb\":{\"@id\":\"https:\\\/\\\/creadores.org\\\/en\\\/maison-mesa-presents-at-malaga-automobile-and-fashion-museum-its-first-retrospective-exhibit\\\/#breadcrumb\"},\"inLanguage\":\"en-US\",\"potentialAction\":[{\"@type\":\"ReadAction\",\"target\":[\"https:\\\/\\\/creadores.org\\\/en\\\/maison-mesa-presents-at-malaga-automobile-and-fashion-museum-its-first-retrospective-exhibit\\\/\"]}]},{\"@type\":\"ImageObject\",\"inLanguage\":\"en-US\",\"@id\":\"https:\\\/\\\/creadores.org\\\/en\\\/maison-mesa-presents-at-malaga-automobile-and-fashion-museum-its-first-retrospective-exhibit\\\/#primaryimage\",\"url\":\"https:\\\/\\\/creadores.org\\\/wp-content\\\/uploads\\\/2026\\\/09\\\/Inauguracion_Exposicion_MaisonMesa-34.jpg\",\"contentUrl\":\"https:\\\/\\\/creadores.org\\\/wp-content\\\/uploads\\\/2026\\\/09\\\/Inauguracion_Exposicion_MaisonMesa-34.jpg\",\"width\":1200,\"height\":800},{\"@type\":\"BreadcrumbList\",\"@id\":\"https:\\\/\\\/creadores.org\\\/en\\\/maison-mesa-presents-at-malaga-automobile-and-fashion-museum-its-first-retrospective-exhibit\\\/#breadcrumb\",\"itemListElement\":[{\"@type\":\"ListItem\",\"position\":1,\"name\":\"Portada\",\"item\":\"https:\\\/\\\/creadores.org\\\/en\\\/\"},{\"@type\":\"ListItem\",\"position\":2,\"name\":\"Maison Mesa presents at M\u00e1laga Automobile and Fashion Museum its first Retrospective Exhibit\"}]},{\"@type\":\"WebSite\",\"@id\":\"https:\\\/\\\/creadores.org\\\/en\\\/#website\",\"url\":\"https:\\\/\\\/creadores.org\\\/en\\\/\",\"name\":\"Asociaci\u00f3n Creadores de Moda de Espa\u00f1a | ACME\",\"description\":\"La Asociaci\u00f3n Creadores de Moda de Espa\u00f1a (ACME) es una organizaci\u00f3n profesional sin \u00e1nimo de lucro fundada en 1988\",\"publisher\":{\"@id\":\"https:\\\/\\\/creadores.org\\\/en\\\/#organization\"},\"potentialAction\":[{\"@type\":\"SearchAction\",\"target\":{\"@type\":\"EntryPoint\",\"urlTemplate\":\"https:\\\/\\\/creadores.org\\\/en\\\/?s={search_term_string}\"},\"query-input\":{\"@type\":\"PropertyValueSpecification\",\"valueRequired\":true,\"valueName\":\"search_term_string\"}}],\"inLanguage\":\"en-US\"},{\"@type\":\"Organization\",\"@id\":\"https:\\\/\\\/creadores.org\\\/en\\\/#organization\",\"name\":\"Asociaci\u00f3n Creadores de Moda de Espa\u00f1a | ACME\",\"url\":\"https:\\\/\\\/creadores.org\\\/en\\\/\",\"logo\":{\"@type\":\"ImageObject\",\"inLanguage\":\"en-US\",\"@id\":\"https:\\\/\\\/creadores.org\\\/en\\\/#\\\/schema\\\/logo\\\/image\\\/\",\"url\":\"https:\\\/\\\/creadores.org\\\/wp-content\\\/uploads\\\/2025\\\/06\\\/acme-logo.svg\",\"contentUrl\":\"https:\\\/\\\/creadores.org\\\/wp-content\\\/uploads\\\/2025\\\/06\\\/acme-logo.svg\",\"width\":650,\"height\":119,\"caption\":\"Asociaci\u00f3n Creadores de Moda de Espa\u00f1a | ACME\"},\"image\":{\"@id\":\"https:\\\/\\\/creadores.org\\\/en\\\/#\\\/schema\\\/logo\\\/image\\\/\"},\"sameAs\":[\"https:\\\/\\\/www.facebook.com\\\/Asociaci\u00f3n-Creadores-de-Moda-de-Espa\u00f1a-297009471514\\\/\",\"https:\\\/\\\/x.com\\\/creadoresacme\",\"https:\\\/\\\/www.instagram.com\\\/creadoresacme\\\/\"]},{\"@type\":\"Person\",\"@id\":\"https:\\\/\\\/creadores.org\\\/en\\\/#\\\/schema\\\/person\\\/fdf61cde9f2e71e9cefe26613b50a079\",\"name\":\"Felipe\"}]}<\/script>\n<!-- \/ Yoast SEO plugin. -->","yoast_head_json":{"title":"Maison Mesa presents at M\u00e1laga Automobile and Fashion Museum its first Retrospective Exhibit - Asociaci\u00f3n Creadores de Moda de Espa\u00f1a | ACME","robots":{"index":"index","follow":"follow","max-snippet":"max-snippet:-1","max-image-preview":"max-image-preview:large","max-video-preview":"max-video-preview:-1"},"canonical":"https:\/\/creadores.org\/en\/maison-mesa-presents-at-malaga-automobile-and-fashion-museum-its-first-retrospective-exhibit\/","og_locale":"en_US","og_type":"article","og_title":"Maison Mesa presents at M\u00e1laga Automobile and Fashion Museum its first Retrospective Exhibit - Asociaci\u00f3n Creadores de Moda de Espa\u00f1a | ACME","og_description":"Maison Mesa inaugurated on September 3rd at M\u00e1laga Automobile and Fashion Museum (MAM) \u201cMaison Mesa: Emotional Fashion\u201d, its first retrospective exhibition, which will run until November 15th, and coincides with the brand&#8217;s tenth anniversary as well as Mesa&#8217;s thirty years as a fashion designer. It explores his creative universe from a non-chronological perspective, organized around [&hellip;]","og_url":"https:\/\/creadores.org\/en\/maison-mesa-presents-at-malaga-automobile-and-fashion-museum-its-first-retrospective-exhibit\/","og_site_name":"Asociaci\u00f3n Creadores de Moda de Espa\u00f1a | ACME","article_publisher":"https:\/\/www.facebook.com\/Asociaci%c3%b3n-Creadores-de-Moda-de-Espa%c3%b1a-297009471514\/","article_published_time":"2026-09-04T10:44:42+00:00","article_modified_time":"2026-09-04T10:47:20+00:00","og_image":[{"width":1200,"height":800,"url":"https:\/\/creadores.org\/wp-content\/uploads\/2026\/09\/Inauguracion_Exposicion_MaisonMesa-34.jpg","type":"image\/jpeg"}],"author":"Felipe","twitter_card":"summary_large_image","twitter_creator":"@creadoresacme","twitter_site":"@creadoresacme","twitter_misc":{"Written by":"Felipe","Est. reading time":"2 minutes"},"schema":{"@context":"https:\/\/schema.org","@graph":[{"@type":"Article","@id":"https:\/\/creadores.org\/en\/maison-mesa-presents-at-malaga-automobile-and-fashion-museum-its-first-retrospective-exhibit\/#article","isPartOf":{"@id":"https:\/\/creadores.org\/en\/maison-mesa-presents-at-malaga-automobile-and-fashion-museum-its-first-retrospective-exhibit\/"},"author":{"name":"Felipe","@id":"https:\/\/creadores.org\/en\/#\/schema\/person\/fdf61cde9f2e71e9cefe26613b50a079"},"headline":"Maison Mesa presents at M\u00e1laga Automobile and Fashion Museum its first Retrospective Exhibit","datePublished":"2026-09-04T10:44:42+00:00","dateModified":"2026-09-04T10:47:20+00:00","mainEntityOfPage":{"@id":"https:\/\/creadores.org\/en\/maison-mesa-presents-at-malaga-automobile-and-fashion-museum-its-first-retrospective-exhibit\/"},"wordCount":354,"publisher":{"@id":"https:\/\/creadores.org\/en\/#organization"},"image":{"@id":"https:\/\/creadores.org\/en\/maison-mesa-presents-at-malaga-automobile-and-fashion-museum-its-first-retrospective-exhibit\/#primaryimage"},"thumbnailUrl":"https:\/\/creadores.org\/wp-content\/uploads\/2026\/09\/Inauguracion_Exposicion_MaisonMesa-34.jpg","articleSection":["News"],"inLanguage":"en-US"},{"@type":"WebPage","@id":"https:\/\/creadores.org\/en\/maison-mesa-presents-at-malaga-automobile-and-fashion-museum-its-first-retrospective-exhibit\/","url":"https:\/\/creadores.org\/en\/maison-mesa-presents-at-malaga-automobile-and-fashion-museum-its-first-retrospective-exhibit\/","name":"Maison Mesa presents at M\u00e1laga Automobile and Fashion Museum its first Retrospective Exhibit - Asociaci\u00f3n Creadores de Moda de Espa\u00f1a | ACME","isPartOf":{"@id":"https:\/\/creadores.org\/en\/#website"},"primaryImageOfPage":{"@id":"https:\/\/creadores.org\/en\/maison-mesa-presents-at-malaga-automobile-and-fashion-museum-its-first-retrospective-exhibit\/#primaryimage"},"image":{"@id":"https:\/\/creadores.org\/en\/maison-mesa-presents-at-malaga-automobile-and-fashion-museum-its-first-retrospective-exhibit\/#primaryimage"},"thumbnailUrl":"https:\/\/creadores.org\/wp-content\/uploads\/2026\/09\/Inauguracion_Exposicion_MaisonMesa-34.jpg","datePublished":"2026-09-04T10:44:42+00:00","dateModified":"2026-09-04T10:47:20+00:00","breadcrumb":{"@id":"https:\/\/creadores.org\/en\/maison-mesa-presents-at-malaga-automobile-and-fashion-museum-its-first-retrospective-exhibit\/#breadcrumb"},"inLanguage":"en-US","potentialAction":[{"@type":"ReadAction","target":["https:\/\/creadores.org\/en\/maison-mesa-presents-at-malaga-automobile-and-fashion-museum-its-first-retrospective-exhibit\/"]}]},{"@type":"ImageObject","inLanguage":"en-US","@id":"https:\/\/creadores.org\/en\/maison-mesa-presents-at-malaga-automobile-and-fashion-museum-its-first-retrospective-exhibit\/#primaryimage","url":"https:\/\/creadores.org\/wp-content\/uploads\/2026\/09\/Inauguracion_Exposicion_MaisonMesa-34.jpg","contentUrl":"https:\/\/creadores.org\/wp-content\/uploads\/2026\/09\/Inauguracion_Exposicion_MaisonMesa-34.jpg","width":1200,"height":800},{"@type":"BreadcrumbList","@id":"https:\/\/creadores.org\/en\/maison-mesa-presents-at-malaga-automobile-and-fashion-museum-its-first-retrospective-exhibit\/#breadcrumb","itemListElement":[{"@type":"ListItem","position":1,"name":"Portada","item":"https:\/\/creadores.org\/en\/"},{"@type":"ListItem","position":2,"name":"Maison Mesa presents at M\u00e1laga Automobile and Fashion Museum its first Retrospective Exhibit"}]},{"@type":"WebSite","@id":"https:\/\/creadores.org\/en\/#website","url":"https:\/\/creadores.org\/en\/","name":"Asociaci\u00f3n Creadores de Moda de Espa\u00f1a | ACME","description":"La Asociaci\u00f3n Creadores de Moda de Espa\u00f1a (ACME) es una organizaci\u00f3n profesional sin \u00e1nimo de lucro fundada en 1988","publisher":{"@id":"https:\/\/creadores.org\/en\/#organization"},"potentialAction":[{"@type":"SearchAction","target":{"@type":"EntryPoint","urlTemplate":"https:\/\/creadores.org\/en\/?s={search_term_string}"},"query-input":{"@type":"PropertyValueSpecification","valueRequired":true,"valueName":"search_term_string"}}],"inLanguage":"en-US"},{"@type":"Organization","@id":"https:\/\/creadores.org\/en\/#organization","name":"Asociaci\u00f3n Creadores de Moda de Espa\u00f1a | ACME","url":"https:\/\/creadores.org\/en\/","logo":{"@type":"ImageObject","inLanguage":"en-US","@id":"https:\/\/creadores.org\/en\/#\/schema\/logo\/image\/","url":"https:\/\/creadores.org\/wp-content\/uploads\/2025\/06\/acme-logo.svg","contentUrl":"https:\/\/creadores.org\/wp-content\/uploads\/2025\/06\/acme-logo.svg","width":650,"height":119,"caption":"Asociaci\u00f3n Creadores de Moda de Espa\u00f1a | ACME"},"image":{"@id":"https:\/\/creadores.org\/en\/#\/schema\/logo\/image\/"},"sameAs":["https:\/\/www.facebook.com\/Asociaci\u00f3n-Creadores-de-Moda-de-Espa\u00f1a-297009471514\/","https:\/\/x.com\/creadoresacme","https:\/\/www.instagram.com\/creadoresacme\/"]},{"@type":"Person","@id":"https:\/\/creadores.org\/en\/#\/schema\/person\/fdf61cde9f2e71e9cefe26613b50a079","name":"Felipe"}]}},"_links":{"self":[{"href":"https:\/\/creadores.org\/en\/wp-json\/wp\/v2\/posts\/100839","targetHints":{"allow":["GET"]}}],"collection":[{"href":"https:\/\/creadores.org\/en\/wp-json\/wp\/v2\/posts"}],"about":[{"href":"https:\/\/creadores.org\/en\/wp-json\/wp\/v2\/types\/post"}],"author":[{"embeddable":true,"href":"https:\/\/creadores.org\/en\/wp-json\/wp\/v2\/users\/4"}],"replies":[{"embeddable":true,"href":"https:\/\/creadores.org\/en\/wp-json\/wp\/v2\/comments?post=100839"}],"version-history":[{"count":2,"href":"https:\/\/creadores.org\/en\/wp-json\/wp\/v2\/posts\/100839\/revisions"}],"predecessor-version":[{"id":100895,"href":"https:\/\/creadores.org\/en\/wp-json\/wp\/v2\/posts\/100839\/revisions\/100895"}],"wp:featuredmedia":[{"embeddable":true,"href":"https:\/\/creadores.org\/en\/wp-json\/wp\/v2\/media\/100870"}],"wp:attachment":[{"href":"https:\/\/creadores.org\/en\/wp-json\/wp\/v2\/media?parent=100839"}],"wp:term":[{"taxonomy":"category","embeddable":true,"href":"https:\/\/creadores.org\/en\/wp-json\/wp\/v2\/categories?post=100839"},{"taxonomy":"post_tag","embeddable":true,"href":"https:\/\/creadores.org\/en\/wp-json\/wp\/v2\/tags?post=100839"}],"curies":[{"name":"wp","href":"https:\/\/api.w.org\/{rel}","templated":true}]}}