{"id":1190,"date":"2014-05-28T17:26:23","date_gmt":"2014-05-28T15:26:23","guid":{"rendered":"https:\/\/creadores.org\/?p=1190"},"modified":"2025-07-02T09:17:23","modified_gmt":"2025-07-02T07:17:23","slug":"convocatoria-semaine-des-createurs-de-paris","status":"publish","type":"post","link":"https:\/\/creadores.org\/en\/convocatoria-semaine-des-createurs-de-paris\/","title":{"rendered":"Convocatoria Semaine des Cr\u00e9ateurs de Paris"},"content":{"rendered":"<p><strong>ICEX Espa\u00f1a Exportaci\u00f3n e Inversiones<\/strong> apoya la participaci\u00f3n en las ferias internacionales que se desarrollan durante la <strong><em>Semaine des Cr\u00e9ateurs de Paris<\/em><\/strong>, que celebran su pr\u00f3xima edici\u00f3n del 24 al 30 de septiembre de 2014.<\/p>\n<p><strong>La Asociaci\u00f3n Creadores de Moda de Espa\u00f1a<\/strong>\u00a0coordina un a\u00f1o m\u00e1s la participaci\u00f3n de los dise\u00f1adores espa\u00f1oles, sean asociados o no.<\/p>\n<p><a href=\"https:\/\/creadores.org\/src\/uploads\/2014\/05\/convocatoria.pdf\" target=\"_blank\" rel=\"noopener noreferrer\">Pulse aqu\u00ed para acceder a la convocatoria completa<\/a><\/p>\n<p><a href=\"https:\/\/creadores.org\/src\/uploads\/2014\/05\/solicitud.pdf\" target=\"_blank\" rel=\"noopener noreferrer\">Pulse aqu\u00ed para acceder al impreso de solicitud<\/a>[:]<\/p>\n","protected":false},"excerpt":{"rendered":"<p>ICEX Espa\u00f1a Exportaci\u00f3n e Inversiones apoya la participaci\u00f3n en las ferias internacionales que se desarrollan durante la Semaine des Cr\u00e9ateurs de Paris, que celebran su pr\u00f3xima edici\u00f3n del 24 al 30 de septiembre de 2014. La Asociaci\u00f3n Creadores de Moda de Espa\u00f1a\u00a0coordina un a\u00f1o m\u00e1s la participaci\u00f3n de los dise\u00f1adores espa\u00f1oles, sean asociados o no. [&hellip;]<\/p>\n","protected":false},"author":4,"featured_media":82138,"comment_status":"closed","ping_status":"closed","sticky":false,"template":"","format":"standard","meta":{"footnotes":""},"categories":[6],"tags":[],"class_list":["post-1190","post","type-post","status-publish","format-standard","has-post-thumbnail","hentry","category-noticias"],"yoast_head":"<!-- This site is optimized with the Yoast SEO plugin v27.4 - https:\/\/yoast.com\/product\/yoast-seo-wordpress\/ -->\n<title>Convocatoria Semaine des Cr\u00e9ateurs de Paris - Asociaci\u00f3n Creadores de Moda de Espa\u00f1a | ACME<\/title>\n<meta name=\"robots\" content=\"index, follow, max-snippet:-1, max-image-preview:large, max-video-preview:-1\" \/>\n<link rel=\"canonical\" href=\"https:\/\/creadores.org\/en\/convocatoria-semaine-des-createurs-de-paris\/\" \/>\n<meta property=\"og:locale\" content=\"en_US\" \/>\n<meta property=\"og:type\" content=\"article\" \/>\n<meta property=\"og:title\" content=\"Convocatoria Semaine des Cr\u00e9ateurs de Paris - Asociaci\u00f3n Creadores de Moda de Espa\u00f1a | ACME\" \/>\n<meta property=\"og:description\" content=\"ICEX Espa\u00f1a Exportaci\u00f3n e Inversiones apoya la participaci\u00f3n en las ferias internacionales que se desarrollan durante la Semaine des Cr\u00e9ateurs de Paris, que celebran su pr\u00f3xima edici\u00f3n del 24 al 30 de septiembre de 2014. La Asociaci\u00f3n Creadores de Moda de Espa\u00f1a\u00a0coordina un a\u00f1o m\u00e1s la participaci\u00f3n de los dise\u00f1adores espa\u00f1oles, sean asociados o no. [&hellip;]\" \/>\n<meta property=\"og:url\" content=\"https:\/\/creadores.org\/en\/convocatoria-semaine-des-createurs-de-paris\/\" \/>\n<meta property=\"og:site_name\" content=\"Asociaci\u00f3n Creadores de Moda de Espa\u00f1a | ACME\" \/>\n<meta property=\"article:publisher\" content=\"https:\/\/www.facebook.com\/Asociaci%c3%b3n-Creadores-de-Moda-de-Espa%c3%b1a-297009471514\/\" \/>\n<meta property=\"article:published_time\" content=\"2014-05-28T15:26:23+00:00\" \/>\n<meta property=\"article:modified_time\" content=\"2025-07-02T07:17:23+00:00\" \/>\n<meta property=\"og:image\" content=\"https:\/\/creadores.org\/wp-content\/uploads\/2014\/05\/principal-convocatoria.jpg\" \/>\n\t<meta property=\"og:image:width\" content=\"960\" \/>\n\t<meta property=\"og:image:height\" content=\"412\" \/>\n\t<meta property=\"og:image:type\" content=\"image\/jpeg\" \/>\n<meta name=\"author\" content=\"Felipe\" \/>\n<meta name=\"twitter:card\" content=\"summary_large_image\" \/>\n<meta name=\"twitter:creator\" content=\"@creadoresacme\" \/>\n<meta name=\"twitter:site\" content=\"@creadoresacme\" \/>\n<meta name=\"twitter:label1\" content=\"Written by\" \/>\n\t<meta name=\"twitter:data1\" content=\"Felipe\" \/>\n<script type=\"application\/ld+json\" class=\"yoast-schema-graph\">{\"@context\":\"https:\\\/\\\/schema.org\",\"@graph\":[{\"@type\":\"Article\",\"@id\":\"https:\\\/\\\/creadores.org\\\/en\\\/convocatoria-semaine-des-createurs-de-paris\\\/#article\",\"isPartOf\":{\"@id\":\"https:\\\/\\\/creadores.org\\\/en\\\/convocatoria-semaine-des-createurs-de-paris\\\/\"},\"author\":{\"name\":\"Felipe\",\"@id\":\"https:\\\/\\\/creadores.org\\\/en\\\/#\\\/schema\\\/person\\\/fdf61cde9f2e71e9cefe26613b50a079\"},\"headline\":\"Convocatoria Semaine des Cr\u00e9ateurs de Paris\",\"datePublished\":\"2014-05-28T15:26:23+00:00\",\"dateModified\":\"2025-07-02T07:17:23+00:00\",\"mainEntityOfPage\":{\"@id\":\"https:\\\/\\\/creadores.org\\\/en\\\/convocatoria-semaine-des-createurs-de-paris\\\/\"},\"wordCount\":89,\"publisher\":{\"@id\":\"https:\\\/\\\/creadores.org\\\/en\\\/#organization\"},\"image\":{\"@id\":\"https:\\\/\\\/creadores.org\\\/en\\\/convocatoria-semaine-des-createurs-de-paris\\\/#primaryimage\"},\"thumbnailUrl\":\"https:\\\/\\\/creadores.org\\\/wp-content\\\/uploads\\\/2025\\\/06\\\/principal-convocatoria.jpg-28.jpg\",\"articleSection\":[\"Noticias\"],\"inLanguage\":\"en-US\"},{\"@type\":\"WebPage\",\"@id\":\"https:\\\/\\\/creadores.org\\\/en\\\/convocatoria-semaine-des-createurs-de-paris\\\/\",\"url\":\"https:\\\/\\\/creadores.org\\\/en\\\/convocatoria-semaine-des-createurs-de-paris\\\/\",\"name\":\"Convocatoria Semaine des Cr\u00e9ateurs de Paris - Asociaci\u00f3n Creadores de Moda de Espa\u00f1a | ACME\",\"isPartOf\":{\"@id\":\"https:\\\/\\\/creadores.org\\\/en\\\/#website\"},\"primaryImageOfPage\":{\"@id\":\"https:\\\/\\\/creadores.org\\\/en\\\/convocatoria-semaine-des-createurs-de-paris\\\/#primaryimage\"},\"image\":{\"@id\":\"https:\\\/\\\/creadores.org\\\/en\\\/convocatoria-semaine-des-createurs-de-paris\\\/#primaryimage\"},\"thumbnailUrl\":\"https:\\\/\\\/creadores.org\\\/wp-content\\\/uploads\\\/2025\\\/06\\\/principal-convocatoria.jpg-28.jpg\",\"datePublished\":\"2014-05-28T15:26:23+00:00\",\"dateModified\":\"2025-07-02T07:17:23+00:00\",\"breadcrumb\":{\"@id\":\"https:\\\/\\\/creadores.org\\\/en\\\/convocatoria-semaine-des-createurs-de-paris\\\/#breadcrumb\"},\"inLanguage\":\"en-US\",\"potentialAction\":[{\"@type\":\"ReadAction\",\"target\":[\"https:\\\/\\\/creadores.org\\\/en\\\/convocatoria-semaine-des-createurs-de-paris\\\/\"]}]},{\"@type\":\"ImageObject\",\"inLanguage\":\"en-US\",\"@id\":\"https:\\\/\\\/creadores.org\\\/en\\\/convocatoria-semaine-des-createurs-de-paris\\\/#primaryimage\",\"url\":\"https:\\\/\\\/creadores.org\\\/wp-content\\\/uploads\\\/2025\\\/06\\\/principal-convocatoria.jpg-28.jpg\",\"contentUrl\":\"https:\\\/\\\/creadores.org\\\/wp-content\\\/uploads\\\/2025\\\/06\\\/principal-convocatoria.jpg-28.jpg\",\"width\":960,\"height\":412},{\"@type\":\"BreadcrumbList\",\"@id\":\"https:\\\/\\\/creadores.org\\\/en\\\/convocatoria-semaine-des-createurs-de-paris\\\/#breadcrumb\",\"itemListElement\":[{\"@type\":\"ListItem\",\"position\":1,\"name\":\"Portada\",\"item\":\"https:\\\/\\\/creadores.org\\\/en\\\/\"},{\"@type\":\"ListItem\",\"position\":2,\"name\":\"Convocatoria Semaine des Cr\u00e9ateurs de Paris\"}]},{\"@type\":\"WebSite\",\"@id\":\"https:\\\/\\\/creadores.org\\\/en\\\/#website\",\"url\":\"https:\\\/\\\/creadores.org\\\/en\\\/\",\"name\":\"Asociaci\u00f3n Creadores de Moda de Espa\u00f1a | ACME\",\"description\":\"La Asociaci\u00f3n Creadores de Moda de Espa\u00f1a (ACME) es una organizaci\u00f3n profesional sin \u00e1nimo de lucro fundada en 1988\",\"publisher\":{\"@id\":\"https:\\\/\\\/creadores.org\\\/en\\\/#organization\"},\"potentialAction\":[{\"@type\":\"SearchAction\",\"target\":{\"@type\":\"EntryPoint\",\"urlTemplate\":\"https:\\\/\\\/creadores.org\\\/en\\\/?s={search_term_string}\"},\"query-input\":{\"@type\":\"PropertyValueSpecification\",\"valueRequired\":true,\"valueName\":\"search_term_string\"}}],\"inLanguage\":\"en-US\"},{\"@type\":\"Organization\",\"@id\":\"https:\\\/\\\/creadores.org\\\/en\\\/#organization\",\"name\":\"Asociaci\u00f3n Creadores de Moda de Espa\u00f1a | ACME\",\"url\":\"https:\\\/\\\/creadores.org\\\/en\\\/\",\"logo\":{\"@type\":\"ImageObject\",\"inLanguage\":\"en-US\",\"@id\":\"https:\\\/\\\/creadores.org\\\/en\\\/#\\\/schema\\\/logo\\\/image\\\/\",\"url\":\"https:\\\/\\\/creadores.org\\\/wp-content\\\/uploads\\\/2025\\\/06\\\/acme-logo.svg\",\"contentUrl\":\"https:\\\/\\\/creadores.org\\\/wp-content\\\/uploads\\\/2025\\\/06\\\/acme-logo.svg\",\"width\":650,\"height\":119,\"caption\":\"Asociaci\u00f3n Creadores de Moda de Espa\u00f1a | ACME\"},\"image\":{\"@id\":\"https:\\\/\\\/creadores.org\\\/en\\\/#\\\/schema\\\/logo\\\/image\\\/\"},\"sameAs\":[\"https:\\\/\\\/www.facebook.com\\\/Asociaci\u00f3n-Creadores-de-Moda-de-Espa\u00f1a-297009471514\\\/\",\"https:\\\/\\\/x.com\\\/creadoresacme\",\"https:\\\/\\\/www.instagram.com\\\/creadoresacme\\\/\"]},{\"@type\":\"Person\",\"@id\":\"https:\\\/\\\/creadores.org\\\/en\\\/#\\\/schema\\\/person\\\/fdf61cde9f2e71e9cefe26613b50a079\",\"name\":\"Felipe\"}]}<\/script>\n<!-- \/ Yoast SEO plugin. -->","yoast_head_json":{"title":"Convocatoria Semaine des Cr\u00e9ateurs de Paris - Asociaci\u00f3n Creadores de Moda de Espa\u00f1a | ACME","robots":{"index":"index","follow":"follow","max-snippet":"max-snippet:-1","max-image-preview":"max-image-preview:large","max-video-preview":"max-video-preview:-1"},"canonical":"https:\/\/creadores.org\/en\/convocatoria-semaine-des-createurs-de-paris\/","og_locale":"en_US","og_type":"article","og_title":"Convocatoria Semaine des Cr\u00e9ateurs de Paris - Asociaci\u00f3n Creadores de Moda de Espa\u00f1a | ACME","og_description":"ICEX Espa\u00f1a Exportaci\u00f3n e Inversiones apoya la participaci\u00f3n en las ferias internacionales que se desarrollan durante la Semaine des Cr\u00e9ateurs de Paris, que celebran su pr\u00f3xima edici\u00f3n del 24 al 30 de septiembre de 2014. La Asociaci\u00f3n Creadores de Moda de Espa\u00f1a\u00a0coordina un a\u00f1o m\u00e1s la participaci\u00f3n de los dise\u00f1adores espa\u00f1oles, sean asociados o no. [&hellip;]","og_url":"https:\/\/creadores.org\/en\/convocatoria-semaine-des-createurs-de-paris\/","og_site_name":"Asociaci\u00f3n Creadores de Moda de Espa\u00f1a | ACME","article_publisher":"https:\/\/www.facebook.com\/Asociaci%c3%b3n-Creadores-de-Moda-de-Espa%c3%b1a-297009471514\/","article_published_time":"2014-05-28T15:26:23+00:00","article_modified_time":"2025-07-02T07:17:23+00:00","og_image":[{"width":960,"height":412,"url":"https:\/\/creadores.org\/wp-content\/uploads\/2014\/05\/principal-convocatoria.jpg","type":"image\/jpeg"}],"author":"Felipe","twitter_card":"summary_large_image","twitter_creator":"@creadoresacme","twitter_site":"@creadoresacme","twitter_misc":{"Written by":"Felipe"},"schema":{"@context":"https:\/\/schema.org","@graph":[{"@type":"Article","@id":"https:\/\/creadores.org\/en\/convocatoria-semaine-des-createurs-de-paris\/#article","isPartOf":{"@id":"https:\/\/creadores.org\/en\/convocatoria-semaine-des-createurs-de-paris\/"},"author":{"name":"Felipe","@id":"https:\/\/creadores.org\/en\/#\/schema\/person\/fdf61cde9f2e71e9cefe26613b50a079"},"headline":"Convocatoria Semaine des Cr\u00e9ateurs de Paris","datePublished":"2014-05-28T15:26:23+00:00","dateModified":"2025-07-02T07:17:23+00:00","mainEntityOfPage":{"@id":"https:\/\/creadores.org\/en\/convocatoria-semaine-des-createurs-de-paris\/"},"wordCount":89,"publisher":{"@id":"https:\/\/creadores.org\/en\/#organization"},"image":{"@id":"https:\/\/creadores.org\/en\/convocatoria-semaine-des-createurs-de-paris\/#primaryimage"},"thumbnailUrl":"https:\/\/creadores.org\/wp-content\/uploads\/2025\/06\/principal-convocatoria.jpg-28.jpg","articleSection":["Noticias"],"inLanguage":"en-US"},{"@type":"WebPage","@id":"https:\/\/creadores.org\/en\/convocatoria-semaine-des-createurs-de-paris\/","url":"https:\/\/creadores.org\/en\/convocatoria-semaine-des-createurs-de-paris\/","name":"Convocatoria Semaine des Cr\u00e9ateurs de Paris - Asociaci\u00f3n Creadores de Moda de Espa\u00f1a | ACME","isPartOf":{"@id":"https:\/\/creadores.org\/en\/#website"},"primaryImageOfPage":{"@id":"https:\/\/creadores.org\/en\/convocatoria-semaine-des-createurs-de-paris\/#primaryimage"},"image":{"@id":"https:\/\/creadores.org\/en\/convocatoria-semaine-des-createurs-de-paris\/#primaryimage"},"thumbnailUrl":"https:\/\/creadores.org\/wp-content\/uploads\/2025\/06\/principal-convocatoria.jpg-28.jpg","datePublished":"2014-05-28T15:26:23+00:00","dateModified":"2025-07-02T07:17:23+00:00","breadcrumb":{"@id":"https:\/\/creadores.org\/en\/convocatoria-semaine-des-createurs-de-paris\/#breadcrumb"},"inLanguage":"en-US","potentialAction":[{"@type":"ReadAction","target":["https:\/\/creadores.org\/en\/convocatoria-semaine-des-createurs-de-paris\/"]}]},{"@type":"ImageObject","inLanguage":"en-US","@id":"https:\/\/creadores.org\/en\/convocatoria-semaine-des-createurs-de-paris\/#primaryimage","url":"https:\/\/creadores.org\/wp-content\/uploads\/2025\/06\/principal-convocatoria.jpg-28.jpg","contentUrl":"https:\/\/creadores.org\/wp-content\/uploads\/2025\/06\/principal-convocatoria.jpg-28.jpg","width":960,"height":412},{"@type":"BreadcrumbList","@id":"https:\/\/creadores.org\/en\/convocatoria-semaine-des-createurs-de-paris\/#breadcrumb","itemListElement":[{"@type":"ListItem","position":1,"name":"Portada","item":"https:\/\/creadores.org\/en\/"},{"@type":"ListItem","position":2,"name":"Convocatoria Semaine des Cr\u00e9ateurs de Paris"}]},{"@type":"WebSite","@id":"https:\/\/creadores.org\/en\/#website","url":"https:\/\/creadores.org\/en\/","name":"Asociaci\u00f3n Creadores de Moda de Espa\u00f1a | ACME","description":"La Asociaci\u00f3n Creadores de Moda de Espa\u00f1a (ACME) es una organizaci\u00f3n profesional sin \u00e1nimo de lucro fundada en 1988","publisher":{"@id":"https:\/\/creadores.org\/en\/#organization"},"potentialAction":[{"@type":"SearchAction","target":{"@type":"EntryPoint","urlTemplate":"https:\/\/creadores.org\/en\/?s={search_term_string}"},"query-input":{"@type":"PropertyValueSpecification","valueRequired":true,"valueName":"search_term_string"}}],"inLanguage":"en-US"},{"@type":"Organization","@id":"https:\/\/creadores.org\/en\/#organization","name":"Asociaci\u00f3n Creadores de Moda de Espa\u00f1a | ACME","url":"https:\/\/creadores.org\/en\/","logo":{"@type":"ImageObject","inLanguage":"en-US","@id":"https:\/\/creadores.org\/en\/#\/schema\/logo\/image\/","url":"https:\/\/creadores.org\/wp-content\/uploads\/2025\/06\/acme-logo.svg","contentUrl":"https:\/\/creadores.org\/wp-content\/uploads\/2025\/06\/acme-logo.svg","width":650,"height":119,"caption":"Asociaci\u00f3n Creadores de Moda de Espa\u00f1a | ACME"},"image":{"@id":"https:\/\/creadores.org\/en\/#\/schema\/logo\/image\/"},"sameAs":["https:\/\/www.facebook.com\/Asociaci\u00f3n-Creadores-de-Moda-de-Espa\u00f1a-297009471514\/","https:\/\/x.com\/creadoresacme","https:\/\/www.instagram.com\/creadoresacme\/"]},{"@type":"Person","@id":"https:\/\/creadores.org\/en\/#\/schema\/person\/fdf61cde9f2e71e9cefe26613b50a079","name":"Felipe"}]}},"_links":{"self":[{"href":"https:\/\/creadores.org\/en\/wp-json\/wp\/v2\/posts\/1190","targetHints":{"allow":["GET"]}}],"collection":[{"href":"https:\/\/creadores.org\/en\/wp-json\/wp\/v2\/posts"}],"about":[{"href":"https:\/\/creadores.org\/en\/wp-json\/wp\/v2\/types\/post"}],"author":[{"embeddable":true,"href":"https:\/\/creadores.org\/en\/wp-json\/wp\/v2\/users\/4"}],"replies":[{"embeddable":true,"href":"https:\/\/creadores.org\/en\/wp-json\/wp\/v2\/comments?post=1190"}],"version-history":[{"count":3,"href":"https:\/\/creadores.org\/en\/wp-json\/wp\/v2\/posts\/1190\/revisions"}],"predecessor-version":[{"id":78926,"href":"https:\/\/creadores.org\/en\/wp-json\/wp\/v2\/posts\/1190\/revisions\/78926"}],"wp:featuredmedia":[{"embeddable":true,"href":"https:\/\/creadores.org\/en\/wp-json\/wp\/v2\/media\/82138"}],"wp:attachment":[{"href":"https:\/\/creadores.org\/en\/wp-json\/wp\/v2\/media?parent=1190"}],"wp:term":[{"taxonomy":"category","embeddable":true,"href":"https:\/\/creadores.org\/en\/wp-json\/wp\/v2\/categories?post=1190"},{"taxonomy":"post_tag","embeddable":true,"href":"https:\/\/creadores.org\/en\/wp-json\/wp\/v2\/tags?post=1190"}],"curies":[{"name":"wp","href":"https:\/\/api.w.org\/{rel}","templated":true}]}}