{"id":24368,"date":"2013-03-06T17:53:06","date_gmt":"2013-03-06T16:53:06","guid":{"rendered":"https:\/\/creadores.org\/spanish-creators-in-the-image-trade-shows-in-paris\/"},"modified":"2025-06-21T13:54:40","modified_gmt":"2025-06-21T11:54:40","slug":"creadores-espanoles-en-las-ferias-de-imagen-de-paris","status":"publish","type":"post","link":"https:\/\/creadores.org\/en\/creadores-espanoles-en-las-ferias-de-imagen-de-paris\/","title":{"rendered":"Spanish creators in the image trade shows in Paris"},"content":{"rendered":"<p>Paris becomes the global epicenter of the fashion world during its fashion week. ACME collaborates with ICEX to coordinate the joint participation of Spanish creators in the image trade shows that take place during the Semaine des Cr\u00e9ateurs.<\/p>\n<p>In its latest edition, 31 Spanish fashion and accessories brands marketed their collections in Trano\u00ef, Paris Sur Mode, Zip Zone, Premi\u00e8re Classe, The Box, Woman and various Parisian showrooms where key international buyers meet.<\/p>\n<p><a href=\"https:\/\/creadores.org\/src\/uploads\/2014\/02\/ACME_ferias_marzo13.pdf\">Designers and trade shows<\/a>[:]<\/p>\n","protected":false},"excerpt":{"rendered":"<p>Paris becomes the global epicenter of the fashion world during its fashion week. ACME collaborates with ICEX to coordinate the joint participation of Spanish creators in the image trade shows that take place during the Semaine des Cr\u00e9ateurs. In its latest edition, 31 Spanish fashion and accessories brands marketed their collections in Trano\u00ef, Paris Sur [&hellip;]<\/p>\n","protected":false},"author":1,"featured_media":25935,"comment_status":"closed","ping_status":"closed","sticky":false,"template":"","format":"standard","meta":{"footnotes":""},"categories":[1163,6],"tags":[],"class_list":["post-24368","post","type-post","status-publish","format-standard","has-post-thumbnail","hentry","category-news","category-noticias"],"yoast_head":"<!-- This site is optimized with the Yoast SEO plugin v27.4 - https:\/\/yoast.com\/product\/yoast-seo-wordpress\/ -->\n<title>Spanish creators in the image trade shows in Paris - Asociaci\u00f3n Creadores de Moda de Espa\u00f1a | ACME<\/title>\n<meta name=\"robots\" content=\"index, follow, max-snippet:-1, max-image-preview:large, max-video-preview:-1\" \/>\n<link rel=\"canonical\" href=\"https:\/\/creadores.org\/en\/creadores-espanoles-en-las-ferias-de-imagen-de-paris\/\" \/>\n<meta property=\"og:locale\" content=\"en_US\" \/>\n<meta property=\"og:type\" content=\"article\" \/>\n<meta property=\"og:title\" content=\"Spanish creators in the image trade shows in Paris - Asociaci\u00f3n Creadores de Moda de Espa\u00f1a | ACME\" \/>\n<meta property=\"og:description\" content=\"Paris becomes the global epicenter of the fashion world during its fashion week. ACME collaborates with ICEX to coordinate the joint participation of Spanish creators in the image trade shows that take place during the Semaine des Cr\u00e9ateurs. In its latest edition, 31 Spanish fashion and accessories brands marketed their collections in Trano\u00ef, Paris Sur [&hellip;]\" \/>\n<meta property=\"og:url\" content=\"https:\/\/creadores.org\/en\/creadores-espanoles-en-las-ferias-de-imagen-de-paris\/\" \/>\n<meta property=\"og:site_name\" content=\"Asociaci\u00f3n Creadores de Moda de Espa\u00f1a | ACME\" \/>\n<meta property=\"article:publisher\" content=\"https:\/\/www.facebook.com\/Asociaci%c3%b3n-Creadores-de-Moda-de-Espa%c3%b1a-297009471514\/\" \/>\n<meta property=\"article:published_time\" content=\"2013-03-06T16:53:06+00:00\" \/>\n<meta property=\"article:modified_time\" content=\"2025-06-21T11:54:40+00:00\" \/>\n<meta name=\"author\" content=\"creadores\" \/>\n<meta name=\"twitter:card\" content=\"summary_large_image\" \/>\n<meta name=\"twitter:creator\" content=\"@creadoresacme\" \/>\n<meta name=\"twitter:site\" content=\"@creadoresacme\" \/>\n<meta name=\"twitter:label1\" content=\"Written by\" \/>\n\t<meta name=\"twitter:data1\" content=\"creadores\" \/>\n<script type=\"application\/ld+json\" class=\"yoast-schema-graph\">{\"@context\":\"https:\\\/\\\/schema.org\",\"@graph\":[{\"@type\":\"Article\",\"@id\":\"https:\\\/\\\/creadores.org\\\/en\\\/creadores-espanoles-en-las-ferias-de-imagen-de-paris\\\/#article\",\"isPartOf\":{\"@id\":\"https:\\\/\\\/creadores.org\\\/en\\\/creadores-espanoles-en-las-ferias-de-imagen-de-paris\\\/\"},\"author\":{\"name\":\"creadores\",\"@id\":\"https:\\\/\\\/creadores.org\\\/en\\\/#\\\/schema\\\/person\\\/b8f74b2b311ece74620ebea69597b3e0\"},\"headline\":\"Spanish creators in the image trade shows in Paris\",\"datePublished\":\"2013-03-06T16:53:06+00:00\",\"dateModified\":\"2025-06-21T11:54:40+00:00\",\"mainEntityOfPage\":{\"@id\":\"https:\\\/\\\/creadores.org\\\/en\\\/creadores-espanoles-en-las-ferias-de-imagen-de-paris\\\/\"},\"wordCount\":86,\"publisher\":{\"@id\":\"https:\\\/\\\/creadores.org\\\/en\\\/#organization\"},\"image\":{\"@id\":\"https:\\\/\\\/creadores.org\\\/en\\\/creadores-espanoles-en-las-ferias-de-imagen-de-paris\\\/#primaryimage\"},\"thumbnailUrl\":\"https:\\\/\\\/creadores.org\\\/wp-content\\\/uploads\\\/2014\\\/02\\\/ACME_disenhadores_feria_paris.jpg\",\"articleSection\":[\"News\",\"Noticias\"],\"inLanguage\":\"en-US\"},{\"@type\":\"WebPage\",\"@id\":\"https:\\\/\\\/creadores.org\\\/en\\\/creadores-espanoles-en-las-ferias-de-imagen-de-paris\\\/\",\"url\":\"https:\\\/\\\/creadores.org\\\/en\\\/creadores-espanoles-en-las-ferias-de-imagen-de-paris\\\/\",\"name\":\"Spanish creators in the image trade shows in Paris - Asociaci\u00f3n Creadores de Moda de Espa\u00f1a | ACME\",\"isPartOf\":{\"@id\":\"https:\\\/\\\/creadores.org\\\/en\\\/#website\"},\"primaryImageOfPage\":{\"@id\":\"https:\\\/\\\/creadores.org\\\/en\\\/creadores-espanoles-en-las-ferias-de-imagen-de-paris\\\/#primaryimage\"},\"image\":{\"@id\":\"https:\\\/\\\/creadores.org\\\/en\\\/creadores-espanoles-en-las-ferias-de-imagen-de-paris\\\/#primaryimage\"},\"thumbnailUrl\":\"https:\\\/\\\/creadores.org\\\/wp-content\\\/uploads\\\/2014\\\/02\\\/ACME_disenhadores_feria_paris.jpg\",\"datePublished\":\"2013-03-06T16:53:06+00:00\",\"dateModified\":\"2025-06-21T11:54:40+00:00\",\"breadcrumb\":{\"@id\":\"https:\\\/\\\/creadores.org\\\/en\\\/creadores-espanoles-en-las-ferias-de-imagen-de-paris\\\/#breadcrumb\"},\"inLanguage\":\"en-US\",\"potentialAction\":[{\"@type\":\"ReadAction\",\"target\":[\"https:\\\/\\\/creadores.org\\\/en\\\/creadores-espanoles-en-las-ferias-de-imagen-de-paris\\\/\"]}]},{\"@type\":\"ImageObject\",\"inLanguage\":\"en-US\",\"@id\":\"https:\\\/\\\/creadores.org\\\/en\\\/creadores-espanoles-en-las-ferias-de-imagen-de-paris\\\/#primaryimage\",\"url\":\"https:\\\/\\\/creadores.org\\\/wp-content\\\/uploads\\\/2014\\\/02\\\/ACME_disenhadores_feria_paris.jpg\",\"contentUrl\":\"https:\\\/\\\/creadores.org\\\/wp-content\\\/uploads\\\/2014\\\/02\\\/ACME_disenhadores_feria_paris.jpg\",\"width\":1200,\"height\":515,\"caption\":\"Amaya Arzuaga, entre los dise\u00f1adores espa\u00f1oles en Par\u00eds\"},{\"@type\":\"BreadcrumbList\",\"@id\":\"https:\\\/\\\/creadores.org\\\/en\\\/creadores-espanoles-en-las-ferias-de-imagen-de-paris\\\/#breadcrumb\",\"itemListElement\":[{\"@type\":\"ListItem\",\"position\":1,\"name\":\"Portada\",\"item\":\"https:\\\/\\\/creadores.org\\\/en\\\/\"},{\"@type\":\"ListItem\",\"position\":2,\"name\":\"Spanish creators in the image trade shows in Paris\"}]},{\"@type\":\"WebSite\",\"@id\":\"https:\\\/\\\/creadores.org\\\/en\\\/#website\",\"url\":\"https:\\\/\\\/creadores.org\\\/en\\\/\",\"name\":\"Asociaci\u00f3n Creadores de Moda de Espa\u00f1a | ACME\",\"description\":\"La Asociaci\u00f3n Creadores de Moda de Espa\u00f1a (ACME) es una organizaci\u00f3n profesional sin \u00e1nimo de lucro fundada en 1988\",\"publisher\":{\"@id\":\"https:\\\/\\\/creadores.org\\\/en\\\/#organization\"},\"potentialAction\":[{\"@type\":\"SearchAction\",\"target\":{\"@type\":\"EntryPoint\",\"urlTemplate\":\"https:\\\/\\\/creadores.org\\\/en\\\/?s={search_term_string}\"},\"query-input\":{\"@type\":\"PropertyValueSpecification\",\"valueRequired\":true,\"valueName\":\"search_term_string\"}}],\"inLanguage\":\"en-US\"},{\"@type\":\"Organization\",\"@id\":\"https:\\\/\\\/creadores.org\\\/en\\\/#organization\",\"name\":\"Asociaci\u00f3n Creadores de Moda de Espa\u00f1a | ACME\",\"url\":\"https:\\\/\\\/creadores.org\\\/en\\\/\",\"logo\":{\"@type\":\"ImageObject\",\"inLanguage\":\"en-US\",\"@id\":\"https:\\\/\\\/creadores.org\\\/en\\\/#\\\/schema\\\/logo\\\/image\\\/\",\"url\":\"https:\\\/\\\/creadores.org\\\/wp-content\\\/uploads\\\/2025\\\/06\\\/acme-logo.svg\",\"contentUrl\":\"https:\\\/\\\/creadores.org\\\/wp-content\\\/uploads\\\/2025\\\/06\\\/acme-logo.svg\",\"width\":650,\"height\":119,\"caption\":\"Asociaci\u00f3n Creadores de Moda de Espa\u00f1a | ACME\"},\"image\":{\"@id\":\"https:\\\/\\\/creadores.org\\\/en\\\/#\\\/schema\\\/logo\\\/image\\\/\"},\"sameAs\":[\"https:\\\/\\\/www.facebook.com\\\/Asociaci\u00f3n-Creadores-de-Moda-de-Espa\u00f1a-297009471514\\\/\",\"https:\\\/\\\/x.com\\\/creadoresacme\",\"https:\\\/\\\/www.instagram.com\\\/creadoresacme\\\/\"]},{\"@type\":\"Person\",\"@id\":\"https:\\\/\\\/creadores.org\\\/en\\\/#\\\/schema\\\/person\\\/b8f74b2b311ece74620ebea69597b3e0\",\"name\":\"creadores\"}]}<\/script>\n<!-- \/ Yoast SEO plugin. -->","yoast_head_json":{"title":"Spanish creators in the image trade shows in Paris - Asociaci\u00f3n Creadores de Moda de Espa\u00f1a | ACME","robots":{"index":"index","follow":"follow","max-snippet":"max-snippet:-1","max-image-preview":"max-image-preview:large","max-video-preview":"max-video-preview:-1"},"canonical":"https:\/\/creadores.org\/en\/creadores-espanoles-en-las-ferias-de-imagen-de-paris\/","og_locale":"en_US","og_type":"article","og_title":"Spanish creators in the image trade shows in Paris - Asociaci\u00f3n Creadores de Moda de Espa\u00f1a | ACME","og_description":"Paris becomes the global epicenter of the fashion world during its fashion week. ACME collaborates with ICEX to coordinate the joint participation of Spanish creators in the image trade shows that take place during the Semaine des Cr\u00e9ateurs. In its latest edition, 31 Spanish fashion and accessories brands marketed their collections in Trano\u00ef, Paris Sur [&hellip;]","og_url":"https:\/\/creadores.org\/en\/creadores-espanoles-en-las-ferias-de-imagen-de-paris\/","og_site_name":"Asociaci\u00f3n Creadores de Moda de Espa\u00f1a | ACME","article_publisher":"https:\/\/www.facebook.com\/Asociaci%c3%b3n-Creadores-de-Moda-de-Espa%c3%b1a-297009471514\/","article_published_time":"2013-03-06T16:53:06+00:00","article_modified_time":"2025-06-21T11:54:40+00:00","author":"creadores","twitter_card":"summary_large_image","twitter_creator":"@creadoresacme","twitter_site":"@creadoresacme","twitter_misc":{"Written by":"creadores"},"schema":{"@context":"https:\/\/schema.org","@graph":[{"@type":"Article","@id":"https:\/\/creadores.org\/en\/creadores-espanoles-en-las-ferias-de-imagen-de-paris\/#article","isPartOf":{"@id":"https:\/\/creadores.org\/en\/creadores-espanoles-en-las-ferias-de-imagen-de-paris\/"},"author":{"name":"creadores","@id":"https:\/\/creadores.org\/en\/#\/schema\/person\/b8f74b2b311ece74620ebea69597b3e0"},"headline":"Spanish creators in the image trade shows in Paris","datePublished":"2013-03-06T16:53:06+00:00","dateModified":"2025-06-21T11:54:40+00:00","mainEntityOfPage":{"@id":"https:\/\/creadores.org\/en\/creadores-espanoles-en-las-ferias-de-imagen-de-paris\/"},"wordCount":86,"publisher":{"@id":"https:\/\/creadores.org\/en\/#organization"},"image":{"@id":"https:\/\/creadores.org\/en\/creadores-espanoles-en-las-ferias-de-imagen-de-paris\/#primaryimage"},"thumbnailUrl":"https:\/\/creadores.org\/wp-content\/uploads\/2014\/02\/ACME_disenhadores_feria_paris.jpg","articleSection":["News","Noticias"],"inLanguage":"en-US"},{"@type":"WebPage","@id":"https:\/\/creadores.org\/en\/creadores-espanoles-en-las-ferias-de-imagen-de-paris\/","url":"https:\/\/creadores.org\/en\/creadores-espanoles-en-las-ferias-de-imagen-de-paris\/","name":"Spanish creators in the image trade shows in Paris - Asociaci\u00f3n Creadores de Moda de Espa\u00f1a | ACME","isPartOf":{"@id":"https:\/\/creadores.org\/en\/#website"},"primaryImageOfPage":{"@id":"https:\/\/creadores.org\/en\/creadores-espanoles-en-las-ferias-de-imagen-de-paris\/#primaryimage"},"image":{"@id":"https:\/\/creadores.org\/en\/creadores-espanoles-en-las-ferias-de-imagen-de-paris\/#primaryimage"},"thumbnailUrl":"https:\/\/creadores.org\/wp-content\/uploads\/2014\/02\/ACME_disenhadores_feria_paris.jpg","datePublished":"2013-03-06T16:53:06+00:00","dateModified":"2025-06-21T11:54:40+00:00","breadcrumb":{"@id":"https:\/\/creadores.org\/en\/creadores-espanoles-en-las-ferias-de-imagen-de-paris\/#breadcrumb"},"inLanguage":"en-US","potentialAction":[{"@type":"ReadAction","target":["https:\/\/creadores.org\/en\/creadores-espanoles-en-las-ferias-de-imagen-de-paris\/"]}]},{"@type":"ImageObject","inLanguage":"en-US","@id":"https:\/\/creadores.org\/en\/creadores-espanoles-en-las-ferias-de-imagen-de-paris\/#primaryimage","url":"https:\/\/creadores.org\/wp-content\/uploads\/2014\/02\/ACME_disenhadores_feria_paris.jpg","contentUrl":"https:\/\/creadores.org\/wp-content\/uploads\/2014\/02\/ACME_disenhadores_feria_paris.jpg","width":1200,"height":515,"caption":"Amaya Arzuaga, entre los dise\u00f1adores espa\u00f1oles en Par\u00eds"},{"@type":"BreadcrumbList","@id":"https:\/\/creadores.org\/en\/creadores-espanoles-en-las-ferias-de-imagen-de-paris\/#breadcrumb","itemListElement":[{"@type":"ListItem","position":1,"name":"Portada","item":"https:\/\/creadores.org\/en\/"},{"@type":"ListItem","position":2,"name":"Spanish creators in the image trade shows in Paris"}]},{"@type":"WebSite","@id":"https:\/\/creadores.org\/en\/#website","url":"https:\/\/creadores.org\/en\/","name":"Asociaci\u00f3n Creadores de Moda de Espa\u00f1a | ACME","description":"La Asociaci\u00f3n Creadores de Moda de Espa\u00f1a (ACME) es una organizaci\u00f3n profesional sin \u00e1nimo de lucro fundada en 1988","publisher":{"@id":"https:\/\/creadores.org\/en\/#organization"},"potentialAction":[{"@type":"SearchAction","target":{"@type":"EntryPoint","urlTemplate":"https:\/\/creadores.org\/en\/?s={search_term_string}"},"query-input":{"@type":"PropertyValueSpecification","valueRequired":true,"valueName":"search_term_string"}}],"inLanguage":"en-US"},{"@type":"Organization","@id":"https:\/\/creadores.org\/en\/#organization","name":"Asociaci\u00f3n Creadores de Moda de Espa\u00f1a | ACME","url":"https:\/\/creadores.org\/en\/","logo":{"@type":"ImageObject","inLanguage":"en-US","@id":"https:\/\/creadores.org\/en\/#\/schema\/logo\/image\/","url":"https:\/\/creadores.org\/wp-content\/uploads\/2025\/06\/acme-logo.svg","contentUrl":"https:\/\/creadores.org\/wp-content\/uploads\/2025\/06\/acme-logo.svg","width":650,"height":119,"caption":"Asociaci\u00f3n Creadores de Moda de Espa\u00f1a | ACME"},"image":{"@id":"https:\/\/creadores.org\/en\/#\/schema\/logo\/image\/"},"sameAs":["https:\/\/www.facebook.com\/Asociaci\u00f3n-Creadores-de-Moda-de-Espa\u00f1a-297009471514\/","https:\/\/x.com\/creadoresacme","https:\/\/www.instagram.com\/creadoresacme\/"]},{"@type":"Person","@id":"https:\/\/creadores.org\/en\/#\/schema\/person\/b8f74b2b311ece74620ebea69597b3e0","name":"creadores"}]}},"_links":{"self":[{"href":"https:\/\/creadores.org\/en\/wp-json\/wp\/v2\/posts\/24368","targetHints":{"allow":["GET"]}}],"collection":[{"href":"https:\/\/creadores.org\/en\/wp-json\/wp\/v2\/posts"}],"about":[{"href":"https:\/\/creadores.org\/en\/wp-json\/wp\/v2\/types\/post"}],"author":[{"embeddable":true,"href":"https:\/\/creadores.org\/en\/wp-json\/wp\/v2\/users\/1"}],"replies":[{"embeddable":true,"href":"https:\/\/creadores.org\/en\/wp-json\/wp\/v2\/comments?post=24368"}],"version-history":[{"count":3,"href":"https:\/\/creadores.org\/en\/wp-json\/wp\/v2\/posts\/24368\/revisions"}],"predecessor-version":[{"id":80342,"href":"https:\/\/creadores.org\/en\/wp-json\/wp\/v2\/posts\/24368\/revisions\/80342"}],"wp:featuredmedia":[{"embeddable":true,"href":"https:\/\/creadores.org\/en\/wp-json\/wp\/v2\/media\/25935"}],"wp:attachment":[{"href":"https:\/\/creadores.org\/en\/wp-json\/wp\/v2\/media?parent=24368"}],"wp:term":[{"taxonomy":"category","embeddable":true,"href":"https:\/\/creadores.org\/en\/wp-json\/wp\/v2\/categories?post=24368"},{"taxonomy":"post_tag","embeddable":true,"href":"https:\/\/creadores.org\/en\/wp-json\/wp\/v2\/tags?post=24368"}],"curies":[{"name":"wp","href":"https:\/\/api.w.org\/{rel}","templated":true}]}}