{"id":24397,"date":"2013-06-05T16:59:37","date_gmt":"2013-06-05T14:59:37","guid":{"rendered":"https:\/\/creadores.org\/acme-collaborates-in-the-seminar-fashion-industries\/"},"modified":"2025-06-21T13:55:49","modified_gmt":"2025-06-21T11:55:49","slug":"acme-colabora-con-la-jornada-sobre-industrias-de-la-moda","status":"publish","type":"post","link":"https:\/\/creadores.org\/en\/acme-colabora-con-la-jornada-sobre-industrias-de-la-moda\/","title":{"rendered":"ACME collaborates in the Seminar Fashion Industries"},"content":{"rendered":"<p>ACME collaborates in the <em>Seminar Fashion Industries: New legal challenges in the market.<\/em><\/p>\n<p>The Asociaci\u00f3n Espa\u00f1ola para la Calidad (AEC), in collaboration with the Ministry of Industry, Energy and Tourism, organizes the Seminar on Fashion Industries, appointment that takes place on June 5th in Madrid.<\/p>\n<p>The purpose of this meeting is to introduce which are the new legal challenges for the commerce in this sector, challenges such as the Regulation REACH, the safety and legal requirements, as well as the challenges regarding responsible commerce and globalization.[:]<\/p>\n","protected":false},"excerpt":{"rendered":"<p>ACME collaborates in the Seminar Fashion Industries: New legal challenges in the market. The Asociaci\u00f3n Espa\u00f1ola para la Calidad (AEC), in collaboration with the Ministry of Industry, Energy and Tourism, organizes the Seminar on Fashion Industries, appointment that takes place on June 5th in Madrid. The purpose of this meeting is to introduce which are [&hellip;]<\/p>\n","protected":false},"author":1,"featured_media":25941,"comment_status":"closed","ping_status":"closed","sticky":false,"template":"","format":"standard","meta":{"footnotes":""},"categories":[1163,6],"tags":[],"class_list":["post-24397","post","type-post","status-publish","format-standard","has-post-thumbnail","hentry","category-news","category-noticias"],"yoast_head":"<!-- This site is optimized with the Yoast SEO plugin v27.4 - https:\/\/yoast.com\/product\/yoast-seo-wordpress\/ -->\n<title>ACME collaborates in the Seminar Fashion Industries - Asociaci\u00f3n Creadores de Moda de Espa\u00f1a | ACME<\/title>\n<meta name=\"robots\" content=\"index, follow, max-snippet:-1, max-image-preview:large, max-video-preview:-1\" \/>\n<link rel=\"canonical\" href=\"https:\/\/creadores.org\/en\/acme-colabora-con-la-jornada-sobre-industrias-de-la-moda\/\" \/>\n<meta property=\"og:locale\" content=\"en_US\" \/>\n<meta property=\"og:type\" content=\"article\" \/>\n<meta property=\"og:title\" content=\"ACME collaborates in the Seminar Fashion Industries - Asociaci\u00f3n Creadores de Moda de Espa\u00f1a | ACME\" \/>\n<meta property=\"og:description\" content=\"ACME collaborates in the Seminar Fashion Industries: New legal challenges in the market. The Asociaci\u00f3n Espa\u00f1ola para la Calidad (AEC), in collaboration with the Ministry of Industry, Energy and Tourism, organizes the Seminar on Fashion Industries, appointment that takes place on June 5th in Madrid. The purpose of this meeting is to introduce which are [&hellip;]\" \/>\n<meta property=\"og:url\" content=\"https:\/\/creadores.org\/en\/acme-colabora-con-la-jornada-sobre-industrias-de-la-moda\/\" \/>\n<meta property=\"og:site_name\" content=\"Asociaci\u00f3n Creadores de Moda de Espa\u00f1a | ACME\" \/>\n<meta property=\"article:publisher\" content=\"https:\/\/www.facebook.com\/Asociaci%c3%b3n-Creadores-de-Moda-de-Espa%c3%b1a-297009471514\/\" \/>\n<meta property=\"article:published_time\" content=\"2013-06-05T14:59:37+00:00\" \/>\n<meta property=\"article:modified_time\" content=\"2025-06-21T11:55:49+00:00\" \/>\n<meta name=\"author\" content=\"creadores\" \/>\n<meta name=\"twitter:card\" content=\"summary_large_image\" \/>\n<meta name=\"twitter:creator\" content=\"@creadoresacme\" \/>\n<meta name=\"twitter:site\" content=\"@creadoresacme\" \/>\n<meta name=\"twitter:label1\" content=\"Written by\" \/>\n\t<meta name=\"twitter:data1\" content=\"creadores\" \/>\n<script type=\"application\/ld+json\" class=\"yoast-schema-graph\">{\"@context\":\"https:\\\/\\\/schema.org\",\"@graph\":[{\"@type\":\"Article\",\"@id\":\"https:\\\/\\\/creadores.org\\\/en\\\/acme-colabora-con-la-jornada-sobre-industrias-de-la-moda\\\/#article\",\"isPartOf\":{\"@id\":\"https:\\\/\\\/creadores.org\\\/en\\\/acme-colabora-con-la-jornada-sobre-industrias-de-la-moda\\\/\"},\"author\":{\"name\":\"creadores\",\"@id\":\"https:\\\/\\\/creadores.org\\\/en\\\/#\\\/schema\\\/person\\\/b8f74b2b311ece74620ebea69597b3e0\"},\"headline\":\"ACME collaborates in the Seminar Fashion Industries\",\"datePublished\":\"2013-06-05T14:59:37+00:00\",\"dateModified\":\"2025-06-21T11:55:49+00:00\",\"mainEntityOfPage\":{\"@id\":\"https:\\\/\\\/creadores.org\\\/en\\\/acme-colabora-con-la-jornada-sobre-industrias-de-la-moda\\\/\"},\"wordCount\":95,\"publisher\":{\"@id\":\"https:\\\/\\\/creadores.org\\\/en\\\/#organization\"},\"image\":{\"@id\":\"https:\\\/\\\/creadores.org\\\/en\\\/acme-colabora-con-la-jornada-sobre-industrias-de-la-moda\\\/#primaryimage\"},\"thumbnailUrl\":\"https:\\\/\\\/creadores.org\\\/wp-content\\\/uploads\\\/2014\\\/02\\\/ACME_jornada_industria_moda.jpg\",\"articleSection\":[\"News\",\"Noticias\"],\"inLanguage\":\"en-US\"},{\"@type\":\"WebPage\",\"@id\":\"https:\\\/\\\/creadores.org\\\/en\\\/acme-colabora-con-la-jornada-sobre-industrias-de-la-moda\\\/\",\"url\":\"https:\\\/\\\/creadores.org\\\/en\\\/acme-colabora-con-la-jornada-sobre-industrias-de-la-moda\\\/\",\"name\":\"ACME collaborates in the Seminar Fashion Industries - Asociaci\u00f3n Creadores de Moda de Espa\u00f1a | ACME\",\"isPartOf\":{\"@id\":\"https:\\\/\\\/creadores.org\\\/en\\\/#website\"},\"primaryImageOfPage\":{\"@id\":\"https:\\\/\\\/creadores.org\\\/en\\\/acme-colabora-con-la-jornada-sobre-industrias-de-la-moda\\\/#primaryimage\"},\"image\":{\"@id\":\"https:\\\/\\\/creadores.org\\\/en\\\/acme-colabora-con-la-jornada-sobre-industrias-de-la-moda\\\/#primaryimage\"},\"thumbnailUrl\":\"https:\\\/\\\/creadores.org\\\/wp-content\\\/uploads\\\/2014\\\/02\\\/ACME_jornada_industria_moda.jpg\",\"datePublished\":\"2013-06-05T14:59:37+00:00\",\"dateModified\":\"2025-06-21T11:55:49+00:00\",\"breadcrumb\":{\"@id\":\"https:\\\/\\\/creadores.org\\\/en\\\/acme-colabora-con-la-jornada-sobre-industrias-de-la-moda\\\/#breadcrumb\"},\"inLanguage\":\"en-US\",\"potentialAction\":[{\"@type\":\"ReadAction\",\"target\":[\"https:\\\/\\\/creadores.org\\\/en\\\/acme-colabora-con-la-jornada-sobre-industrias-de-la-moda\\\/\"]}]},{\"@type\":\"ImageObject\",\"inLanguage\":\"en-US\",\"@id\":\"https:\\\/\\\/creadores.org\\\/en\\\/acme-colabora-con-la-jornada-sobre-industrias-de-la-moda\\\/#primaryimage\",\"url\":\"https:\\\/\\\/creadores.org\\\/wp-content\\\/uploads\\\/2014\\\/02\\\/ACME_jornada_industria_moda.jpg\",\"contentUrl\":\"https:\\\/\\\/creadores.org\\\/wp-content\\\/uploads\\\/2014\\\/02\\\/ACME_jornada_industria_moda.jpg\",\"width\":1200,\"height\":515,\"caption\":\"Jornadas de la Industria de la Moda\"},{\"@type\":\"BreadcrumbList\",\"@id\":\"https:\\\/\\\/creadores.org\\\/en\\\/acme-colabora-con-la-jornada-sobre-industrias-de-la-moda\\\/#breadcrumb\",\"itemListElement\":[{\"@type\":\"ListItem\",\"position\":1,\"name\":\"Portada\",\"item\":\"https:\\\/\\\/creadores.org\\\/en\\\/\"},{\"@type\":\"ListItem\",\"position\":2,\"name\":\"ACME collaborates in the Seminar Fashion Industries\"}]},{\"@type\":\"WebSite\",\"@id\":\"https:\\\/\\\/creadores.org\\\/en\\\/#website\",\"url\":\"https:\\\/\\\/creadores.org\\\/en\\\/\",\"name\":\"Asociaci\u00f3n Creadores de Moda de Espa\u00f1a | ACME\",\"description\":\"La Asociaci\u00f3n Creadores de Moda de Espa\u00f1a (ACME) es una organizaci\u00f3n profesional sin \u00e1nimo de lucro fundada en 1988\",\"publisher\":{\"@id\":\"https:\\\/\\\/creadores.org\\\/en\\\/#organization\"},\"potentialAction\":[{\"@type\":\"SearchAction\",\"target\":{\"@type\":\"EntryPoint\",\"urlTemplate\":\"https:\\\/\\\/creadores.org\\\/en\\\/?s={search_term_string}\"},\"query-input\":{\"@type\":\"PropertyValueSpecification\",\"valueRequired\":true,\"valueName\":\"search_term_string\"}}],\"inLanguage\":\"en-US\"},{\"@type\":\"Organization\",\"@id\":\"https:\\\/\\\/creadores.org\\\/en\\\/#organization\",\"name\":\"Asociaci\u00f3n Creadores de Moda de Espa\u00f1a | ACME\",\"url\":\"https:\\\/\\\/creadores.org\\\/en\\\/\",\"logo\":{\"@type\":\"ImageObject\",\"inLanguage\":\"en-US\",\"@id\":\"https:\\\/\\\/creadores.org\\\/en\\\/#\\\/schema\\\/logo\\\/image\\\/\",\"url\":\"https:\\\/\\\/creadores.org\\\/wp-content\\\/uploads\\\/2025\\\/06\\\/acme-logo.svg\",\"contentUrl\":\"https:\\\/\\\/creadores.org\\\/wp-content\\\/uploads\\\/2025\\\/06\\\/acme-logo.svg\",\"width\":650,\"height\":119,\"caption\":\"Asociaci\u00f3n Creadores de Moda de Espa\u00f1a | ACME\"},\"image\":{\"@id\":\"https:\\\/\\\/creadores.org\\\/en\\\/#\\\/schema\\\/logo\\\/image\\\/\"},\"sameAs\":[\"https:\\\/\\\/www.facebook.com\\\/Asociaci\u00f3n-Creadores-de-Moda-de-Espa\u00f1a-297009471514\\\/\",\"https:\\\/\\\/x.com\\\/creadoresacme\",\"https:\\\/\\\/www.instagram.com\\\/creadoresacme\\\/\"]},{\"@type\":\"Person\",\"@id\":\"https:\\\/\\\/creadores.org\\\/en\\\/#\\\/schema\\\/person\\\/b8f74b2b311ece74620ebea69597b3e0\",\"name\":\"creadores\"}]}<\/script>\n<!-- \/ Yoast SEO plugin. -->","yoast_head_json":{"title":"ACME collaborates in the Seminar Fashion Industries - Asociaci\u00f3n Creadores de Moda de Espa\u00f1a | ACME","robots":{"index":"index","follow":"follow","max-snippet":"max-snippet:-1","max-image-preview":"max-image-preview:large","max-video-preview":"max-video-preview:-1"},"canonical":"https:\/\/creadores.org\/en\/acme-colabora-con-la-jornada-sobre-industrias-de-la-moda\/","og_locale":"en_US","og_type":"article","og_title":"ACME collaborates in the Seminar Fashion Industries - Asociaci\u00f3n Creadores de Moda de Espa\u00f1a | ACME","og_description":"ACME collaborates in the Seminar Fashion Industries: New legal challenges in the market. The Asociaci\u00f3n Espa\u00f1ola para la Calidad (AEC), in collaboration with the Ministry of Industry, Energy and Tourism, organizes the Seminar on Fashion Industries, appointment that takes place on June 5th in Madrid. The purpose of this meeting is to introduce which are [&hellip;]","og_url":"https:\/\/creadores.org\/en\/acme-colabora-con-la-jornada-sobre-industrias-de-la-moda\/","og_site_name":"Asociaci\u00f3n Creadores de Moda de Espa\u00f1a | ACME","article_publisher":"https:\/\/www.facebook.com\/Asociaci%c3%b3n-Creadores-de-Moda-de-Espa%c3%b1a-297009471514\/","article_published_time":"2013-06-05T14:59:37+00:00","article_modified_time":"2025-06-21T11:55:49+00:00","author":"creadores","twitter_card":"summary_large_image","twitter_creator":"@creadoresacme","twitter_site":"@creadoresacme","twitter_misc":{"Written by":"creadores"},"schema":{"@context":"https:\/\/schema.org","@graph":[{"@type":"Article","@id":"https:\/\/creadores.org\/en\/acme-colabora-con-la-jornada-sobre-industrias-de-la-moda\/#article","isPartOf":{"@id":"https:\/\/creadores.org\/en\/acme-colabora-con-la-jornada-sobre-industrias-de-la-moda\/"},"author":{"name":"creadores","@id":"https:\/\/creadores.org\/en\/#\/schema\/person\/b8f74b2b311ece74620ebea69597b3e0"},"headline":"ACME collaborates in the Seminar Fashion Industries","datePublished":"2013-06-05T14:59:37+00:00","dateModified":"2025-06-21T11:55:49+00:00","mainEntityOfPage":{"@id":"https:\/\/creadores.org\/en\/acme-colabora-con-la-jornada-sobre-industrias-de-la-moda\/"},"wordCount":95,"publisher":{"@id":"https:\/\/creadores.org\/en\/#organization"},"image":{"@id":"https:\/\/creadores.org\/en\/acme-colabora-con-la-jornada-sobre-industrias-de-la-moda\/#primaryimage"},"thumbnailUrl":"https:\/\/creadores.org\/wp-content\/uploads\/2014\/02\/ACME_jornada_industria_moda.jpg","articleSection":["News","Noticias"],"inLanguage":"en-US"},{"@type":"WebPage","@id":"https:\/\/creadores.org\/en\/acme-colabora-con-la-jornada-sobre-industrias-de-la-moda\/","url":"https:\/\/creadores.org\/en\/acme-colabora-con-la-jornada-sobre-industrias-de-la-moda\/","name":"ACME collaborates in the Seminar Fashion Industries - Asociaci\u00f3n Creadores de Moda de Espa\u00f1a | ACME","isPartOf":{"@id":"https:\/\/creadores.org\/en\/#website"},"primaryImageOfPage":{"@id":"https:\/\/creadores.org\/en\/acme-colabora-con-la-jornada-sobre-industrias-de-la-moda\/#primaryimage"},"image":{"@id":"https:\/\/creadores.org\/en\/acme-colabora-con-la-jornada-sobre-industrias-de-la-moda\/#primaryimage"},"thumbnailUrl":"https:\/\/creadores.org\/wp-content\/uploads\/2014\/02\/ACME_jornada_industria_moda.jpg","datePublished":"2013-06-05T14:59:37+00:00","dateModified":"2025-06-21T11:55:49+00:00","breadcrumb":{"@id":"https:\/\/creadores.org\/en\/acme-colabora-con-la-jornada-sobre-industrias-de-la-moda\/#breadcrumb"},"inLanguage":"en-US","potentialAction":[{"@type":"ReadAction","target":["https:\/\/creadores.org\/en\/acme-colabora-con-la-jornada-sobre-industrias-de-la-moda\/"]}]},{"@type":"ImageObject","inLanguage":"en-US","@id":"https:\/\/creadores.org\/en\/acme-colabora-con-la-jornada-sobre-industrias-de-la-moda\/#primaryimage","url":"https:\/\/creadores.org\/wp-content\/uploads\/2014\/02\/ACME_jornada_industria_moda.jpg","contentUrl":"https:\/\/creadores.org\/wp-content\/uploads\/2014\/02\/ACME_jornada_industria_moda.jpg","width":1200,"height":515,"caption":"Jornadas de la Industria de la Moda"},{"@type":"BreadcrumbList","@id":"https:\/\/creadores.org\/en\/acme-colabora-con-la-jornada-sobre-industrias-de-la-moda\/#breadcrumb","itemListElement":[{"@type":"ListItem","position":1,"name":"Portada","item":"https:\/\/creadores.org\/en\/"},{"@type":"ListItem","position":2,"name":"ACME collaborates in the Seminar Fashion Industries"}]},{"@type":"WebSite","@id":"https:\/\/creadores.org\/en\/#website","url":"https:\/\/creadores.org\/en\/","name":"Asociaci\u00f3n Creadores de Moda de Espa\u00f1a | ACME","description":"La Asociaci\u00f3n Creadores de Moda de Espa\u00f1a (ACME) es una organizaci\u00f3n profesional sin \u00e1nimo de lucro fundada en 1988","publisher":{"@id":"https:\/\/creadores.org\/en\/#organization"},"potentialAction":[{"@type":"SearchAction","target":{"@type":"EntryPoint","urlTemplate":"https:\/\/creadores.org\/en\/?s={search_term_string}"},"query-input":{"@type":"PropertyValueSpecification","valueRequired":true,"valueName":"search_term_string"}}],"inLanguage":"en-US"},{"@type":"Organization","@id":"https:\/\/creadores.org\/en\/#organization","name":"Asociaci\u00f3n Creadores de Moda de Espa\u00f1a | ACME","url":"https:\/\/creadores.org\/en\/","logo":{"@type":"ImageObject","inLanguage":"en-US","@id":"https:\/\/creadores.org\/en\/#\/schema\/logo\/image\/","url":"https:\/\/creadores.org\/wp-content\/uploads\/2025\/06\/acme-logo.svg","contentUrl":"https:\/\/creadores.org\/wp-content\/uploads\/2025\/06\/acme-logo.svg","width":650,"height":119,"caption":"Asociaci\u00f3n Creadores de Moda de Espa\u00f1a | ACME"},"image":{"@id":"https:\/\/creadores.org\/en\/#\/schema\/logo\/image\/"},"sameAs":["https:\/\/www.facebook.com\/Asociaci\u00f3n-Creadores-de-Moda-de-Espa\u00f1a-297009471514\/","https:\/\/x.com\/creadoresacme","https:\/\/www.instagram.com\/creadoresacme\/"]},{"@type":"Person","@id":"https:\/\/creadores.org\/en\/#\/schema\/person\/b8f74b2b311ece74620ebea69597b3e0","name":"creadores"}]}},"_links":{"self":[{"href":"https:\/\/creadores.org\/en\/wp-json\/wp\/v2\/posts\/24397","targetHints":{"allow":["GET"]}}],"collection":[{"href":"https:\/\/creadores.org\/en\/wp-json\/wp\/v2\/posts"}],"about":[{"href":"https:\/\/creadores.org\/en\/wp-json\/wp\/v2\/types\/post"}],"author":[{"embeddable":true,"href":"https:\/\/creadores.org\/en\/wp-json\/wp\/v2\/users\/1"}],"replies":[{"embeddable":true,"href":"https:\/\/creadores.org\/en\/wp-json\/wp\/v2\/comments?post=24397"}],"version-history":[{"count":3,"href":"https:\/\/creadores.org\/en\/wp-json\/wp\/v2\/posts\/24397\/revisions"}],"predecessor-version":[{"id":80358,"href":"https:\/\/creadores.org\/en\/wp-json\/wp\/v2\/posts\/24397\/revisions\/80358"}],"wp:featuredmedia":[{"embeddable":true,"href":"https:\/\/creadores.org\/en\/wp-json\/wp\/v2\/media\/25941"}],"wp:attachment":[{"href":"https:\/\/creadores.org\/en\/wp-json\/wp\/v2\/media?parent=24397"}],"wp:term":[{"taxonomy":"category","embeddable":true,"href":"https:\/\/creadores.org\/en\/wp-json\/wp\/v2\/categories?post=24397"},{"taxonomy":"post_tag","embeddable":true,"href":"https:\/\/creadores.org\/en\/wp-json\/wp\/v2\/tags?post=24397"}],"curies":[{"name":"wp","href":"https:\/\/api.w.org\/{rel}","templated":true}]}}