{"id":24411,"date":"2013-07-10T16:33:48","date_gmt":"2013-07-10T14:33:48","guid":{"rendered":"https:\/\/creadores.org\/acme-participates-in-the-1st-meeting-brand-spain\/"},"modified":"2025-06-21T13:56:24","modified_gmt":"2025-06-21T11:56:24","slug":"i-encuentro-marca-espana","status":"publish","type":"post","link":"https:\/\/creadores.org\/en\/i-encuentro-marca-espana\/","title":{"rendered":"ACME participates in the 1st Meeting Brand Spain"},"content":{"rendered":"<p>The Asociaci\u00f3n Creadores de Moda de Espa\u00f1a collaborates with the <em>1st Meeting Brand Spain, the brand as a business value,<\/em> organized by Unidad Editorial and Marca Espa\u00f1a at the College of Architects in Madrid, bringing together the key values of global Spanish businesses.<\/p>\n<p>The president of ACME, Modesto Lomba, was one of the speakers within a program of lectures and discussion panels organized with the aim of claiming the image of our country abroad and to place value regarding its main assets, as well as the tasks to be developed to boost Brand Spain in times of economical crisis.[:]<\/p>\n","protected":false},"excerpt":{"rendered":"<p>The Asociaci\u00f3n Creadores de Moda de Espa\u00f1a collaborates with the 1st Meeting Brand Spain, the brand as a business value, organized by Unidad Editorial and Marca Espa\u00f1a at the College of Architects in Madrid, bringing together the key values of global Spanish businesses. The president of ACME, Modesto Lomba, was one of the speakers within [&hellip;]<\/p>\n","protected":false},"author":1,"featured_media":25938,"comment_status":"closed","ping_status":"closed","sticky":false,"template":"","format":"standard","meta":{"footnotes":""},"categories":[1163,6],"tags":[],"class_list":["post-24411","post","type-post","status-publish","format-standard","has-post-thumbnail","hentry","category-news","category-noticias"],"yoast_head":"<!-- This site is optimized with the Yoast SEO plugin v27.4 - https:\/\/yoast.com\/product\/yoast-seo-wordpress\/ -->\n<title>ACME participates in the 1st Meeting Brand Spain - Asociaci\u00f3n Creadores de Moda de Espa\u00f1a | ACME<\/title>\n<meta name=\"robots\" content=\"index, follow, max-snippet:-1, max-image-preview:large, max-video-preview:-1\" \/>\n<link rel=\"canonical\" href=\"https:\/\/creadores.org\/en\/i-encuentro-marca-espana\/\" \/>\n<meta property=\"og:locale\" content=\"en_US\" \/>\n<meta property=\"og:type\" content=\"article\" \/>\n<meta property=\"og:title\" content=\"ACME participates in the 1st Meeting Brand Spain - Asociaci\u00f3n Creadores de Moda de Espa\u00f1a | ACME\" \/>\n<meta property=\"og:description\" content=\"The Asociaci\u00f3n Creadores de Moda de Espa\u00f1a collaborates with the 1st Meeting Brand Spain, the brand as a business value, organized by Unidad Editorial and Marca Espa\u00f1a at the College of Architects in Madrid, bringing together the key values of global Spanish businesses. The president of ACME, Modesto Lomba, was one of the speakers within [&hellip;]\" \/>\n<meta property=\"og:url\" content=\"https:\/\/creadores.org\/en\/i-encuentro-marca-espana\/\" \/>\n<meta property=\"og:site_name\" content=\"Asociaci\u00f3n Creadores de Moda de Espa\u00f1a | ACME\" \/>\n<meta property=\"article:publisher\" content=\"https:\/\/www.facebook.com\/Asociaci%c3%b3n-Creadores-de-Moda-de-Espa%c3%b1a-297009471514\/\" \/>\n<meta property=\"article:published_time\" content=\"2013-07-10T14:33:48+00:00\" \/>\n<meta property=\"article:modified_time\" content=\"2025-06-21T11:56:24+00:00\" \/>\n<meta name=\"author\" content=\"creadores\" \/>\n<meta name=\"twitter:card\" content=\"summary_large_image\" \/>\n<meta name=\"twitter:creator\" content=\"@creadoresacme\" \/>\n<meta name=\"twitter:site\" content=\"@creadoresacme\" \/>\n<meta name=\"twitter:label1\" content=\"Written by\" \/>\n\t<meta name=\"twitter:data1\" content=\"creadores\" \/>\n\t<meta name=\"twitter:label2\" content=\"Est. reading time\" \/>\n\t<meta name=\"twitter:data2\" content=\"1 minute\" \/>\n<script type=\"application\/ld+json\" class=\"yoast-schema-graph\">{\"@context\":\"https:\\\/\\\/schema.org\",\"@graph\":[{\"@type\":\"Article\",\"@id\":\"https:\\\/\\\/creadores.org\\\/en\\\/i-encuentro-marca-espana\\\/#article\",\"isPartOf\":{\"@id\":\"https:\\\/\\\/creadores.org\\\/en\\\/i-encuentro-marca-espana\\\/\"},\"author\":{\"name\":\"creadores\",\"@id\":\"https:\\\/\\\/creadores.org\\\/en\\\/#\\\/schema\\\/person\\\/b8f74b2b311ece74620ebea69597b3e0\"},\"headline\":\"ACME participates in the 1st Meeting Brand Spain\",\"datePublished\":\"2013-07-10T14:33:48+00:00\",\"dateModified\":\"2025-06-21T11:56:24+00:00\",\"mainEntityOfPage\":{\"@id\":\"https:\\\/\\\/creadores.org\\\/en\\\/i-encuentro-marca-espana\\\/\"},\"wordCount\":110,\"publisher\":{\"@id\":\"https:\\\/\\\/creadores.org\\\/en\\\/#organization\"},\"image\":{\"@id\":\"https:\\\/\\\/creadores.org\\\/en\\\/i-encuentro-marca-espana\\\/#primaryimage\"},\"thumbnailUrl\":\"https:\\\/\\\/creadores.org\\\/wp-content\\\/uploads\\\/2014\\\/02\\\/ACME_marca_espana.jpg\",\"articleSection\":[\"News\",\"Noticias\"],\"inLanguage\":\"en-US\"},{\"@type\":\"WebPage\",\"@id\":\"https:\\\/\\\/creadores.org\\\/en\\\/i-encuentro-marca-espana\\\/\",\"url\":\"https:\\\/\\\/creadores.org\\\/en\\\/i-encuentro-marca-espana\\\/\",\"name\":\"ACME participates in the 1st Meeting Brand Spain - Asociaci\u00f3n Creadores de Moda de Espa\u00f1a | ACME\",\"isPartOf\":{\"@id\":\"https:\\\/\\\/creadores.org\\\/en\\\/#website\"},\"primaryImageOfPage\":{\"@id\":\"https:\\\/\\\/creadores.org\\\/en\\\/i-encuentro-marca-espana\\\/#primaryimage\"},\"image\":{\"@id\":\"https:\\\/\\\/creadores.org\\\/en\\\/i-encuentro-marca-espana\\\/#primaryimage\"},\"thumbnailUrl\":\"https:\\\/\\\/creadores.org\\\/wp-content\\\/uploads\\\/2014\\\/02\\\/ACME_marca_espana.jpg\",\"datePublished\":\"2013-07-10T14:33:48+00:00\",\"dateModified\":\"2025-06-21T11:56:24+00:00\",\"breadcrumb\":{\"@id\":\"https:\\\/\\\/creadores.org\\\/en\\\/i-encuentro-marca-espana\\\/#breadcrumb\"},\"inLanguage\":\"en-US\",\"potentialAction\":[{\"@type\":\"ReadAction\",\"target\":[\"https:\\\/\\\/creadores.org\\\/en\\\/i-encuentro-marca-espana\\\/\"]}]},{\"@type\":\"ImageObject\",\"inLanguage\":\"en-US\",\"@id\":\"https:\\\/\\\/creadores.org\\\/en\\\/i-encuentro-marca-espana\\\/#primaryimage\",\"url\":\"https:\\\/\\\/creadores.org\\\/wp-content\\\/uploads\\\/2014\\\/02\\\/ACME_marca_espana.jpg\",\"contentUrl\":\"https:\\\/\\\/creadores.org\\\/wp-content\\\/uploads\\\/2014\\\/02\\\/ACME_marca_espana.jpg\",\"width\":1200,\"height\":515,\"caption\":\"I encuentro Marca Espa\u00f1a\"},{\"@type\":\"BreadcrumbList\",\"@id\":\"https:\\\/\\\/creadores.org\\\/en\\\/i-encuentro-marca-espana\\\/#breadcrumb\",\"itemListElement\":[{\"@type\":\"ListItem\",\"position\":1,\"name\":\"Portada\",\"item\":\"https:\\\/\\\/creadores.org\\\/en\\\/\"},{\"@type\":\"ListItem\",\"position\":2,\"name\":\"ACME participates in the 1st Meeting Brand Spain\"}]},{\"@type\":\"WebSite\",\"@id\":\"https:\\\/\\\/creadores.org\\\/en\\\/#website\",\"url\":\"https:\\\/\\\/creadores.org\\\/en\\\/\",\"name\":\"Asociaci\u00f3n Creadores de Moda de Espa\u00f1a | ACME\",\"description\":\"La Asociaci\u00f3n Creadores de Moda de Espa\u00f1a (ACME) es una organizaci\u00f3n profesional sin \u00e1nimo de lucro fundada en 1988\",\"publisher\":{\"@id\":\"https:\\\/\\\/creadores.org\\\/en\\\/#organization\"},\"potentialAction\":[{\"@type\":\"SearchAction\",\"target\":{\"@type\":\"EntryPoint\",\"urlTemplate\":\"https:\\\/\\\/creadores.org\\\/en\\\/?s={search_term_string}\"},\"query-input\":{\"@type\":\"PropertyValueSpecification\",\"valueRequired\":true,\"valueName\":\"search_term_string\"}}],\"inLanguage\":\"en-US\"},{\"@type\":\"Organization\",\"@id\":\"https:\\\/\\\/creadores.org\\\/en\\\/#organization\",\"name\":\"Asociaci\u00f3n Creadores de Moda de Espa\u00f1a | ACME\",\"url\":\"https:\\\/\\\/creadores.org\\\/en\\\/\",\"logo\":{\"@type\":\"ImageObject\",\"inLanguage\":\"en-US\",\"@id\":\"https:\\\/\\\/creadores.org\\\/en\\\/#\\\/schema\\\/logo\\\/image\\\/\",\"url\":\"https:\\\/\\\/creadores.org\\\/wp-content\\\/uploads\\\/2025\\\/06\\\/acme-logo.svg\",\"contentUrl\":\"https:\\\/\\\/creadores.org\\\/wp-content\\\/uploads\\\/2025\\\/06\\\/acme-logo.svg\",\"width\":650,\"height\":119,\"caption\":\"Asociaci\u00f3n Creadores de Moda de Espa\u00f1a | ACME\"},\"image\":{\"@id\":\"https:\\\/\\\/creadores.org\\\/en\\\/#\\\/schema\\\/logo\\\/image\\\/\"},\"sameAs\":[\"https:\\\/\\\/www.facebook.com\\\/Asociaci\u00f3n-Creadores-de-Moda-de-Espa\u00f1a-297009471514\\\/\",\"https:\\\/\\\/x.com\\\/creadoresacme\",\"https:\\\/\\\/www.instagram.com\\\/creadoresacme\\\/\"]},{\"@type\":\"Person\",\"@id\":\"https:\\\/\\\/creadores.org\\\/en\\\/#\\\/schema\\\/person\\\/b8f74b2b311ece74620ebea69597b3e0\",\"name\":\"creadores\"}]}<\/script>\n<!-- \/ Yoast SEO plugin. -->","yoast_head_json":{"title":"ACME participates in the 1st Meeting Brand Spain - Asociaci\u00f3n Creadores de Moda de Espa\u00f1a | ACME","robots":{"index":"index","follow":"follow","max-snippet":"max-snippet:-1","max-image-preview":"max-image-preview:large","max-video-preview":"max-video-preview:-1"},"canonical":"https:\/\/creadores.org\/en\/i-encuentro-marca-espana\/","og_locale":"en_US","og_type":"article","og_title":"ACME participates in the 1st Meeting Brand Spain - Asociaci\u00f3n Creadores de Moda de Espa\u00f1a | ACME","og_description":"The Asociaci\u00f3n Creadores de Moda de Espa\u00f1a collaborates with the 1st Meeting Brand Spain, the brand as a business value, organized by Unidad Editorial and Marca Espa\u00f1a at the College of Architects in Madrid, bringing together the key values of global Spanish businesses. The president of ACME, Modesto Lomba, was one of the speakers within [&hellip;]","og_url":"https:\/\/creadores.org\/en\/i-encuentro-marca-espana\/","og_site_name":"Asociaci\u00f3n Creadores de Moda de Espa\u00f1a | ACME","article_publisher":"https:\/\/www.facebook.com\/Asociaci%c3%b3n-Creadores-de-Moda-de-Espa%c3%b1a-297009471514\/","article_published_time":"2013-07-10T14:33:48+00:00","article_modified_time":"2025-06-21T11:56:24+00:00","author":"creadores","twitter_card":"summary_large_image","twitter_creator":"@creadoresacme","twitter_site":"@creadoresacme","twitter_misc":{"Written by":"creadores","Est. reading time":"1 minute"},"schema":{"@context":"https:\/\/schema.org","@graph":[{"@type":"Article","@id":"https:\/\/creadores.org\/en\/i-encuentro-marca-espana\/#article","isPartOf":{"@id":"https:\/\/creadores.org\/en\/i-encuentro-marca-espana\/"},"author":{"name":"creadores","@id":"https:\/\/creadores.org\/en\/#\/schema\/person\/b8f74b2b311ece74620ebea69597b3e0"},"headline":"ACME participates in the 1st Meeting Brand Spain","datePublished":"2013-07-10T14:33:48+00:00","dateModified":"2025-06-21T11:56:24+00:00","mainEntityOfPage":{"@id":"https:\/\/creadores.org\/en\/i-encuentro-marca-espana\/"},"wordCount":110,"publisher":{"@id":"https:\/\/creadores.org\/en\/#organization"},"image":{"@id":"https:\/\/creadores.org\/en\/i-encuentro-marca-espana\/#primaryimage"},"thumbnailUrl":"https:\/\/creadores.org\/wp-content\/uploads\/2014\/02\/ACME_marca_espana.jpg","articleSection":["News","Noticias"],"inLanguage":"en-US"},{"@type":"WebPage","@id":"https:\/\/creadores.org\/en\/i-encuentro-marca-espana\/","url":"https:\/\/creadores.org\/en\/i-encuentro-marca-espana\/","name":"ACME participates in the 1st Meeting Brand Spain - Asociaci\u00f3n Creadores de Moda de Espa\u00f1a | ACME","isPartOf":{"@id":"https:\/\/creadores.org\/en\/#website"},"primaryImageOfPage":{"@id":"https:\/\/creadores.org\/en\/i-encuentro-marca-espana\/#primaryimage"},"image":{"@id":"https:\/\/creadores.org\/en\/i-encuentro-marca-espana\/#primaryimage"},"thumbnailUrl":"https:\/\/creadores.org\/wp-content\/uploads\/2014\/02\/ACME_marca_espana.jpg","datePublished":"2013-07-10T14:33:48+00:00","dateModified":"2025-06-21T11:56:24+00:00","breadcrumb":{"@id":"https:\/\/creadores.org\/en\/i-encuentro-marca-espana\/#breadcrumb"},"inLanguage":"en-US","potentialAction":[{"@type":"ReadAction","target":["https:\/\/creadores.org\/en\/i-encuentro-marca-espana\/"]}]},{"@type":"ImageObject","inLanguage":"en-US","@id":"https:\/\/creadores.org\/en\/i-encuentro-marca-espana\/#primaryimage","url":"https:\/\/creadores.org\/wp-content\/uploads\/2014\/02\/ACME_marca_espana.jpg","contentUrl":"https:\/\/creadores.org\/wp-content\/uploads\/2014\/02\/ACME_marca_espana.jpg","width":1200,"height":515,"caption":"I encuentro Marca Espa\u00f1a"},{"@type":"BreadcrumbList","@id":"https:\/\/creadores.org\/en\/i-encuentro-marca-espana\/#breadcrumb","itemListElement":[{"@type":"ListItem","position":1,"name":"Portada","item":"https:\/\/creadores.org\/en\/"},{"@type":"ListItem","position":2,"name":"ACME participates in the 1st Meeting Brand Spain"}]},{"@type":"WebSite","@id":"https:\/\/creadores.org\/en\/#website","url":"https:\/\/creadores.org\/en\/","name":"Asociaci\u00f3n Creadores de Moda de Espa\u00f1a | ACME","description":"La Asociaci\u00f3n Creadores de Moda de Espa\u00f1a (ACME) es una organizaci\u00f3n profesional sin \u00e1nimo de lucro fundada en 1988","publisher":{"@id":"https:\/\/creadores.org\/en\/#organization"},"potentialAction":[{"@type":"SearchAction","target":{"@type":"EntryPoint","urlTemplate":"https:\/\/creadores.org\/en\/?s={search_term_string}"},"query-input":{"@type":"PropertyValueSpecification","valueRequired":true,"valueName":"search_term_string"}}],"inLanguage":"en-US"},{"@type":"Organization","@id":"https:\/\/creadores.org\/en\/#organization","name":"Asociaci\u00f3n Creadores de Moda de Espa\u00f1a | ACME","url":"https:\/\/creadores.org\/en\/","logo":{"@type":"ImageObject","inLanguage":"en-US","@id":"https:\/\/creadores.org\/en\/#\/schema\/logo\/image\/","url":"https:\/\/creadores.org\/wp-content\/uploads\/2025\/06\/acme-logo.svg","contentUrl":"https:\/\/creadores.org\/wp-content\/uploads\/2025\/06\/acme-logo.svg","width":650,"height":119,"caption":"Asociaci\u00f3n Creadores de Moda de Espa\u00f1a | ACME"},"image":{"@id":"https:\/\/creadores.org\/en\/#\/schema\/logo\/image\/"},"sameAs":["https:\/\/www.facebook.com\/Asociaci\u00f3n-Creadores-de-Moda-de-Espa\u00f1a-297009471514\/","https:\/\/x.com\/creadoresacme","https:\/\/www.instagram.com\/creadoresacme\/"]},{"@type":"Person","@id":"https:\/\/creadores.org\/en\/#\/schema\/person\/b8f74b2b311ece74620ebea69597b3e0","name":"creadores"}]}},"_links":{"self":[{"href":"https:\/\/creadores.org\/en\/wp-json\/wp\/v2\/posts\/24411","targetHints":{"allow":["GET"]}}],"collection":[{"href":"https:\/\/creadores.org\/en\/wp-json\/wp\/v2\/posts"}],"about":[{"href":"https:\/\/creadores.org\/en\/wp-json\/wp\/v2\/types\/post"}],"author":[{"embeddable":true,"href":"https:\/\/creadores.org\/en\/wp-json\/wp\/v2\/users\/1"}],"replies":[{"embeddable":true,"href":"https:\/\/creadores.org\/en\/wp-json\/wp\/v2\/comments?post=24411"}],"version-history":[{"count":3,"href":"https:\/\/creadores.org\/en\/wp-json\/wp\/v2\/posts\/24411\/revisions"}],"predecessor-version":[{"id":80365,"href":"https:\/\/creadores.org\/en\/wp-json\/wp\/v2\/posts\/24411\/revisions\/80365"}],"wp:featuredmedia":[{"embeddable":true,"href":"https:\/\/creadores.org\/en\/wp-json\/wp\/v2\/media\/25938"}],"wp:attachment":[{"href":"https:\/\/creadores.org\/en\/wp-json\/wp\/v2\/media?parent=24411"}],"wp:term":[{"taxonomy":"category","embeddable":true,"href":"https:\/\/creadores.org\/en\/wp-json\/wp\/v2\/categories?post=24411"},{"taxonomy":"post_tag","embeddable":true,"href":"https:\/\/creadores.org\/en\/wp-json\/wp\/v2\/tags?post=24411"}],"curies":[{"name":"wp","href":"https:\/\/api.w.org\/{rel}","templated":true}]}}