{"id":24489,"date":"2014-01-31T16:21:19","date_gmt":"2014-01-31T15:21:19","guid":{"rendered":"https:\/\/creadores.org\/antonio-alvarado\/"},"modified":"2025-06-21T13:59:30","modified_gmt":"2025-06-21T11:59:30","slug":"antonio-alvarado","status":"publish","type":"post","link":"https:\/\/creadores.org\/en\/antonio-alvarado\/","title":{"rendered":"Antonio Alvarado"},"content":{"rendered":"<p><strong>Antonio Alvarado<\/strong> participated in the former Pasarela Cibeles since the first edition in 1985. Throughout his career he has presented his collections internationally, with fashion shows in cities such as Milan, Berlin and Munich.<\/p>\n<p>A relevant personality of &#8220;La Movida Madrile\u00f1a&#8221; he has worked in the costume design for musicians of the time such as Alaska, Mecano and Tino Casal. His designs appeared in various film productions, collaborating extensively with director Pedro Almod\u00f3var.<\/p>\n","protected":false},"excerpt":{"rendered":"<p>Antonio Alvarado participated in the former Pasarela Cibeles since the first edition in 1985. Throughout his career he has presented his collections internationally, with fashion shows in cities such as Milan, Berlin and Munich. A relevant personality of &#8220;La Movida Madrile\u00f1a&#8221; he has worked in the costume design for musicians of the time such as [&hellip;]<\/p>\n","protected":false},"author":1,"featured_media":26202,"comment_status":"closed","ping_status":"closed","sticky":false,"template":"","format":"standard","meta":{"footnotes":""},"categories":[6],"tags":[],"class_list":["post-24489","post","type-post","status-publish","format-standard","has-post-thumbnail","hentry","category-noticias"],"yoast_head":"<!-- This site is optimized with the Yoast SEO plugin v27.4 - https:\/\/yoast.com\/product\/yoast-seo-wordpress\/ -->\n<title>Antonio Alvarado - Asociaci\u00f3n Creadores de Moda de Espa\u00f1a | ACME<\/title>\n<meta name=\"robots\" content=\"index, follow, max-snippet:-1, max-image-preview:large, max-video-preview:-1\" \/>\n<link rel=\"canonical\" href=\"https:\/\/creadores.org\/en\/antonio-alvarado\/\" \/>\n<meta property=\"og:locale\" content=\"en_US\" \/>\n<meta property=\"og:type\" content=\"article\" \/>\n<meta property=\"og:title\" content=\"Antonio Alvarado - Asociaci\u00f3n Creadores de Moda de Espa\u00f1a | ACME\" \/>\n<meta property=\"og:description\" content=\"Antonio Alvarado participated in the former Pasarela Cibeles since the first edition in 1985. Throughout his career he has presented his collections internationally, with fashion shows in cities such as Milan, Berlin and Munich. A relevant personality of &#8220;La Movida Madrile\u00f1a&#8221; he has worked in the costume design for musicians of the time such as [&hellip;]\" \/>\n<meta property=\"og:url\" content=\"https:\/\/creadores.org\/en\/antonio-alvarado\/\" \/>\n<meta property=\"og:site_name\" content=\"Asociaci\u00f3n Creadores de Moda de Espa\u00f1a | ACME\" \/>\n<meta property=\"article:publisher\" content=\"https:\/\/www.facebook.com\/Asociaci%c3%b3n-Creadores-de-Moda-de-Espa%c3%b1a-297009471514\/\" \/>\n<meta property=\"article:published_time\" content=\"2014-01-31T15:21:19+00:00\" \/>\n<meta property=\"article:modified_time\" content=\"2025-06-21T11:59:30+00:00\" \/>\n<meta name=\"author\" content=\"creadores\" \/>\n<meta name=\"twitter:card\" content=\"summary_large_image\" \/>\n<meta name=\"twitter:creator\" content=\"@creadoresacme\" \/>\n<meta name=\"twitter:site\" content=\"@creadoresacme\" \/>\n<meta name=\"twitter:label1\" content=\"Written by\" \/>\n\t<meta name=\"twitter:data1\" content=\"creadores\" \/>\n<script type=\"application\/ld+json\" class=\"yoast-schema-graph\">{\"@context\":\"https:\\\/\\\/schema.org\",\"@graph\":[{\"@type\":\"Article\",\"@id\":\"https:\\\/\\\/creadores.org\\\/en\\\/antonio-alvarado\\\/#article\",\"isPartOf\":{\"@id\":\"https:\\\/\\\/creadores.org\\\/en\\\/antonio-alvarado\\\/\"},\"author\":{\"name\":\"creadores\",\"@id\":\"https:\\\/\\\/creadores.org\\\/en\\\/#\\\/schema\\\/person\\\/b8f74b2b311ece74620ebea69597b3e0\"},\"headline\":\"Antonio Alvarado\",\"datePublished\":\"2014-01-31T15:21:19+00:00\",\"dateModified\":\"2025-06-21T11:59:30+00:00\",\"mainEntityOfPage\":{\"@id\":\"https:\\\/\\\/creadores.org\\\/en\\\/antonio-alvarado\\\/\"},\"wordCount\":76,\"publisher\":{\"@id\":\"https:\\\/\\\/creadores.org\\\/en\\\/#organization\"},\"image\":{\"@id\":\"https:\\\/\\\/creadores.org\\\/en\\\/antonio-alvarado\\\/#primaryimage\"},\"thumbnailUrl\":\"https:\\\/\\\/creadores.org\\\/wp-content\\\/uploads\\\/2014\\\/01\\\/Antonio-Alvarado.jpg\",\"articleSection\":[\"Noticias\"],\"inLanguage\":\"en-US\"},{\"@type\":\"WebPage\",\"@id\":\"https:\\\/\\\/creadores.org\\\/en\\\/antonio-alvarado\\\/\",\"url\":\"https:\\\/\\\/creadores.org\\\/en\\\/antonio-alvarado\\\/\",\"name\":\"Antonio Alvarado - Asociaci\u00f3n Creadores de Moda de Espa\u00f1a | ACME\",\"isPartOf\":{\"@id\":\"https:\\\/\\\/creadores.org\\\/en\\\/#website\"},\"primaryImageOfPage\":{\"@id\":\"https:\\\/\\\/creadores.org\\\/en\\\/antonio-alvarado\\\/#primaryimage\"},\"image\":{\"@id\":\"https:\\\/\\\/creadores.org\\\/en\\\/antonio-alvarado\\\/#primaryimage\"},\"thumbnailUrl\":\"https:\\\/\\\/creadores.org\\\/wp-content\\\/uploads\\\/2014\\\/01\\\/Antonio-Alvarado.jpg\",\"datePublished\":\"2014-01-31T15:21:19+00:00\",\"dateModified\":\"2025-06-21T11:59:30+00:00\",\"breadcrumb\":{\"@id\":\"https:\\\/\\\/creadores.org\\\/en\\\/antonio-alvarado\\\/#breadcrumb\"},\"inLanguage\":\"en-US\",\"potentialAction\":[{\"@type\":\"ReadAction\",\"target\":[\"https:\\\/\\\/creadores.org\\\/en\\\/antonio-alvarado\\\/\"]}]},{\"@type\":\"ImageObject\",\"inLanguage\":\"en-US\",\"@id\":\"https:\\\/\\\/creadores.org\\\/en\\\/antonio-alvarado\\\/#primaryimage\",\"url\":\"https:\\\/\\\/creadores.org\\\/wp-content\\\/uploads\\\/2014\\\/01\\\/Antonio-Alvarado.jpg\",\"contentUrl\":\"https:\\\/\\\/creadores.org\\\/wp-content\\\/uploads\\\/2014\\\/01\\\/Antonio-Alvarado.jpg\",\"width\":165,\"height\":175},{\"@type\":\"BreadcrumbList\",\"@id\":\"https:\\\/\\\/creadores.org\\\/en\\\/antonio-alvarado\\\/#breadcrumb\",\"itemListElement\":[{\"@type\":\"ListItem\",\"position\":1,\"name\":\"Portada\",\"item\":\"https:\\\/\\\/creadores.org\\\/en\\\/\"},{\"@type\":\"ListItem\",\"position\":2,\"name\":\"Antonio Alvarado\"}]},{\"@type\":\"WebSite\",\"@id\":\"https:\\\/\\\/creadores.org\\\/en\\\/#website\",\"url\":\"https:\\\/\\\/creadores.org\\\/en\\\/\",\"name\":\"Asociaci\u00f3n Creadores de Moda de Espa\u00f1a | ACME\",\"description\":\"La Asociaci\u00f3n Creadores de Moda de Espa\u00f1a (ACME) es una organizaci\u00f3n profesional sin \u00e1nimo de lucro fundada en 1988\",\"publisher\":{\"@id\":\"https:\\\/\\\/creadores.org\\\/en\\\/#organization\"},\"potentialAction\":[{\"@type\":\"SearchAction\",\"target\":{\"@type\":\"EntryPoint\",\"urlTemplate\":\"https:\\\/\\\/creadores.org\\\/en\\\/?s={search_term_string}\"},\"query-input\":{\"@type\":\"PropertyValueSpecification\",\"valueRequired\":true,\"valueName\":\"search_term_string\"}}],\"inLanguage\":\"en-US\"},{\"@type\":\"Organization\",\"@id\":\"https:\\\/\\\/creadores.org\\\/en\\\/#organization\",\"name\":\"Asociaci\u00f3n Creadores de Moda de Espa\u00f1a | ACME\",\"url\":\"https:\\\/\\\/creadores.org\\\/en\\\/\",\"logo\":{\"@type\":\"ImageObject\",\"inLanguage\":\"en-US\",\"@id\":\"https:\\\/\\\/creadores.org\\\/en\\\/#\\\/schema\\\/logo\\\/image\\\/\",\"url\":\"https:\\\/\\\/creadores.org\\\/wp-content\\\/uploads\\\/2025\\\/06\\\/acme-logo.svg\",\"contentUrl\":\"https:\\\/\\\/creadores.org\\\/wp-content\\\/uploads\\\/2025\\\/06\\\/acme-logo.svg\",\"width\":650,\"height\":119,\"caption\":\"Asociaci\u00f3n Creadores de Moda de Espa\u00f1a | ACME\"},\"image\":{\"@id\":\"https:\\\/\\\/creadores.org\\\/en\\\/#\\\/schema\\\/logo\\\/image\\\/\"},\"sameAs\":[\"https:\\\/\\\/www.facebook.com\\\/Asociaci\u00f3n-Creadores-de-Moda-de-Espa\u00f1a-297009471514\\\/\",\"https:\\\/\\\/x.com\\\/creadoresacme\",\"https:\\\/\\\/www.instagram.com\\\/creadoresacme\\\/\"]},{\"@type\":\"Person\",\"@id\":\"https:\\\/\\\/creadores.org\\\/en\\\/#\\\/schema\\\/person\\\/b8f74b2b311ece74620ebea69597b3e0\",\"name\":\"creadores\"}]}<\/script>\n<!-- \/ Yoast SEO plugin. -->","yoast_head_json":{"title":"Antonio Alvarado - Asociaci\u00f3n Creadores de Moda de Espa\u00f1a | ACME","robots":{"index":"index","follow":"follow","max-snippet":"max-snippet:-1","max-image-preview":"max-image-preview:large","max-video-preview":"max-video-preview:-1"},"canonical":"https:\/\/creadores.org\/en\/antonio-alvarado\/","og_locale":"en_US","og_type":"article","og_title":"Antonio Alvarado - Asociaci\u00f3n Creadores de Moda de Espa\u00f1a | ACME","og_description":"Antonio Alvarado participated in the former Pasarela Cibeles since the first edition in 1985. Throughout his career he has presented his collections internationally, with fashion shows in cities such as Milan, Berlin and Munich. A relevant personality of &#8220;La Movida Madrile\u00f1a&#8221; he has worked in the costume design for musicians of the time such as [&hellip;]","og_url":"https:\/\/creadores.org\/en\/antonio-alvarado\/","og_site_name":"Asociaci\u00f3n Creadores de Moda de Espa\u00f1a | ACME","article_publisher":"https:\/\/www.facebook.com\/Asociaci%c3%b3n-Creadores-de-Moda-de-Espa%c3%b1a-297009471514\/","article_published_time":"2014-01-31T15:21:19+00:00","article_modified_time":"2025-06-21T11:59:30+00:00","author":"creadores","twitter_card":"summary_large_image","twitter_creator":"@creadoresacme","twitter_site":"@creadoresacme","twitter_misc":{"Written by":"creadores"},"schema":{"@context":"https:\/\/schema.org","@graph":[{"@type":"Article","@id":"https:\/\/creadores.org\/en\/antonio-alvarado\/#article","isPartOf":{"@id":"https:\/\/creadores.org\/en\/antonio-alvarado\/"},"author":{"name":"creadores","@id":"https:\/\/creadores.org\/en\/#\/schema\/person\/b8f74b2b311ece74620ebea69597b3e0"},"headline":"Antonio Alvarado","datePublished":"2014-01-31T15:21:19+00:00","dateModified":"2025-06-21T11:59:30+00:00","mainEntityOfPage":{"@id":"https:\/\/creadores.org\/en\/antonio-alvarado\/"},"wordCount":76,"publisher":{"@id":"https:\/\/creadores.org\/en\/#organization"},"image":{"@id":"https:\/\/creadores.org\/en\/antonio-alvarado\/#primaryimage"},"thumbnailUrl":"https:\/\/creadores.org\/wp-content\/uploads\/2014\/01\/Antonio-Alvarado.jpg","articleSection":["Noticias"],"inLanguage":"en-US"},{"@type":"WebPage","@id":"https:\/\/creadores.org\/en\/antonio-alvarado\/","url":"https:\/\/creadores.org\/en\/antonio-alvarado\/","name":"Antonio Alvarado - Asociaci\u00f3n Creadores de Moda de Espa\u00f1a | ACME","isPartOf":{"@id":"https:\/\/creadores.org\/en\/#website"},"primaryImageOfPage":{"@id":"https:\/\/creadores.org\/en\/antonio-alvarado\/#primaryimage"},"image":{"@id":"https:\/\/creadores.org\/en\/antonio-alvarado\/#primaryimage"},"thumbnailUrl":"https:\/\/creadores.org\/wp-content\/uploads\/2014\/01\/Antonio-Alvarado.jpg","datePublished":"2014-01-31T15:21:19+00:00","dateModified":"2025-06-21T11:59:30+00:00","breadcrumb":{"@id":"https:\/\/creadores.org\/en\/antonio-alvarado\/#breadcrumb"},"inLanguage":"en-US","potentialAction":[{"@type":"ReadAction","target":["https:\/\/creadores.org\/en\/antonio-alvarado\/"]}]},{"@type":"ImageObject","inLanguage":"en-US","@id":"https:\/\/creadores.org\/en\/antonio-alvarado\/#primaryimage","url":"https:\/\/creadores.org\/wp-content\/uploads\/2014\/01\/Antonio-Alvarado.jpg","contentUrl":"https:\/\/creadores.org\/wp-content\/uploads\/2014\/01\/Antonio-Alvarado.jpg","width":165,"height":175},{"@type":"BreadcrumbList","@id":"https:\/\/creadores.org\/en\/antonio-alvarado\/#breadcrumb","itemListElement":[{"@type":"ListItem","position":1,"name":"Portada","item":"https:\/\/creadores.org\/en\/"},{"@type":"ListItem","position":2,"name":"Antonio Alvarado"}]},{"@type":"WebSite","@id":"https:\/\/creadores.org\/en\/#website","url":"https:\/\/creadores.org\/en\/","name":"Asociaci\u00f3n Creadores de Moda de Espa\u00f1a | ACME","description":"La Asociaci\u00f3n Creadores de Moda de Espa\u00f1a (ACME) es una organizaci\u00f3n profesional sin \u00e1nimo de lucro fundada en 1988","publisher":{"@id":"https:\/\/creadores.org\/en\/#organization"},"potentialAction":[{"@type":"SearchAction","target":{"@type":"EntryPoint","urlTemplate":"https:\/\/creadores.org\/en\/?s={search_term_string}"},"query-input":{"@type":"PropertyValueSpecification","valueRequired":true,"valueName":"search_term_string"}}],"inLanguage":"en-US"},{"@type":"Organization","@id":"https:\/\/creadores.org\/en\/#organization","name":"Asociaci\u00f3n Creadores de Moda de Espa\u00f1a | ACME","url":"https:\/\/creadores.org\/en\/","logo":{"@type":"ImageObject","inLanguage":"en-US","@id":"https:\/\/creadores.org\/en\/#\/schema\/logo\/image\/","url":"https:\/\/creadores.org\/wp-content\/uploads\/2025\/06\/acme-logo.svg","contentUrl":"https:\/\/creadores.org\/wp-content\/uploads\/2025\/06\/acme-logo.svg","width":650,"height":119,"caption":"Asociaci\u00f3n Creadores de Moda de Espa\u00f1a | ACME"},"image":{"@id":"https:\/\/creadores.org\/en\/#\/schema\/logo\/image\/"},"sameAs":["https:\/\/www.facebook.com\/Asociaci\u00f3n-Creadores-de-Moda-de-Espa\u00f1a-297009471514\/","https:\/\/x.com\/creadoresacme","https:\/\/www.instagram.com\/creadoresacme\/"]},{"@type":"Person","@id":"https:\/\/creadores.org\/en\/#\/schema\/person\/b8f74b2b311ece74620ebea69597b3e0","name":"creadores"}]}},"_links":{"self":[{"href":"https:\/\/creadores.org\/en\/wp-json\/wp\/v2\/posts\/24489","targetHints":{"allow":["GET"]}}],"collection":[{"href":"https:\/\/creadores.org\/en\/wp-json\/wp\/v2\/posts"}],"about":[{"href":"https:\/\/creadores.org\/en\/wp-json\/wp\/v2\/types\/post"}],"author":[{"embeddable":true,"href":"https:\/\/creadores.org\/en\/wp-json\/wp\/v2\/users\/1"}],"replies":[{"embeddable":true,"href":"https:\/\/creadores.org\/en\/wp-json\/wp\/v2\/comments?post=24489"}],"version-history":[{"count":3,"href":"https:\/\/creadores.org\/en\/wp-json\/wp\/v2\/posts\/24489\/revisions"}],"predecessor-version":[{"id":80403,"href":"https:\/\/creadores.org\/en\/wp-json\/wp\/v2\/posts\/24489\/revisions\/80403"}],"wp:featuredmedia":[{"embeddable":true,"href":"https:\/\/creadores.org\/en\/wp-json\/wp\/v2\/media\/26202"}],"wp:attachment":[{"href":"https:\/\/creadores.org\/en\/wp-json\/wp\/v2\/media?parent=24489"}],"wp:term":[{"taxonomy":"category","embeddable":true,"href":"https:\/\/creadores.org\/en\/wp-json\/wp\/v2\/categories?post=24489"},{"taxonomy":"post_tag","embeddable":true,"href":"https:\/\/creadores.org\/en\/wp-json\/wp\/v2\/tags?post=24489"}],"curies":[{"name":"wp","href":"https:\/\/api.w.org\/{rel}","templated":true}]}}