{"id":24501,"date":"2014-01-31T16:27:59","date_gmt":"2014-01-31T15:27:59","guid":{"rendered":"https:\/\/creadores.org\/emilio-de-la-morena\/"},"modified":"2025-06-21T14:00:01","modified_gmt":"2025-06-21T12:00:01","slug":"emilio-de-la-morena","status":"publish","type":"post","link":"https:\/\/creadores.org\/en\/emilio-de-la-morena\/","title":{"rendered":"Emilio de la Morena"},"content":{"rendered":"<p><strong>Emilio de la Morena <\/strong>left his job as aconsultant to start training as a designer. The creator from Alicante, resident in London, studied fashion at Central St Martin&#8217;s and the London College of Fashion.<\/p>\n<p>After working with designers such as Jonathan Saunders, in 2005 he creates his own label winning the New Generation award (sponsored by Topshop) four consecutive times. Emilio de la Morena presents each year his collections at London Fashion Week.<\/p>\n","protected":false},"excerpt":{"rendered":"<p>Emilio de la Morena left his job as aconsultant to start training as a designer. The creator from Alicante, resident in London, studied fashion at Central St Martin&#8217;s and the London College of Fashion. After working with designers such as Jonathan Saunders, in 2005 he creates his own label winning the New Generation award (sponsored [&hellip;]<\/p>\n","protected":false},"author":1,"featured_media":26204,"comment_status":"closed","ping_status":"closed","sticky":false,"template":"","format":"standard","meta":{"footnotes":""},"categories":[6],"tags":[],"class_list":["post-24501","post","type-post","status-publish","format-standard","has-post-thumbnail","hentry","category-noticias"],"yoast_head":"<!-- This site is optimized with the Yoast SEO plugin v27.4 - https:\/\/yoast.com\/product\/yoast-seo-wordpress\/ -->\n<title>Emilio de la Morena - Asociaci\u00f3n Creadores de Moda de Espa\u00f1a | ACME<\/title>\n<meta name=\"robots\" content=\"index, follow, max-snippet:-1, max-image-preview:large, max-video-preview:-1\" \/>\n<link rel=\"canonical\" href=\"https:\/\/creadores.org\/en\/emilio-de-la-morena\/\" \/>\n<meta property=\"og:locale\" content=\"en_US\" \/>\n<meta property=\"og:type\" content=\"article\" \/>\n<meta property=\"og:title\" content=\"Emilio de la Morena - Asociaci\u00f3n Creadores de Moda de Espa\u00f1a | ACME\" \/>\n<meta property=\"og:description\" content=\"Emilio de la Morena left his job as aconsultant to start training as a designer. The creator from Alicante, resident in London, studied fashion at Central St Martin&#8217;s and the London College of Fashion. After working with designers such as Jonathan Saunders, in 2005 he creates his own label winning the New Generation award (sponsored [&hellip;]\" \/>\n<meta property=\"og:url\" content=\"https:\/\/creadores.org\/en\/emilio-de-la-morena\/\" \/>\n<meta property=\"og:site_name\" content=\"Asociaci\u00f3n Creadores de Moda de Espa\u00f1a | ACME\" \/>\n<meta property=\"article:publisher\" content=\"https:\/\/www.facebook.com\/Asociaci%c3%b3n-Creadores-de-Moda-de-Espa%c3%b1a-297009471514\/\" \/>\n<meta property=\"article:published_time\" content=\"2014-01-31T15:27:59+00:00\" \/>\n<meta property=\"article:modified_time\" content=\"2025-06-21T12:00:01+00:00\" \/>\n<meta name=\"author\" content=\"creadores\" \/>\n<meta name=\"twitter:card\" content=\"summary_large_image\" \/>\n<meta name=\"twitter:creator\" content=\"@creadoresacme\" \/>\n<meta name=\"twitter:site\" content=\"@creadoresacme\" \/>\n<meta name=\"twitter:label1\" content=\"Written by\" \/>\n\t<meta name=\"twitter:data1\" content=\"creadores\" \/>\n<script type=\"application\/ld+json\" class=\"yoast-schema-graph\">{\"@context\":\"https:\\\/\\\/schema.org\",\"@graph\":[{\"@type\":\"Article\",\"@id\":\"https:\\\/\\\/creadores.org\\\/en\\\/emilio-de-la-morena\\\/#article\",\"isPartOf\":{\"@id\":\"https:\\\/\\\/creadores.org\\\/en\\\/emilio-de-la-morena\\\/\"},\"author\":{\"name\":\"creadores\",\"@id\":\"https:\\\/\\\/creadores.org\\\/en\\\/#\\\/schema\\\/person\\\/b8f74b2b311ece74620ebea69597b3e0\"},\"headline\":\"Emilio de la Morena\",\"datePublished\":\"2014-01-31T15:27:59+00:00\",\"dateModified\":\"2025-06-21T12:00:01+00:00\",\"mainEntityOfPage\":{\"@id\":\"https:\\\/\\\/creadores.org\\\/en\\\/emilio-de-la-morena\\\/\"},\"wordCount\":77,\"publisher\":{\"@id\":\"https:\\\/\\\/creadores.org\\\/en\\\/#organization\"},\"image\":{\"@id\":\"https:\\\/\\\/creadores.org\\\/en\\\/emilio-de-la-morena\\\/#primaryimage\"},\"thumbnailUrl\":\"https:\\\/\\\/creadores.org\\\/wp-content\\\/uploads\\\/2014\\\/01\\\/foto-bio.jpg\",\"articleSection\":[\"Noticias\"],\"inLanguage\":\"en-US\"},{\"@type\":\"WebPage\",\"@id\":\"https:\\\/\\\/creadores.org\\\/en\\\/emilio-de-la-morena\\\/\",\"url\":\"https:\\\/\\\/creadores.org\\\/en\\\/emilio-de-la-morena\\\/\",\"name\":\"Emilio de la Morena - Asociaci\u00f3n Creadores de Moda de Espa\u00f1a | ACME\",\"isPartOf\":{\"@id\":\"https:\\\/\\\/creadores.org\\\/en\\\/#website\"},\"primaryImageOfPage\":{\"@id\":\"https:\\\/\\\/creadores.org\\\/en\\\/emilio-de-la-morena\\\/#primaryimage\"},\"image\":{\"@id\":\"https:\\\/\\\/creadores.org\\\/en\\\/emilio-de-la-morena\\\/#primaryimage\"},\"thumbnailUrl\":\"https:\\\/\\\/creadores.org\\\/wp-content\\\/uploads\\\/2014\\\/01\\\/foto-bio.jpg\",\"datePublished\":\"2014-01-31T15:27:59+00:00\",\"dateModified\":\"2025-06-21T12:00:01+00:00\",\"breadcrumb\":{\"@id\":\"https:\\\/\\\/creadores.org\\\/en\\\/emilio-de-la-morena\\\/#breadcrumb\"},\"inLanguage\":\"en-US\",\"potentialAction\":[{\"@type\":\"ReadAction\",\"target\":[\"https:\\\/\\\/creadores.org\\\/en\\\/emilio-de-la-morena\\\/\"]}]},{\"@type\":\"ImageObject\",\"inLanguage\":\"en-US\",\"@id\":\"https:\\\/\\\/creadores.org\\\/en\\\/emilio-de-la-morena\\\/#primaryimage\",\"url\":\"https:\\\/\\\/creadores.org\\\/wp-content\\\/uploads\\\/2014\\\/01\\\/foto-bio.jpg\",\"contentUrl\":\"https:\\\/\\\/creadores.org\\\/wp-content\\\/uploads\\\/2014\\\/01\\\/foto-bio.jpg\",\"width\":165,\"height\":175},{\"@type\":\"BreadcrumbList\",\"@id\":\"https:\\\/\\\/creadores.org\\\/en\\\/emilio-de-la-morena\\\/#breadcrumb\",\"itemListElement\":[{\"@type\":\"ListItem\",\"position\":1,\"name\":\"Portada\",\"item\":\"https:\\\/\\\/creadores.org\\\/en\\\/\"},{\"@type\":\"ListItem\",\"position\":2,\"name\":\"Emilio de la Morena\"}]},{\"@type\":\"WebSite\",\"@id\":\"https:\\\/\\\/creadores.org\\\/en\\\/#website\",\"url\":\"https:\\\/\\\/creadores.org\\\/en\\\/\",\"name\":\"Asociaci\u00f3n Creadores de Moda de Espa\u00f1a | ACME\",\"description\":\"La Asociaci\u00f3n Creadores de Moda de Espa\u00f1a (ACME) es una organizaci\u00f3n profesional sin \u00e1nimo de lucro fundada en 1988\",\"publisher\":{\"@id\":\"https:\\\/\\\/creadores.org\\\/en\\\/#organization\"},\"potentialAction\":[{\"@type\":\"SearchAction\",\"target\":{\"@type\":\"EntryPoint\",\"urlTemplate\":\"https:\\\/\\\/creadores.org\\\/en\\\/?s={search_term_string}\"},\"query-input\":{\"@type\":\"PropertyValueSpecification\",\"valueRequired\":true,\"valueName\":\"search_term_string\"}}],\"inLanguage\":\"en-US\"},{\"@type\":\"Organization\",\"@id\":\"https:\\\/\\\/creadores.org\\\/en\\\/#organization\",\"name\":\"Asociaci\u00f3n Creadores de Moda de Espa\u00f1a | ACME\",\"url\":\"https:\\\/\\\/creadores.org\\\/en\\\/\",\"logo\":{\"@type\":\"ImageObject\",\"inLanguage\":\"en-US\",\"@id\":\"https:\\\/\\\/creadores.org\\\/en\\\/#\\\/schema\\\/logo\\\/image\\\/\",\"url\":\"https:\\\/\\\/creadores.org\\\/wp-content\\\/uploads\\\/2025\\\/06\\\/acme-logo.svg\",\"contentUrl\":\"https:\\\/\\\/creadores.org\\\/wp-content\\\/uploads\\\/2025\\\/06\\\/acme-logo.svg\",\"width\":650,\"height\":119,\"caption\":\"Asociaci\u00f3n Creadores de Moda de Espa\u00f1a | ACME\"},\"image\":{\"@id\":\"https:\\\/\\\/creadores.org\\\/en\\\/#\\\/schema\\\/logo\\\/image\\\/\"},\"sameAs\":[\"https:\\\/\\\/www.facebook.com\\\/Asociaci\u00f3n-Creadores-de-Moda-de-Espa\u00f1a-297009471514\\\/\",\"https:\\\/\\\/x.com\\\/creadoresacme\",\"https:\\\/\\\/www.instagram.com\\\/creadoresacme\\\/\"]},{\"@type\":\"Person\",\"@id\":\"https:\\\/\\\/creadores.org\\\/en\\\/#\\\/schema\\\/person\\\/b8f74b2b311ece74620ebea69597b3e0\",\"name\":\"creadores\"}]}<\/script>\n<!-- \/ Yoast SEO plugin. -->","yoast_head_json":{"title":"Emilio de la Morena - Asociaci\u00f3n Creadores de Moda de Espa\u00f1a | ACME","robots":{"index":"index","follow":"follow","max-snippet":"max-snippet:-1","max-image-preview":"max-image-preview:large","max-video-preview":"max-video-preview:-1"},"canonical":"https:\/\/creadores.org\/en\/emilio-de-la-morena\/","og_locale":"en_US","og_type":"article","og_title":"Emilio de la Morena - Asociaci\u00f3n Creadores de Moda de Espa\u00f1a | ACME","og_description":"Emilio de la Morena left his job as aconsultant to start training as a designer. The creator from Alicante, resident in London, studied fashion at Central St Martin&#8217;s and the London College of Fashion. After working with designers such as Jonathan Saunders, in 2005 he creates his own label winning the New Generation award (sponsored [&hellip;]","og_url":"https:\/\/creadores.org\/en\/emilio-de-la-morena\/","og_site_name":"Asociaci\u00f3n Creadores de Moda de Espa\u00f1a | ACME","article_publisher":"https:\/\/www.facebook.com\/Asociaci%c3%b3n-Creadores-de-Moda-de-Espa%c3%b1a-297009471514\/","article_published_time":"2014-01-31T15:27:59+00:00","article_modified_time":"2025-06-21T12:00:01+00:00","author":"creadores","twitter_card":"summary_large_image","twitter_creator":"@creadoresacme","twitter_site":"@creadoresacme","twitter_misc":{"Written by":"creadores"},"schema":{"@context":"https:\/\/schema.org","@graph":[{"@type":"Article","@id":"https:\/\/creadores.org\/en\/emilio-de-la-morena\/#article","isPartOf":{"@id":"https:\/\/creadores.org\/en\/emilio-de-la-morena\/"},"author":{"name":"creadores","@id":"https:\/\/creadores.org\/en\/#\/schema\/person\/b8f74b2b311ece74620ebea69597b3e0"},"headline":"Emilio de la Morena","datePublished":"2014-01-31T15:27:59+00:00","dateModified":"2025-06-21T12:00:01+00:00","mainEntityOfPage":{"@id":"https:\/\/creadores.org\/en\/emilio-de-la-morena\/"},"wordCount":77,"publisher":{"@id":"https:\/\/creadores.org\/en\/#organization"},"image":{"@id":"https:\/\/creadores.org\/en\/emilio-de-la-morena\/#primaryimage"},"thumbnailUrl":"https:\/\/creadores.org\/wp-content\/uploads\/2014\/01\/foto-bio.jpg","articleSection":["Noticias"],"inLanguage":"en-US"},{"@type":"WebPage","@id":"https:\/\/creadores.org\/en\/emilio-de-la-morena\/","url":"https:\/\/creadores.org\/en\/emilio-de-la-morena\/","name":"Emilio de la Morena - Asociaci\u00f3n Creadores de Moda de Espa\u00f1a | ACME","isPartOf":{"@id":"https:\/\/creadores.org\/en\/#website"},"primaryImageOfPage":{"@id":"https:\/\/creadores.org\/en\/emilio-de-la-morena\/#primaryimage"},"image":{"@id":"https:\/\/creadores.org\/en\/emilio-de-la-morena\/#primaryimage"},"thumbnailUrl":"https:\/\/creadores.org\/wp-content\/uploads\/2014\/01\/foto-bio.jpg","datePublished":"2014-01-31T15:27:59+00:00","dateModified":"2025-06-21T12:00:01+00:00","breadcrumb":{"@id":"https:\/\/creadores.org\/en\/emilio-de-la-morena\/#breadcrumb"},"inLanguage":"en-US","potentialAction":[{"@type":"ReadAction","target":["https:\/\/creadores.org\/en\/emilio-de-la-morena\/"]}]},{"@type":"ImageObject","inLanguage":"en-US","@id":"https:\/\/creadores.org\/en\/emilio-de-la-morena\/#primaryimage","url":"https:\/\/creadores.org\/wp-content\/uploads\/2014\/01\/foto-bio.jpg","contentUrl":"https:\/\/creadores.org\/wp-content\/uploads\/2014\/01\/foto-bio.jpg","width":165,"height":175},{"@type":"BreadcrumbList","@id":"https:\/\/creadores.org\/en\/emilio-de-la-morena\/#breadcrumb","itemListElement":[{"@type":"ListItem","position":1,"name":"Portada","item":"https:\/\/creadores.org\/en\/"},{"@type":"ListItem","position":2,"name":"Emilio de la Morena"}]},{"@type":"WebSite","@id":"https:\/\/creadores.org\/en\/#website","url":"https:\/\/creadores.org\/en\/","name":"Asociaci\u00f3n Creadores de Moda de Espa\u00f1a | ACME","description":"La Asociaci\u00f3n Creadores de Moda de Espa\u00f1a (ACME) es una organizaci\u00f3n profesional sin \u00e1nimo de lucro fundada en 1988","publisher":{"@id":"https:\/\/creadores.org\/en\/#organization"},"potentialAction":[{"@type":"SearchAction","target":{"@type":"EntryPoint","urlTemplate":"https:\/\/creadores.org\/en\/?s={search_term_string}"},"query-input":{"@type":"PropertyValueSpecification","valueRequired":true,"valueName":"search_term_string"}}],"inLanguage":"en-US"},{"@type":"Organization","@id":"https:\/\/creadores.org\/en\/#organization","name":"Asociaci\u00f3n Creadores de Moda de Espa\u00f1a | ACME","url":"https:\/\/creadores.org\/en\/","logo":{"@type":"ImageObject","inLanguage":"en-US","@id":"https:\/\/creadores.org\/en\/#\/schema\/logo\/image\/","url":"https:\/\/creadores.org\/wp-content\/uploads\/2025\/06\/acme-logo.svg","contentUrl":"https:\/\/creadores.org\/wp-content\/uploads\/2025\/06\/acme-logo.svg","width":650,"height":119,"caption":"Asociaci\u00f3n Creadores de Moda de Espa\u00f1a | ACME"},"image":{"@id":"https:\/\/creadores.org\/en\/#\/schema\/logo\/image\/"},"sameAs":["https:\/\/www.facebook.com\/Asociaci\u00f3n-Creadores-de-Moda-de-Espa\u00f1a-297009471514\/","https:\/\/x.com\/creadoresacme","https:\/\/www.instagram.com\/creadoresacme\/"]},{"@type":"Person","@id":"https:\/\/creadores.org\/en\/#\/schema\/person\/b8f74b2b311ece74620ebea69597b3e0","name":"creadores"}]}},"_links":{"self":[{"href":"https:\/\/creadores.org\/en\/wp-json\/wp\/v2\/posts\/24501","targetHints":{"allow":["GET"]}}],"collection":[{"href":"https:\/\/creadores.org\/en\/wp-json\/wp\/v2\/posts"}],"about":[{"href":"https:\/\/creadores.org\/en\/wp-json\/wp\/v2\/types\/post"}],"author":[{"embeddable":true,"href":"https:\/\/creadores.org\/en\/wp-json\/wp\/v2\/users\/1"}],"replies":[{"embeddable":true,"href":"https:\/\/creadores.org\/en\/wp-json\/wp\/v2\/comments?post=24501"}],"version-history":[{"count":3,"href":"https:\/\/creadores.org\/en\/wp-json\/wp\/v2\/posts\/24501\/revisions"}],"predecessor-version":[{"id":80409,"href":"https:\/\/creadores.org\/en\/wp-json\/wp\/v2\/posts\/24501\/revisions\/80409"}],"wp:featuredmedia":[{"embeddable":true,"href":"https:\/\/creadores.org\/en\/wp-json\/wp\/v2\/media\/26204"}],"wp:attachment":[{"href":"https:\/\/creadores.org\/en\/wp-json\/wp\/v2\/media?parent=24501"}],"wp:term":[{"taxonomy":"category","embeddable":true,"href":"https:\/\/creadores.org\/en\/wp-json\/wp\/v2\/categories?post=24501"},{"taxonomy":"post_tag","embeddable":true,"href":"https:\/\/creadores.org\/en\/wp-json\/wp\/v2\/tags?post=24501"}],"curies":[{"name":"wp","href":"https:\/\/api.w.org\/{rel}","templated":true}]}}