{"id":24503,"date":"2014-01-31T16:28:27","date_gmt":"2014-01-31T15:28:27","guid":{"rendered":"https:\/\/creadores.org\/etxeberria\/"},"modified":"2025-06-21T14:00:07","modified_gmt":"2025-06-21T12:00:07","slug":"etxeberria","status":"publish","type":"post","link":"https:\/\/creadores.org\/en\/etxeberria\/","title":{"rendered":"Etxeberria"},"content":{"rendered":"<p><strong>Etxeberria<\/strong> creates his own fashion brand in 2008. The Basque creator, specializing in menswear, participates in 2011 in the platform for young designers EGO at Mercedes-Benz Fashion Week Madrid, achieving, two consecutive times, the award for best collection.<\/p>\n<p>After presenting his creations on runways and global fashion trade shows such as Pitti Uomo in Florence, since 2012 Etxeberria takes part in the official calendar of Mercedes-Benz Fashion Week Madrid. During 2013, the brand was selected to represent Spain in the second edition of La Maison de la Cr\u00e9ation de Marseille.\u00a0In 2014 he wins the Premio Nacional de Moda by the Ministry of Industry in the category of &#8220;New Value.&#8221;<\/p>\n<p>\u00a0[:]<\/p>\n","protected":false},"excerpt":{"rendered":"<p>Etxeberria creates his own fashion brand in 2008. The Basque creator, specializing in menswear, participates in 2011 in the platform for young designers EGO at Mercedes-Benz Fashion Week Madrid, achieving, two consecutive times, the award for best collection. After presenting his creations on runways and global fashion trade shows such as Pitti Uomo in Florence, [&hellip;]<\/p>\n","protected":false},"author":1,"featured_media":26217,"comment_status":"closed","ping_status":"closed","sticky":false,"template":"","format":"standard","meta":{"footnotes":""},"categories":[6],"tags":[],"class_list":["post-24503","post","type-post","status-publish","format-standard","has-post-thumbnail","hentry","category-noticias"],"yoast_head":"<!-- This site is optimized with the Yoast SEO plugin v27.4 - https:\/\/yoast.com\/product\/yoast-seo-wordpress\/ -->\n<title>Etxeberria - Asociaci\u00f3n Creadores de Moda de Espa\u00f1a | ACME<\/title>\n<meta name=\"robots\" content=\"index, follow, max-snippet:-1, max-image-preview:large, max-video-preview:-1\" \/>\n<link rel=\"canonical\" href=\"https:\/\/creadores.org\/en\/etxeberria\/\" \/>\n<meta property=\"og:locale\" content=\"en_US\" \/>\n<meta property=\"og:type\" content=\"article\" \/>\n<meta property=\"og:title\" content=\"Etxeberria - Asociaci\u00f3n Creadores de Moda de Espa\u00f1a | ACME\" \/>\n<meta property=\"og:description\" content=\"Etxeberria creates his own fashion brand in 2008. The Basque creator, specializing in menswear, participates in 2011 in the platform for young designers EGO at Mercedes-Benz Fashion Week Madrid, achieving, two consecutive times, the award for best collection. After presenting his creations on runways and global fashion trade shows such as Pitti Uomo in Florence, [&hellip;]\" \/>\n<meta property=\"og:url\" content=\"https:\/\/creadores.org\/en\/etxeberria\/\" \/>\n<meta property=\"og:site_name\" content=\"Asociaci\u00f3n Creadores de Moda de Espa\u00f1a | ACME\" \/>\n<meta property=\"article:publisher\" content=\"https:\/\/www.facebook.com\/Asociaci%c3%b3n-Creadores-de-Moda-de-Espa%c3%b1a-297009471514\/\" \/>\n<meta property=\"article:published_time\" content=\"2014-01-31T15:28:27+00:00\" \/>\n<meta property=\"article:modified_time\" content=\"2025-06-21T12:00:07+00:00\" \/>\n<meta name=\"author\" content=\"creadores\" \/>\n<meta name=\"twitter:card\" content=\"summary_large_image\" \/>\n<meta name=\"twitter:creator\" content=\"@creadoresacme\" \/>\n<meta name=\"twitter:site\" content=\"@creadoresacme\" \/>\n<meta name=\"twitter:label1\" content=\"Written by\" \/>\n\t<meta name=\"twitter:data1\" content=\"creadores\" \/>\n\t<meta name=\"twitter:label2\" content=\"Est. reading time\" \/>\n\t<meta name=\"twitter:data2\" content=\"1 minute\" \/>\n<script type=\"application\/ld+json\" class=\"yoast-schema-graph\">{\"@context\":\"https:\\\/\\\/schema.org\",\"@graph\":[{\"@type\":\"Article\",\"@id\":\"https:\\\/\\\/creadores.org\\\/en\\\/etxeberria\\\/#article\",\"isPartOf\":{\"@id\":\"https:\\\/\\\/creadores.org\\\/en\\\/etxeberria\\\/\"},\"author\":{\"name\":\"creadores\",\"@id\":\"https:\\\/\\\/creadores.org\\\/en\\\/#\\\/schema\\\/person\\\/b8f74b2b311ece74620ebea69597b3e0\"},\"headline\":\"Etxeberria\",\"datePublished\":\"2014-01-31T15:28:27+00:00\",\"dateModified\":\"2025-06-21T12:00:07+00:00\",\"mainEntityOfPage\":{\"@id\":\"https:\\\/\\\/creadores.org\\\/en\\\/etxeberria\\\/\"},\"wordCount\":107,\"publisher\":{\"@id\":\"https:\\\/\\\/creadores.org\\\/en\\\/#organization\"},\"image\":{\"@id\":\"https:\\\/\\\/creadores.org\\\/en\\\/etxeberria\\\/#primaryimage\"},\"thumbnailUrl\":\"https:\\\/\\\/creadores.org\\\/wp-content\\\/uploads\\\/2014\\\/01\\\/Roberto_ETXEBERRIA_by_Rainer_Torrado.jpg\",\"articleSection\":[\"Noticias\"],\"inLanguage\":\"en-US\"},{\"@type\":\"WebPage\",\"@id\":\"https:\\\/\\\/creadores.org\\\/en\\\/etxeberria\\\/\",\"url\":\"https:\\\/\\\/creadores.org\\\/en\\\/etxeberria\\\/\",\"name\":\"Etxeberria - Asociaci\u00f3n Creadores de Moda de Espa\u00f1a | ACME\",\"isPartOf\":{\"@id\":\"https:\\\/\\\/creadores.org\\\/en\\\/#website\"},\"primaryImageOfPage\":{\"@id\":\"https:\\\/\\\/creadores.org\\\/en\\\/etxeberria\\\/#primaryimage\"},\"image\":{\"@id\":\"https:\\\/\\\/creadores.org\\\/en\\\/etxeberria\\\/#primaryimage\"},\"thumbnailUrl\":\"https:\\\/\\\/creadores.org\\\/wp-content\\\/uploads\\\/2014\\\/01\\\/Roberto_ETXEBERRIA_by_Rainer_Torrado.jpg\",\"datePublished\":\"2014-01-31T15:28:27+00:00\",\"dateModified\":\"2025-06-21T12:00:07+00:00\",\"breadcrumb\":{\"@id\":\"https:\\\/\\\/creadores.org\\\/en\\\/etxeberria\\\/#breadcrumb\"},\"inLanguage\":\"en-US\",\"potentialAction\":[{\"@type\":\"ReadAction\",\"target\":[\"https:\\\/\\\/creadores.org\\\/en\\\/etxeberria\\\/\"]}]},{\"@type\":\"ImageObject\",\"inLanguage\":\"en-US\",\"@id\":\"https:\\\/\\\/creadores.org\\\/en\\\/etxeberria\\\/#primaryimage\",\"url\":\"https:\\\/\\\/creadores.org\\\/wp-content\\\/uploads\\\/2014\\\/01\\\/Roberto_ETXEBERRIA_by_Rainer_Torrado.jpg\",\"contentUrl\":\"https:\\\/\\\/creadores.org\\\/wp-content\\\/uploads\\\/2014\\\/01\\\/Roberto_ETXEBERRIA_by_Rainer_Torrado.jpg\",\"width\":165,\"height\":175},{\"@type\":\"BreadcrumbList\",\"@id\":\"https:\\\/\\\/creadores.org\\\/en\\\/etxeberria\\\/#breadcrumb\",\"itemListElement\":[{\"@type\":\"ListItem\",\"position\":1,\"name\":\"Portada\",\"item\":\"https:\\\/\\\/creadores.org\\\/en\\\/\"},{\"@type\":\"ListItem\",\"position\":2,\"name\":\"Etxeberria\"}]},{\"@type\":\"WebSite\",\"@id\":\"https:\\\/\\\/creadores.org\\\/en\\\/#website\",\"url\":\"https:\\\/\\\/creadores.org\\\/en\\\/\",\"name\":\"Asociaci\u00f3n Creadores de Moda de Espa\u00f1a | ACME\",\"description\":\"La Asociaci\u00f3n Creadores de Moda de Espa\u00f1a (ACME) es una organizaci\u00f3n profesional sin \u00e1nimo de lucro fundada en 1988\",\"publisher\":{\"@id\":\"https:\\\/\\\/creadores.org\\\/en\\\/#organization\"},\"potentialAction\":[{\"@type\":\"SearchAction\",\"target\":{\"@type\":\"EntryPoint\",\"urlTemplate\":\"https:\\\/\\\/creadores.org\\\/en\\\/?s={search_term_string}\"},\"query-input\":{\"@type\":\"PropertyValueSpecification\",\"valueRequired\":true,\"valueName\":\"search_term_string\"}}],\"inLanguage\":\"en-US\"},{\"@type\":\"Organization\",\"@id\":\"https:\\\/\\\/creadores.org\\\/en\\\/#organization\",\"name\":\"Asociaci\u00f3n Creadores de Moda de Espa\u00f1a | ACME\",\"url\":\"https:\\\/\\\/creadores.org\\\/en\\\/\",\"logo\":{\"@type\":\"ImageObject\",\"inLanguage\":\"en-US\",\"@id\":\"https:\\\/\\\/creadores.org\\\/en\\\/#\\\/schema\\\/logo\\\/image\\\/\",\"url\":\"https:\\\/\\\/creadores.org\\\/wp-content\\\/uploads\\\/2025\\\/06\\\/acme-logo.svg\",\"contentUrl\":\"https:\\\/\\\/creadores.org\\\/wp-content\\\/uploads\\\/2025\\\/06\\\/acme-logo.svg\",\"width\":650,\"height\":119,\"caption\":\"Asociaci\u00f3n Creadores de Moda de Espa\u00f1a | ACME\"},\"image\":{\"@id\":\"https:\\\/\\\/creadores.org\\\/en\\\/#\\\/schema\\\/logo\\\/image\\\/\"},\"sameAs\":[\"https:\\\/\\\/www.facebook.com\\\/Asociaci\u00f3n-Creadores-de-Moda-de-Espa\u00f1a-297009471514\\\/\",\"https:\\\/\\\/x.com\\\/creadoresacme\",\"https:\\\/\\\/www.instagram.com\\\/creadoresacme\\\/\"]},{\"@type\":\"Person\",\"@id\":\"https:\\\/\\\/creadores.org\\\/en\\\/#\\\/schema\\\/person\\\/b8f74b2b311ece74620ebea69597b3e0\",\"name\":\"creadores\"}]}<\/script>\n<!-- \/ Yoast SEO plugin. -->","yoast_head_json":{"title":"Etxeberria - Asociaci\u00f3n Creadores de Moda de Espa\u00f1a | ACME","robots":{"index":"index","follow":"follow","max-snippet":"max-snippet:-1","max-image-preview":"max-image-preview:large","max-video-preview":"max-video-preview:-1"},"canonical":"https:\/\/creadores.org\/en\/etxeberria\/","og_locale":"en_US","og_type":"article","og_title":"Etxeberria - Asociaci\u00f3n Creadores de Moda de Espa\u00f1a | ACME","og_description":"Etxeberria creates his own fashion brand in 2008. The Basque creator, specializing in menswear, participates in 2011 in the platform for young designers EGO at Mercedes-Benz Fashion Week Madrid, achieving, two consecutive times, the award for best collection. After presenting his creations on runways and global fashion trade shows such as Pitti Uomo in Florence, [&hellip;]","og_url":"https:\/\/creadores.org\/en\/etxeberria\/","og_site_name":"Asociaci\u00f3n Creadores de Moda de Espa\u00f1a | ACME","article_publisher":"https:\/\/www.facebook.com\/Asociaci%c3%b3n-Creadores-de-Moda-de-Espa%c3%b1a-297009471514\/","article_published_time":"2014-01-31T15:28:27+00:00","article_modified_time":"2025-06-21T12:00:07+00:00","author":"creadores","twitter_card":"summary_large_image","twitter_creator":"@creadoresacme","twitter_site":"@creadoresacme","twitter_misc":{"Written by":"creadores","Est. reading time":"1 minute"},"schema":{"@context":"https:\/\/schema.org","@graph":[{"@type":"Article","@id":"https:\/\/creadores.org\/en\/etxeberria\/#article","isPartOf":{"@id":"https:\/\/creadores.org\/en\/etxeberria\/"},"author":{"name":"creadores","@id":"https:\/\/creadores.org\/en\/#\/schema\/person\/b8f74b2b311ece74620ebea69597b3e0"},"headline":"Etxeberria","datePublished":"2014-01-31T15:28:27+00:00","dateModified":"2025-06-21T12:00:07+00:00","mainEntityOfPage":{"@id":"https:\/\/creadores.org\/en\/etxeberria\/"},"wordCount":107,"publisher":{"@id":"https:\/\/creadores.org\/en\/#organization"},"image":{"@id":"https:\/\/creadores.org\/en\/etxeberria\/#primaryimage"},"thumbnailUrl":"https:\/\/creadores.org\/wp-content\/uploads\/2014\/01\/Roberto_ETXEBERRIA_by_Rainer_Torrado.jpg","articleSection":["Noticias"],"inLanguage":"en-US"},{"@type":"WebPage","@id":"https:\/\/creadores.org\/en\/etxeberria\/","url":"https:\/\/creadores.org\/en\/etxeberria\/","name":"Etxeberria - Asociaci\u00f3n Creadores de Moda de Espa\u00f1a | ACME","isPartOf":{"@id":"https:\/\/creadores.org\/en\/#website"},"primaryImageOfPage":{"@id":"https:\/\/creadores.org\/en\/etxeberria\/#primaryimage"},"image":{"@id":"https:\/\/creadores.org\/en\/etxeberria\/#primaryimage"},"thumbnailUrl":"https:\/\/creadores.org\/wp-content\/uploads\/2014\/01\/Roberto_ETXEBERRIA_by_Rainer_Torrado.jpg","datePublished":"2014-01-31T15:28:27+00:00","dateModified":"2025-06-21T12:00:07+00:00","breadcrumb":{"@id":"https:\/\/creadores.org\/en\/etxeberria\/#breadcrumb"},"inLanguage":"en-US","potentialAction":[{"@type":"ReadAction","target":["https:\/\/creadores.org\/en\/etxeberria\/"]}]},{"@type":"ImageObject","inLanguage":"en-US","@id":"https:\/\/creadores.org\/en\/etxeberria\/#primaryimage","url":"https:\/\/creadores.org\/wp-content\/uploads\/2014\/01\/Roberto_ETXEBERRIA_by_Rainer_Torrado.jpg","contentUrl":"https:\/\/creadores.org\/wp-content\/uploads\/2014\/01\/Roberto_ETXEBERRIA_by_Rainer_Torrado.jpg","width":165,"height":175},{"@type":"BreadcrumbList","@id":"https:\/\/creadores.org\/en\/etxeberria\/#breadcrumb","itemListElement":[{"@type":"ListItem","position":1,"name":"Portada","item":"https:\/\/creadores.org\/en\/"},{"@type":"ListItem","position":2,"name":"Etxeberria"}]},{"@type":"WebSite","@id":"https:\/\/creadores.org\/en\/#website","url":"https:\/\/creadores.org\/en\/","name":"Asociaci\u00f3n Creadores de Moda de Espa\u00f1a | ACME","description":"La Asociaci\u00f3n Creadores de Moda de Espa\u00f1a (ACME) es una organizaci\u00f3n profesional sin \u00e1nimo de lucro fundada en 1988","publisher":{"@id":"https:\/\/creadores.org\/en\/#organization"},"potentialAction":[{"@type":"SearchAction","target":{"@type":"EntryPoint","urlTemplate":"https:\/\/creadores.org\/en\/?s={search_term_string}"},"query-input":{"@type":"PropertyValueSpecification","valueRequired":true,"valueName":"search_term_string"}}],"inLanguage":"en-US"},{"@type":"Organization","@id":"https:\/\/creadores.org\/en\/#organization","name":"Asociaci\u00f3n Creadores de Moda de Espa\u00f1a | ACME","url":"https:\/\/creadores.org\/en\/","logo":{"@type":"ImageObject","inLanguage":"en-US","@id":"https:\/\/creadores.org\/en\/#\/schema\/logo\/image\/","url":"https:\/\/creadores.org\/wp-content\/uploads\/2025\/06\/acme-logo.svg","contentUrl":"https:\/\/creadores.org\/wp-content\/uploads\/2025\/06\/acme-logo.svg","width":650,"height":119,"caption":"Asociaci\u00f3n Creadores de Moda de Espa\u00f1a | ACME"},"image":{"@id":"https:\/\/creadores.org\/en\/#\/schema\/logo\/image\/"},"sameAs":["https:\/\/www.facebook.com\/Asociaci\u00f3n-Creadores-de-Moda-de-Espa\u00f1a-297009471514\/","https:\/\/x.com\/creadoresacme","https:\/\/www.instagram.com\/creadoresacme\/"]},{"@type":"Person","@id":"https:\/\/creadores.org\/en\/#\/schema\/person\/b8f74b2b311ece74620ebea69597b3e0","name":"creadores"}]}},"_links":{"self":[{"href":"https:\/\/creadores.org\/en\/wp-json\/wp\/v2\/posts\/24503","targetHints":{"allow":["GET"]}}],"collection":[{"href":"https:\/\/creadores.org\/en\/wp-json\/wp\/v2\/posts"}],"about":[{"href":"https:\/\/creadores.org\/en\/wp-json\/wp\/v2\/types\/post"}],"author":[{"embeddable":true,"href":"https:\/\/creadores.org\/en\/wp-json\/wp\/v2\/users\/1"}],"replies":[{"embeddable":true,"href":"https:\/\/creadores.org\/en\/wp-json\/wp\/v2\/comments?post=24503"}],"version-history":[{"count":4,"href":"https:\/\/creadores.org\/en\/wp-json\/wp\/v2\/posts\/24503\/revisions"}],"predecessor-version":[{"id":83182,"href":"https:\/\/creadores.org\/en\/wp-json\/wp\/v2\/posts\/24503\/revisions\/83182"}],"wp:featuredmedia":[{"embeddable":true,"href":"https:\/\/creadores.org\/en\/wp-json\/wp\/v2\/media\/26217"}],"wp:attachment":[{"href":"https:\/\/creadores.org\/en\/wp-json\/wp\/v2\/media?parent=24503"}],"wp:term":[{"taxonomy":"category","embeddable":true,"href":"https:\/\/creadores.org\/en\/wp-json\/wp\/v2\/categories?post=24503"},{"taxonomy":"post_tag","embeddable":true,"href":"https:\/\/creadores.org\/en\/wp-json\/wp\/v2\/tags?post=24503"}],"curies":[{"name":"wp","href":"https:\/\/api.w.org\/{rel}","templated":true}]}}