{"id":24581,"date":"2014-02-20T10:34:17","date_gmt":"2014-02-20T09:34:17","guid":{"rendered":"https:\/\/creadores.org\/ana-locking-designs-the-sweatshirts-for-arco\/"},"modified":"2025-06-21T14:03:56","modified_gmt":"2025-06-21T12:03:56","slug":"ana-locking-disena-las-sudaderas-de-arco","status":"publish","type":"post","link":"https:\/\/creadores.org\/en\/ana-locking-disena-las-sudaderas-de-arco\/","title":{"rendered":"Ana Locking designs the sweatshirts for ARCO"},"content":{"rendered":"<p>Ana Locking has been selected by Carlos Urroz, Director of the Feria Internacional de Arte Contempor\u00e1neo, to design the official costume of the entire staff of ARCO.<\/p>\n<p>The designer has created two models of sweatshirts, in tune with her two latest collections, incorporating the &#8220;A&#8221; of ARCO integrated into a phrase full of intention and irony as is &#8220;THIS IS NOT A FASHION SWEATSHIRT&#8221; which at the same time arises from the iconic image of Magritte&#8217;s painting &#8220;Ceci n\u00e9st pas une pipe&#8221;.<\/p>\n<p>Two different versions have been created in two different qualities, one for staff (screen printed) and another premium (screen printed and embroidered) that can be purchased at the stand of Ana Locking in ARCO (No. 7104 in Hall 7) where also will be available for purchase special editions of the collections &#8220;McGuffin&#8221; and &#8221; What Does God Say &#8221; (65\u20ac ARCO official sweatshirt and 80\u20ac the special edition Ana Locking collection).<\/p>\n","protected":false},"excerpt":{"rendered":"<p>Ana Locking has been selected by Carlos Urroz, Director of the Feria Internacional de Arte Contempor\u00e1neo, to design the official costume of the entire staff of ARCO. The designer has created two models of sweatshirts, in tune with her two latest collections, incorporating the &#8220;A&#8221; of ARCO integrated into a phrase full of intention and [&hellip;]<\/p>\n","protected":false},"author":4,"featured_media":25962,"comment_status":"closed","ping_status":"closed","sticky":false,"template":"","format":"standard","meta":{"footnotes":""},"categories":[1163,6],"tags":[1215],"class_list":["post-24581","post","type-post","status-publish","format-standard","has-post-thumbnail","hentry","category-news","category-noticias","tag-ana-locking-en"],"yoast_head":"<!-- This site is optimized with the Yoast SEO plugin v27.4 - https:\/\/yoast.com\/product\/yoast-seo-wordpress\/ -->\n<title>Ana Locking designs the sweatshirts for ARCO - Asociaci\u00f3n Creadores de Moda de Espa\u00f1a | ACME<\/title>\n<meta name=\"robots\" content=\"index, follow, max-snippet:-1, max-image-preview:large, max-video-preview:-1\" \/>\n<link rel=\"canonical\" href=\"https:\/\/creadores.org\/en\/ana-locking-disena-las-sudaderas-de-arco\/\" \/>\n<meta property=\"og:locale\" content=\"en_US\" \/>\n<meta property=\"og:type\" content=\"article\" \/>\n<meta property=\"og:title\" content=\"Ana Locking designs the sweatshirts for ARCO - Asociaci\u00f3n Creadores de Moda de Espa\u00f1a | ACME\" \/>\n<meta property=\"og:description\" content=\"Ana Locking has been selected by Carlos Urroz, Director of the Feria Internacional de Arte Contempor\u00e1neo, to design the official costume of the entire staff of ARCO. The designer has created two models of sweatshirts, in tune with her two latest collections, incorporating the &#8220;A&#8221; of ARCO integrated into a phrase full of intention and [&hellip;]\" \/>\n<meta property=\"og:url\" content=\"https:\/\/creadores.org\/en\/ana-locking-disena-las-sudaderas-de-arco\/\" \/>\n<meta property=\"og:site_name\" content=\"Asociaci\u00f3n Creadores de Moda de Espa\u00f1a | ACME\" \/>\n<meta property=\"article:publisher\" content=\"https:\/\/www.facebook.com\/Asociaci%c3%b3n-Creadores-de-Moda-de-Espa%c3%b1a-297009471514\/\" \/>\n<meta property=\"article:published_time\" content=\"2014-02-20T09:34:17+00:00\" \/>\n<meta property=\"article:modified_time\" content=\"2025-06-21T12:03:56+00:00\" \/>\n<meta name=\"author\" content=\"Felipe\" \/>\n<meta name=\"twitter:card\" content=\"summary_large_image\" \/>\n<meta name=\"twitter:creator\" content=\"@creadoresacme\" \/>\n<meta name=\"twitter:site\" content=\"@creadoresacme\" \/>\n<meta name=\"twitter:label1\" content=\"Written by\" \/>\n\t<meta name=\"twitter:data1\" content=\"Felipe\" \/>\n\t<meta name=\"twitter:label2\" content=\"Est. reading time\" \/>\n\t<meta name=\"twitter:data2\" content=\"1 minute\" \/>\n<script type=\"application\/ld+json\" class=\"yoast-schema-graph\">{\"@context\":\"https:\\\/\\\/schema.org\",\"@graph\":[{\"@type\":\"Article\",\"@id\":\"https:\\\/\\\/creadores.org\\\/en\\\/ana-locking-disena-las-sudaderas-de-arco\\\/#article\",\"isPartOf\":{\"@id\":\"https:\\\/\\\/creadores.org\\\/en\\\/ana-locking-disena-las-sudaderas-de-arco\\\/\"},\"author\":{\"name\":\"Felipe\",\"@id\":\"https:\\\/\\\/creadores.org\\\/en\\\/#\\\/schema\\\/person\\\/fdf61cde9f2e71e9cefe26613b50a079\"},\"headline\":\"Ana Locking designs the sweatshirts for ARCO\",\"datePublished\":\"2014-02-20T09:34:17+00:00\",\"dateModified\":\"2025-06-21T12:03:56+00:00\",\"mainEntityOfPage\":{\"@id\":\"https:\\\/\\\/creadores.org\\\/en\\\/ana-locking-disena-las-sudaderas-de-arco\\\/\"},\"wordCount\":157,\"publisher\":{\"@id\":\"https:\\\/\\\/creadores.org\\\/en\\\/#organization\"},\"image\":{\"@id\":\"https:\\\/\\\/creadores.org\\\/en\\\/ana-locking-disena-las-sudaderas-de-arco\\\/#primaryimage\"},\"thumbnailUrl\":\"https:\\\/\\\/creadores.org\\\/wp-content\\\/uploads\\\/2014\\\/02\\\/Ana_Locking_ARCO_web.jpg\",\"keywords\":[\"Ana Locking\"],\"articleSection\":[\"News\",\"Noticias\"],\"inLanguage\":\"en-US\"},{\"@type\":\"WebPage\",\"@id\":\"https:\\\/\\\/creadores.org\\\/en\\\/ana-locking-disena-las-sudaderas-de-arco\\\/\",\"url\":\"https:\\\/\\\/creadores.org\\\/en\\\/ana-locking-disena-las-sudaderas-de-arco\\\/\",\"name\":\"Ana Locking designs the sweatshirts for ARCO - Asociaci\u00f3n Creadores de Moda de Espa\u00f1a | ACME\",\"isPartOf\":{\"@id\":\"https:\\\/\\\/creadores.org\\\/en\\\/#website\"},\"primaryImageOfPage\":{\"@id\":\"https:\\\/\\\/creadores.org\\\/en\\\/ana-locking-disena-las-sudaderas-de-arco\\\/#primaryimage\"},\"image\":{\"@id\":\"https:\\\/\\\/creadores.org\\\/en\\\/ana-locking-disena-las-sudaderas-de-arco\\\/#primaryimage\"},\"thumbnailUrl\":\"https:\\\/\\\/creadores.org\\\/wp-content\\\/uploads\\\/2014\\\/02\\\/Ana_Locking_ARCO_web.jpg\",\"datePublished\":\"2014-02-20T09:34:17+00:00\",\"dateModified\":\"2025-06-21T12:03:56+00:00\",\"breadcrumb\":{\"@id\":\"https:\\\/\\\/creadores.org\\\/en\\\/ana-locking-disena-las-sudaderas-de-arco\\\/#breadcrumb\"},\"inLanguage\":\"en-US\",\"potentialAction\":[{\"@type\":\"ReadAction\",\"target\":[\"https:\\\/\\\/creadores.org\\\/en\\\/ana-locking-disena-las-sudaderas-de-arco\\\/\"]}]},{\"@type\":\"ImageObject\",\"inLanguage\":\"en-US\",\"@id\":\"https:\\\/\\\/creadores.org\\\/en\\\/ana-locking-disena-las-sudaderas-de-arco\\\/#primaryimage\",\"url\":\"https:\\\/\\\/creadores.org\\\/wp-content\\\/uploads\\\/2014\\\/02\\\/Ana_Locking_ARCO_web.jpg\",\"contentUrl\":\"https:\\\/\\\/creadores.org\\\/wp-content\\\/uploads\\\/2014\\\/02\\\/Ana_Locking_ARCO_web.jpg\",\"width\":1200,\"height\":515},{\"@type\":\"BreadcrumbList\",\"@id\":\"https:\\\/\\\/creadores.org\\\/en\\\/ana-locking-disena-las-sudaderas-de-arco\\\/#breadcrumb\",\"itemListElement\":[{\"@type\":\"ListItem\",\"position\":1,\"name\":\"Portada\",\"item\":\"https:\\\/\\\/creadores.org\\\/en\\\/\"},{\"@type\":\"ListItem\",\"position\":2,\"name\":\"Ana Locking designs the sweatshirts for ARCO\"}]},{\"@type\":\"WebSite\",\"@id\":\"https:\\\/\\\/creadores.org\\\/en\\\/#website\",\"url\":\"https:\\\/\\\/creadores.org\\\/en\\\/\",\"name\":\"Asociaci\u00f3n Creadores de Moda de Espa\u00f1a | ACME\",\"description\":\"La Asociaci\u00f3n Creadores de Moda de Espa\u00f1a (ACME) es una organizaci\u00f3n profesional sin \u00e1nimo de lucro fundada en 1988\",\"publisher\":{\"@id\":\"https:\\\/\\\/creadores.org\\\/en\\\/#organization\"},\"potentialAction\":[{\"@type\":\"SearchAction\",\"target\":{\"@type\":\"EntryPoint\",\"urlTemplate\":\"https:\\\/\\\/creadores.org\\\/en\\\/?s={search_term_string}\"},\"query-input\":{\"@type\":\"PropertyValueSpecification\",\"valueRequired\":true,\"valueName\":\"search_term_string\"}}],\"inLanguage\":\"en-US\"},{\"@type\":\"Organization\",\"@id\":\"https:\\\/\\\/creadores.org\\\/en\\\/#organization\",\"name\":\"Asociaci\u00f3n Creadores de Moda de Espa\u00f1a | ACME\",\"url\":\"https:\\\/\\\/creadores.org\\\/en\\\/\",\"logo\":{\"@type\":\"ImageObject\",\"inLanguage\":\"en-US\",\"@id\":\"https:\\\/\\\/creadores.org\\\/en\\\/#\\\/schema\\\/logo\\\/image\\\/\",\"url\":\"https:\\\/\\\/creadores.org\\\/wp-content\\\/uploads\\\/2025\\\/06\\\/acme-logo.svg\",\"contentUrl\":\"https:\\\/\\\/creadores.org\\\/wp-content\\\/uploads\\\/2025\\\/06\\\/acme-logo.svg\",\"width\":650,\"height\":119,\"caption\":\"Asociaci\u00f3n Creadores de Moda de Espa\u00f1a | ACME\"},\"image\":{\"@id\":\"https:\\\/\\\/creadores.org\\\/en\\\/#\\\/schema\\\/logo\\\/image\\\/\"},\"sameAs\":[\"https:\\\/\\\/www.facebook.com\\\/Asociaci\u00f3n-Creadores-de-Moda-de-Espa\u00f1a-297009471514\\\/\",\"https:\\\/\\\/x.com\\\/creadoresacme\",\"https:\\\/\\\/www.instagram.com\\\/creadoresacme\\\/\"]},{\"@type\":\"Person\",\"@id\":\"https:\\\/\\\/creadores.org\\\/en\\\/#\\\/schema\\\/person\\\/fdf61cde9f2e71e9cefe26613b50a079\",\"name\":\"Felipe\"}]}<\/script>\n<!-- \/ Yoast SEO plugin. -->","yoast_head_json":{"title":"Ana Locking designs the sweatshirts for ARCO - Asociaci\u00f3n Creadores de Moda de Espa\u00f1a | ACME","robots":{"index":"index","follow":"follow","max-snippet":"max-snippet:-1","max-image-preview":"max-image-preview:large","max-video-preview":"max-video-preview:-1"},"canonical":"https:\/\/creadores.org\/en\/ana-locking-disena-las-sudaderas-de-arco\/","og_locale":"en_US","og_type":"article","og_title":"Ana Locking designs the sweatshirts for ARCO - Asociaci\u00f3n Creadores de Moda de Espa\u00f1a | ACME","og_description":"Ana Locking has been selected by Carlos Urroz, Director of the Feria Internacional de Arte Contempor\u00e1neo, to design the official costume of the entire staff of ARCO. The designer has created two models of sweatshirts, in tune with her two latest collections, incorporating the &#8220;A&#8221; of ARCO integrated into a phrase full of intention and [&hellip;]","og_url":"https:\/\/creadores.org\/en\/ana-locking-disena-las-sudaderas-de-arco\/","og_site_name":"Asociaci\u00f3n Creadores de Moda de Espa\u00f1a | ACME","article_publisher":"https:\/\/www.facebook.com\/Asociaci%c3%b3n-Creadores-de-Moda-de-Espa%c3%b1a-297009471514\/","article_published_time":"2014-02-20T09:34:17+00:00","article_modified_time":"2025-06-21T12:03:56+00:00","author":"Felipe","twitter_card":"summary_large_image","twitter_creator":"@creadoresacme","twitter_site":"@creadoresacme","twitter_misc":{"Written by":"Felipe","Est. reading time":"1 minute"},"schema":{"@context":"https:\/\/schema.org","@graph":[{"@type":"Article","@id":"https:\/\/creadores.org\/en\/ana-locking-disena-las-sudaderas-de-arco\/#article","isPartOf":{"@id":"https:\/\/creadores.org\/en\/ana-locking-disena-las-sudaderas-de-arco\/"},"author":{"name":"Felipe","@id":"https:\/\/creadores.org\/en\/#\/schema\/person\/fdf61cde9f2e71e9cefe26613b50a079"},"headline":"Ana Locking designs the sweatshirts for ARCO","datePublished":"2014-02-20T09:34:17+00:00","dateModified":"2025-06-21T12:03:56+00:00","mainEntityOfPage":{"@id":"https:\/\/creadores.org\/en\/ana-locking-disena-las-sudaderas-de-arco\/"},"wordCount":157,"publisher":{"@id":"https:\/\/creadores.org\/en\/#organization"},"image":{"@id":"https:\/\/creadores.org\/en\/ana-locking-disena-las-sudaderas-de-arco\/#primaryimage"},"thumbnailUrl":"https:\/\/creadores.org\/wp-content\/uploads\/2014\/02\/Ana_Locking_ARCO_web.jpg","keywords":["Ana Locking"],"articleSection":["News","Noticias"],"inLanguage":"en-US"},{"@type":"WebPage","@id":"https:\/\/creadores.org\/en\/ana-locking-disena-las-sudaderas-de-arco\/","url":"https:\/\/creadores.org\/en\/ana-locking-disena-las-sudaderas-de-arco\/","name":"Ana Locking designs the sweatshirts for ARCO - Asociaci\u00f3n Creadores de Moda de Espa\u00f1a | ACME","isPartOf":{"@id":"https:\/\/creadores.org\/en\/#website"},"primaryImageOfPage":{"@id":"https:\/\/creadores.org\/en\/ana-locking-disena-las-sudaderas-de-arco\/#primaryimage"},"image":{"@id":"https:\/\/creadores.org\/en\/ana-locking-disena-las-sudaderas-de-arco\/#primaryimage"},"thumbnailUrl":"https:\/\/creadores.org\/wp-content\/uploads\/2014\/02\/Ana_Locking_ARCO_web.jpg","datePublished":"2014-02-20T09:34:17+00:00","dateModified":"2025-06-21T12:03:56+00:00","breadcrumb":{"@id":"https:\/\/creadores.org\/en\/ana-locking-disena-las-sudaderas-de-arco\/#breadcrumb"},"inLanguage":"en-US","potentialAction":[{"@type":"ReadAction","target":["https:\/\/creadores.org\/en\/ana-locking-disena-las-sudaderas-de-arco\/"]}]},{"@type":"ImageObject","inLanguage":"en-US","@id":"https:\/\/creadores.org\/en\/ana-locking-disena-las-sudaderas-de-arco\/#primaryimage","url":"https:\/\/creadores.org\/wp-content\/uploads\/2014\/02\/Ana_Locking_ARCO_web.jpg","contentUrl":"https:\/\/creadores.org\/wp-content\/uploads\/2014\/02\/Ana_Locking_ARCO_web.jpg","width":1200,"height":515},{"@type":"BreadcrumbList","@id":"https:\/\/creadores.org\/en\/ana-locking-disena-las-sudaderas-de-arco\/#breadcrumb","itemListElement":[{"@type":"ListItem","position":1,"name":"Portada","item":"https:\/\/creadores.org\/en\/"},{"@type":"ListItem","position":2,"name":"Ana Locking designs the sweatshirts for ARCO"}]},{"@type":"WebSite","@id":"https:\/\/creadores.org\/en\/#website","url":"https:\/\/creadores.org\/en\/","name":"Asociaci\u00f3n Creadores de Moda de Espa\u00f1a | ACME","description":"La Asociaci\u00f3n Creadores de Moda de Espa\u00f1a (ACME) es una organizaci\u00f3n profesional sin \u00e1nimo de lucro fundada en 1988","publisher":{"@id":"https:\/\/creadores.org\/en\/#organization"},"potentialAction":[{"@type":"SearchAction","target":{"@type":"EntryPoint","urlTemplate":"https:\/\/creadores.org\/en\/?s={search_term_string}"},"query-input":{"@type":"PropertyValueSpecification","valueRequired":true,"valueName":"search_term_string"}}],"inLanguage":"en-US"},{"@type":"Organization","@id":"https:\/\/creadores.org\/en\/#organization","name":"Asociaci\u00f3n Creadores de Moda de Espa\u00f1a | ACME","url":"https:\/\/creadores.org\/en\/","logo":{"@type":"ImageObject","inLanguage":"en-US","@id":"https:\/\/creadores.org\/en\/#\/schema\/logo\/image\/","url":"https:\/\/creadores.org\/wp-content\/uploads\/2025\/06\/acme-logo.svg","contentUrl":"https:\/\/creadores.org\/wp-content\/uploads\/2025\/06\/acme-logo.svg","width":650,"height":119,"caption":"Asociaci\u00f3n Creadores de Moda de Espa\u00f1a | ACME"},"image":{"@id":"https:\/\/creadores.org\/en\/#\/schema\/logo\/image\/"},"sameAs":["https:\/\/www.facebook.com\/Asociaci\u00f3n-Creadores-de-Moda-de-Espa\u00f1a-297009471514\/","https:\/\/x.com\/creadoresacme","https:\/\/www.instagram.com\/creadoresacme\/"]},{"@type":"Person","@id":"https:\/\/creadores.org\/en\/#\/schema\/person\/fdf61cde9f2e71e9cefe26613b50a079","name":"Felipe"}]}},"_links":{"self":[{"href":"https:\/\/creadores.org\/en\/wp-json\/wp\/v2\/posts\/24581","targetHints":{"allow":["GET"]}}],"collection":[{"href":"https:\/\/creadores.org\/en\/wp-json\/wp\/v2\/posts"}],"about":[{"href":"https:\/\/creadores.org\/en\/wp-json\/wp\/v2\/types\/post"}],"author":[{"embeddable":true,"href":"https:\/\/creadores.org\/en\/wp-json\/wp\/v2\/users\/4"}],"replies":[{"embeddable":true,"href":"https:\/\/creadores.org\/en\/wp-json\/wp\/v2\/comments?post=24581"}],"version-history":[{"count":3,"href":"https:\/\/creadores.org\/en\/wp-json\/wp\/v2\/posts\/24581\/revisions"}],"predecessor-version":[{"id":80452,"href":"https:\/\/creadores.org\/en\/wp-json\/wp\/v2\/posts\/24581\/revisions\/80452"}],"wp:featuredmedia":[{"embeddable":true,"href":"https:\/\/creadores.org\/en\/wp-json\/wp\/v2\/media\/25962"}],"wp:attachment":[{"href":"https:\/\/creadores.org\/en\/wp-json\/wp\/v2\/media?parent=24581"}],"wp:term":[{"taxonomy":"category","embeddable":true,"href":"https:\/\/creadores.org\/en\/wp-json\/wp\/v2\/categories?post=24581"},{"taxonomy":"post_tag","embeddable":true,"href":"https:\/\/creadores.org\/en\/wp-json\/wp\/v2\/tags?post=24581"}],"curies":[{"name":"wp","href":"https:\/\/api.w.org\/{rel}","templated":true}]}}