{"id":24603,"date":"2014-04-10T17:25:18","date_gmt":"2014-04-10T15:25:18","guid":{"rendered":"https:\/\/creadores.org\/agatha-ruiz-de-la-prada-beatrice-lecomte\/"},"modified":"2025-06-21T14:04:43","modified_gmt":"2025-06-21T12:04:43","slug":"agatha-ruiz-de-la-prada-beatrice-lecomte-2","status":"publish","type":"post","link":"https:\/\/creadores.org\/en\/agatha-ruiz-de-la-prada-beatrice-lecomte-2\/","title":{"rendered":"Agatha Ruiz de la Prada + B\u00e9atrice Lecomte"},"content":{"rendered":"<p>The store in Madrid of Agatha Ruiz de la Prada (Calle Serrano, 27) hosted an exhibit with the work of French artist B\u00e9atrice Lecomte.<\/p>\n<p>Original miniature boxes inspired by different artists and personalities, where we become spectators of scenes with Obama, Basquiat, Warhol, Almod\u00f3var or Agatha Ruiz de la Prada herself as protagonists.<\/p>\n<p>Distinct portraits between four transparent walls that can be visited until April 12<sup>th<\/sup> \u00a0in Madrid.<\/p>\n","protected":false},"excerpt":{"rendered":"<p>The store in Madrid of Agatha Ruiz de la Prada (Calle Serrano, 27) hosted an exhibit with the work of French artist B\u00e9atrice Lecomte. Original miniature boxes inspired by different artists and personalities, where we become spectators of scenes with Obama, Basquiat, Warhol, Almod\u00f3var or Agatha Ruiz de la Prada herself as protagonists. Distinct portraits [&hellip;]<\/p>\n","protected":false},"author":4,"featured_media":82118,"comment_status":"closed","ping_status":"closed","sticky":false,"template":"","format":"standard","meta":{"footnotes":""},"categories":[6],"tags":[],"class_list":["post-24603","post","type-post","status-publish","format-standard","has-post-thumbnail","hentry","category-noticias"],"yoast_head":"<!-- This site is optimized with the Yoast SEO plugin v27.4 - https:\/\/yoast.com\/product\/yoast-seo-wordpress\/ -->\n<title>Agatha Ruiz de la Prada + B\u00e9atrice Lecomte - Asociaci\u00f3n Creadores de Moda de Espa\u00f1a | ACME<\/title>\n<meta name=\"robots\" content=\"index, follow, max-snippet:-1, max-image-preview:large, max-video-preview:-1\" \/>\n<link rel=\"canonical\" href=\"https:\/\/creadores.org\/en\/agatha-ruiz-de-la-prada-beatrice-lecomte-2\/\" \/>\n<meta property=\"og:locale\" content=\"en_US\" \/>\n<meta property=\"og:type\" content=\"article\" \/>\n<meta property=\"og:title\" content=\"Agatha Ruiz de la Prada + B\u00e9atrice Lecomte - Asociaci\u00f3n Creadores de Moda de Espa\u00f1a | ACME\" \/>\n<meta property=\"og:description\" content=\"The store in Madrid of Agatha Ruiz de la Prada (Calle Serrano, 27) hosted an exhibit with the work of French artist B\u00e9atrice Lecomte. Original miniature boxes inspired by different artists and personalities, where we become spectators of scenes with Obama, Basquiat, Warhol, Almod\u00f3var or Agatha Ruiz de la Prada herself as protagonists. Distinct portraits [&hellip;]\" \/>\n<meta property=\"og:url\" content=\"https:\/\/creadores.org\/en\/agatha-ruiz-de-la-prada-beatrice-lecomte-2\/\" \/>\n<meta property=\"og:site_name\" content=\"Asociaci\u00f3n Creadores de Moda de Espa\u00f1a | ACME\" \/>\n<meta property=\"article:publisher\" content=\"https:\/\/www.facebook.com\/Asociaci%c3%b3n-Creadores-de-Moda-de-Espa%c3%b1a-297009471514\/\" \/>\n<meta property=\"article:published_time\" content=\"2014-04-10T15:25:18+00:00\" \/>\n<meta property=\"article:modified_time\" content=\"2025-06-21T12:04:43+00:00\" \/>\n<meta name=\"author\" content=\"Felipe\" \/>\n<meta name=\"twitter:card\" content=\"summary_large_image\" \/>\n<meta name=\"twitter:creator\" content=\"@creadoresacme\" \/>\n<meta name=\"twitter:site\" content=\"@creadoresacme\" \/>\n<meta name=\"twitter:label1\" content=\"Written by\" \/>\n\t<meta name=\"twitter:data1\" content=\"Felipe\" \/>\n<script type=\"application\/ld+json\" class=\"yoast-schema-graph\">{\"@context\":\"https:\\\/\\\/schema.org\",\"@graph\":[{\"@type\":\"Article\",\"@id\":\"https:\\\/\\\/creadores.org\\\/en\\\/agatha-ruiz-de-la-prada-beatrice-lecomte-2\\\/#article\",\"isPartOf\":{\"@id\":\"https:\\\/\\\/creadores.org\\\/en\\\/agatha-ruiz-de-la-prada-beatrice-lecomte-2\\\/\"},\"author\":{\"name\":\"Felipe\",\"@id\":\"https:\\\/\\\/creadores.org\\\/en\\\/#\\\/schema\\\/person\\\/fdf61cde9f2e71e9cefe26613b50a079\"},\"headline\":\"Agatha Ruiz de la Prada + B\u00e9atrice Lecomte\",\"datePublished\":\"2014-04-10T15:25:18+00:00\",\"dateModified\":\"2025-06-21T12:04:43+00:00\",\"mainEntityOfPage\":{\"@id\":\"https:\\\/\\\/creadores.org\\\/en\\\/agatha-ruiz-de-la-prada-beatrice-lecomte-2\\\/\"},\"wordCount\":77,\"publisher\":{\"@id\":\"https:\\\/\\\/creadores.org\\\/en\\\/#organization\"},\"image\":{\"@id\":\"https:\\\/\\\/creadores.org\\\/en\\\/agatha-ruiz-de-la-prada-beatrice-lecomte-2\\\/#primaryimage\"},\"thumbnailUrl\":\"https:\\\/\\\/creadores.org\\\/wp-content\\\/uploads\\\/2025\\\/06\\\/Jeff-Koons-.Le-coeur.jpg-2.jpg\",\"articleSection\":[\"Noticias\"],\"inLanguage\":\"en-US\"},{\"@type\":\"WebPage\",\"@id\":\"https:\\\/\\\/creadores.org\\\/en\\\/agatha-ruiz-de-la-prada-beatrice-lecomte-2\\\/\",\"url\":\"https:\\\/\\\/creadores.org\\\/en\\\/agatha-ruiz-de-la-prada-beatrice-lecomte-2\\\/\",\"name\":\"Agatha Ruiz de la Prada + B\u00e9atrice Lecomte - Asociaci\u00f3n Creadores de Moda de Espa\u00f1a | ACME\",\"isPartOf\":{\"@id\":\"https:\\\/\\\/creadores.org\\\/en\\\/#website\"},\"primaryImageOfPage\":{\"@id\":\"https:\\\/\\\/creadores.org\\\/en\\\/agatha-ruiz-de-la-prada-beatrice-lecomte-2\\\/#primaryimage\"},\"image\":{\"@id\":\"https:\\\/\\\/creadores.org\\\/en\\\/agatha-ruiz-de-la-prada-beatrice-lecomte-2\\\/#primaryimage\"},\"thumbnailUrl\":\"https:\\\/\\\/creadores.org\\\/wp-content\\\/uploads\\\/2025\\\/06\\\/Jeff-Koons-.Le-coeur.jpg-2.jpg\",\"datePublished\":\"2014-04-10T15:25:18+00:00\",\"dateModified\":\"2025-06-21T12:04:43+00:00\",\"breadcrumb\":{\"@id\":\"https:\\\/\\\/creadores.org\\\/en\\\/agatha-ruiz-de-la-prada-beatrice-lecomte-2\\\/#breadcrumb\"},\"inLanguage\":\"en-US\",\"potentialAction\":[{\"@type\":\"ReadAction\",\"target\":[\"https:\\\/\\\/creadores.org\\\/en\\\/agatha-ruiz-de-la-prada-beatrice-lecomte-2\\\/\"]}]},{\"@type\":\"ImageObject\",\"inLanguage\":\"en-US\",\"@id\":\"https:\\\/\\\/creadores.org\\\/en\\\/agatha-ruiz-de-la-prada-beatrice-lecomte-2\\\/#primaryimage\",\"url\":\"https:\\\/\\\/creadores.org\\\/wp-content\\\/uploads\\\/2025\\\/06\\\/Jeff-Koons-.Le-coeur.jpg-2.jpg\",\"contentUrl\":\"https:\\\/\\\/creadores.org\\\/wp-content\\\/uploads\\\/2025\\\/06\\\/Jeff-Koons-.Le-coeur.jpg-2.jpg\",\"width\":1200,\"height\":763},{\"@type\":\"BreadcrumbList\",\"@id\":\"https:\\\/\\\/creadores.org\\\/en\\\/agatha-ruiz-de-la-prada-beatrice-lecomte-2\\\/#breadcrumb\",\"itemListElement\":[{\"@type\":\"ListItem\",\"position\":1,\"name\":\"Portada\",\"item\":\"https:\\\/\\\/creadores.org\\\/en\\\/\"},{\"@type\":\"ListItem\",\"position\":2,\"name\":\"Agatha Ruiz de la Prada + B\u00e9atrice Lecomte\"}]},{\"@type\":\"WebSite\",\"@id\":\"https:\\\/\\\/creadores.org\\\/en\\\/#website\",\"url\":\"https:\\\/\\\/creadores.org\\\/en\\\/\",\"name\":\"Asociaci\u00f3n Creadores de Moda de Espa\u00f1a | ACME\",\"description\":\"La Asociaci\u00f3n Creadores de Moda de Espa\u00f1a (ACME) es una organizaci\u00f3n profesional sin \u00e1nimo de lucro fundada en 1988\",\"publisher\":{\"@id\":\"https:\\\/\\\/creadores.org\\\/en\\\/#organization\"},\"potentialAction\":[{\"@type\":\"SearchAction\",\"target\":{\"@type\":\"EntryPoint\",\"urlTemplate\":\"https:\\\/\\\/creadores.org\\\/en\\\/?s={search_term_string}\"},\"query-input\":{\"@type\":\"PropertyValueSpecification\",\"valueRequired\":true,\"valueName\":\"search_term_string\"}}],\"inLanguage\":\"en-US\"},{\"@type\":\"Organization\",\"@id\":\"https:\\\/\\\/creadores.org\\\/en\\\/#organization\",\"name\":\"Asociaci\u00f3n Creadores de Moda de Espa\u00f1a | ACME\",\"url\":\"https:\\\/\\\/creadores.org\\\/en\\\/\",\"logo\":{\"@type\":\"ImageObject\",\"inLanguage\":\"en-US\",\"@id\":\"https:\\\/\\\/creadores.org\\\/en\\\/#\\\/schema\\\/logo\\\/image\\\/\",\"url\":\"https:\\\/\\\/creadores.org\\\/wp-content\\\/uploads\\\/2025\\\/06\\\/acme-logo.svg\",\"contentUrl\":\"https:\\\/\\\/creadores.org\\\/wp-content\\\/uploads\\\/2025\\\/06\\\/acme-logo.svg\",\"width\":650,\"height\":119,\"caption\":\"Asociaci\u00f3n Creadores de Moda de Espa\u00f1a | ACME\"},\"image\":{\"@id\":\"https:\\\/\\\/creadores.org\\\/en\\\/#\\\/schema\\\/logo\\\/image\\\/\"},\"sameAs\":[\"https:\\\/\\\/www.facebook.com\\\/Asociaci\u00f3n-Creadores-de-Moda-de-Espa\u00f1a-297009471514\\\/\",\"https:\\\/\\\/x.com\\\/creadoresacme\",\"https:\\\/\\\/www.instagram.com\\\/creadoresacme\\\/\"]},{\"@type\":\"Person\",\"@id\":\"https:\\\/\\\/creadores.org\\\/en\\\/#\\\/schema\\\/person\\\/fdf61cde9f2e71e9cefe26613b50a079\",\"name\":\"Felipe\"}]}<\/script>\n<!-- \/ Yoast SEO plugin. -->","yoast_head_json":{"title":"Agatha Ruiz de la Prada + B\u00e9atrice Lecomte - Asociaci\u00f3n Creadores de Moda de Espa\u00f1a | ACME","robots":{"index":"index","follow":"follow","max-snippet":"max-snippet:-1","max-image-preview":"max-image-preview:large","max-video-preview":"max-video-preview:-1"},"canonical":"https:\/\/creadores.org\/en\/agatha-ruiz-de-la-prada-beatrice-lecomte-2\/","og_locale":"en_US","og_type":"article","og_title":"Agatha Ruiz de la Prada + B\u00e9atrice Lecomte - Asociaci\u00f3n Creadores de Moda de Espa\u00f1a | ACME","og_description":"The store in Madrid of Agatha Ruiz de la Prada (Calle Serrano, 27) hosted an exhibit with the work of French artist B\u00e9atrice Lecomte. Original miniature boxes inspired by different artists and personalities, where we become spectators of scenes with Obama, Basquiat, Warhol, Almod\u00f3var or Agatha Ruiz de la Prada herself as protagonists. Distinct portraits [&hellip;]","og_url":"https:\/\/creadores.org\/en\/agatha-ruiz-de-la-prada-beatrice-lecomte-2\/","og_site_name":"Asociaci\u00f3n Creadores de Moda de Espa\u00f1a | ACME","article_publisher":"https:\/\/www.facebook.com\/Asociaci%c3%b3n-Creadores-de-Moda-de-Espa%c3%b1a-297009471514\/","article_published_time":"2014-04-10T15:25:18+00:00","article_modified_time":"2025-06-21T12:04:43+00:00","author":"Felipe","twitter_card":"summary_large_image","twitter_creator":"@creadoresacme","twitter_site":"@creadoresacme","twitter_misc":{"Written by":"Felipe"},"schema":{"@context":"https:\/\/schema.org","@graph":[{"@type":"Article","@id":"https:\/\/creadores.org\/en\/agatha-ruiz-de-la-prada-beatrice-lecomte-2\/#article","isPartOf":{"@id":"https:\/\/creadores.org\/en\/agatha-ruiz-de-la-prada-beatrice-lecomte-2\/"},"author":{"name":"Felipe","@id":"https:\/\/creadores.org\/en\/#\/schema\/person\/fdf61cde9f2e71e9cefe26613b50a079"},"headline":"Agatha Ruiz de la Prada + B\u00e9atrice Lecomte","datePublished":"2014-04-10T15:25:18+00:00","dateModified":"2025-06-21T12:04:43+00:00","mainEntityOfPage":{"@id":"https:\/\/creadores.org\/en\/agatha-ruiz-de-la-prada-beatrice-lecomte-2\/"},"wordCount":77,"publisher":{"@id":"https:\/\/creadores.org\/en\/#organization"},"image":{"@id":"https:\/\/creadores.org\/en\/agatha-ruiz-de-la-prada-beatrice-lecomte-2\/#primaryimage"},"thumbnailUrl":"https:\/\/creadores.org\/wp-content\/uploads\/2025\/06\/Jeff-Koons-.Le-coeur.jpg-2.jpg","articleSection":["Noticias"],"inLanguage":"en-US"},{"@type":"WebPage","@id":"https:\/\/creadores.org\/en\/agatha-ruiz-de-la-prada-beatrice-lecomte-2\/","url":"https:\/\/creadores.org\/en\/agatha-ruiz-de-la-prada-beatrice-lecomte-2\/","name":"Agatha Ruiz de la Prada + B\u00e9atrice Lecomte - Asociaci\u00f3n Creadores de Moda de Espa\u00f1a | ACME","isPartOf":{"@id":"https:\/\/creadores.org\/en\/#website"},"primaryImageOfPage":{"@id":"https:\/\/creadores.org\/en\/agatha-ruiz-de-la-prada-beatrice-lecomte-2\/#primaryimage"},"image":{"@id":"https:\/\/creadores.org\/en\/agatha-ruiz-de-la-prada-beatrice-lecomte-2\/#primaryimage"},"thumbnailUrl":"https:\/\/creadores.org\/wp-content\/uploads\/2025\/06\/Jeff-Koons-.Le-coeur.jpg-2.jpg","datePublished":"2014-04-10T15:25:18+00:00","dateModified":"2025-06-21T12:04:43+00:00","breadcrumb":{"@id":"https:\/\/creadores.org\/en\/agatha-ruiz-de-la-prada-beatrice-lecomte-2\/#breadcrumb"},"inLanguage":"en-US","potentialAction":[{"@type":"ReadAction","target":["https:\/\/creadores.org\/en\/agatha-ruiz-de-la-prada-beatrice-lecomte-2\/"]}]},{"@type":"ImageObject","inLanguage":"en-US","@id":"https:\/\/creadores.org\/en\/agatha-ruiz-de-la-prada-beatrice-lecomte-2\/#primaryimage","url":"https:\/\/creadores.org\/wp-content\/uploads\/2025\/06\/Jeff-Koons-.Le-coeur.jpg-2.jpg","contentUrl":"https:\/\/creadores.org\/wp-content\/uploads\/2025\/06\/Jeff-Koons-.Le-coeur.jpg-2.jpg","width":1200,"height":763},{"@type":"BreadcrumbList","@id":"https:\/\/creadores.org\/en\/agatha-ruiz-de-la-prada-beatrice-lecomte-2\/#breadcrumb","itemListElement":[{"@type":"ListItem","position":1,"name":"Portada","item":"https:\/\/creadores.org\/en\/"},{"@type":"ListItem","position":2,"name":"Agatha Ruiz de la Prada + B\u00e9atrice Lecomte"}]},{"@type":"WebSite","@id":"https:\/\/creadores.org\/en\/#website","url":"https:\/\/creadores.org\/en\/","name":"Asociaci\u00f3n Creadores de Moda de Espa\u00f1a | ACME","description":"La Asociaci\u00f3n Creadores de Moda de Espa\u00f1a (ACME) es una organizaci\u00f3n profesional sin \u00e1nimo de lucro fundada en 1988","publisher":{"@id":"https:\/\/creadores.org\/en\/#organization"},"potentialAction":[{"@type":"SearchAction","target":{"@type":"EntryPoint","urlTemplate":"https:\/\/creadores.org\/en\/?s={search_term_string}"},"query-input":{"@type":"PropertyValueSpecification","valueRequired":true,"valueName":"search_term_string"}}],"inLanguage":"en-US"},{"@type":"Organization","@id":"https:\/\/creadores.org\/en\/#organization","name":"Asociaci\u00f3n Creadores de Moda de Espa\u00f1a | ACME","url":"https:\/\/creadores.org\/en\/","logo":{"@type":"ImageObject","inLanguage":"en-US","@id":"https:\/\/creadores.org\/en\/#\/schema\/logo\/image\/","url":"https:\/\/creadores.org\/wp-content\/uploads\/2025\/06\/acme-logo.svg","contentUrl":"https:\/\/creadores.org\/wp-content\/uploads\/2025\/06\/acme-logo.svg","width":650,"height":119,"caption":"Asociaci\u00f3n Creadores de Moda de Espa\u00f1a | ACME"},"image":{"@id":"https:\/\/creadores.org\/en\/#\/schema\/logo\/image\/"},"sameAs":["https:\/\/www.facebook.com\/Asociaci\u00f3n-Creadores-de-Moda-de-Espa\u00f1a-297009471514\/","https:\/\/x.com\/creadoresacme","https:\/\/www.instagram.com\/creadoresacme\/"]},{"@type":"Person","@id":"https:\/\/creadores.org\/en\/#\/schema\/person\/fdf61cde9f2e71e9cefe26613b50a079","name":"Felipe"}]}},"_links":{"self":[{"href":"https:\/\/creadores.org\/en\/wp-json\/wp\/v2\/posts\/24603","targetHints":{"allow":["GET"]}}],"collection":[{"href":"https:\/\/creadores.org\/en\/wp-json\/wp\/v2\/posts"}],"about":[{"href":"https:\/\/creadores.org\/en\/wp-json\/wp\/v2\/types\/post"}],"author":[{"embeddable":true,"href":"https:\/\/creadores.org\/en\/wp-json\/wp\/v2\/users\/4"}],"replies":[{"embeddable":true,"href":"https:\/\/creadores.org\/en\/wp-json\/wp\/v2\/comments?post=24603"}],"version-history":[{"count":3,"href":"https:\/\/creadores.org\/en\/wp-json\/wp\/v2\/posts\/24603\/revisions"}],"predecessor-version":[{"id":80471,"href":"https:\/\/creadores.org\/en\/wp-json\/wp\/v2\/posts\/24603\/revisions\/80471"}],"wp:featuredmedia":[{"embeddable":true,"href":"https:\/\/creadores.org\/en\/wp-json\/wp\/v2\/media\/82118"}],"wp:attachment":[{"href":"https:\/\/creadores.org\/en\/wp-json\/wp\/v2\/media?parent=24603"}],"wp:term":[{"taxonomy":"category","embeddable":true,"href":"https:\/\/creadores.org\/en\/wp-json\/wp\/v2\/categories?post=24603"},{"taxonomy":"post_tag","embeddable":true,"href":"https:\/\/creadores.org\/en\/wp-json\/wp\/v2\/tags?post=24603"}],"curies":[{"name":"wp","href":"https:\/\/api.w.org\/{rel}","templated":true}]}}