{"id":24701,"date":"2014-10-28T11:59:57","date_gmt":"2014-10-28T10:59:57","guid":{"rendered":"https:\/\/creadores.org\/maria-ke-fisherman-joins-acme\/"},"modified":"2025-06-21T14:07:43","modified_gmt":"2025-06-21T12:07:43","slug":"maria-ke-fisherman-se-incorpora-a-acme","status":"publish","type":"post","link":"https:\/\/creadores.org\/en\/maria-ke-fisherman-se-incorpora-a-acme\/","title":{"rendered":"Maria Ke Fisherman joins ACME"},"content":{"rendered":"<p><strong><a href=\"http:\/\/www.mariakefisherman.com\/\" target=\"_blank\" rel=\"noopener noreferrer\">Maria Ke Fisherman<\/a><\/strong>, the signature label winner of the latest edition of Who&#8217;s on Next, becomes a new member of the Asociaci\u00f3n Creadores de Moda de Espa\u00f1a (ACME).<\/p>\n<p>Made up by Maria Lemus and Victor Alonso, the brand joins ACME due to the agreement reached last May between Vogue and the Asociaci\u00f3n Creadores de Moda de Espa\u00f1a whereby the winners of the award Who&#8217;s on Next join becoming part of said professional organization. This initiative reinforces the commitment both maintain towards promotion and support of the new values \u200b\u200bin Spanish fashion.<\/p>\n<p>Maria and Victor expressed their satisfaction upon their entry into ACME. &#8220;The Asociaci\u00f3n Creadores de Moda de Espa\u00f1a has always been a benchmark, a goal and a wish. We are excited to be direct participants in the decisions that affect the future of Spanish Fashion. Having the support of Vogue and ACME encourages us to grow and mature as designers and entrepreneurs. &#8221;<\/p>\n<p>With their incorporation, it is already 49 the associates of ACME, an association that includes the most relevant fashion design labels of the country, and in which also participates Juan Vidal, winner of the 2<sup>nd<\/sup> edition of Who&#8217;s on Next.<\/p>\n<p>The aims and objectives of ACME are promoting commercial, cultural and media activities that result in benefits for the fashion design industry, as well as representing and defending the professional interests of its members.<\/p>\n<p>The Who&#8217;s On Next competition is a unique initiative that each year awards the designer revelation. Yolanda Sacristan, director of Vogue Spain, and the team of the fashion magazine are responsible for selecting candidates, amongst which they choose a single winner. With only three editions, the event of the award has become a coveted date, being the fashion award with the greater economic endowment of our country. This prestigious event is part of the Vogue Fashion Fund, an initiative of huge projection that unites 12 international editions of Vogue in a commitment to finding and promoting new talent.<\/p>\n<p>The signature label Maria Ke Fisherman is created in 2009 with the aim of gaining a foothold in the growing market of high fashion sport. In September 2010, the label is selected from more than 200 brands to show their collection at Ego, where they participated in three editions. After presenting their fall-winter 2013\/2014 collection with a fashion film in the platform vice.com the success of Maria Ke Fisherman grows. Miley Cyrus, Katy Perry and Lady Gaga wear their designs, and they close major commercial agreements with prestigious international outlets such as Opening Ceremony (in New York and Los Angeles) and Fake Tokyo, and other multibrands in Toronto, Paris, Melbourne and San Francisco. Since February 2014 the brand participates in the New York Fashion Week.<\/p>\n","protected":false},"excerpt":{"rendered":"<p>Maria Ke Fisherman, the signature label winner of the latest edition of Who&#8217;s on Next, becomes a new member of the Asociaci\u00f3n Creadores de Moda de Espa\u00f1a (ACME). Made up by Maria Lemus and Victor Alonso, the brand joins ACME due to the agreement reached last May between Vogue and the Asociaci\u00f3n Creadores de Moda [&hellip;]<\/p>\n","protected":false},"author":4,"featured_media":82191,"comment_status":"closed","ping_status":"closed","sticky":false,"template":"","format":"standard","meta":{"footnotes":""},"categories":[1163,6],"tags":[258,1405,1152,1324],"class_list":["post-24701","post","type-post","status-publish","format-standard","has-post-thumbnail","hentry","category-news","category-noticias","tag-espana","tag-premio-en","tag-spain","tag-whos-on-next-en"],"yoast_head":"<!-- This site is optimized with the Yoast SEO plugin v27.4 - https:\/\/yoast.com\/product\/yoast-seo-wordpress\/ -->\n<title>Maria Ke Fisherman joins ACME - Asociaci\u00f3n Creadores de Moda de Espa\u00f1a | ACME<\/title>\n<meta name=\"robots\" content=\"index, follow, max-snippet:-1, max-image-preview:large, max-video-preview:-1\" \/>\n<link rel=\"canonical\" href=\"https:\/\/creadores.org\/en\/maria-ke-fisherman-se-incorpora-a-acme\/\" \/>\n<meta property=\"og:locale\" content=\"en_US\" \/>\n<meta property=\"og:type\" content=\"article\" \/>\n<meta property=\"og:title\" content=\"Maria Ke Fisherman joins ACME - Asociaci\u00f3n Creadores de Moda de Espa\u00f1a | ACME\" \/>\n<meta property=\"og:description\" content=\"Maria Ke Fisherman, the signature label winner of the latest edition of Who&#8217;s on Next, becomes a new member of the Asociaci\u00f3n Creadores de Moda de Espa\u00f1a (ACME). Made up by Maria Lemus and Victor Alonso, the brand joins ACME due to the agreement reached last May between Vogue and the Asociaci\u00f3n Creadores de Moda [&hellip;]\" \/>\n<meta property=\"og:url\" content=\"https:\/\/creadores.org\/en\/maria-ke-fisherman-se-incorpora-a-acme\/\" \/>\n<meta property=\"og:site_name\" content=\"Asociaci\u00f3n Creadores de Moda de Espa\u00f1a | ACME\" \/>\n<meta property=\"article:publisher\" content=\"https:\/\/www.facebook.com\/Asociaci%c3%b3n-Creadores-de-Moda-de-Espa%c3%b1a-297009471514\/\" \/>\n<meta property=\"article:published_time\" content=\"2014-10-28T10:59:57+00:00\" \/>\n<meta property=\"article:modified_time\" content=\"2025-06-21T12:07:43+00:00\" \/>\n<meta name=\"author\" content=\"Felipe\" \/>\n<meta name=\"twitter:card\" content=\"summary_large_image\" \/>\n<meta name=\"twitter:creator\" content=\"@creadoresacme\" \/>\n<meta name=\"twitter:site\" content=\"@creadoresacme\" \/>\n<meta name=\"twitter:label1\" content=\"Written by\" \/>\n\t<meta name=\"twitter:data1\" content=\"Felipe\" \/>\n\t<meta name=\"twitter:label2\" content=\"Est. reading time\" \/>\n\t<meta name=\"twitter:data2\" content=\"2 minutes\" \/>\n<script type=\"application\/ld+json\" class=\"yoast-schema-graph\">{\"@context\":\"https:\\\/\\\/schema.org\",\"@graph\":[{\"@type\":\"Article\",\"@id\":\"https:\\\/\\\/creadores.org\\\/en\\\/maria-ke-fisherman-se-incorpora-a-acme\\\/#article\",\"isPartOf\":{\"@id\":\"https:\\\/\\\/creadores.org\\\/en\\\/maria-ke-fisherman-se-incorpora-a-acme\\\/\"},\"author\":{\"name\":\"Felipe\",\"@id\":\"https:\\\/\\\/creadores.org\\\/en\\\/#\\\/schema\\\/person\\\/fdf61cde9f2e71e9cefe26613b50a079\"},\"headline\":\"Maria Ke Fisherman joins ACME\",\"datePublished\":\"2014-10-28T10:59:57+00:00\",\"dateModified\":\"2025-06-21T12:07:43+00:00\",\"mainEntityOfPage\":{\"@id\":\"https:\\\/\\\/creadores.org\\\/en\\\/maria-ke-fisherman-se-incorpora-a-acme\\\/\"},\"wordCount\":459,\"publisher\":{\"@id\":\"https:\\\/\\\/creadores.org\\\/en\\\/#organization\"},\"image\":{\"@id\":\"https:\\\/\\\/creadores.org\\\/en\\\/maria-ke-fisherman-se-incorpora-a-acme\\\/#primaryimage\"},\"thumbnailUrl\":\"https:\\\/\\\/creadores.org\\\/wp-content\\\/uploads\\\/2025\\\/06\\\/retrato-Maria-Ke-Fisherman.jpg-2.jpg\",\"keywords\":[\"Espa\u00f1a\",\"premio\",\"Spain\",\"Who&#8217;s on Next\"],\"articleSection\":[\"News\",\"Noticias\"],\"inLanguage\":\"en-US\"},{\"@type\":\"WebPage\",\"@id\":\"https:\\\/\\\/creadores.org\\\/en\\\/maria-ke-fisherman-se-incorpora-a-acme\\\/\",\"url\":\"https:\\\/\\\/creadores.org\\\/en\\\/maria-ke-fisherman-se-incorpora-a-acme\\\/\",\"name\":\"Maria Ke Fisherman joins ACME - Asociaci\u00f3n Creadores de Moda de Espa\u00f1a | ACME\",\"isPartOf\":{\"@id\":\"https:\\\/\\\/creadores.org\\\/en\\\/#website\"},\"primaryImageOfPage\":{\"@id\":\"https:\\\/\\\/creadores.org\\\/en\\\/maria-ke-fisherman-se-incorpora-a-acme\\\/#primaryimage\"},\"image\":{\"@id\":\"https:\\\/\\\/creadores.org\\\/en\\\/maria-ke-fisherman-se-incorpora-a-acme\\\/#primaryimage\"},\"thumbnailUrl\":\"https:\\\/\\\/creadores.org\\\/wp-content\\\/uploads\\\/2025\\\/06\\\/retrato-Maria-Ke-Fisherman.jpg-2.jpg\",\"datePublished\":\"2014-10-28T10:59:57+00:00\",\"dateModified\":\"2025-06-21T12:07:43+00:00\",\"breadcrumb\":{\"@id\":\"https:\\\/\\\/creadores.org\\\/en\\\/maria-ke-fisherman-se-incorpora-a-acme\\\/#breadcrumb\"},\"inLanguage\":\"en-US\",\"potentialAction\":[{\"@type\":\"ReadAction\",\"target\":[\"https:\\\/\\\/creadores.org\\\/en\\\/maria-ke-fisherman-se-incorpora-a-acme\\\/\"]}]},{\"@type\":\"ImageObject\",\"inLanguage\":\"en-US\",\"@id\":\"https:\\\/\\\/creadores.org\\\/en\\\/maria-ke-fisherman-se-incorpora-a-acme\\\/#primaryimage\",\"url\":\"https:\\\/\\\/creadores.org\\\/wp-content\\\/uploads\\\/2025\\\/06\\\/retrato-Maria-Ke-Fisherman.jpg-2.jpg\",\"contentUrl\":\"https:\\\/\\\/creadores.org\\\/wp-content\\\/uploads\\\/2025\\\/06\\\/retrato-Maria-Ke-Fisherman.jpg-2.jpg\",\"width\":1600,\"height\":806},{\"@type\":\"BreadcrumbList\",\"@id\":\"https:\\\/\\\/creadores.org\\\/en\\\/maria-ke-fisherman-se-incorpora-a-acme\\\/#breadcrumb\",\"itemListElement\":[{\"@type\":\"ListItem\",\"position\":1,\"name\":\"Portada\",\"item\":\"https:\\\/\\\/creadores.org\\\/en\\\/\"},{\"@type\":\"ListItem\",\"position\":2,\"name\":\"Maria Ke Fisherman joins ACME\"}]},{\"@type\":\"WebSite\",\"@id\":\"https:\\\/\\\/creadores.org\\\/en\\\/#website\",\"url\":\"https:\\\/\\\/creadores.org\\\/en\\\/\",\"name\":\"Asociaci\u00f3n Creadores de Moda de Espa\u00f1a | ACME\",\"description\":\"La Asociaci\u00f3n Creadores de Moda de Espa\u00f1a (ACME) es una organizaci\u00f3n profesional sin \u00e1nimo de lucro fundada en 1988\",\"publisher\":{\"@id\":\"https:\\\/\\\/creadores.org\\\/en\\\/#organization\"},\"potentialAction\":[{\"@type\":\"SearchAction\",\"target\":{\"@type\":\"EntryPoint\",\"urlTemplate\":\"https:\\\/\\\/creadores.org\\\/en\\\/?s={search_term_string}\"},\"query-input\":{\"@type\":\"PropertyValueSpecification\",\"valueRequired\":true,\"valueName\":\"search_term_string\"}}],\"inLanguage\":\"en-US\"},{\"@type\":\"Organization\",\"@id\":\"https:\\\/\\\/creadores.org\\\/en\\\/#organization\",\"name\":\"Asociaci\u00f3n Creadores de Moda de Espa\u00f1a | ACME\",\"url\":\"https:\\\/\\\/creadores.org\\\/en\\\/\",\"logo\":{\"@type\":\"ImageObject\",\"inLanguage\":\"en-US\",\"@id\":\"https:\\\/\\\/creadores.org\\\/en\\\/#\\\/schema\\\/logo\\\/image\\\/\",\"url\":\"https:\\\/\\\/creadores.org\\\/wp-content\\\/uploads\\\/2025\\\/06\\\/acme-logo.svg\",\"contentUrl\":\"https:\\\/\\\/creadores.org\\\/wp-content\\\/uploads\\\/2025\\\/06\\\/acme-logo.svg\",\"width\":650,\"height\":119,\"caption\":\"Asociaci\u00f3n Creadores de Moda de Espa\u00f1a | ACME\"},\"image\":{\"@id\":\"https:\\\/\\\/creadores.org\\\/en\\\/#\\\/schema\\\/logo\\\/image\\\/\"},\"sameAs\":[\"https:\\\/\\\/www.facebook.com\\\/Asociaci\u00f3n-Creadores-de-Moda-de-Espa\u00f1a-297009471514\\\/\",\"https:\\\/\\\/x.com\\\/creadoresacme\",\"https:\\\/\\\/www.instagram.com\\\/creadoresacme\\\/\"]},{\"@type\":\"Person\",\"@id\":\"https:\\\/\\\/creadores.org\\\/en\\\/#\\\/schema\\\/person\\\/fdf61cde9f2e71e9cefe26613b50a079\",\"name\":\"Felipe\"}]}<\/script>\n<!-- \/ Yoast SEO plugin. -->","yoast_head_json":{"title":"Maria Ke Fisherman joins ACME - Asociaci\u00f3n Creadores de Moda de Espa\u00f1a | ACME","robots":{"index":"index","follow":"follow","max-snippet":"max-snippet:-1","max-image-preview":"max-image-preview:large","max-video-preview":"max-video-preview:-1"},"canonical":"https:\/\/creadores.org\/en\/maria-ke-fisherman-se-incorpora-a-acme\/","og_locale":"en_US","og_type":"article","og_title":"Maria Ke Fisherman joins ACME - Asociaci\u00f3n Creadores de Moda de Espa\u00f1a | ACME","og_description":"Maria Ke Fisherman, the signature label winner of the latest edition of Who&#8217;s on Next, becomes a new member of the Asociaci\u00f3n Creadores de Moda de Espa\u00f1a (ACME). Made up by Maria Lemus and Victor Alonso, the brand joins ACME due to the agreement reached last May between Vogue and the Asociaci\u00f3n Creadores de Moda [&hellip;]","og_url":"https:\/\/creadores.org\/en\/maria-ke-fisherman-se-incorpora-a-acme\/","og_site_name":"Asociaci\u00f3n Creadores de Moda de Espa\u00f1a | ACME","article_publisher":"https:\/\/www.facebook.com\/Asociaci%c3%b3n-Creadores-de-Moda-de-Espa%c3%b1a-297009471514\/","article_published_time":"2014-10-28T10:59:57+00:00","article_modified_time":"2025-06-21T12:07:43+00:00","author":"Felipe","twitter_card":"summary_large_image","twitter_creator":"@creadoresacme","twitter_site":"@creadoresacme","twitter_misc":{"Written by":"Felipe","Est. reading time":"2 minutes"},"schema":{"@context":"https:\/\/schema.org","@graph":[{"@type":"Article","@id":"https:\/\/creadores.org\/en\/maria-ke-fisherman-se-incorpora-a-acme\/#article","isPartOf":{"@id":"https:\/\/creadores.org\/en\/maria-ke-fisherman-se-incorpora-a-acme\/"},"author":{"name":"Felipe","@id":"https:\/\/creadores.org\/en\/#\/schema\/person\/fdf61cde9f2e71e9cefe26613b50a079"},"headline":"Maria Ke Fisherman joins ACME","datePublished":"2014-10-28T10:59:57+00:00","dateModified":"2025-06-21T12:07:43+00:00","mainEntityOfPage":{"@id":"https:\/\/creadores.org\/en\/maria-ke-fisherman-se-incorpora-a-acme\/"},"wordCount":459,"publisher":{"@id":"https:\/\/creadores.org\/en\/#organization"},"image":{"@id":"https:\/\/creadores.org\/en\/maria-ke-fisherman-se-incorpora-a-acme\/#primaryimage"},"thumbnailUrl":"https:\/\/creadores.org\/wp-content\/uploads\/2025\/06\/retrato-Maria-Ke-Fisherman.jpg-2.jpg","keywords":["Espa\u00f1a","premio","Spain","Who&#8217;s on Next"],"articleSection":["News","Noticias"],"inLanguage":"en-US"},{"@type":"WebPage","@id":"https:\/\/creadores.org\/en\/maria-ke-fisherman-se-incorpora-a-acme\/","url":"https:\/\/creadores.org\/en\/maria-ke-fisherman-se-incorpora-a-acme\/","name":"Maria Ke Fisherman joins ACME - Asociaci\u00f3n Creadores de Moda de Espa\u00f1a | ACME","isPartOf":{"@id":"https:\/\/creadores.org\/en\/#website"},"primaryImageOfPage":{"@id":"https:\/\/creadores.org\/en\/maria-ke-fisherman-se-incorpora-a-acme\/#primaryimage"},"image":{"@id":"https:\/\/creadores.org\/en\/maria-ke-fisherman-se-incorpora-a-acme\/#primaryimage"},"thumbnailUrl":"https:\/\/creadores.org\/wp-content\/uploads\/2025\/06\/retrato-Maria-Ke-Fisherman.jpg-2.jpg","datePublished":"2014-10-28T10:59:57+00:00","dateModified":"2025-06-21T12:07:43+00:00","breadcrumb":{"@id":"https:\/\/creadores.org\/en\/maria-ke-fisherman-se-incorpora-a-acme\/#breadcrumb"},"inLanguage":"en-US","potentialAction":[{"@type":"ReadAction","target":["https:\/\/creadores.org\/en\/maria-ke-fisherman-se-incorpora-a-acme\/"]}]},{"@type":"ImageObject","inLanguage":"en-US","@id":"https:\/\/creadores.org\/en\/maria-ke-fisherman-se-incorpora-a-acme\/#primaryimage","url":"https:\/\/creadores.org\/wp-content\/uploads\/2025\/06\/retrato-Maria-Ke-Fisherman.jpg-2.jpg","contentUrl":"https:\/\/creadores.org\/wp-content\/uploads\/2025\/06\/retrato-Maria-Ke-Fisherman.jpg-2.jpg","width":1600,"height":806},{"@type":"BreadcrumbList","@id":"https:\/\/creadores.org\/en\/maria-ke-fisherman-se-incorpora-a-acme\/#breadcrumb","itemListElement":[{"@type":"ListItem","position":1,"name":"Portada","item":"https:\/\/creadores.org\/en\/"},{"@type":"ListItem","position":2,"name":"Maria Ke Fisherman joins ACME"}]},{"@type":"WebSite","@id":"https:\/\/creadores.org\/en\/#website","url":"https:\/\/creadores.org\/en\/","name":"Asociaci\u00f3n Creadores de Moda de Espa\u00f1a | ACME","description":"La Asociaci\u00f3n Creadores de Moda de Espa\u00f1a (ACME) es una organizaci\u00f3n profesional sin \u00e1nimo de lucro fundada en 1988","publisher":{"@id":"https:\/\/creadores.org\/en\/#organization"},"potentialAction":[{"@type":"SearchAction","target":{"@type":"EntryPoint","urlTemplate":"https:\/\/creadores.org\/en\/?s={search_term_string}"},"query-input":{"@type":"PropertyValueSpecification","valueRequired":true,"valueName":"search_term_string"}}],"inLanguage":"en-US"},{"@type":"Organization","@id":"https:\/\/creadores.org\/en\/#organization","name":"Asociaci\u00f3n Creadores de Moda de Espa\u00f1a | ACME","url":"https:\/\/creadores.org\/en\/","logo":{"@type":"ImageObject","inLanguage":"en-US","@id":"https:\/\/creadores.org\/en\/#\/schema\/logo\/image\/","url":"https:\/\/creadores.org\/wp-content\/uploads\/2025\/06\/acme-logo.svg","contentUrl":"https:\/\/creadores.org\/wp-content\/uploads\/2025\/06\/acme-logo.svg","width":650,"height":119,"caption":"Asociaci\u00f3n Creadores de Moda de Espa\u00f1a | ACME"},"image":{"@id":"https:\/\/creadores.org\/en\/#\/schema\/logo\/image\/"},"sameAs":["https:\/\/www.facebook.com\/Asociaci\u00f3n-Creadores-de-Moda-de-Espa\u00f1a-297009471514\/","https:\/\/x.com\/creadoresacme","https:\/\/www.instagram.com\/creadoresacme\/"]},{"@type":"Person","@id":"https:\/\/creadores.org\/en\/#\/schema\/person\/fdf61cde9f2e71e9cefe26613b50a079","name":"Felipe"}]}},"_links":{"self":[{"href":"https:\/\/creadores.org\/en\/wp-json\/wp\/v2\/posts\/24701","targetHints":{"allow":["GET"]}}],"collection":[{"href":"https:\/\/creadores.org\/en\/wp-json\/wp\/v2\/posts"}],"about":[{"href":"https:\/\/creadores.org\/en\/wp-json\/wp\/v2\/types\/post"}],"author":[{"embeddable":true,"href":"https:\/\/creadores.org\/en\/wp-json\/wp\/v2\/users\/4"}],"replies":[{"embeddable":true,"href":"https:\/\/creadores.org\/en\/wp-json\/wp\/v2\/comments?post=24701"}],"version-history":[{"count":3,"href":"https:\/\/creadores.org\/en\/wp-json\/wp\/v2\/posts\/24701\/revisions"}],"predecessor-version":[{"id":80543,"href":"https:\/\/creadores.org\/en\/wp-json\/wp\/v2\/posts\/24701\/revisions\/80543"}],"wp:featuredmedia":[{"embeddable":true,"href":"https:\/\/creadores.org\/en\/wp-json\/wp\/v2\/media\/82191"}],"wp:attachment":[{"href":"https:\/\/creadores.org\/en\/wp-json\/wp\/v2\/media?parent=24701"}],"wp:term":[{"taxonomy":"category","embeddable":true,"href":"https:\/\/creadores.org\/en\/wp-json\/wp\/v2\/categories?post=24701"},{"taxonomy":"post_tag","embeddable":true,"href":"https:\/\/creadores.org\/en\/wp-json\/wp\/v2\/tags?post=24701"}],"curies":[{"name":"wp","href":"https:\/\/api.w.org\/{rel}","templated":true}]}}