{"id":24751,"date":"2015-01-26T12:25:46","date_gmt":"2015-01-26T11:25:46","guid":{"rendered":"https:\/\/creadores.org\/spanish-fashion-goes-on-stage\/"},"modified":"2025-06-21T14:09:42","modified_gmt":"2025-06-21T12:09:42","slug":"la-moda-espanola-sube-a-los-escenarios","status":"publish","type":"post","link":"https:\/\/creadores.org\/en\/la-moda-espanola-sube-a-los-escenarios\/","title":{"rendered":"Spanish fashion goes on stage"},"content":{"rendered":"<p>Spanish fashion is much more than just the design of a garment, it is a way of living and feeling that goes beyond the runway to go up on the stage in a fruitful collaboration between designers and creators of artistic disciplines such as dance, theatre or cinema.<\/p>\n<p>The library of the Hotel Urso hosted a new breakfast &#8220;60 Minutes of Fashion with EFE Style&#8221;, in which designers Juan Duyos and David Delf\u00edn talked with Antonio Najarro, Director of the National Ballet of Spain, regarding this particular affair between fashion and the stage.<\/p>\n<p><img fetchpriority=\"high\" decoding=\"async\" class=\"alignnone size-full wp-image-3466\" src=\"https:\/\/creadores.org\/src\/uploads\/2015\/01\/cuatro.jpg\" alt=\"_MAC3216\" width=\"5184\" height=\"3456\" srcset=\"https:\/\/creadores.org\/wp-content\/uploads\/2015\/01\/cuatro.jpg 5184w, https:\/\/creadores.org\/wp-content\/uploads\/2015\/01\/cuatro-460x306.jpg 460w, https:\/\/creadores.org\/wp-content\/uploads\/2015\/01\/cuatro-960x640.jpg 960w\" sizes=\"(max-width: 5184px) 100vw, 5184px\" \/><\/p>\n<p>One of the most recent examples, and trending topic on social networks, was the fashion show by Spanish designer Juan Duyos, in collaboration with the BNE and in communion with the director and choreographer Antonio Najarro. &#8220;A challenge in which textiles were placed at the service of the choreography,&#8221; recalls Duyos, who recalls it was &#8220;very exciting&#8221; to dress the chiselled bodies of the dancers.<\/p>\n<p>It is not the first time that the director of the BNE bets on a dressmaker to create the costumes for one of his choreographies. His first experience was with Nicolas Vaudelet in &#8220;Sorolla&#8221;. \u201cSpanish Dance enjoys a great welcome abroad, especially if the costumes also carry the label &#8216;Made in Spain&#8217;, another element that strengthens the entity of the show,&#8221; says Najarro. The director of the National Ballet of Spain is very excited with the preparation of his new project &#8220;Alento&#8221; the costume of which is being manufactured by the Catalan designer Teresa Helbig.<\/p>\n<p>The experience of David Delf\u00edn, who designed the costumes for &#8220;Chapter 10&#8221; (2009) and &#8220;Nippon-Koku&#8221; (2014) for the National Dance Company (CND), allows him to assert that &#8220;each project guides you, it is a new challenge with lots of guidelines to overcome.&#8221; The designer has combined the creation of &#8220;Inferno&#8221;, the collection he will take to the next edition of the runway Mercedes-Benz Fashion Week Madrid (MBFWM), with the wardrobe of &#8220;Edvard&#8221; for the Contemporary Dance Company of Norway, plus preparing the one of &#8220;Carmen&#8221; for the CND.<\/p>\n<p>This harmony in which fashion and the performing arts live together has been strengthened thanks to the agreement signed by the Asociaci\u00f3n de Creadores de Moda de Espa\u00f1a (ACME) and the National Institute of Performing Arts and Music (INAEM), within which are integrated the National Ballet of Spain (BNE) and the National Dance Company (CDN).<\/p>\n","protected":false},"excerpt":{"rendered":"<p>Spanish fashion is much more than just the design of a garment, it is a way of living and feeling that goes beyond the runway to go up on the stage in a fruitful collaboration between designers and creators of artistic disciplines such as dance, theatre or cinema. The library of the Hotel Urso hosted [&hellip;]<\/p>\n","protected":false},"author":4,"featured_media":74503,"comment_status":"closed","ping_status":"closed","sticky":false,"template":"","format":"standard","meta":{"footnotes":""},"categories":[1163,6],"tags":[1216],"class_list":["post-24751","post","type-post","status-publish","format-standard","has-post-thumbnail","hentry","category-news","category-noticias","tag-duyos-en"],"yoast_head":"<!-- This site is optimized with the Yoast SEO plugin v27.4 - https:\/\/yoast.com\/product\/yoast-seo-wordpress\/ -->\n<title>Spanish fashion goes on stage - Asociaci\u00f3n Creadores de Moda de Espa\u00f1a | ACME<\/title>\n<meta name=\"robots\" content=\"index, follow, max-snippet:-1, max-image-preview:large, max-video-preview:-1\" \/>\n<link rel=\"canonical\" href=\"https:\/\/creadores.org\/en\/la-moda-espanola-sube-a-los-escenarios\/\" \/>\n<meta property=\"og:locale\" content=\"en_US\" \/>\n<meta property=\"og:type\" content=\"article\" \/>\n<meta property=\"og:title\" content=\"Spanish fashion goes on stage - Asociaci\u00f3n Creadores de Moda de Espa\u00f1a | ACME\" \/>\n<meta property=\"og:description\" content=\"Spanish fashion is much more than just the design of a garment, it is a way of living and feeling that goes beyond the runway to go up on the stage in a fruitful collaboration between designers and creators of artistic disciplines such as dance, theatre or cinema. The library of the Hotel Urso hosted [&hellip;]\" \/>\n<meta property=\"og:url\" content=\"https:\/\/creadores.org\/en\/la-moda-espanola-sube-a-los-escenarios\/\" \/>\n<meta property=\"og:site_name\" content=\"Asociaci\u00f3n Creadores de Moda de Espa\u00f1a | ACME\" \/>\n<meta property=\"article:publisher\" content=\"https:\/\/www.facebook.com\/Asociaci%c3%b3n-Creadores-de-Moda-de-Espa%c3%b1a-297009471514\/\" \/>\n<meta property=\"article:published_time\" content=\"2015-01-26T11:25:46+00:00\" \/>\n<meta property=\"article:modified_time\" content=\"2025-06-21T12:09:42+00:00\" \/>\n<meta property=\"og:image\" content=\"https:\/\/creadores.org\/src\/uploads\/2015\/01\/cuatro.jpg\" \/>\n<meta name=\"author\" content=\"Felipe\" \/>\n<meta name=\"twitter:card\" content=\"summary_large_image\" \/>\n<meta name=\"twitter:creator\" content=\"@creadoresacme\" \/>\n<meta name=\"twitter:site\" content=\"@creadoresacme\" \/>\n<meta name=\"twitter:label1\" content=\"Written by\" \/>\n\t<meta name=\"twitter:data1\" content=\"Felipe\" \/>\n\t<meta name=\"twitter:label2\" content=\"Est. reading time\" \/>\n\t<meta name=\"twitter:data2\" content=\"2 minutes\" \/>\n<script type=\"application\/ld+json\" class=\"yoast-schema-graph\">{\"@context\":\"https:\\\/\\\/schema.org\",\"@graph\":[{\"@type\":\"Article\",\"@id\":\"https:\\\/\\\/creadores.org\\\/en\\\/la-moda-espanola-sube-a-los-escenarios\\\/#article\",\"isPartOf\":{\"@id\":\"https:\\\/\\\/creadores.org\\\/en\\\/la-moda-espanola-sube-a-los-escenarios\\\/\"},\"author\":{\"name\":\"Felipe\",\"@id\":\"https:\\\/\\\/creadores.org\\\/en\\\/#\\\/schema\\\/person\\\/fdf61cde9f2e71e9cefe26613b50a079\"},\"headline\":\"Spanish fashion goes on stage\",\"datePublished\":\"2015-01-26T11:25:46+00:00\",\"dateModified\":\"2025-06-21T12:09:42+00:00\",\"mainEntityOfPage\":{\"@id\":\"https:\\\/\\\/creadores.org\\\/en\\\/la-moda-espanola-sube-a-los-escenarios\\\/\"},\"wordCount\":401,\"publisher\":{\"@id\":\"https:\\\/\\\/creadores.org\\\/en\\\/#organization\"},\"image\":{\"@id\":\"https:\\\/\\\/creadores.org\\\/en\\\/la-moda-espanola-sube-a-los-escenarios\\\/#primaryimage\"},\"thumbnailUrl\":\"https:\\\/\\\/creadores.org\\\/wp-content\\\/uploads\\\/2025\\\/06\\\/efe-estilo_desayuno_acme_artes-escenicas.jpg\",\"keywords\":[\"duyos\"],\"articleSection\":[\"News\",\"Noticias\"],\"inLanguage\":\"en-US\"},{\"@type\":\"WebPage\",\"@id\":\"https:\\\/\\\/creadores.org\\\/en\\\/la-moda-espanola-sube-a-los-escenarios\\\/\",\"url\":\"https:\\\/\\\/creadores.org\\\/en\\\/la-moda-espanola-sube-a-los-escenarios\\\/\",\"name\":\"Spanish fashion goes on stage - Asociaci\u00f3n Creadores de Moda de Espa\u00f1a | ACME\",\"isPartOf\":{\"@id\":\"https:\\\/\\\/creadores.org\\\/en\\\/#website\"},\"primaryImageOfPage\":{\"@id\":\"https:\\\/\\\/creadores.org\\\/en\\\/la-moda-espanola-sube-a-los-escenarios\\\/#primaryimage\"},\"image\":{\"@id\":\"https:\\\/\\\/creadores.org\\\/en\\\/la-moda-espanola-sube-a-los-escenarios\\\/#primaryimage\"},\"thumbnailUrl\":\"https:\\\/\\\/creadores.org\\\/wp-content\\\/uploads\\\/2025\\\/06\\\/efe-estilo_desayuno_acme_artes-escenicas.jpg\",\"datePublished\":\"2015-01-26T11:25:46+00:00\",\"dateModified\":\"2025-06-21T12:09:42+00:00\",\"breadcrumb\":{\"@id\":\"https:\\\/\\\/creadores.org\\\/en\\\/la-moda-espanola-sube-a-los-escenarios\\\/#breadcrumb\"},\"inLanguage\":\"en-US\",\"potentialAction\":[{\"@type\":\"ReadAction\",\"target\":[\"https:\\\/\\\/creadores.org\\\/en\\\/la-moda-espanola-sube-a-los-escenarios\\\/\"]}]},{\"@type\":\"ImageObject\",\"inLanguage\":\"en-US\",\"@id\":\"https:\\\/\\\/creadores.org\\\/en\\\/la-moda-espanola-sube-a-los-escenarios\\\/#primaryimage\",\"url\":\"https:\\\/\\\/creadores.org\\\/wp-content\\\/uploads\\\/2025\\\/06\\\/efe-estilo_desayuno_acme_artes-escenicas.jpg\",\"contentUrl\":\"https:\\\/\\\/creadores.org\\\/wp-content\\\/uploads\\\/2025\\\/06\\\/efe-estilo_desayuno_acme_artes-escenicas.jpg\",\"width\":1600,\"height\":687},{\"@type\":\"BreadcrumbList\",\"@id\":\"https:\\\/\\\/creadores.org\\\/en\\\/la-moda-espanola-sube-a-los-escenarios\\\/#breadcrumb\",\"itemListElement\":[{\"@type\":\"ListItem\",\"position\":1,\"name\":\"Portada\",\"item\":\"https:\\\/\\\/creadores.org\\\/en\\\/\"},{\"@type\":\"ListItem\",\"position\":2,\"name\":\"Spanish fashion goes on stage\"}]},{\"@type\":\"WebSite\",\"@id\":\"https:\\\/\\\/creadores.org\\\/en\\\/#website\",\"url\":\"https:\\\/\\\/creadores.org\\\/en\\\/\",\"name\":\"Asociaci\u00f3n Creadores de Moda de Espa\u00f1a | ACME\",\"description\":\"La Asociaci\u00f3n Creadores de Moda de Espa\u00f1a (ACME) es una organizaci\u00f3n profesional sin \u00e1nimo de lucro fundada en 1988\",\"publisher\":{\"@id\":\"https:\\\/\\\/creadores.org\\\/en\\\/#organization\"},\"potentialAction\":[{\"@type\":\"SearchAction\",\"target\":{\"@type\":\"EntryPoint\",\"urlTemplate\":\"https:\\\/\\\/creadores.org\\\/en\\\/?s={search_term_string}\"},\"query-input\":{\"@type\":\"PropertyValueSpecification\",\"valueRequired\":true,\"valueName\":\"search_term_string\"}}],\"inLanguage\":\"en-US\"},{\"@type\":\"Organization\",\"@id\":\"https:\\\/\\\/creadores.org\\\/en\\\/#organization\",\"name\":\"Asociaci\u00f3n Creadores de Moda de Espa\u00f1a | ACME\",\"url\":\"https:\\\/\\\/creadores.org\\\/en\\\/\",\"logo\":{\"@type\":\"ImageObject\",\"inLanguage\":\"en-US\",\"@id\":\"https:\\\/\\\/creadores.org\\\/en\\\/#\\\/schema\\\/logo\\\/image\\\/\",\"url\":\"https:\\\/\\\/creadores.org\\\/wp-content\\\/uploads\\\/2025\\\/06\\\/acme-logo.svg\",\"contentUrl\":\"https:\\\/\\\/creadores.org\\\/wp-content\\\/uploads\\\/2025\\\/06\\\/acme-logo.svg\",\"width\":650,\"height\":119,\"caption\":\"Asociaci\u00f3n Creadores de Moda de Espa\u00f1a | ACME\"},\"image\":{\"@id\":\"https:\\\/\\\/creadores.org\\\/en\\\/#\\\/schema\\\/logo\\\/image\\\/\"},\"sameAs\":[\"https:\\\/\\\/www.facebook.com\\\/Asociaci\u00f3n-Creadores-de-Moda-de-Espa\u00f1a-297009471514\\\/\",\"https:\\\/\\\/x.com\\\/creadoresacme\",\"https:\\\/\\\/www.instagram.com\\\/creadoresacme\\\/\"]},{\"@type\":\"Person\",\"@id\":\"https:\\\/\\\/creadores.org\\\/en\\\/#\\\/schema\\\/person\\\/fdf61cde9f2e71e9cefe26613b50a079\",\"name\":\"Felipe\"}]}<\/script>\n<!-- \/ Yoast SEO plugin. -->","yoast_head_json":{"title":"Spanish fashion goes on stage - Asociaci\u00f3n Creadores de Moda de Espa\u00f1a | ACME","robots":{"index":"index","follow":"follow","max-snippet":"max-snippet:-1","max-image-preview":"max-image-preview:large","max-video-preview":"max-video-preview:-1"},"canonical":"https:\/\/creadores.org\/en\/la-moda-espanola-sube-a-los-escenarios\/","og_locale":"en_US","og_type":"article","og_title":"Spanish fashion goes on stage - Asociaci\u00f3n Creadores de Moda de Espa\u00f1a | ACME","og_description":"Spanish fashion is much more than just the design of a garment, it is a way of living and feeling that goes beyond the runway to go up on the stage in a fruitful collaboration between designers and creators of artistic disciplines such as dance, theatre or cinema. The library of the Hotel Urso hosted [&hellip;]","og_url":"https:\/\/creadores.org\/en\/la-moda-espanola-sube-a-los-escenarios\/","og_site_name":"Asociaci\u00f3n Creadores de Moda de Espa\u00f1a | ACME","article_publisher":"https:\/\/www.facebook.com\/Asociaci%c3%b3n-Creadores-de-Moda-de-Espa%c3%b1a-297009471514\/","article_published_time":"2015-01-26T11:25:46+00:00","article_modified_time":"2025-06-21T12:09:42+00:00","og_image":[{"url":"https:\/\/creadores.org\/src\/uploads\/2015\/01\/cuatro.jpg","type":"","width":"","height":""}],"author":"Felipe","twitter_card":"summary_large_image","twitter_creator":"@creadoresacme","twitter_site":"@creadoresacme","twitter_misc":{"Written by":"Felipe","Est. reading time":"2 minutes"},"schema":{"@context":"https:\/\/schema.org","@graph":[{"@type":"Article","@id":"https:\/\/creadores.org\/en\/la-moda-espanola-sube-a-los-escenarios\/#article","isPartOf":{"@id":"https:\/\/creadores.org\/en\/la-moda-espanola-sube-a-los-escenarios\/"},"author":{"name":"Felipe","@id":"https:\/\/creadores.org\/en\/#\/schema\/person\/fdf61cde9f2e71e9cefe26613b50a079"},"headline":"Spanish fashion goes on stage","datePublished":"2015-01-26T11:25:46+00:00","dateModified":"2025-06-21T12:09:42+00:00","mainEntityOfPage":{"@id":"https:\/\/creadores.org\/en\/la-moda-espanola-sube-a-los-escenarios\/"},"wordCount":401,"publisher":{"@id":"https:\/\/creadores.org\/en\/#organization"},"image":{"@id":"https:\/\/creadores.org\/en\/la-moda-espanola-sube-a-los-escenarios\/#primaryimage"},"thumbnailUrl":"https:\/\/creadores.org\/wp-content\/uploads\/2025\/06\/efe-estilo_desayuno_acme_artes-escenicas.jpg","keywords":["duyos"],"articleSection":["News","Noticias"],"inLanguage":"en-US"},{"@type":"WebPage","@id":"https:\/\/creadores.org\/en\/la-moda-espanola-sube-a-los-escenarios\/","url":"https:\/\/creadores.org\/en\/la-moda-espanola-sube-a-los-escenarios\/","name":"Spanish fashion goes on stage - Asociaci\u00f3n Creadores de Moda de Espa\u00f1a | ACME","isPartOf":{"@id":"https:\/\/creadores.org\/en\/#website"},"primaryImageOfPage":{"@id":"https:\/\/creadores.org\/en\/la-moda-espanola-sube-a-los-escenarios\/#primaryimage"},"image":{"@id":"https:\/\/creadores.org\/en\/la-moda-espanola-sube-a-los-escenarios\/#primaryimage"},"thumbnailUrl":"https:\/\/creadores.org\/wp-content\/uploads\/2025\/06\/efe-estilo_desayuno_acme_artes-escenicas.jpg","datePublished":"2015-01-26T11:25:46+00:00","dateModified":"2025-06-21T12:09:42+00:00","breadcrumb":{"@id":"https:\/\/creadores.org\/en\/la-moda-espanola-sube-a-los-escenarios\/#breadcrumb"},"inLanguage":"en-US","potentialAction":[{"@type":"ReadAction","target":["https:\/\/creadores.org\/en\/la-moda-espanola-sube-a-los-escenarios\/"]}]},{"@type":"ImageObject","inLanguage":"en-US","@id":"https:\/\/creadores.org\/en\/la-moda-espanola-sube-a-los-escenarios\/#primaryimage","url":"https:\/\/creadores.org\/wp-content\/uploads\/2025\/06\/efe-estilo_desayuno_acme_artes-escenicas.jpg","contentUrl":"https:\/\/creadores.org\/wp-content\/uploads\/2025\/06\/efe-estilo_desayuno_acme_artes-escenicas.jpg","width":1600,"height":687},{"@type":"BreadcrumbList","@id":"https:\/\/creadores.org\/en\/la-moda-espanola-sube-a-los-escenarios\/#breadcrumb","itemListElement":[{"@type":"ListItem","position":1,"name":"Portada","item":"https:\/\/creadores.org\/en\/"},{"@type":"ListItem","position":2,"name":"Spanish fashion goes on stage"}]},{"@type":"WebSite","@id":"https:\/\/creadores.org\/en\/#website","url":"https:\/\/creadores.org\/en\/","name":"Asociaci\u00f3n Creadores de Moda de Espa\u00f1a | ACME","description":"La Asociaci\u00f3n Creadores de Moda de Espa\u00f1a (ACME) es una organizaci\u00f3n profesional sin \u00e1nimo de lucro fundada en 1988","publisher":{"@id":"https:\/\/creadores.org\/en\/#organization"},"potentialAction":[{"@type":"SearchAction","target":{"@type":"EntryPoint","urlTemplate":"https:\/\/creadores.org\/en\/?s={search_term_string}"},"query-input":{"@type":"PropertyValueSpecification","valueRequired":true,"valueName":"search_term_string"}}],"inLanguage":"en-US"},{"@type":"Organization","@id":"https:\/\/creadores.org\/en\/#organization","name":"Asociaci\u00f3n Creadores de Moda de Espa\u00f1a | ACME","url":"https:\/\/creadores.org\/en\/","logo":{"@type":"ImageObject","inLanguage":"en-US","@id":"https:\/\/creadores.org\/en\/#\/schema\/logo\/image\/","url":"https:\/\/creadores.org\/wp-content\/uploads\/2025\/06\/acme-logo.svg","contentUrl":"https:\/\/creadores.org\/wp-content\/uploads\/2025\/06\/acme-logo.svg","width":650,"height":119,"caption":"Asociaci\u00f3n Creadores de Moda de Espa\u00f1a | ACME"},"image":{"@id":"https:\/\/creadores.org\/en\/#\/schema\/logo\/image\/"},"sameAs":["https:\/\/www.facebook.com\/Asociaci\u00f3n-Creadores-de-Moda-de-Espa\u00f1a-297009471514\/","https:\/\/x.com\/creadoresacme","https:\/\/www.instagram.com\/creadoresacme\/"]},{"@type":"Person","@id":"https:\/\/creadores.org\/en\/#\/schema\/person\/fdf61cde9f2e71e9cefe26613b50a079","name":"Felipe"}]}},"_links":{"self":[{"href":"https:\/\/creadores.org\/en\/wp-json\/wp\/v2\/posts\/24751","targetHints":{"allow":["GET"]}}],"collection":[{"href":"https:\/\/creadores.org\/en\/wp-json\/wp\/v2\/posts"}],"about":[{"href":"https:\/\/creadores.org\/en\/wp-json\/wp\/v2\/types\/post"}],"author":[{"embeddable":true,"href":"https:\/\/creadores.org\/en\/wp-json\/wp\/v2\/users\/4"}],"replies":[{"embeddable":true,"href":"https:\/\/creadores.org\/en\/wp-json\/wp\/v2\/comments?post=24751"}],"version-history":[{"count":3,"href":"https:\/\/creadores.org\/en\/wp-json\/wp\/v2\/posts\/24751\/revisions"}],"predecessor-version":[{"id":80574,"href":"https:\/\/creadores.org\/en\/wp-json\/wp\/v2\/posts\/24751\/revisions\/80574"}],"wp:featuredmedia":[{"embeddable":true,"href":"https:\/\/creadores.org\/en\/wp-json\/wp\/v2\/media\/74503"}],"wp:attachment":[{"href":"https:\/\/creadores.org\/en\/wp-json\/wp\/v2\/media?parent=24751"}],"wp:term":[{"taxonomy":"category","embeddable":true,"href":"https:\/\/creadores.org\/en\/wp-json\/wp\/v2\/categories?post=24751"},{"taxonomy":"post_tag","embeddable":true,"href":"https:\/\/creadores.org\/en\/wp-json\/wp\/v2\/tags?post=24751"}],"curies":[{"name":"wp","href":"https:\/\/api.w.org\/{rel}","templated":true}]}}