{"id":24847,"date":"2015-07-10T07:34:28","date_gmt":"2015-07-10T05:34:28","guid":{"rendered":"https:\/\/creadores.org\/the-fabrica-nacional-de-moneda-y-timbre-will-create-the-labels-moda-espana\/"},"modified":"2025-06-21T14:12:49","modified_gmt":"2025-06-21T12:12:49","slug":"la-moda-espanola-se-alia-con-la-fabrica-nacional-de-moneda-y-timbre-para-crear-sus-etiquetas-identificativas","status":"publish","type":"post","link":"https:\/\/creadores.org\/en\/la-moda-espanola-se-alia-con-la-fabrica-nacional-de-moneda-y-timbre-para-crear-sus-etiquetas-identificativas\/","title":{"rendered":"The F\u00e1brica Nacional de Moneda y Timbre will create the labels Moda Espa\u00f1a"},"content":{"rendered":"<p>The Confederation of Fashion Companies from Spain and The F\u00e1brica Nacional de Moneda y Timbre (National Mint and Stamp) sign an agreement to create the identification labels &#8220;Moda Espa\u00f1a&#8221;. This seal is intended to ensure that products proceeding from the industry in our country are grouped together and recognisable in the global market.<\/p>\n<p>The Casa Real de la Moneda was the place chosen to sign the agreement, an act that was attended by Modesto Lomba, President of the Asociaci\u00f3n de Creadores de Moda de Espa\u00f1a, evidencing thus the support and backing by ACME of the initiative.<\/p>\n<p>Starting next month of September, all the items of the brands which back this initiative and meet the stipulated requirements will incorporate two labels on their products: &#8220;Dise\u00f1ado en Espa\u00f1a&#8221; (\u201cDesigned in Spain\u201d) and &#8220;Hecho en Espa\u00f1a&#8221; (\u201cMade in Spain\u201d), with the aim of enabling the consumer to recognise the products designed and manufactured entirely in our country.[:]<\/p>\n","protected":false},"excerpt":{"rendered":"<p>The Confederation of Fashion Companies from Spain and The F\u00e1brica Nacional de Moneda y Timbre (National Mint and Stamp) sign an agreement to create the identification labels &#8220;Moda Espa\u00f1a&#8221;. This seal is intended to ensure that products proceeding from the industry in our country are grouped together and recognisable in the global market. The Casa [&hellip;]<\/p>\n","protected":false},"author":4,"featured_media":74604,"comment_status":"closed","ping_status":"closed","sticky":false,"template":"","format":"standard","meta":{"footnotes":""},"categories":[1163,6],"tags":[],"class_list":["post-24847","post","type-post","status-publish","format-standard","has-post-thumbnail","hentry","category-news","category-noticias"],"yoast_head":"<!-- This site is optimized with the Yoast SEO plugin v27.4 - https:\/\/yoast.com\/product\/yoast-seo-wordpress\/ -->\n<title>The F\u00e1brica Nacional de Moneda y Timbre will create the labels Moda Espa\u00f1a - Asociaci\u00f3n Creadores de Moda de Espa\u00f1a | ACME<\/title>\n<meta name=\"robots\" content=\"index, follow, max-snippet:-1, max-image-preview:large, max-video-preview:-1\" \/>\n<link rel=\"canonical\" href=\"https:\/\/creadores.org\/en\/la-moda-espanola-se-alia-con-la-fabrica-nacional-de-moneda-y-timbre-para-crear-sus-etiquetas-identificativas\/\" \/>\n<meta property=\"og:locale\" content=\"en_US\" \/>\n<meta property=\"og:type\" content=\"article\" \/>\n<meta property=\"og:title\" content=\"The F\u00e1brica Nacional de Moneda y Timbre will create the labels Moda Espa\u00f1a - Asociaci\u00f3n Creadores de Moda de Espa\u00f1a | ACME\" \/>\n<meta property=\"og:description\" content=\"The Confederation of Fashion Companies from Spain and The F\u00e1brica Nacional de Moneda y Timbre (National Mint and Stamp) sign an agreement to create the identification labels &#8220;Moda Espa\u00f1a&#8221;. This seal is intended to ensure that products proceeding from the industry in our country are grouped together and recognisable in the global market. The Casa [&hellip;]\" \/>\n<meta property=\"og:url\" content=\"https:\/\/creadores.org\/en\/la-moda-espanola-se-alia-con-la-fabrica-nacional-de-moneda-y-timbre-para-crear-sus-etiquetas-identificativas\/\" \/>\n<meta property=\"og:site_name\" content=\"Asociaci\u00f3n Creadores de Moda de Espa\u00f1a | ACME\" \/>\n<meta property=\"article:publisher\" content=\"https:\/\/www.facebook.com\/Asociaci%c3%b3n-Creadores-de-Moda-de-Espa%c3%b1a-297009471514\/\" \/>\n<meta property=\"article:published_time\" content=\"2015-07-10T05:34:28+00:00\" \/>\n<meta property=\"article:modified_time\" content=\"2025-06-21T12:12:49+00:00\" \/>\n<meta name=\"author\" content=\"Felipe\" \/>\n<meta name=\"twitter:card\" content=\"summary_large_image\" \/>\n<meta name=\"twitter:creator\" content=\"@creadoresacme\" \/>\n<meta name=\"twitter:site\" content=\"@creadoresacme\" \/>\n<meta name=\"twitter:label1\" content=\"Written by\" \/>\n\t<meta name=\"twitter:data1\" content=\"Felipe\" \/>\n\t<meta name=\"twitter:label2\" content=\"Est. reading time\" \/>\n\t<meta name=\"twitter:data2\" content=\"1 minute\" \/>\n<script type=\"application\/ld+json\" class=\"yoast-schema-graph\">{\"@context\":\"https:\\\/\\\/schema.org\",\"@graph\":[{\"@type\":\"Article\",\"@id\":\"https:\\\/\\\/creadores.org\\\/en\\\/la-moda-espanola-se-alia-con-la-fabrica-nacional-de-moneda-y-timbre-para-crear-sus-etiquetas-identificativas\\\/#article\",\"isPartOf\":{\"@id\":\"https:\\\/\\\/creadores.org\\\/en\\\/la-moda-espanola-se-alia-con-la-fabrica-nacional-de-moneda-y-timbre-para-crear-sus-etiquetas-identificativas\\\/\"},\"author\":{\"name\":\"Felipe\",\"@id\":\"https:\\\/\\\/creadores.org\\\/en\\\/#\\\/schema\\\/person\\\/fdf61cde9f2e71e9cefe26613b50a079\"},\"headline\":\"The F\u00e1brica Nacional de Moneda y Timbre will create the labels Moda Espa\u00f1a\",\"datePublished\":\"2015-07-10T05:34:28+00:00\",\"dateModified\":\"2025-06-21T12:12:49+00:00\",\"mainEntityOfPage\":{\"@id\":\"https:\\\/\\\/creadores.org\\\/en\\\/la-moda-espanola-se-alia-con-la-fabrica-nacional-de-moneda-y-timbre-para-crear-sus-etiquetas-identificativas\\\/\"},\"wordCount\":176,\"publisher\":{\"@id\":\"https:\\\/\\\/creadores.org\\\/en\\\/#organization\"},\"image\":{\"@id\":\"https:\\\/\\\/creadores.org\\\/en\\\/la-moda-espanola-se-alia-con-la-fabrica-nacional-de-moneda-y-timbre-para-crear-sus-etiquetas-identificativas\\\/#primaryimage\"},\"thumbnailUrl\":\"https:\\\/\\\/creadores.org\\\/wp-content\\\/uploads\\\/2025\\\/06\\\/etiqueta_moda-espa\u00f1a_web.jpg\",\"articleSection\":[\"News\",\"Noticias\"],\"inLanguage\":\"en-US\"},{\"@type\":\"WebPage\",\"@id\":\"https:\\\/\\\/creadores.org\\\/en\\\/la-moda-espanola-se-alia-con-la-fabrica-nacional-de-moneda-y-timbre-para-crear-sus-etiquetas-identificativas\\\/\",\"url\":\"https:\\\/\\\/creadores.org\\\/en\\\/la-moda-espanola-se-alia-con-la-fabrica-nacional-de-moneda-y-timbre-para-crear-sus-etiquetas-identificativas\\\/\",\"name\":\"The F\u00e1brica Nacional de Moneda y Timbre will create the labels Moda Espa\u00f1a - Asociaci\u00f3n Creadores de Moda de Espa\u00f1a | ACME\",\"isPartOf\":{\"@id\":\"https:\\\/\\\/creadores.org\\\/en\\\/#website\"},\"primaryImageOfPage\":{\"@id\":\"https:\\\/\\\/creadores.org\\\/en\\\/la-moda-espanola-se-alia-con-la-fabrica-nacional-de-moneda-y-timbre-para-crear-sus-etiquetas-identificativas\\\/#primaryimage\"},\"image\":{\"@id\":\"https:\\\/\\\/creadores.org\\\/en\\\/la-moda-espanola-se-alia-con-la-fabrica-nacional-de-moneda-y-timbre-para-crear-sus-etiquetas-identificativas\\\/#primaryimage\"},\"thumbnailUrl\":\"https:\\\/\\\/creadores.org\\\/wp-content\\\/uploads\\\/2025\\\/06\\\/etiqueta_moda-espa\u00f1a_web.jpg\",\"datePublished\":\"2015-07-10T05:34:28+00:00\",\"dateModified\":\"2025-06-21T12:12:49+00:00\",\"breadcrumb\":{\"@id\":\"https:\\\/\\\/creadores.org\\\/en\\\/la-moda-espanola-se-alia-con-la-fabrica-nacional-de-moneda-y-timbre-para-crear-sus-etiquetas-identificativas\\\/#breadcrumb\"},\"inLanguage\":\"en-US\",\"potentialAction\":[{\"@type\":\"ReadAction\",\"target\":[\"https:\\\/\\\/creadores.org\\\/en\\\/la-moda-espanola-se-alia-con-la-fabrica-nacional-de-moneda-y-timbre-para-crear-sus-etiquetas-identificativas\\\/\"]}]},{\"@type\":\"ImageObject\",\"inLanguage\":\"en-US\",\"@id\":\"https:\\\/\\\/creadores.org\\\/en\\\/la-moda-espanola-se-alia-con-la-fabrica-nacional-de-moneda-y-timbre-para-crear-sus-etiquetas-identificativas\\\/#primaryimage\",\"url\":\"https:\\\/\\\/creadores.org\\\/wp-content\\\/uploads\\\/2025\\\/06\\\/etiqueta_moda-espa\u00f1a_web.jpg\",\"contentUrl\":\"https:\\\/\\\/creadores.org\\\/wp-content\\\/uploads\\\/2025\\\/06\\\/etiqueta_moda-espa\u00f1a_web.jpg\",\"width\":1600,\"height\":686},{\"@type\":\"BreadcrumbList\",\"@id\":\"https:\\\/\\\/creadores.org\\\/en\\\/la-moda-espanola-se-alia-con-la-fabrica-nacional-de-moneda-y-timbre-para-crear-sus-etiquetas-identificativas\\\/#breadcrumb\",\"itemListElement\":[{\"@type\":\"ListItem\",\"position\":1,\"name\":\"Portada\",\"item\":\"https:\\\/\\\/creadores.org\\\/en\\\/\"},{\"@type\":\"ListItem\",\"position\":2,\"name\":\"The F\u00e1brica Nacional de Moneda y Timbre will create the labels Moda Espa\u00f1a\"}]},{\"@type\":\"WebSite\",\"@id\":\"https:\\\/\\\/creadores.org\\\/en\\\/#website\",\"url\":\"https:\\\/\\\/creadores.org\\\/en\\\/\",\"name\":\"Asociaci\u00f3n Creadores de Moda de Espa\u00f1a | ACME\",\"description\":\"La Asociaci\u00f3n Creadores de Moda de Espa\u00f1a (ACME) es una organizaci\u00f3n profesional sin \u00e1nimo de lucro fundada en 1988\",\"publisher\":{\"@id\":\"https:\\\/\\\/creadores.org\\\/en\\\/#organization\"},\"potentialAction\":[{\"@type\":\"SearchAction\",\"target\":{\"@type\":\"EntryPoint\",\"urlTemplate\":\"https:\\\/\\\/creadores.org\\\/en\\\/?s={search_term_string}\"},\"query-input\":{\"@type\":\"PropertyValueSpecification\",\"valueRequired\":true,\"valueName\":\"search_term_string\"}}],\"inLanguage\":\"en-US\"},{\"@type\":\"Organization\",\"@id\":\"https:\\\/\\\/creadores.org\\\/en\\\/#organization\",\"name\":\"Asociaci\u00f3n Creadores de Moda de Espa\u00f1a | ACME\",\"url\":\"https:\\\/\\\/creadores.org\\\/en\\\/\",\"logo\":{\"@type\":\"ImageObject\",\"inLanguage\":\"en-US\",\"@id\":\"https:\\\/\\\/creadores.org\\\/en\\\/#\\\/schema\\\/logo\\\/image\\\/\",\"url\":\"https:\\\/\\\/creadores.org\\\/wp-content\\\/uploads\\\/2025\\\/06\\\/acme-logo.svg\",\"contentUrl\":\"https:\\\/\\\/creadores.org\\\/wp-content\\\/uploads\\\/2025\\\/06\\\/acme-logo.svg\",\"width\":650,\"height\":119,\"caption\":\"Asociaci\u00f3n Creadores de Moda de Espa\u00f1a | ACME\"},\"image\":{\"@id\":\"https:\\\/\\\/creadores.org\\\/en\\\/#\\\/schema\\\/logo\\\/image\\\/\"},\"sameAs\":[\"https:\\\/\\\/www.facebook.com\\\/Asociaci\u00f3n-Creadores-de-Moda-de-Espa\u00f1a-297009471514\\\/\",\"https:\\\/\\\/x.com\\\/creadoresacme\",\"https:\\\/\\\/www.instagram.com\\\/creadoresacme\\\/\"]},{\"@type\":\"Person\",\"@id\":\"https:\\\/\\\/creadores.org\\\/en\\\/#\\\/schema\\\/person\\\/fdf61cde9f2e71e9cefe26613b50a079\",\"name\":\"Felipe\"}]}<\/script>\n<!-- \/ Yoast SEO plugin. -->","yoast_head_json":{"title":"The F\u00e1brica Nacional de Moneda y Timbre will create the labels Moda Espa\u00f1a - Asociaci\u00f3n Creadores de Moda de Espa\u00f1a | ACME","robots":{"index":"index","follow":"follow","max-snippet":"max-snippet:-1","max-image-preview":"max-image-preview:large","max-video-preview":"max-video-preview:-1"},"canonical":"https:\/\/creadores.org\/en\/la-moda-espanola-se-alia-con-la-fabrica-nacional-de-moneda-y-timbre-para-crear-sus-etiquetas-identificativas\/","og_locale":"en_US","og_type":"article","og_title":"The F\u00e1brica Nacional de Moneda y Timbre will create the labels Moda Espa\u00f1a - Asociaci\u00f3n Creadores de Moda de Espa\u00f1a | ACME","og_description":"The Confederation of Fashion Companies from Spain and The F\u00e1brica Nacional de Moneda y Timbre (National Mint and Stamp) sign an agreement to create the identification labels &#8220;Moda Espa\u00f1a&#8221;. This seal is intended to ensure that products proceeding from the industry in our country are grouped together and recognisable in the global market. The Casa [&hellip;]","og_url":"https:\/\/creadores.org\/en\/la-moda-espanola-se-alia-con-la-fabrica-nacional-de-moneda-y-timbre-para-crear-sus-etiquetas-identificativas\/","og_site_name":"Asociaci\u00f3n Creadores de Moda de Espa\u00f1a | ACME","article_publisher":"https:\/\/www.facebook.com\/Asociaci%c3%b3n-Creadores-de-Moda-de-Espa%c3%b1a-297009471514\/","article_published_time":"2015-07-10T05:34:28+00:00","article_modified_time":"2025-06-21T12:12:49+00:00","author":"Felipe","twitter_card":"summary_large_image","twitter_creator":"@creadoresacme","twitter_site":"@creadoresacme","twitter_misc":{"Written by":"Felipe","Est. reading time":"1 minute"},"schema":{"@context":"https:\/\/schema.org","@graph":[{"@type":"Article","@id":"https:\/\/creadores.org\/en\/la-moda-espanola-se-alia-con-la-fabrica-nacional-de-moneda-y-timbre-para-crear-sus-etiquetas-identificativas\/#article","isPartOf":{"@id":"https:\/\/creadores.org\/en\/la-moda-espanola-se-alia-con-la-fabrica-nacional-de-moneda-y-timbre-para-crear-sus-etiquetas-identificativas\/"},"author":{"name":"Felipe","@id":"https:\/\/creadores.org\/en\/#\/schema\/person\/fdf61cde9f2e71e9cefe26613b50a079"},"headline":"The F\u00e1brica Nacional de Moneda y Timbre will create the labels Moda Espa\u00f1a","datePublished":"2015-07-10T05:34:28+00:00","dateModified":"2025-06-21T12:12:49+00:00","mainEntityOfPage":{"@id":"https:\/\/creadores.org\/en\/la-moda-espanola-se-alia-con-la-fabrica-nacional-de-moneda-y-timbre-para-crear-sus-etiquetas-identificativas\/"},"wordCount":176,"publisher":{"@id":"https:\/\/creadores.org\/en\/#organization"},"image":{"@id":"https:\/\/creadores.org\/en\/la-moda-espanola-se-alia-con-la-fabrica-nacional-de-moneda-y-timbre-para-crear-sus-etiquetas-identificativas\/#primaryimage"},"thumbnailUrl":"https:\/\/creadores.org\/wp-content\/uploads\/2025\/06\/etiqueta_moda-espa\u00f1a_web.jpg","articleSection":["News","Noticias"],"inLanguage":"en-US"},{"@type":"WebPage","@id":"https:\/\/creadores.org\/en\/la-moda-espanola-se-alia-con-la-fabrica-nacional-de-moneda-y-timbre-para-crear-sus-etiquetas-identificativas\/","url":"https:\/\/creadores.org\/en\/la-moda-espanola-se-alia-con-la-fabrica-nacional-de-moneda-y-timbre-para-crear-sus-etiquetas-identificativas\/","name":"The F\u00e1brica Nacional de Moneda y Timbre will create the labels Moda Espa\u00f1a - Asociaci\u00f3n Creadores de Moda de Espa\u00f1a | ACME","isPartOf":{"@id":"https:\/\/creadores.org\/en\/#website"},"primaryImageOfPage":{"@id":"https:\/\/creadores.org\/en\/la-moda-espanola-se-alia-con-la-fabrica-nacional-de-moneda-y-timbre-para-crear-sus-etiquetas-identificativas\/#primaryimage"},"image":{"@id":"https:\/\/creadores.org\/en\/la-moda-espanola-se-alia-con-la-fabrica-nacional-de-moneda-y-timbre-para-crear-sus-etiquetas-identificativas\/#primaryimage"},"thumbnailUrl":"https:\/\/creadores.org\/wp-content\/uploads\/2025\/06\/etiqueta_moda-espa\u00f1a_web.jpg","datePublished":"2015-07-10T05:34:28+00:00","dateModified":"2025-06-21T12:12:49+00:00","breadcrumb":{"@id":"https:\/\/creadores.org\/en\/la-moda-espanola-se-alia-con-la-fabrica-nacional-de-moneda-y-timbre-para-crear-sus-etiquetas-identificativas\/#breadcrumb"},"inLanguage":"en-US","potentialAction":[{"@type":"ReadAction","target":["https:\/\/creadores.org\/en\/la-moda-espanola-se-alia-con-la-fabrica-nacional-de-moneda-y-timbre-para-crear-sus-etiquetas-identificativas\/"]}]},{"@type":"ImageObject","inLanguage":"en-US","@id":"https:\/\/creadores.org\/en\/la-moda-espanola-se-alia-con-la-fabrica-nacional-de-moneda-y-timbre-para-crear-sus-etiquetas-identificativas\/#primaryimage","url":"https:\/\/creadores.org\/wp-content\/uploads\/2025\/06\/etiqueta_moda-espa\u00f1a_web.jpg","contentUrl":"https:\/\/creadores.org\/wp-content\/uploads\/2025\/06\/etiqueta_moda-espa\u00f1a_web.jpg","width":1600,"height":686},{"@type":"BreadcrumbList","@id":"https:\/\/creadores.org\/en\/la-moda-espanola-se-alia-con-la-fabrica-nacional-de-moneda-y-timbre-para-crear-sus-etiquetas-identificativas\/#breadcrumb","itemListElement":[{"@type":"ListItem","position":1,"name":"Portada","item":"https:\/\/creadores.org\/en\/"},{"@type":"ListItem","position":2,"name":"The F\u00e1brica Nacional de Moneda y Timbre will create the labels Moda Espa\u00f1a"}]},{"@type":"WebSite","@id":"https:\/\/creadores.org\/en\/#website","url":"https:\/\/creadores.org\/en\/","name":"Asociaci\u00f3n Creadores de Moda de Espa\u00f1a | ACME","description":"La Asociaci\u00f3n Creadores de Moda de Espa\u00f1a (ACME) es una organizaci\u00f3n profesional sin \u00e1nimo de lucro fundada en 1988","publisher":{"@id":"https:\/\/creadores.org\/en\/#organization"},"potentialAction":[{"@type":"SearchAction","target":{"@type":"EntryPoint","urlTemplate":"https:\/\/creadores.org\/en\/?s={search_term_string}"},"query-input":{"@type":"PropertyValueSpecification","valueRequired":true,"valueName":"search_term_string"}}],"inLanguage":"en-US"},{"@type":"Organization","@id":"https:\/\/creadores.org\/en\/#organization","name":"Asociaci\u00f3n Creadores de Moda de Espa\u00f1a | ACME","url":"https:\/\/creadores.org\/en\/","logo":{"@type":"ImageObject","inLanguage":"en-US","@id":"https:\/\/creadores.org\/en\/#\/schema\/logo\/image\/","url":"https:\/\/creadores.org\/wp-content\/uploads\/2025\/06\/acme-logo.svg","contentUrl":"https:\/\/creadores.org\/wp-content\/uploads\/2025\/06\/acme-logo.svg","width":650,"height":119,"caption":"Asociaci\u00f3n Creadores de Moda de Espa\u00f1a | ACME"},"image":{"@id":"https:\/\/creadores.org\/en\/#\/schema\/logo\/image\/"},"sameAs":["https:\/\/www.facebook.com\/Asociaci\u00f3n-Creadores-de-Moda-de-Espa\u00f1a-297009471514\/","https:\/\/x.com\/creadoresacme","https:\/\/www.instagram.com\/creadoresacme\/"]},{"@type":"Person","@id":"https:\/\/creadores.org\/en\/#\/schema\/person\/fdf61cde9f2e71e9cefe26613b50a079","name":"Felipe"}]}},"_links":{"self":[{"href":"https:\/\/creadores.org\/en\/wp-json\/wp\/v2\/posts\/24847","targetHints":{"allow":["GET"]}}],"collection":[{"href":"https:\/\/creadores.org\/en\/wp-json\/wp\/v2\/posts"}],"about":[{"href":"https:\/\/creadores.org\/en\/wp-json\/wp\/v2\/types\/post"}],"author":[{"embeddable":true,"href":"https:\/\/creadores.org\/en\/wp-json\/wp\/v2\/users\/4"}],"replies":[{"embeddable":true,"href":"https:\/\/creadores.org\/en\/wp-json\/wp\/v2\/comments?post=24847"}],"version-history":[{"count":3,"href":"https:\/\/creadores.org\/en\/wp-json\/wp\/v2\/posts\/24847\/revisions"}],"predecessor-version":[{"id":80649,"href":"https:\/\/creadores.org\/en\/wp-json\/wp\/v2\/posts\/24847\/revisions\/80649"}],"wp:featuredmedia":[{"embeddable":true,"href":"https:\/\/creadores.org\/en\/wp-json\/wp\/v2\/media\/74604"}],"wp:attachment":[{"href":"https:\/\/creadores.org\/en\/wp-json\/wp\/v2\/media?parent=24847"}],"wp:term":[{"taxonomy":"category","embeddable":true,"href":"https:\/\/creadores.org\/en\/wp-json\/wp\/v2\/categories?post=24847"},{"taxonomy":"post_tag","embeddable":true,"href":"https:\/\/creadores.org\/en\/wp-json\/wp\/v2\/tags?post=24847"}],"curies":[{"name":"wp","href":"https:\/\/api.w.org\/{rel}","templated":true}]}}