{"id":24867,"date":"2015-09-04T13:36:21","date_gmt":"2015-09-04T11:36:21","guid":{"rendered":"https:\/\/creadores.org\/acme-presents-madrid-is-fashion\/"},"modified":"2025-06-21T14:13:47","modified_gmt":"2025-06-21T12:13:47","slug":"madrid-es-moda","status":"publish","type":"post","link":"https:\/\/creadores.org\/en\/madrid-es-moda\/","title":{"rendered":"ACME presents Madrid is Fashion"},"content":{"rendered":"<p>The Association of Fashion Creators of Spain (ACME) boosts <a href=\"http:\/\/madridesmoda.es\/\" target=\"_blank\" rel=\"noopener noreferrer\">Madrid is Fashion<\/a>, an initiative that aims to dress up the city with creativity and design during <a href=\"http:\/\/www.ifema.es\/mercedesbenzfwm_01\/\" target=\"_blank\" rel=\"noopener noreferrer\">Mercedes-Benz Fashion Week Madrid (MBFWM)<\/a>. The goal is to add the city to the fashion party, just as this happens in other European capitals of design during their weeks of fashion shows.<\/p>\n<p><a href=\"http:\/\/madridesmoda.es\/\" target=\"_blank\" rel=\"noopener noreferrer\">Madrid is Fashion<\/a> presents, during this first edition (from 18<sup>th<\/sup> to 22<sup>nd<\/sup> September) a series of performances that will transform the city into a catwalk so that the <em>madrile\u00f1os <\/em>may live the fashion week and partake of the novelties in Spanish design. A full program of activities with design and creation as the central hub that will complement the schedule of fashion shows of <a href=\"http:\/\/www.ifema.es\/mercedesbenzfwm_01\/\" target=\"_blank\" rel=\"noopener noreferrer\">MBFWM<\/a>.<\/p>\n<p>Exhibitions, discounts, special window shops, intervention of spaces, cultural activities, parties and meetings between fashion and gastronomy are some of the initiatives that form part of this project which aims to extend the spirit of the <a href=\"http:\/\/www.ifema.es\/mercedesbenzfwm_01\/\" target=\"_blank\" rel=\"noopener noreferrer\">fashion week<\/a> to the centre of the city.<\/p>\n<p><a href=\"http:\/\/www.madridesmoda.es\" target=\"_blank\" rel=\"noopener noreferrer\">Access the web site of Madrid is Fashion<\/a><\/p>\n<p>\u00a0[:]<\/p>\n","protected":false},"excerpt":{"rendered":"<p>The Association of Fashion Creators of Spain (ACME) boosts Madrid is Fashion, an initiative that aims to dress up the city with creativity and design during Mercedes-Benz Fashion Week Madrid (MBFWM). The goal is to add the city to the fashion party, just as this happens in other European capitals of design during their weeks [&hellip;]<\/p>\n","protected":false},"author":4,"featured_media":28759,"comment_status":"closed","ping_status":"closed","sticky":false,"template":"","format":"standard","meta":{"footnotes":""},"categories":[1164,1163,6],"tags":[1176],"class_list":["post-24867","post","type-post","status-publish","format-standard","has-post-thumbnail","hentry","category-news-madrid-es-moda","category-news","category-noticias","tag-madrid-es-moda-en"],"yoast_head":"<!-- This site is optimized with the Yoast SEO plugin v27.4 - https:\/\/yoast.com\/product\/yoast-seo-wordpress\/ -->\n<title>ACME presents Madrid is Fashion - Asociaci\u00f3n Creadores de Moda de Espa\u00f1a | ACME<\/title>\n<meta name=\"robots\" content=\"index, follow, max-snippet:-1, max-image-preview:large, max-video-preview:-1\" \/>\n<link rel=\"canonical\" href=\"https:\/\/creadores.org\/en\/madrid-es-moda\/\" \/>\n<meta property=\"og:locale\" content=\"en_US\" \/>\n<meta property=\"og:type\" content=\"article\" \/>\n<meta property=\"og:title\" content=\"ACME presents Madrid is Fashion - Asociaci\u00f3n Creadores de Moda de Espa\u00f1a | ACME\" \/>\n<meta property=\"og:description\" content=\"The Association of Fashion Creators of Spain (ACME) boosts Madrid is Fashion, an initiative that aims to dress up the city with creativity and design during Mercedes-Benz Fashion Week Madrid (MBFWM). The goal is to add the city to the fashion party, just as this happens in other European capitals of design during their weeks [&hellip;]\" \/>\n<meta property=\"og:url\" content=\"https:\/\/creadores.org\/en\/madrid-es-moda\/\" \/>\n<meta property=\"og:site_name\" content=\"Asociaci\u00f3n Creadores de Moda de Espa\u00f1a | ACME\" \/>\n<meta property=\"article:publisher\" content=\"https:\/\/www.facebook.com\/Asociaci%c3%b3n-Creadores-de-Moda-de-Espa%c3%b1a-297009471514\/\" \/>\n<meta property=\"article:published_time\" content=\"2015-09-04T11:36:21+00:00\" \/>\n<meta property=\"article:modified_time\" content=\"2025-06-21T12:13:47+00:00\" \/>\n<meta name=\"author\" content=\"Felipe\" \/>\n<meta name=\"twitter:card\" content=\"summary_large_image\" \/>\n<meta name=\"twitter:creator\" content=\"@creadoresacme\" \/>\n<meta name=\"twitter:site\" content=\"@creadoresacme\" \/>\n<meta name=\"twitter:label1\" content=\"Written by\" \/>\n\t<meta name=\"twitter:data1\" content=\"Felipe\" \/>\n\t<meta name=\"twitter:label2\" content=\"Est. reading time\" \/>\n\t<meta name=\"twitter:data2\" content=\"1 minute\" \/>\n<script type=\"application\/ld+json\" class=\"yoast-schema-graph\">{\"@context\":\"https:\\\/\\\/schema.org\",\"@graph\":[{\"@type\":\"Article\",\"@id\":\"https:\\\/\\\/creadores.org\\\/en\\\/madrid-es-moda\\\/#article\",\"isPartOf\":{\"@id\":\"https:\\\/\\\/creadores.org\\\/en\\\/madrid-es-moda\\\/\"},\"author\":{\"name\":\"Felipe\",\"@id\":\"https:\\\/\\\/creadores.org\\\/en\\\/#\\\/schema\\\/person\\\/fdf61cde9f2e71e9cefe26613b50a079\"},\"headline\":\"ACME presents Madrid is Fashion\",\"datePublished\":\"2015-09-04T11:36:21+00:00\",\"dateModified\":\"2025-06-21T12:13:47+00:00\",\"mainEntityOfPage\":{\"@id\":\"https:\\\/\\\/creadores.org\\\/en\\\/madrid-es-moda\\\/\"},\"wordCount\":181,\"publisher\":{\"@id\":\"https:\\\/\\\/creadores.org\\\/en\\\/#organization\"},\"image\":{\"@id\":\"https:\\\/\\\/creadores.org\\\/en\\\/madrid-es-moda\\\/#primaryimage\"},\"thumbnailUrl\":\"https:\\\/\\\/creadores.org\\\/wp-content\\\/uploads\\\/2015\\\/09\\\/MADRIDesMODA_Principal.jpg\",\"keywords\":[\"Madrid es Moda\"],\"articleSection\":[\"Madrid es Moda\",\"News\",\"Noticias\"],\"inLanguage\":\"en-US\"},{\"@type\":\"WebPage\",\"@id\":\"https:\\\/\\\/creadores.org\\\/en\\\/madrid-es-moda\\\/\",\"url\":\"https:\\\/\\\/creadores.org\\\/en\\\/madrid-es-moda\\\/\",\"name\":\"ACME presents Madrid is Fashion - Asociaci\u00f3n Creadores de Moda de Espa\u00f1a | ACME\",\"isPartOf\":{\"@id\":\"https:\\\/\\\/creadores.org\\\/en\\\/#website\"},\"primaryImageOfPage\":{\"@id\":\"https:\\\/\\\/creadores.org\\\/en\\\/madrid-es-moda\\\/#primaryimage\"},\"image\":{\"@id\":\"https:\\\/\\\/creadores.org\\\/en\\\/madrid-es-moda\\\/#primaryimage\"},\"thumbnailUrl\":\"https:\\\/\\\/creadores.org\\\/wp-content\\\/uploads\\\/2015\\\/09\\\/MADRIDesMODA_Principal.jpg\",\"datePublished\":\"2015-09-04T11:36:21+00:00\",\"dateModified\":\"2025-06-21T12:13:47+00:00\",\"breadcrumb\":{\"@id\":\"https:\\\/\\\/creadores.org\\\/en\\\/madrid-es-moda\\\/#breadcrumb\"},\"inLanguage\":\"en-US\",\"potentialAction\":[{\"@type\":\"ReadAction\",\"target\":[\"https:\\\/\\\/creadores.org\\\/en\\\/madrid-es-moda\\\/\"]}]},{\"@type\":\"ImageObject\",\"inLanguage\":\"en-US\",\"@id\":\"https:\\\/\\\/creadores.org\\\/en\\\/madrid-es-moda\\\/#primaryimage\",\"url\":\"https:\\\/\\\/creadores.org\\\/wp-content\\\/uploads\\\/2015\\\/09\\\/MADRIDesMODA_Principal.jpg\",\"contentUrl\":\"https:\\\/\\\/creadores.org\\\/wp-content\\\/uploads\\\/2015\\\/09\\\/MADRIDesMODA_Principal.jpg\",\"width\":4961,\"height\":1882},{\"@type\":\"BreadcrumbList\",\"@id\":\"https:\\\/\\\/creadores.org\\\/en\\\/madrid-es-moda\\\/#breadcrumb\",\"itemListElement\":[{\"@type\":\"ListItem\",\"position\":1,\"name\":\"Portada\",\"item\":\"https:\\\/\\\/creadores.org\\\/en\\\/\"},{\"@type\":\"ListItem\",\"position\":2,\"name\":\"ACME presents Madrid is Fashion\"}]},{\"@type\":\"WebSite\",\"@id\":\"https:\\\/\\\/creadores.org\\\/en\\\/#website\",\"url\":\"https:\\\/\\\/creadores.org\\\/en\\\/\",\"name\":\"Asociaci\u00f3n Creadores de Moda de Espa\u00f1a | ACME\",\"description\":\"La Asociaci\u00f3n Creadores de Moda de Espa\u00f1a (ACME) es una organizaci\u00f3n profesional sin \u00e1nimo de lucro fundada en 1988\",\"publisher\":{\"@id\":\"https:\\\/\\\/creadores.org\\\/en\\\/#organization\"},\"potentialAction\":[{\"@type\":\"SearchAction\",\"target\":{\"@type\":\"EntryPoint\",\"urlTemplate\":\"https:\\\/\\\/creadores.org\\\/en\\\/?s={search_term_string}\"},\"query-input\":{\"@type\":\"PropertyValueSpecification\",\"valueRequired\":true,\"valueName\":\"search_term_string\"}}],\"inLanguage\":\"en-US\"},{\"@type\":\"Organization\",\"@id\":\"https:\\\/\\\/creadores.org\\\/en\\\/#organization\",\"name\":\"Asociaci\u00f3n Creadores de Moda de Espa\u00f1a | ACME\",\"url\":\"https:\\\/\\\/creadores.org\\\/en\\\/\",\"logo\":{\"@type\":\"ImageObject\",\"inLanguage\":\"en-US\",\"@id\":\"https:\\\/\\\/creadores.org\\\/en\\\/#\\\/schema\\\/logo\\\/image\\\/\",\"url\":\"https:\\\/\\\/creadores.org\\\/wp-content\\\/uploads\\\/2025\\\/06\\\/acme-logo.svg\",\"contentUrl\":\"https:\\\/\\\/creadores.org\\\/wp-content\\\/uploads\\\/2025\\\/06\\\/acme-logo.svg\",\"width\":650,\"height\":119,\"caption\":\"Asociaci\u00f3n Creadores de Moda de Espa\u00f1a | ACME\"},\"image\":{\"@id\":\"https:\\\/\\\/creadores.org\\\/en\\\/#\\\/schema\\\/logo\\\/image\\\/\"},\"sameAs\":[\"https:\\\/\\\/www.facebook.com\\\/Asociaci\u00f3n-Creadores-de-Moda-de-Espa\u00f1a-297009471514\\\/\",\"https:\\\/\\\/x.com\\\/creadoresacme\",\"https:\\\/\\\/www.instagram.com\\\/creadoresacme\\\/\"]},{\"@type\":\"Person\",\"@id\":\"https:\\\/\\\/creadores.org\\\/en\\\/#\\\/schema\\\/person\\\/fdf61cde9f2e71e9cefe26613b50a079\",\"name\":\"Felipe\"}]}<\/script>\n<!-- \/ Yoast SEO plugin. -->","yoast_head_json":{"title":"ACME presents Madrid is Fashion - Asociaci\u00f3n Creadores de Moda de Espa\u00f1a | ACME","robots":{"index":"index","follow":"follow","max-snippet":"max-snippet:-1","max-image-preview":"max-image-preview:large","max-video-preview":"max-video-preview:-1"},"canonical":"https:\/\/creadores.org\/en\/madrid-es-moda\/","og_locale":"en_US","og_type":"article","og_title":"ACME presents Madrid is Fashion - Asociaci\u00f3n Creadores de Moda de Espa\u00f1a | ACME","og_description":"The Association of Fashion Creators of Spain (ACME) boosts Madrid is Fashion, an initiative that aims to dress up the city with creativity and design during Mercedes-Benz Fashion Week Madrid (MBFWM). The goal is to add the city to the fashion party, just as this happens in other European capitals of design during their weeks [&hellip;]","og_url":"https:\/\/creadores.org\/en\/madrid-es-moda\/","og_site_name":"Asociaci\u00f3n Creadores de Moda de Espa\u00f1a | ACME","article_publisher":"https:\/\/www.facebook.com\/Asociaci%c3%b3n-Creadores-de-Moda-de-Espa%c3%b1a-297009471514\/","article_published_time":"2015-09-04T11:36:21+00:00","article_modified_time":"2025-06-21T12:13:47+00:00","author":"Felipe","twitter_card":"summary_large_image","twitter_creator":"@creadoresacme","twitter_site":"@creadoresacme","twitter_misc":{"Written by":"Felipe","Est. reading time":"1 minute"},"schema":{"@context":"https:\/\/schema.org","@graph":[{"@type":"Article","@id":"https:\/\/creadores.org\/en\/madrid-es-moda\/#article","isPartOf":{"@id":"https:\/\/creadores.org\/en\/madrid-es-moda\/"},"author":{"name":"Felipe","@id":"https:\/\/creadores.org\/en\/#\/schema\/person\/fdf61cde9f2e71e9cefe26613b50a079"},"headline":"ACME presents Madrid is Fashion","datePublished":"2015-09-04T11:36:21+00:00","dateModified":"2025-06-21T12:13:47+00:00","mainEntityOfPage":{"@id":"https:\/\/creadores.org\/en\/madrid-es-moda\/"},"wordCount":181,"publisher":{"@id":"https:\/\/creadores.org\/en\/#organization"},"image":{"@id":"https:\/\/creadores.org\/en\/madrid-es-moda\/#primaryimage"},"thumbnailUrl":"https:\/\/creadores.org\/wp-content\/uploads\/2015\/09\/MADRIDesMODA_Principal.jpg","keywords":["Madrid es Moda"],"articleSection":["Madrid es Moda","News","Noticias"],"inLanguage":"en-US"},{"@type":"WebPage","@id":"https:\/\/creadores.org\/en\/madrid-es-moda\/","url":"https:\/\/creadores.org\/en\/madrid-es-moda\/","name":"ACME presents Madrid is Fashion - Asociaci\u00f3n Creadores de Moda de Espa\u00f1a | ACME","isPartOf":{"@id":"https:\/\/creadores.org\/en\/#website"},"primaryImageOfPage":{"@id":"https:\/\/creadores.org\/en\/madrid-es-moda\/#primaryimage"},"image":{"@id":"https:\/\/creadores.org\/en\/madrid-es-moda\/#primaryimage"},"thumbnailUrl":"https:\/\/creadores.org\/wp-content\/uploads\/2015\/09\/MADRIDesMODA_Principal.jpg","datePublished":"2015-09-04T11:36:21+00:00","dateModified":"2025-06-21T12:13:47+00:00","breadcrumb":{"@id":"https:\/\/creadores.org\/en\/madrid-es-moda\/#breadcrumb"},"inLanguage":"en-US","potentialAction":[{"@type":"ReadAction","target":["https:\/\/creadores.org\/en\/madrid-es-moda\/"]}]},{"@type":"ImageObject","inLanguage":"en-US","@id":"https:\/\/creadores.org\/en\/madrid-es-moda\/#primaryimage","url":"https:\/\/creadores.org\/wp-content\/uploads\/2015\/09\/MADRIDesMODA_Principal.jpg","contentUrl":"https:\/\/creadores.org\/wp-content\/uploads\/2015\/09\/MADRIDesMODA_Principal.jpg","width":4961,"height":1882},{"@type":"BreadcrumbList","@id":"https:\/\/creadores.org\/en\/madrid-es-moda\/#breadcrumb","itemListElement":[{"@type":"ListItem","position":1,"name":"Portada","item":"https:\/\/creadores.org\/en\/"},{"@type":"ListItem","position":2,"name":"ACME presents Madrid is Fashion"}]},{"@type":"WebSite","@id":"https:\/\/creadores.org\/en\/#website","url":"https:\/\/creadores.org\/en\/","name":"Asociaci\u00f3n Creadores de Moda de Espa\u00f1a | ACME","description":"La Asociaci\u00f3n Creadores de Moda de Espa\u00f1a (ACME) es una organizaci\u00f3n profesional sin \u00e1nimo de lucro fundada en 1988","publisher":{"@id":"https:\/\/creadores.org\/en\/#organization"},"potentialAction":[{"@type":"SearchAction","target":{"@type":"EntryPoint","urlTemplate":"https:\/\/creadores.org\/en\/?s={search_term_string}"},"query-input":{"@type":"PropertyValueSpecification","valueRequired":true,"valueName":"search_term_string"}}],"inLanguage":"en-US"},{"@type":"Organization","@id":"https:\/\/creadores.org\/en\/#organization","name":"Asociaci\u00f3n Creadores de Moda de Espa\u00f1a | ACME","url":"https:\/\/creadores.org\/en\/","logo":{"@type":"ImageObject","inLanguage":"en-US","@id":"https:\/\/creadores.org\/en\/#\/schema\/logo\/image\/","url":"https:\/\/creadores.org\/wp-content\/uploads\/2025\/06\/acme-logo.svg","contentUrl":"https:\/\/creadores.org\/wp-content\/uploads\/2025\/06\/acme-logo.svg","width":650,"height":119,"caption":"Asociaci\u00f3n Creadores de Moda de Espa\u00f1a | ACME"},"image":{"@id":"https:\/\/creadores.org\/en\/#\/schema\/logo\/image\/"},"sameAs":["https:\/\/www.facebook.com\/Asociaci\u00f3n-Creadores-de-Moda-de-Espa\u00f1a-297009471514\/","https:\/\/x.com\/creadoresacme","https:\/\/www.instagram.com\/creadoresacme\/"]},{"@type":"Person","@id":"https:\/\/creadores.org\/en\/#\/schema\/person\/fdf61cde9f2e71e9cefe26613b50a079","name":"Felipe"}]}},"_links":{"self":[{"href":"https:\/\/creadores.org\/en\/wp-json\/wp\/v2\/posts\/24867","targetHints":{"allow":["GET"]}}],"collection":[{"href":"https:\/\/creadores.org\/en\/wp-json\/wp\/v2\/posts"}],"about":[{"href":"https:\/\/creadores.org\/en\/wp-json\/wp\/v2\/types\/post"}],"author":[{"embeddable":true,"href":"https:\/\/creadores.org\/en\/wp-json\/wp\/v2\/users\/4"}],"replies":[{"embeddable":true,"href":"https:\/\/creadores.org\/en\/wp-json\/wp\/v2\/comments?post=24867"}],"version-history":[{"count":3,"href":"https:\/\/creadores.org\/en\/wp-json\/wp\/v2\/posts\/24867\/revisions"}],"predecessor-version":[{"id":80665,"href":"https:\/\/creadores.org\/en\/wp-json\/wp\/v2\/posts\/24867\/revisions\/80665"}],"wp:featuredmedia":[{"embeddable":true,"href":"https:\/\/creadores.org\/en\/wp-json\/wp\/v2\/media\/28759"}],"wp:attachment":[{"href":"https:\/\/creadores.org\/en\/wp-json\/wp\/v2\/media?parent=24867"}],"wp:term":[{"taxonomy":"category","embeddable":true,"href":"https:\/\/creadores.org\/en\/wp-json\/wp\/v2\/categories?post=24867"},{"taxonomy":"post_tag","embeddable":true,"href":"https:\/\/creadores.org\/en\/wp-json\/wp\/v2\/tags?post=24867"}],"curies":[{"name":"wp","href":"https:\/\/api.w.org\/{rel}","templated":true}]}}