{"id":24943,"date":"2016-02-09T17:32:25","date_gmt":"2016-02-09T16:32:25","guid":{"rendered":"https:\/\/creadores.org\/how-to-be-the-fifth-instagramer\/"},"modified":"2025-06-21T14:15:50","modified_gmt":"2025-06-21T12:15:50","slug":"como-ser-el-quinto-instagramer","status":"publish","type":"post","link":"https:\/\/creadores.org\/en\/como-ser-el-quinto-instagramer\/","title":{"rendered":"How to be \u201cThe Fifth Instagramer\u201d"},"content":{"rendered":"<p>David Delfin <a href=\"https:\/\/www.instagram.com\/davidelfin_co\/?hl=es\" target=\"_blank\" rel=\"noopener noreferrer\">@davidelfin_co<\/a>, Mayte de la Iglesia <a href=\"https:\/\/www.instagram.com\/maytedlaiglesia\/?hl=es\" target=\"_blank\" rel=\"noopener noreferrer\">@maytedlaiglesia<\/a>, Juan Vidal <a href=\"https:\/\/www.instagram.com\/mrjuanvidal\/\" target=\"_blank\" rel=\"noopener noreferrer\">@mrjuanvidal<\/a> and Maria Leon <a href=\"https:\/\/www.instagram.com\/marialeonstyle\/?hl=es\" target=\"_blank\" rel=\"noopener noreferrer\">@marialeonstyle<\/a> were elected official instagramers of <a href=\"http:\/\/madridesmoda.com\/\" target=\"_blank\" rel=\"noopener noreferrer\">MADRID ES MODA<\/a>.<\/p>\n<p>With the hash tag #madridesmoda, said designers and fashionistas will be exceptional witness of MADRID ES MODA, an urban intervention organized by the Asociaci\u00f3n de Creadores de Moda de Espa\u00f1a (ACME) accompanying, from 15<sup>th<\/sup> to 23<sup>rd<\/sup> February, Mercedes-Benz Fashion Week Madrid (MBFWM).<\/p>\n<p>If you wish to join them and become the fifth official instagramer participate in the contest El Quinto Instagramer.<\/p>\n<p>How? Follow these simple steps and grab the trophy:<\/p>\n<ol>\n<li>Upload to your Instagram account a picture <a href=\"http:\/\/madridesmoda.com\/colaboradores\/\" target=\"_blank\" rel=\"noopener noreferrer\">inspired<\/a> by Spanish fashion.<\/li>\n<\/ol>\n<ol start=\"2\">\n<li>Post it with the hashtag #madridesmoda and tag <a href=\"https:\/\/www.instagram.com\/creadoresacme\/\" target=\"_blank\" rel=\"noopener noreferrer\">@creadoresacme<\/a>,<\/li>\n<\/ol>\n<ol start=\"3\">\n<li>The image with the most likes on February 19<sup>th<\/sup> will be regramed by @creadoresacme as well congratulatory comments from the other four instagramers for being &#8230; The Fifth Instagramer!<\/li>\n<\/ol>\n<p>[:]<\/p>\n","protected":false},"excerpt":{"rendered":"<p>David Delfin @davidelfin_co, Mayte de la Iglesia @maytedlaiglesia, Juan Vidal @mrjuanvidal and Maria Leon @marialeonstyle were elected official instagramers of MADRID ES MODA. With the hash tag #madridesmoda, said designers and fashionistas will be exceptional witness of MADRID ES MODA, an urban intervention organized by the Asociaci\u00f3n de Creadores de Moda de Espa\u00f1a (ACME) accompanying, [&hellip;]<\/p>\n","protected":false},"author":4,"featured_media":74696,"comment_status":"closed","ping_status":"closed","sticky":false,"template":"","format":"standard","meta":{"footnotes":""},"categories":[1164,6],"tags":[1176],"class_list":["post-24943","post","type-post","status-publish","format-standard","has-post-thumbnail","hentry","category-news-madrid-es-moda","category-noticias","tag-madrid-es-moda-en"],"yoast_head":"<!-- This site is optimized with the Yoast SEO plugin v27.4 - https:\/\/yoast.com\/product\/yoast-seo-wordpress\/ -->\n<title>How to be \u201cThe Fifth Instagramer\u201d - Asociaci\u00f3n Creadores de Moda de Espa\u00f1a | ACME<\/title>\n<meta name=\"robots\" content=\"index, follow, max-snippet:-1, max-image-preview:large, max-video-preview:-1\" \/>\n<link rel=\"canonical\" href=\"https:\/\/creadores.org\/en\/como-ser-el-quinto-instagramer\/\" \/>\n<meta property=\"og:locale\" content=\"en_US\" \/>\n<meta property=\"og:type\" content=\"article\" \/>\n<meta property=\"og:title\" content=\"How to be \u201cThe Fifth Instagramer\u201d - Asociaci\u00f3n Creadores de Moda de Espa\u00f1a | ACME\" \/>\n<meta property=\"og:description\" content=\"David Delfin @davidelfin_co, Mayte de la Iglesia @maytedlaiglesia, Juan Vidal @mrjuanvidal and Maria Leon @marialeonstyle were elected official instagramers of MADRID ES MODA. With the hash tag #madridesmoda, said designers and fashionistas will be exceptional witness of MADRID ES MODA, an urban intervention organized by the Asociaci\u00f3n de Creadores de Moda de Espa\u00f1a (ACME) accompanying, [&hellip;]\" \/>\n<meta property=\"og:url\" content=\"https:\/\/creadores.org\/en\/como-ser-el-quinto-instagramer\/\" \/>\n<meta property=\"og:site_name\" content=\"Asociaci\u00f3n Creadores de Moda de Espa\u00f1a | ACME\" \/>\n<meta property=\"article:publisher\" content=\"https:\/\/www.facebook.com\/Asociaci%c3%b3n-Creadores-de-Moda-de-Espa%c3%b1a-297009471514\/\" \/>\n<meta property=\"article:published_time\" content=\"2016-02-09T16:32:25+00:00\" \/>\n<meta property=\"article:modified_time\" content=\"2025-06-21T12:15:50+00:00\" \/>\n<meta name=\"author\" content=\"Felipe\" \/>\n<meta name=\"twitter:card\" content=\"summary_large_image\" \/>\n<meta name=\"twitter:creator\" content=\"@creadoresacme\" \/>\n<meta name=\"twitter:site\" content=\"@creadoresacme\" \/>\n<meta name=\"twitter:label1\" content=\"Written by\" \/>\n\t<meta name=\"twitter:data1\" content=\"Felipe\" \/>\n\t<meta name=\"twitter:label2\" content=\"Est. reading time\" \/>\n\t<meta name=\"twitter:data2\" content=\"1 minute\" \/>\n<script type=\"application\/ld+json\" class=\"yoast-schema-graph\">{\"@context\":\"https:\\\/\\\/schema.org\",\"@graph\":[{\"@type\":\"Article\",\"@id\":\"https:\\\/\\\/creadores.org\\\/en\\\/como-ser-el-quinto-instagramer\\\/#article\",\"isPartOf\":{\"@id\":\"https:\\\/\\\/creadores.org\\\/en\\\/como-ser-el-quinto-instagramer\\\/\"},\"author\":{\"name\":\"Felipe\",\"@id\":\"https:\\\/\\\/creadores.org\\\/en\\\/#\\\/schema\\\/person\\\/fdf61cde9f2e71e9cefe26613b50a079\"},\"headline\":\"How to be \u201cThe Fifth Instagramer\u201d\",\"datePublished\":\"2016-02-09T16:32:25+00:00\",\"dateModified\":\"2025-06-21T12:15:50+00:00\",\"mainEntityOfPage\":{\"@id\":\"https:\\\/\\\/creadores.org\\\/en\\\/como-ser-el-quinto-instagramer\\\/\"},\"wordCount\":150,\"publisher\":{\"@id\":\"https:\\\/\\\/creadores.org\\\/en\\\/#organization\"},\"image\":{\"@id\":\"https:\\\/\\\/creadores.org\\\/en\\\/como-ser-el-quinto-instagramer\\\/#primaryimage\"},\"thumbnailUrl\":\"https:\\\/\\\/creadores.org\\\/wp-content\\\/uploads\\\/2025\\\/06\\\/el-quinto-instagramer-1.jpg\",\"keywords\":[\"Madrid es Moda\"],\"articleSection\":[\"Madrid es Moda\",\"Noticias\"],\"inLanguage\":\"en-US\"},{\"@type\":\"WebPage\",\"@id\":\"https:\\\/\\\/creadores.org\\\/en\\\/como-ser-el-quinto-instagramer\\\/\",\"url\":\"https:\\\/\\\/creadores.org\\\/en\\\/como-ser-el-quinto-instagramer\\\/\",\"name\":\"How to be \u201cThe Fifth Instagramer\u201d - Asociaci\u00f3n Creadores de Moda de Espa\u00f1a | ACME\",\"isPartOf\":{\"@id\":\"https:\\\/\\\/creadores.org\\\/en\\\/#website\"},\"primaryImageOfPage\":{\"@id\":\"https:\\\/\\\/creadores.org\\\/en\\\/como-ser-el-quinto-instagramer\\\/#primaryimage\"},\"image\":{\"@id\":\"https:\\\/\\\/creadores.org\\\/en\\\/como-ser-el-quinto-instagramer\\\/#primaryimage\"},\"thumbnailUrl\":\"https:\\\/\\\/creadores.org\\\/wp-content\\\/uploads\\\/2025\\\/06\\\/el-quinto-instagramer-1.jpg\",\"datePublished\":\"2016-02-09T16:32:25+00:00\",\"dateModified\":\"2025-06-21T12:15:50+00:00\",\"breadcrumb\":{\"@id\":\"https:\\\/\\\/creadores.org\\\/en\\\/como-ser-el-quinto-instagramer\\\/#breadcrumb\"},\"inLanguage\":\"en-US\",\"potentialAction\":[{\"@type\":\"ReadAction\",\"target\":[\"https:\\\/\\\/creadores.org\\\/en\\\/como-ser-el-quinto-instagramer\\\/\"]}]},{\"@type\":\"ImageObject\",\"inLanguage\":\"en-US\",\"@id\":\"https:\\\/\\\/creadores.org\\\/en\\\/como-ser-el-quinto-instagramer\\\/#primaryimage\",\"url\":\"https:\\\/\\\/creadores.org\\\/wp-content\\\/uploads\\\/2025\\\/06\\\/el-quinto-instagramer-1.jpg\",\"contentUrl\":\"https:\\\/\\\/creadores.org\\\/wp-content\\\/uploads\\\/2025\\\/06\\\/el-quinto-instagramer-1.jpg\",\"width\":1600,\"height\":630},{\"@type\":\"BreadcrumbList\",\"@id\":\"https:\\\/\\\/creadores.org\\\/en\\\/como-ser-el-quinto-instagramer\\\/#breadcrumb\",\"itemListElement\":[{\"@type\":\"ListItem\",\"position\":1,\"name\":\"Portada\",\"item\":\"https:\\\/\\\/creadores.org\\\/en\\\/\"},{\"@type\":\"ListItem\",\"position\":2,\"name\":\"How to be \u201cThe Fifth Instagramer\u201d\"}]},{\"@type\":\"WebSite\",\"@id\":\"https:\\\/\\\/creadores.org\\\/en\\\/#website\",\"url\":\"https:\\\/\\\/creadores.org\\\/en\\\/\",\"name\":\"Asociaci\u00f3n Creadores de Moda de Espa\u00f1a | ACME\",\"description\":\"La Asociaci\u00f3n Creadores de Moda de Espa\u00f1a (ACME) es una organizaci\u00f3n profesional sin \u00e1nimo de lucro fundada en 1988\",\"publisher\":{\"@id\":\"https:\\\/\\\/creadores.org\\\/en\\\/#organization\"},\"potentialAction\":[{\"@type\":\"SearchAction\",\"target\":{\"@type\":\"EntryPoint\",\"urlTemplate\":\"https:\\\/\\\/creadores.org\\\/en\\\/?s={search_term_string}\"},\"query-input\":{\"@type\":\"PropertyValueSpecification\",\"valueRequired\":true,\"valueName\":\"search_term_string\"}}],\"inLanguage\":\"en-US\"},{\"@type\":\"Organization\",\"@id\":\"https:\\\/\\\/creadores.org\\\/en\\\/#organization\",\"name\":\"Asociaci\u00f3n Creadores de Moda de Espa\u00f1a | ACME\",\"url\":\"https:\\\/\\\/creadores.org\\\/en\\\/\",\"logo\":{\"@type\":\"ImageObject\",\"inLanguage\":\"en-US\",\"@id\":\"https:\\\/\\\/creadores.org\\\/en\\\/#\\\/schema\\\/logo\\\/image\\\/\",\"url\":\"https:\\\/\\\/creadores.org\\\/wp-content\\\/uploads\\\/2025\\\/06\\\/acme-logo.svg\",\"contentUrl\":\"https:\\\/\\\/creadores.org\\\/wp-content\\\/uploads\\\/2025\\\/06\\\/acme-logo.svg\",\"width\":650,\"height\":119,\"caption\":\"Asociaci\u00f3n Creadores de Moda de Espa\u00f1a | ACME\"},\"image\":{\"@id\":\"https:\\\/\\\/creadores.org\\\/en\\\/#\\\/schema\\\/logo\\\/image\\\/\"},\"sameAs\":[\"https:\\\/\\\/www.facebook.com\\\/Asociaci\u00f3n-Creadores-de-Moda-de-Espa\u00f1a-297009471514\\\/\",\"https:\\\/\\\/x.com\\\/creadoresacme\",\"https:\\\/\\\/www.instagram.com\\\/creadoresacme\\\/\"]},{\"@type\":\"Person\",\"@id\":\"https:\\\/\\\/creadores.org\\\/en\\\/#\\\/schema\\\/person\\\/fdf61cde9f2e71e9cefe26613b50a079\",\"name\":\"Felipe\"}]}<\/script>\n<!-- \/ Yoast SEO plugin. -->","yoast_head_json":{"title":"How to be \u201cThe Fifth Instagramer\u201d - Asociaci\u00f3n Creadores de Moda de Espa\u00f1a | ACME","robots":{"index":"index","follow":"follow","max-snippet":"max-snippet:-1","max-image-preview":"max-image-preview:large","max-video-preview":"max-video-preview:-1"},"canonical":"https:\/\/creadores.org\/en\/como-ser-el-quinto-instagramer\/","og_locale":"en_US","og_type":"article","og_title":"How to be \u201cThe Fifth Instagramer\u201d - Asociaci\u00f3n Creadores de Moda de Espa\u00f1a | ACME","og_description":"David Delfin @davidelfin_co, Mayte de la Iglesia @maytedlaiglesia, Juan Vidal @mrjuanvidal and Maria Leon @marialeonstyle were elected official instagramers of MADRID ES MODA. With the hash tag #madridesmoda, said designers and fashionistas will be exceptional witness of MADRID ES MODA, an urban intervention organized by the Asociaci\u00f3n de Creadores de Moda de Espa\u00f1a (ACME) accompanying, [&hellip;]","og_url":"https:\/\/creadores.org\/en\/como-ser-el-quinto-instagramer\/","og_site_name":"Asociaci\u00f3n Creadores de Moda de Espa\u00f1a | ACME","article_publisher":"https:\/\/www.facebook.com\/Asociaci%c3%b3n-Creadores-de-Moda-de-Espa%c3%b1a-297009471514\/","article_published_time":"2016-02-09T16:32:25+00:00","article_modified_time":"2025-06-21T12:15:50+00:00","author":"Felipe","twitter_card":"summary_large_image","twitter_creator":"@creadoresacme","twitter_site":"@creadoresacme","twitter_misc":{"Written by":"Felipe","Est. reading time":"1 minute"},"schema":{"@context":"https:\/\/schema.org","@graph":[{"@type":"Article","@id":"https:\/\/creadores.org\/en\/como-ser-el-quinto-instagramer\/#article","isPartOf":{"@id":"https:\/\/creadores.org\/en\/como-ser-el-quinto-instagramer\/"},"author":{"name":"Felipe","@id":"https:\/\/creadores.org\/en\/#\/schema\/person\/fdf61cde9f2e71e9cefe26613b50a079"},"headline":"How to be \u201cThe Fifth Instagramer\u201d","datePublished":"2016-02-09T16:32:25+00:00","dateModified":"2025-06-21T12:15:50+00:00","mainEntityOfPage":{"@id":"https:\/\/creadores.org\/en\/como-ser-el-quinto-instagramer\/"},"wordCount":150,"publisher":{"@id":"https:\/\/creadores.org\/en\/#organization"},"image":{"@id":"https:\/\/creadores.org\/en\/como-ser-el-quinto-instagramer\/#primaryimage"},"thumbnailUrl":"https:\/\/creadores.org\/wp-content\/uploads\/2025\/06\/el-quinto-instagramer-1.jpg","keywords":["Madrid es Moda"],"articleSection":["Madrid es Moda","Noticias"],"inLanguage":"en-US"},{"@type":"WebPage","@id":"https:\/\/creadores.org\/en\/como-ser-el-quinto-instagramer\/","url":"https:\/\/creadores.org\/en\/como-ser-el-quinto-instagramer\/","name":"How to be \u201cThe Fifth Instagramer\u201d - Asociaci\u00f3n Creadores de Moda de Espa\u00f1a | ACME","isPartOf":{"@id":"https:\/\/creadores.org\/en\/#website"},"primaryImageOfPage":{"@id":"https:\/\/creadores.org\/en\/como-ser-el-quinto-instagramer\/#primaryimage"},"image":{"@id":"https:\/\/creadores.org\/en\/como-ser-el-quinto-instagramer\/#primaryimage"},"thumbnailUrl":"https:\/\/creadores.org\/wp-content\/uploads\/2025\/06\/el-quinto-instagramer-1.jpg","datePublished":"2016-02-09T16:32:25+00:00","dateModified":"2025-06-21T12:15:50+00:00","breadcrumb":{"@id":"https:\/\/creadores.org\/en\/como-ser-el-quinto-instagramer\/#breadcrumb"},"inLanguage":"en-US","potentialAction":[{"@type":"ReadAction","target":["https:\/\/creadores.org\/en\/como-ser-el-quinto-instagramer\/"]}]},{"@type":"ImageObject","inLanguage":"en-US","@id":"https:\/\/creadores.org\/en\/como-ser-el-quinto-instagramer\/#primaryimage","url":"https:\/\/creadores.org\/wp-content\/uploads\/2025\/06\/el-quinto-instagramer-1.jpg","contentUrl":"https:\/\/creadores.org\/wp-content\/uploads\/2025\/06\/el-quinto-instagramer-1.jpg","width":1600,"height":630},{"@type":"BreadcrumbList","@id":"https:\/\/creadores.org\/en\/como-ser-el-quinto-instagramer\/#breadcrumb","itemListElement":[{"@type":"ListItem","position":1,"name":"Portada","item":"https:\/\/creadores.org\/en\/"},{"@type":"ListItem","position":2,"name":"How to be \u201cThe Fifth Instagramer\u201d"}]},{"@type":"WebSite","@id":"https:\/\/creadores.org\/en\/#website","url":"https:\/\/creadores.org\/en\/","name":"Asociaci\u00f3n Creadores de Moda de Espa\u00f1a | ACME","description":"La Asociaci\u00f3n Creadores de Moda de Espa\u00f1a (ACME) es una organizaci\u00f3n profesional sin \u00e1nimo de lucro fundada en 1988","publisher":{"@id":"https:\/\/creadores.org\/en\/#organization"},"potentialAction":[{"@type":"SearchAction","target":{"@type":"EntryPoint","urlTemplate":"https:\/\/creadores.org\/en\/?s={search_term_string}"},"query-input":{"@type":"PropertyValueSpecification","valueRequired":true,"valueName":"search_term_string"}}],"inLanguage":"en-US"},{"@type":"Organization","@id":"https:\/\/creadores.org\/en\/#organization","name":"Asociaci\u00f3n Creadores de Moda de Espa\u00f1a | ACME","url":"https:\/\/creadores.org\/en\/","logo":{"@type":"ImageObject","inLanguage":"en-US","@id":"https:\/\/creadores.org\/en\/#\/schema\/logo\/image\/","url":"https:\/\/creadores.org\/wp-content\/uploads\/2025\/06\/acme-logo.svg","contentUrl":"https:\/\/creadores.org\/wp-content\/uploads\/2025\/06\/acme-logo.svg","width":650,"height":119,"caption":"Asociaci\u00f3n Creadores de Moda de Espa\u00f1a | ACME"},"image":{"@id":"https:\/\/creadores.org\/en\/#\/schema\/logo\/image\/"},"sameAs":["https:\/\/www.facebook.com\/Asociaci\u00f3n-Creadores-de-Moda-de-Espa\u00f1a-297009471514\/","https:\/\/x.com\/creadoresacme","https:\/\/www.instagram.com\/creadoresacme\/"]},{"@type":"Person","@id":"https:\/\/creadores.org\/en\/#\/schema\/person\/fdf61cde9f2e71e9cefe26613b50a079","name":"Felipe"}]}},"_links":{"self":[{"href":"https:\/\/creadores.org\/en\/wp-json\/wp\/v2\/posts\/24943","targetHints":{"allow":["GET"]}}],"collection":[{"href":"https:\/\/creadores.org\/en\/wp-json\/wp\/v2\/posts"}],"about":[{"href":"https:\/\/creadores.org\/en\/wp-json\/wp\/v2\/types\/post"}],"author":[{"embeddable":true,"href":"https:\/\/creadores.org\/en\/wp-json\/wp\/v2\/users\/4"}],"replies":[{"embeddable":true,"href":"https:\/\/creadores.org\/en\/wp-json\/wp\/v2\/comments?post=24943"}],"version-history":[{"count":3,"href":"https:\/\/creadores.org\/en\/wp-json\/wp\/v2\/posts\/24943\/revisions"}],"predecessor-version":[{"id":80719,"href":"https:\/\/creadores.org\/en\/wp-json\/wp\/v2\/posts\/24943\/revisions\/80719"}],"wp:featuredmedia":[{"embeddable":true,"href":"https:\/\/creadores.org\/en\/wp-json\/wp\/v2\/media\/74696"}],"wp:attachment":[{"href":"https:\/\/creadores.org\/en\/wp-json\/wp\/v2\/media?parent=24943"}],"wp:term":[{"taxonomy":"category","embeddable":true,"href":"https:\/\/creadores.org\/en\/wp-json\/wp\/v2\/categories?post=24943"},{"taxonomy":"post_tag","embeddable":true,"href":"https:\/\/creadores.org\/en\/wp-json\/wp\/v2\/tags?post=24943"}],"curies":[{"name":"wp","href":"https:\/\/api.w.org\/{rel}","templated":true}]}}