{"id":24966,"date":"2016-02-18T19:06:04","date_gmt":"2016-02-18T18:06:04","guid":{"rendered":"https:\/\/creadores.org\/window-shops-that-dress-up-the-city\/"},"modified":"2025-06-21T14:16:20","modified_gmt":"2025-06-21T12:16:20","slug":"escaparates-visten-la-ciudad","status":"publish","type":"post","link":"https:\/\/creadores.org\/en\/escaparates-visten-la-ciudad\/","title":{"rendered":"Window shops that dress up the city"},"content":{"rendered":"<p>Window shops do not only serve as commercial and mundane exhibitors of products for sale. They are also windows through which the city dresses up, backgrounds on which to showcase beauty, surprise, games or art.<\/p>\n<p>Precisely over this conception of the window shop, <a href=\"http:\/\/www.madridesmoda.com\" target=\"_blank\" rel=\"noopener noreferrer\">Madrid es Moda<\/a> builds a part of its proposal, in order to &#8216;dress up&#8217; the city centre with creativity and design during its Fashion Week. An endeavour joined by boutiques, <a href=\"https:\/\/creadores.org\/en\/hotel-gran-melia-fenix-joins-madrid-es-moda\/\" target=\"_blank\" rel=\"noopener noreferrer\">hotels<\/a>, bookstores, <a href=\"https:\/\/creadores.org\/en\/kilometres-of-agathized-pizza-portions\/\" target=\"_blank\" rel=\"noopener noreferrer\">restaurants<\/a> &#8230; with a touching enthusiasm.<\/p>\n<p>Enjoy a <em>paseo<\/em> through this gallery of window shops.<\/p>\n<p>[:]<\/p>\n","protected":false},"excerpt":{"rendered":"<p>Window shops do not only serve as commercial and mundane exhibitors of products for sale. They are also windows through which the city dresses up, backgrounds on which to showcase beauty, surprise, games or art. Precisely over this conception of the window shop, Madrid es Moda builds a part of its proposal, in order to [&hellip;]<\/p>\n","protected":false},"author":4,"featured_media":83346,"comment_status":"closed","ping_status":"closed","sticky":false,"template":"","format":"standard","meta":{"footnotes":""},"categories":[698,1164],"tags":[1408,191,1176],"class_list":["post-24966","post","type-post","status-publish","format-standard","has-post-thumbnail","hentry","category-noticias-de-madrid-es-moda","category-news-madrid-es-moda","tag-madrid-en","tag-madrid-es-moda","tag-madrid-es-moda-en"],"yoast_head":"<!-- This site is optimized with the Yoast SEO plugin v27.4 - https:\/\/yoast.com\/product\/yoast-seo-wordpress\/ -->\n<title>Window shops that dress up the city - Asociaci\u00f3n Creadores de Moda de Espa\u00f1a | ACME<\/title>\n<meta name=\"robots\" content=\"index, follow, max-snippet:-1, max-image-preview:large, max-video-preview:-1\" \/>\n<link rel=\"canonical\" href=\"https:\/\/creadores.org\/en\/escaparates-visten-la-ciudad\/\" \/>\n<meta property=\"og:locale\" content=\"en_US\" \/>\n<meta property=\"og:type\" content=\"article\" \/>\n<meta property=\"og:title\" content=\"Window shops that dress up the city - Asociaci\u00f3n Creadores de Moda de Espa\u00f1a | ACME\" \/>\n<meta property=\"og:description\" content=\"Window shops do not only serve as commercial and mundane exhibitors of products for sale. They are also windows through which the city dresses up, backgrounds on which to showcase beauty, surprise, games or art. Precisely over this conception of the window shop, Madrid es Moda builds a part of its proposal, in order to [&hellip;]\" \/>\n<meta property=\"og:url\" content=\"https:\/\/creadores.org\/en\/escaparates-visten-la-ciudad\/\" \/>\n<meta property=\"og:site_name\" content=\"Asociaci\u00f3n Creadores de Moda de Espa\u00f1a | ACME\" \/>\n<meta property=\"article:publisher\" content=\"https:\/\/www.facebook.com\/Asociaci%c3%b3n-Creadores-de-Moda-de-Espa%c3%b1a-297009471514\/\" \/>\n<meta property=\"article:published_time\" content=\"2016-02-18T18:06:04+00:00\" \/>\n<meta property=\"article:modified_time\" content=\"2025-06-21T12:16:20+00:00\" \/>\n<meta property=\"og:image\" content=\"https:\/\/creadores.org\/wp-content\/uploads\/2016\/02\/adolfo-dominguez-madrid-es-moda-acme-pablo-paniagua-web-460x201.jpg\" \/>\n<meta name=\"author\" content=\"Felipe\" \/>\n<meta name=\"twitter:card\" content=\"summary_large_image\" \/>\n<meta name=\"twitter:creator\" content=\"@creadoresacme\" \/>\n<meta name=\"twitter:site\" content=\"@creadoresacme\" \/>\n<meta name=\"twitter:label1\" content=\"Written by\" \/>\n\t<meta name=\"twitter:data1\" content=\"Felipe\" \/>\n<script type=\"application\/ld+json\" class=\"yoast-schema-graph\">{\"@context\":\"https:\\\/\\\/schema.org\",\"@graph\":[{\"@type\":\"Article\",\"@id\":\"https:\\\/\\\/creadores.org\\\/en\\\/escaparates-visten-la-ciudad\\\/#article\",\"isPartOf\":{\"@id\":\"https:\\\/\\\/creadores.org\\\/en\\\/escaparates-visten-la-ciudad\\\/\"},\"author\":{\"name\":\"Felipe\",\"@id\":\"https:\\\/\\\/creadores.org\\\/en\\\/#\\\/schema\\\/person\\\/fdf61cde9f2e71e9cefe26613b50a079\"},\"headline\":\"Window shops that dress up the city\",\"datePublished\":\"2016-02-18T18:06:04+00:00\",\"dateModified\":\"2025-06-21T12:16:20+00:00\",\"mainEntityOfPage\":{\"@id\":\"https:\\\/\\\/creadores.org\\\/en\\\/escaparates-visten-la-ciudad\\\/\"},\"wordCount\":96,\"publisher\":{\"@id\":\"https:\\\/\\\/creadores.org\\\/en\\\/#organization\"},\"image\":{\"@id\":\"https:\\\/\\\/creadores.org\\\/en\\\/escaparates-visten-la-ciudad\\\/#primaryimage\"},\"thumbnailUrl\":\"https:\\\/\\\/creadores.org\\\/wp-content\\\/uploads\\\/2025\\\/06\\\/leyre-valiente-1-madrid-es-moda-acme-pablo-paniagua-web-540-copia.jpg-5.jpg\",\"keywords\":[\"Madrid\",\"Madrid es Moda\",\"Madrid es Moda\"],\"articleSection\":[\"Madrid es Moda\",\"Madrid es Moda\"],\"inLanguage\":\"en-US\"},{\"@type\":\"WebPage\",\"@id\":\"https:\\\/\\\/creadores.org\\\/en\\\/escaparates-visten-la-ciudad\\\/\",\"url\":\"https:\\\/\\\/creadores.org\\\/en\\\/escaparates-visten-la-ciudad\\\/\",\"name\":\"Window shops that dress up the city - Asociaci\u00f3n Creadores de Moda de Espa\u00f1a | ACME\",\"isPartOf\":{\"@id\":\"https:\\\/\\\/creadores.org\\\/en\\\/#website\"},\"primaryImageOfPage\":{\"@id\":\"https:\\\/\\\/creadores.org\\\/en\\\/escaparates-visten-la-ciudad\\\/#primaryimage\"},\"image\":{\"@id\":\"https:\\\/\\\/creadores.org\\\/en\\\/escaparates-visten-la-ciudad\\\/#primaryimage\"},\"thumbnailUrl\":\"https:\\\/\\\/creadores.org\\\/wp-content\\\/uploads\\\/2025\\\/06\\\/leyre-valiente-1-madrid-es-moda-acme-pablo-paniagua-web-540-copia.jpg-5.jpg\",\"datePublished\":\"2016-02-18T18:06:04+00:00\",\"dateModified\":\"2025-06-21T12:16:20+00:00\",\"breadcrumb\":{\"@id\":\"https:\\\/\\\/creadores.org\\\/en\\\/escaparates-visten-la-ciudad\\\/#breadcrumb\"},\"inLanguage\":\"en-US\",\"potentialAction\":[{\"@type\":\"ReadAction\",\"target\":[\"https:\\\/\\\/creadores.org\\\/en\\\/escaparates-visten-la-ciudad\\\/\"]}]},{\"@type\":\"ImageObject\",\"inLanguage\":\"en-US\",\"@id\":\"https:\\\/\\\/creadores.org\\\/en\\\/escaparates-visten-la-ciudad\\\/#primaryimage\",\"url\":\"https:\\\/\\\/creadores.org\\\/wp-content\\\/uploads\\\/2025\\\/06\\\/leyre-valiente-1-madrid-es-moda-acme-pablo-paniagua-web-540-copia.jpg-5.jpg\",\"contentUrl\":\"https:\\\/\\\/creadores.org\\\/wp-content\\\/uploads\\\/2025\\\/06\\\/leyre-valiente-1-madrid-es-moda-acme-pablo-paniagua-web-540-copia.jpg-5.jpg\",\"width\":914,\"height\":373},{\"@type\":\"BreadcrumbList\",\"@id\":\"https:\\\/\\\/creadores.org\\\/en\\\/escaparates-visten-la-ciudad\\\/#breadcrumb\",\"itemListElement\":[{\"@type\":\"ListItem\",\"position\":1,\"name\":\"Portada\",\"item\":\"https:\\\/\\\/creadores.org\\\/en\\\/\"},{\"@type\":\"ListItem\",\"position\":2,\"name\":\"Window shops that dress up the city\"}]},{\"@type\":\"WebSite\",\"@id\":\"https:\\\/\\\/creadores.org\\\/en\\\/#website\",\"url\":\"https:\\\/\\\/creadores.org\\\/en\\\/\",\"name\":\"Asociaci\u00f3n Creadores de Moda de Espa\u00f1a | ACME\",\"description\":\"La Asociaci\u00f3n Creadores de Moda de Espa\u00f1a (ACME) es una organizaci\u00f3n profesional sin \u00e1nimo de lucro fundada en 1988\",\"publisher\":{\"@id\":\"https:\\\/\\\/creadores.org\\\/en\\\/#organization\"},\"potentialAction\":[{\"@type\":\"SearchAction\",\"target\":{\"@type\":\"EntryPoint\",\"urlTemplate\":\"https:\\\/\\\/creadores.org\\\/en\\\/?s={search_term_string}\"},\"query-input\":{\"@type\":\"PropertyValueSpecification\",\"valueRequired\":true,\"valueName\":\"search_term_string\"}}],\"inLanguage\":\"en-US\"},{\"@type\":\"Organization\",\"@id\":\"https:\\\/\\\/creadores.org\\\/en\\\/#organization\",\"name\":\"Asociaci\u00f3n Creadores de Moda de Espa\u00f1a | ACME\",\"url\":\"https:\\\/\\\/creadores.org\\\/en\\\/\",\"logo\":{\"@type\":\"ImageObject\",\"inLanguage\":\"en-US\",\"@id\":\"https:\\\/\\\/creadores.org\\\/en\\\/#\\\/schema\\\/logo\\\/image\\\/\",\"url\":\"https:\\\/\\\/creadores.org\\\/wp-content\\\/uploads\\\/2025\\\/06\\\/acme-logo.svg\",\"contentUrl\":\"https:\\\/\\\/creadores.org\\\/wp-content\\\/uploads\\\/2025\\\/06\\\/acme-logo.svg\",\"width\":650,\"height\":119,\"caption\":\"Asociaci\u00f3n Creadores de Moda de Espa\u00f1a | ACME\"},\"image\":{\"@id\":\"https:\\\/\\\/creadores.org\\\/en\\\/#\\\/schema\\\/logo\\\/image\\\/\"},\"sameAs\":[\"https:\\\/\\\/www.facebook.com\\\/Asociaci\u00f3n-Creadores-de-Moda-de-Espa\u00f1a-297009471514\\\/\",\"https:\\\/\\\/x.com\\\/creadoresacme\",\"https:\\\/\\\/www.instagram.com\\\/creadoresacme\\\/\"]},{\"@type\":\"Person\",\"@id\":\"https:\\\/\\\/creadores.org\\\/en\\\/#\\\/schema\\\/person\\\/fdf61cde9f2e71e9cefe26613b50a079\",\"name\":\"Felipe\"}]}<\/script>\n<!-- \/ Yoast SEO plugin. -->","yoast_head_json":{"title":"Window shops that dress up the city - Asociaci\u00f3n Creadores de Moda de Espa\u00f1a | ACME","robots":{"index":"index","follow":"follow","max-snippet":"max-snippet:-1","max-image-preview":"max-image-preview:large","max-video-preview":"max-video-preview:-1"},"canonical":"https:\/\/creadores.org\/en\/escaparates-visten-la-ciudad\/","og_locale":"en_US","og_type":"article","og_title":"Window shops that dress up the city - Asociaci\u00f3n Creadores de Moda de Espa\u00f1a | ACME","og_description":"Window shops do not only serve as commercial and mundane exhibitors of products for sale. They are also windows through which the city dresses up, backgrounds on which to showcase beauty, surprise, games or art. Precisely over this conception of the window shop, Madrid es Moda builds a part of its proposal, in order to [&hellip;]","og_url":"https:\/\/creadores.org\/en\/escaparates-visten-la-ciudad\/","og_site_name":"Asociaci\u00f3n Creadores de Moda de Espa\u00f1a | ACME","article_publisher":"https:\/\/www.facebook.com\/Asociaci%c3%b3n-Creadores-de-Moda-de-Espa%c3%b1a-297009471514\/","article_published_time":"2016-02-18T18:06:04+00:00","article_modified_time":"2025-06-21T12:16:20+00:00","og_image":[{"url":"https:\/\/creadores.org\/wp-content\/uploads\/2016\/02\/adolfo-dominguez-madrid-es-moda-acme-pablo-paniagua-web-460x201.jpg","type":"","width":"","height":""}],"author":"Felipe","twitter_card":"summary_large_image","twitter_creator":"@creadoresacme","twitter_site":"@creadoresacme","twitter_misc":{"Written by":"Felipe"},"schema":{"@context":"https:\/\/schema.org","@graph":[{"@type":"Article","@id":"https:\/\/creadores.org\/en\/escaparates-visten-la-ciudad\/#article","isPartOf":{"@id":"https:\/\/creadores.org\/en\/escaparates-visten-la-ciudad\/"},"author":{"name":"Felipe","@id":"https:\/\/creadores.org\/en\/#\/schema\/person\/fdf61cde9f2e71e9cefe26613b50a079"},"headline":"Window shops that dress up the city","datePublished":"2016-02-18T18:06:04+00:00","dateModified":"2025-06-21T12:16:20+00:00","mainEntityOfPage":{"@id":"https:\/\/creadores.org\/en\/escaparates-visten-la-ciudad\/"},"wordCount":96,"publisher":{"@id":"https:\/\/creadores.org\/en\/#organization"},"image":{"@id":"https:\/\/creadores.org\/en\/escaparates-visten-la-ciudad\/#primaryimage"},"thumbnailUrl":"https:\/\/creadores.org\/wp-content\/uploads\/2025\/06\/leyre-valiente-1-madrid-es-moda-acme-pablo-paniagua-web-540-copia.jpg-5.jpg","keywords":["Madrid","Madrid es Moda","Madrid es Moda"],"articleSection":["Madrid es Moda","Madrid es Moda"],"inLanguage":"en-US"},{"@type":"WebPage","@id":"https:\/\/creadores.org\/en\/escaparates-visten-la-ciudad\/","url":"https:\/\/creadores.org\/en\/escaparates-visten-la-ciudad\/","name":"Window shops that dress up the city - Asociaci\u00f3n Creadores de Moda de Espa\u00f1a | ACME","isPartOf":{"@id":"https:\/\/creadores.org\/en\/#website"},"primaryImageOfPage":{"@id":"https:\/\/creadores.org\/en\/escaparates-visten-la-ciudad\/#primaryimage"},"image":{"@id":"https:\/\/creadores.org\/en\/escaparates-visten-la-ciudad\/#primaryimage"},"thumbnailUrl":"https:\/\/creadores.org\/wp-content\/uploads\/2025\/06\/leyre-valiente-1-madrid-es-moda-acme-pablo-paniagua-web-540-copia.jpg-5.jpg","datePublished":"2016-02-18T18:06:04+00:00","dateModified":"2025-06-21T12:16:20+00:00","breadcrumb":{"@id":"https:\/\/creadores.org\/en\/escaparates-visten-la-ciudad\/#breadcrumb"},"inLanguage":"en-US","potentialAction":[{"@type":"ReadAction","target":["https:\/\/creadores.org\/en\/escaparates-visten-la-ciudad\/"]}]},{"@type":"ImageObject","inLanguage":"en-US","@id":"https:\/\/creadores.org\/en\/escaparates-visten-la-ciudad\/#primaryimage","url":"https:\/\/creadores.org\/wp-content\/uploads\/2025\/06\/leyre-valiente-1-madrid-es-moda-acme-pablo-paniagua-web-540-copia.jpg-5.jpg","contentUrl":"https:\/\/creadores.org\/wp-content\/uploads\/2025\/06\/leyre-valiente-1-madrid-es-moda-acme-pablo-paniagua-web-540-copia.jpg-5.jpg","width":914,"height":373},{"@type":"BreadcrumbList","@id":"https:\/\/creadores.org\/en\/escaparates-visten-la-ciudad\/#breadcrumb","itemListElement":[{"@type":"ListItem","position":1,"name":"Portada","item":"https:\/\/creadores.org\/en\/"},{"@type":"ListItem","position":2,"name":"Window shops that dress up the city"}]},{"@type":"WebSite","@id":"https:\/\/creadores.org\/en\/#website","url":"https:\/\/creadores.org\/en\/","name":"Asociaci\u00f3n Creadores de Moda de Espa\u00f1a | ACME","description":"La Asociaci\u00f3n Creadores de Moda de Espa\u00f1a (ACME) es una organizaci\u00f3n profesional sin \u00e1nimo de lucro fundada en 1988","publisher":{"@id":"https:\/\/creadores.org\/en\/#organization"},"potentialAction":[{"@type":"SearchAction","target":{"@type":"EntryPoint","urlTemplate":"https:\/\/creadores.org\/en\/?s={search_term_string}"},"query-input":{"@type":"PropertyValueSpecification","valueRequired":true,"valueName":"search_term_string"}}],"inLanguage":"en-US"},{"@type":"Organization","@id":"https:\/\/creadores.org\/en\/#organization","name":"Asociaci\u00f3n Creadores de Moda de Espa\u00f1a | ACME","url":"https:\/\/creadores.org\/en\/","logo":{"@type":"ImageObject","inLanguage":"en-US","@id":"https:\/\/creadores.org\/en\/#\/schema\/logo\/image\/","url":"https:\/\/creadores.org\/wp-content\/uploads\/2025\/06\/acme-logo.svg","contentUrl":"https:\/\/creadores.org\/wp-content\/uploads\/2025\/06\/acme-logo.svg","width":650,"height":119,"caption":"Asociaci\u00f3n Creadores de Moda de Espa\u00f1a | ACME"},"image":{"@id":"https:\/\/creadores.org\/en\/#\/schema\/logo\/image\/"},"sameAs":["https:\/\/www.facebook.com\/Asociaci\u00f3n-Creadores-de-Moda-de-Espa\u00f1a-297009471514\/","https:\/\/x.com\/creadoresacme","https:\/\/www.instagram.com\/creadoresacme\/"]},{"@type":"Person","@id":"https:\/\/creadores.org\/en\/#\/schema\/person\/fdf61cde9f2e71e9cefe26613b50a079","name":"Felipe"}]}},"_links":{"self":[{"href":"https:\/\/creadores.org\/en\/wp-json\/wp\/v2\/posts\/24966","targetHints":{"allow":["GET"]}}],"collection":[{"href":"https:\/\/creadores.org\/en\/wp-json\/wp\/v2\/posts"}],"about":[{"href":"https:\/\/creadores.org\/en\/wp-json\/wp\/v2\/types\/post"}],"author":[{"embeddable":true,"href":"https:\/\/creadores.org\/en\/wp-json\/wp\/v2\/users\/4"}],"replies":[{"embeddable":true,"href":"https:\/\/creadores.org\/en\/wp-json\/wp\/v2\/comments?post=24966"}],"version-history":[{"count":4,"href":"https:\/\/creadores.org\/en\/wp-json\/wp\/v2\/posts\/24966\/revisions"}],"predecessor-version":[{"id":80737,"href":"https:\/\/creadores.org\/en\/wp-json\/wp\/v2\/posts\/24966\/revisions\/80737"}],"wp:featuredmedia":[{"embeddable":true,"href":"https:\/\/creadores.org\/en\/wp-json\/wp\/v2\/media\/83346"}],"wp:attachment":[{"href":"https:\/\/creadores.org\/en\/wp-json\/wp\/v2\/media?parent=24966"}],"wp:term":[{"taxonomy":"category","embeddable":true,"href":"https:\/\/creadores.org\/en\/wp-json\/wp\/v2\/categories?post=24966"},{"taxonomy":"post_tag","embeddable":true,"href":"https:\/\/creadores.org\/en\/wp-json\/wp\/v2\/tags?post=24966"}],"curies":[{"name":"wp","href":"https:\/\/api.w.org\/{rel}","templated":true}]}}