{"id":24978,"date":"2016-02-22T18:40:00","date_gmt":"2016-02-22T17:40:00","guid":{"rendered":"https:\/\/creadores.org\/anton-heunis-an-exhibition-against-cancer\/"},"modified":"2025-06-21T14:16:41","modified_gmt":"2025-06-21T12:16:41","slug":"anton-heunis-una-exposicion-cancer","status":"publish","type":"post","link":"https:\/\/creadores.org\/en\/anton-heunis-una-exposicion-cancer\/","title":{"rendered":"Anton Heunis: an exhibition against cancer"},"content":{"rendered":"<p>Investigation against breast cancer and fashion. These are the reasons for the exhibition organized by jewellery designer <a href=\"http:\/\/antonheunis.com\" target=\"_blank\" rel=\"noopener noreferrer nofollow\">Anton Heunis<\/a> for <a href=\"https:\/\/creadores.org\/en\/ulises-merida-crea-la-nueva-imagen-de-madrid-es-moda\/\">Madrid es Moda<\/a> at the <a href=\"http:\/\/www.hotelurso.com\/es\/index.html\" target=\"_blank\" rel=\"noopener noreferrer nofollow\">Urso Hotel &#038; Spa<\/a>. A solidarity venture carried out in collaboration with other members of the Asociaci\u00f3n de Creadores de Moda de Espa\u00f1a: <a href=\"http:\/\/www.juanjooliva.com\" target=\"_blank\" rel=\"noopener noreferrer nofollow\">Juanjo Oliva<\/a>, <a href=\"http:\/\/www.ionfiz.com\/\" target=\"_blank\" rel=\"noopener noreferrer nofollow\">Ion Fiz<\/a>, <a href=\"http:\/\/www.mayahansen.com\/\" target=\"_blank\" rel=\"noopener noreferrer nofollow\">Maya Hansen<\/a>, <a href=\"http:\/\/www.jvporjorgevazquez.com\/\" target=\"_blank\" rel=\"noopener noreferrer nofollow\">Jorge V\u00e1zquez<\/a>, <a href=\"http:\/\/www.teresahelbig.com\/\" target=\"_blank\" rel=\"noopener noreferrer nofollow\">Teresa Helbig<\/a>, <a href=\"http:\/\/www.ulisesmerida.com\/\" target=\"_blank\" rel=\"noopener noreferrer nofollow\">Ulises M\u00e9rida<\/a>, <a href=\"http:\/\/www.davidelfin.com\/es\/\" target=\"_blank\" rel=\"noopener noreferrer nofollow\">David Delf\u00edn<\/a>, <a href=\"http:\/\/devotaylomba.es\/\" target=\"_blank\" rel=\"noopener noreferrer nofollow\">Devota &#038; Lomba<\/a> and <a href=\"http:\/\/www.juanamartin.net\/index.php\/es\/\" target=\"_blank\" rel=\"noopener noreferrer nofollow\">Juana Martin<\/a>.<\/p>\n<p>\u00a0<\/p>\n<p>The aim of this solidarity fashion collage is to raise funds for <a href=\"http:\/\/www.geicam.org\/\" target=\"_blank\" rel=\"noopener noreferrer nofollow\">GEICAM<\/a>, the group leader in breast cancer research in Spain with acknowledged international prestige. Made up by over 780 experts working in 184 hospitals across the country, GEICAM promotes research; clinical, epidemiological and translational, continuing medical education and broadcasting to ensure information to those affected about treatments and their side effects, as well as promoting their participation in clinical trials.<\/p>\n<p>\u00a0<\/p>\n<p>Since its inception in 1995 to date, this organization has carried out over a hundred studies involving more than 45,000 women.<\/p>\n<p>\u00a0<\/p>\n<p>The exhibition will take place on 22<sup>nd<\/sup> and 23<sup>rd<\/sup> of February in Madrid at the Urso Hotel, located in Calle Mej\u00eda Lequerica 8 from 10:00hrs. to 19:00hrs. In said, a voluntary donation to GEICAM may be made.[:]<\/p>\n","protected":false},"excerpt":{"rendered":"<p>Investigation against breast cancer and fashion. These are the reasons for the exhibition organized by jewellery designer Anton Heunis for Madrid es Moda at the Urso Hotel &#038; Spa. A solidarity venture carried out in collaboration with other members of the Asociaci\u00f3n de Creadores de Moda de Espa\u00f1a: Juanjo Oliva, Ion Fiz, Maya Hansen, Jorge [&hellip;]<\/p>\n","protected":false},"author":4,"featured_media":83362,"comment_status":"closed","ping_status":"closed","sticky":false,"template":"","format":"standard","meta":{"footnotes":""},"categories":[698,1164],"tags":[191,1176,61,1190,1367,288],"class_list":["post-24978","post","type-post","status-publish","format-standard","has-post-thumbnail","hentry","category-noticias-de-madrid-es-moda","category-news-madrid-es-moda","tag-madrid-es-moda","tag-madrid-es-moda-en","tag-mbfwm","tag-mbfwm-en","tag-ulises-merida-en","tag-ulises-merida"],"yoast_head":"<!-- This site is optimized with the Yoast SEO plugin v27.4 - https:\/\/yoast.com\/product\/yoast-seo-wordpress\/ -->\n<title>Anton Heunis: an exhibition against cancer - Asociaci\u00f3n Creadores de Moda de Espa\u00f1a | ACME<\/title>\n<meta name=\"robots\" content=\"index, follow, max-snippet:-1, max-image-preview:large, max-video-preview:-1\" \/>\n<link rel=\"canonical\" href=\"https:\/\/creadores.org\/en\/anton-heunis-una-exposicion-cancer\/\" \/>\n<meta property=\"og:locale\" content=\"en_US\" \/>\n<meta property=\"og:type\" content=\"article\" \/>\n<meta property=\"og:title\" content=\"Anton Heunis: an exhibition against cancer - Asociaci\u00f3n Creadores de Moda de Espa\u00f1a | ACME\" \/>\n<meta property=\"og:description\" content=\"Investigation against breast cancer and fashion. These are the reasons for the exhibition organized by jewellery designer Anton Heunis for Madrid es Moda at the Urso Hotel &#038; Spa. A solidarity venture carried out in collaboration with other members of the Asociaci\u00f3n de Creadores de Moda de Espa\u00f1a: Juanjo Oliva, Ion Fiz, Maya Hansen, Jorge [&hellip;]\" \/>\n<meta property=\"og:url\" content=\"https:\/\/creadores.org\/en\/anton-heunis-una-exposicion-cancer\/\" \/>\n<meta property=\"og:site_name\" content=\"Asociaci\u00f3n Creadores de Moda de Espa\u00f1a | ACME\" \/>\n<meta property=\"article:publisher\" content=\"https:\/\/www.facebook.com\/Asociaci%c3%b3n-Creadores-de-Moda-de-Espa%c3%b1a-297009471514\/\" \/>\n<meta property=\"article:published_time\" content=\"2016-02-22T17:40:00+00:00\" \/>\n<meta property=\"article:modified_time\" content=\"2025-06-21T12:16:41+00:00\" \/>\n<meta name=\"author\" content=\"Felipe\" \/>\n<meta name=\"twitter:card\" content=\"summary_large_image\" \/>\n<meta name=\"twitter:creator\" content=\"@creadoresacme\" \/>\n<meta name=\"twitter:site\" content=\"@creadoresacme\" \/>\n<meta name=\"twitter:label1\" content=\"Written by\" \/>\n\t<meta name=\"twitter:data1\" content=\"Felipe\" \/>\n\t<meta name=\"twitter:label2\" content=\"Est. reading time\" \/>\n\t<meta name=\"twitter:data2\" content=\"1 minute\" \/>\n<script type=\"application\/ld+json\" class=\"yoast-schema-graph\">{\"@context\":\"https:\\\/\\\/schema.org\",\"@graph\":[{\"@type\":\"Article\",\"@id\":\"https:\\\/\\\/creadores.org\\\/en\\\/anton-heunis-una-exposicion-cancer\\\/#article\",\"isPartOf\":{\"@id\":\"https:\\\/\\\/creadores.org\\\/en\\\/anton-heunis-una-exposicion-cancer\\\/\"},\"author\":{\"name\":\"Felipe\",\"@id\":\"https:\\\/\\\/creadores.org\\\/en\\\/#\\\/schema\\\/person\\\/fdf61cde9f2e71e9cefe26613b50a079\"},\"headline\":\"Anton Heunis: an exhibition against cancer\",\"datePublished\":\"2016-02-22T17:40:00+00:00\",\"dateModified\":\"2025-06-21T12:16:41+00:00\",\"mainEntityOfPage\":{\"@id\":\"https:\\\/\\\/creadores.org\\\/en\\\/anton-heunis-una-exposicion-cancer\\\/\"},\"wordCount\":203,\"publisher\":{\"@id\":\"https:\\\/\\\/creadores.org\\\/en\\\/#organization\"},\"image\":{\"@id\":\"https:\\\/\\\/creadores.org\\\/en\\\/anton-heunis-una-exposicion-cancer\\\/#primaryimage\"},\"thumbnailUrl\":\"https:\\\/\\\/creadores.org\\\/wp-content\\\/uploads\\\/2025\\\/06\\\/anton-heunis-madid-es-moda-acme-portada-web-1.jpg-5.jpg\",\"keywords\":[\"Madrid es Moda\",\"Madrid es Moda\",\"MBFWM\",\"MBFWM\",\"ulises m\u00e9rida\",\"Ulises M\u00e9rida\"],\"articleSection\":[\"Madrid es Moda\",\"Madrid es Moda\"],\"inLanguage\":\"en-US\"},{\"@type\":\"WebPage\",\"@id\":\"https:\\\/\\\/creadores.org\\\/en\\\/anton-heunis-una-exposicion-cancer\\\/\",\"url\":\"https:\\\/\\\/creadores.org\\\/en\\\/anton-heunis-una-exposicion-cancer\\\/\",\"name\":\"Anton Heunis: an exhibition against cancer - Asociaci\u00f3n Creadores de Moda de Espa\u00f1a | ACME\",\"isPartOf\":{\"@id\":\"https:\\\/\\\/creadores.org\\\/en\\\/#website\"},\"primaryImageOfPage\":{\"@id\":\"https:\\\/\\\/creadores.org\\\/en\\\/anton-heunis-una-exposicion-cancer\\\/#primaryimage\"},\"image\":{\"@id\":\"https:\\\/\\\/creadores.org\\\/en\\\/anton-heunis-una-exposicion-cancer\\\/#primaryimage\"},\"thumbnailUrl\":\"https:\\\/\\\/creadores.org\\\/wp-content\\\/uploads\\\/2025\\\/06\\\/anton-heunis-madid-es-moda-acme-portada-web-1.jpg-5.jpg\",\"datePublished\":\"2016-02-22T17:40:00+00:00\",\"dateModified\":\"2025-06-21T12:16:41+00:00\",\"breadcrumb\":{\"@id\":\"https:\\\/\\\/creadores.org\\\/en\\\/anton-heunis-una-exposicion-cancer\\\/#breadcrumb\"},\"inLanguage\":\"en-US\",\"potentialAction\":[{\"@type\":\"ReadAction\",\"target\":[\"https:\\\/\\\/creadores.org\\\/en\\\/anton-heunis-una-exposicion-cancer\\\/\"]}]},{\"@type\":\"ImageObject\",\"inLanguage\":\"en-US\",\"@id\":\"https:\\\/\\\/creadores.org\\\/en\\\/anton-heunis-una-exposicion-cancer\\\/#primaryimage\",\"url\":\"https:\\\/\\\/creadores.org\\\/wp-content\\\/uploads\\\/2025\\\/06\\\/anton-heunis-madid-es-moda-acme-portada-web-1.jpg-5.jpg\",\"contentUrl\":\"https:\\\/\\\/creadores.org\\\/wp-content\\\/uploads\\\/2025\\\/06\\\/anton-heunis-madid-es-moda-acme-portada-web-1.jpg-5.jpg\",\"width\":888,\"height\":428},{\"@type\":\"BreadcrumbList\",\"@id\":\"https:\\\/\\\/creadores.org\\\/en\\\/anton-heunis-una-exposicion-cancer\\\/#breadcrumb\",\"itemListElement\":[{\"@type\":\"ListItem\",\"position\":1,\"name\":\"Portada\",\"item\":\"https:\\\/\\\/creadores.org\\\/en\\\/\"},{\"@type\":\"ListItem\",\"position\":2,\"name\":\"Anton Heunis: an exhibition against cancer\"}]},{\"@type\":\"WebSite\",\"@id\":\"https:\\\/\\\/creadores.org\\\/en\\\/#website\",\"url\":\"https:\\\/\\\/creadores.org\\\/en\\\/\",\"name\":\"Asociaci\u00f3n Creadores de Moda de Espa\u00f1a | ACME\",\"description\":\"La Asociaci\u00f3n Creadores de Moda de Espa\u00f1a (ACME) es una organizaci\u00f3n profesional sin \u00e1nimo de lucro fundada en 1988\",\"publisher\":{\"@id\":\"https:\\\/\\\/creadores.org\\\/en\\\/#organization\"},\"potentialAction\":[{\"@type\":\"SearchAction\",\"target\":{\"@type\":\"EntryPoint\",\"urlTemplate\":\"https:\\\/\\\/creadores.org\\\/en\\\/?s={search_term_string}\"},\"query-input\":{\"@type\":\"PropertyValueSpecification\",\"valueRequired\":true,\"valueName\":\"search_term_string\"}}],\"inLanguage\":\"en-US\"},{\"@type\":\"Organization\",\"@id\":\"https:\\\/\\\/creadores.org\\\/en\\\/#organization\",\"name\":\"Asociaci\u00f3n Creadores de Moda de Espa\u00f1a | ACME\",\"url\":\"https:\\\/\\\/creadores.org\\\/en\\\/\",\"logo\":{\"@type\":\"ImageObject\",\"inLanguage\":\"en-US\",\"@id\":\"https:\\\/\\\/creadores.org\\\/en\\\/#\\\/schema\\\/logo\\\/image\\\/\",\"url\":\"https:\\\/\\\/creadores.org\\\/wp-content\\\/uploads\\\/2025\\\/06\\\/acme-logo.svg\",\"contentUrl\":\"https:\\\/\\\/creadores.org\\\/wp-content\\\/uploads\\\/2025\\\/06\\\/acme-logo.svg\",\"width\":650,\"height\":119,\"caption\":\"Asociaci\u00f3n Creadores de Moda de Espa\u00f1a | ACME\"},\"image\":{\"@id\":\"https:\\\/\\\/creadores.org\\\/en\\\/#\\\/schema\\\/logo\\\/image\\\/\"},\"sameAs\":[\"https:\\\/\\\/www.facebook.com\\\/Asociaci\u00f3n-Creadores-de-Moda-de-Espa\u00f1a-297009471514\\\/\",\"https:\\\/\\\/x.com\\\/creadoresacme\",\"https:\\\/\\\/www.instagram.com\\\/creadoresacme\\\/\"]},{\"@type\":\"Person\",\"@id\":\"https:\\\/\\\/creadores.org\\\/en\\\/#\\\/schema\\\/person\\\/fdf61cde9f2e71e9cefe26613b50a079\",\"name\":\"Felipe\"}]}<\/script>\n<!-- \/ Yoast SEO plugin. -->","yoast_head_json":{"title":"Anton Heunis: an exhibition against cancer - Asociaci\u00f3n Creadores de Moda de Espa\u00f1a | ACME","robots":{"index":"index","follow":"follow","max-snippet":"max-snippet:-1","max-image-preview":"max-image-preview:large","max-video-preview":"max-video-preview:-1"},"canonical":"https:\/\/creadores.org\/en\/anton-heunis-una-exposicion-cancer\/","og_locale":"en_US","og_type":"article","og_title":"Anton Heunis: an exhibition against cancer - Asociaci\u00f3n Creadores de Moda de Espa\u00f1a | ACME","og_description":"Investigation against breast cancer and fashion. These are the reasons for the exhibition organized by jewellery designer Anton Heunis for Madrid es Moda at the Urso Hotel &#038; Spa. A solidarity venture carried out in collaboration with other members of the Asociaci\u00f3n de Creadores de Moda de Espa\u00f1a: Juanjo Oliva, Ion Fiz, Maya Hansen, Jorge [&hellip;]","og_url":"https:\/\/creadores.org\/en\/anton-heunis-una-exposicion-cancer\/","og_site_name":"Asociaci\u00f3n Creadores de Moda de Espa\u00f1a | ACME","article_publisher":"https:\/\/www.facebook.com\/Asociaci%c3%b3n-Creadores-de-Moda-de-Espa%c3%b1a-297009471514\/","article_published_time":"2016-02-22T17:40:00+00:00","article_modified_time":"2025-06-21T12:16:41+00:00","author":"Felipe","twitter_card":"summary_large_image","twitter_creator":"@creadoresacme","twitter_site":"@creadoresacme","twitter_misc":{"Written by":"Felipe","Est. reading time":"1 minute"},"schema":{"@context":"https:\/\/schema.org","@graph":[{"@type":"Article","@id":"https:\/\/creadores.org\/en\/anton-heunis-una-exposicion-cancer\/#article","isPartOf":{"@id":"https:\/\/creadores.org\/en\/anton-heunis-una-exposicion-cancer\/"},"author":{"name":"Felipe","@id":"https:\/\/creadores.org\/en\/#\/schema\/person\/fdf61cde9f2e71e9cefe26613b50a079"},"headline":"Anton Heunis: an exhibition against cancer","datePublished":"2016-02-22T17:40:00+00:00","dateModified":"2025-06-21T12:16:41+00:00","mainEntityOfPage":{"@id":"https:\/\/creadores.org\/en\/anton-heunis-una-exposicion-cancer\/"},"wordCount":203,"publisher":{"@id":"https:\/\/creadores.org\/en\/#organization"},"image":{"@id":"https:\/\/creadores.org\/en\/anton-heunis-una-exposicion-cancer\/#primaryimage"},"thumbnailUrl":"https:\/\/creadores.org\/wp-content\/uploads\/2025\/06\/anton-heunis-madid-es-moda-acme-portada-web-1.jpg-5.jpg","keywords":["Madrid es Moda","Madrid es Moda","MBFWM","MBFWM","ulises m\u00e9rida","Ulises M\u00e9rida"],"articleSection":["Madrid es Moda","Madrid es Moda"],"inLanguage":"en-US"},{"@type":"WebPage","@id":"https:\/\/creadores.org\/en\/anton-heunis-una-exposicion-cancer\/","url":"https:\/\/creadores.org\/en\/anton-heunis-una-exposicion-cancer\/","name":"Anton Heunis: an exhibition against cancer - Asociaci\u00f3n Creadores de Moda de Espa\u00f1a | ACME","isPartOf":{"@id":"https:\/\/creadores.org\/en\/#website"},"primaryImageOfPage":{"@id":"https:\/\/creadores.org\/en\/anton-heunis-una-exposicion-cancer\/#primaryimage"},"image":{"@id":"https:\/\/creadores.org\/en\/anton-heunis-una-exposicion-cancer\/#primaryimage"},"thumbnailUrl":"https:\/\/creadores.org\/wp-content\/uploads\/2025\/06\/anton-heunis-madid-es-moda-acme-portada-web-1.jpg-5.jpg","datePublished":"2016-02-22T17:40:00+00:00","dateModified":"2025-06-21T12:16:41+00:00","breadcrumb":{"@id":"https:\/\/creadores.org\/en\/anton-heunis-una-exposicion-cancer\/#breadcrumb"},"inLanguage":"en-US","potentialAction":[{"@type":"ReadAction","target":["https:\/\/creadores.org\/en\/anton-heunis-una-exposicion-cancer\/"]}]},{"@type":"ImageObject","inLanguage":"en-US","@id":"https:\/\/creadores.org\/en\/anton-heunis-una-exposicion-cancer\/#primaryimage","url":"https:\/\/creadores.org\/wp-content\/uploads\/2025\/06\/anton-heunis-madid-es-moda-acme-portada-web-1.jpg-5.jpg","contentUrl":"https:\/\/creadores.org\/wp-content\/uploads\/2025\/06\/anton-heunis-madid-es-moda-acme-portada-web-1.jpg-5.jpg","width":888,"height":428},{"@type":"BreadcrumbList","@id":"https:\/\/creadores.org\/en\/anton-heunis-una-exposicion-cancer\/#breadcrumb","itemListElement":[{"@type":"ListItem","position":1,"name":"Portada","item":"https:\/\/creadores.org\/en\/"},{"@type":"ListItem","position":2,"name":"Anton Heunis: an exhibition against cancer"}]},{"@type":"WebSite","@id":"https:\/\/creadores.org\/en\/#website","url":"https:\/\/creadores.org\/en\/","name":"Asociaci\u00f3n Creadores de Moda de Espa\u00f1a | ACME","description":"La Asociaci\u00f3n Creadores de Moda de Espa\u00f1a (ACME) es una organizaci\u00f3n profesional sin \u00e1nimo de lucro fundada en 1988","publisher":{"@id":"https:\/\/creadores.org\/en\/#organization"},"potentialAction":[{"@type":"SearchAction","target":{"@type":"EntryPoint","urlTemplate":"https:\/\/creadores.org\/en\/?s={search_term_string}"},"query-input":{"@type":"PropertyValueSpecification","valueRequired":true,"valueName":"search_term_string"}}],"inLanguage":"en-US"},{"@type":"Organization","@id":"https:\/\/creadores.org\/en\/#organization","name":"Asociaci\u00f3n Creadores de Moda de Espa\u00f1a | ACME","url":"https:\/\/creadores.org\/en\/","logo":{"@type":"ImageObject","inLanguage":"en-US","@id":"https:\/\/creadores.org\/en\/#\/schema\/logo\/image\/","url":"https:\/\/creadores.org\/wp-content\/uploads\/2025\/06\/acme-logo.svg","contentUrl":"https:\/\/creadores.org\/wp-content\/uploads\/2025\/06\/acme-logo.svg","width":650,"height":119,"caption":"Asociaci\u00f3n Creadores de Moda de Espa\u00f1a | ACME"},"image":{"@id":"https:\/\/creadores.org\/en\/#\/schema\/logo\/image\/"},"sameAs":["https:\/\/www.facebook.com\/Asociaci\u00f3n-Creadores-de-Moda-de-Espa\u00f1a-297009471514\/","https:\/\/x.com\/creadoresacme","https:\/\/www.instagram.com\/creadoresacme\/"]},{"@type":"Person","@id":"https:\/\/creadores.org\/en\/#\/schema\/person\/fdf61cde9f2e71e9cefe26613b50a079","name":"Felipe"}]}},"_links":{"self":[{"href":"https:\/\/creadores.org\/en\/wp-json\/wp\/v2\/posts\/24978","targetHints":{"allow":["GET"]}}],"collection":[{"href":"https:\/\/creadores.org\/en\/wp-json\/wp\/v2\/posts"}],"about":[{"href":"https:\/\/creadores.org\/en\/wp-json\/wp\/v2\/types\/post"}],"author":[{"embeddable":true,"href":"https:\/\/creadores.org\/en\/wp-json\/wp\/v2\/users\/4"}],"replies":[{"embeddable":true,"href":"https:\/\/creadores.org\/en\/wp-json\/wp\/v2\/comments?post=24978"}],"version-history":[{"count":5,"href":"https:\/\/creadores.org\/en\/wp-json\/wp\/v2\/posts\/24978\/revisions"}],"predecessor-version":[{"id":83364,"href":"https:\/\/creadores.org\/en\/wp-json\/wp\/v2\/posts\/24978\/revisions\/83364"}],"wp:featuredmedia":[{"embeddable":true,"href":"https:\/\/creadores.org\/en\/wp-json\/wp\/v2\/media\/83362"}],"wp:attachment":[{"href":"https:\/\/creadores.org\/en\/wp-json\/wp\/v2\/media?parent=24978"}],"wp:term":[{"taxonomy":"category","embeddable":true,"href":"https:\/\/creadores.org\/en\/wp-json\/wp\/v2\/categories?post=24978"},{"taxonomy":"post_tag","embeddable":true,"href":"https:\/\/creadores.org\/en\/wp-json\/wp\/v2\/tags?post=24978"}],"curies":[{"name":"wp","href":"https:\/\/api.w.org\/{rel}","templated":true}]}}