{"id":25021,"date":"2016-05-24T11:31:21","date_gmt":"2016-05-24T09:31:21","guid":{"rendered":"https:\/\/creadores.org\/ied-madrid-design-awards\/"},"modified":"2025-06-21T14:18:07","modified_gmt":"2025-06-21T12:18:07","slug":"ied-madrid-design-awards","status":"publish","type":"post","link":"https:\/\/creadores.org\/en\/ied-madrid-design-awards\/","title":{"rendered":"IED Madrid Design Awards"},"content":{"rendered":"<p>Due to the 50<sup>th<\/sup> anniversary of the IED Group, their headquarters based in Madrid wanted to pay tribute to all those who somehow are part of the design world (brands, professionals, entrepreneurs or collective) rewarding projects and initiatives that over the past year have contributed to place value upon the roles of design and creativity, bringing closer design to the general public. To achieve this, IED Madrid created their annual awards <a href=\"http:\/\/iedesignawards.com\/\" target=\"_blank\" rel=\"noopener noreferrer\">IED Madrid Design Awards<\/a>, which were presented at the Aula Magna of the institution in the presence of the Italian Ambassador in Spain.<\/p>\n<p>Among the winners of this first edition are ACME designers <a href=\"http:\/\/www.helenarohner.com.es\/es\/\" target=\"_blank\" rel=\"noopener noreferrer\">Helena Rohner<\/a> and Miguel Becer, Creative Director of <a href=\"http:\/\/manemane.es\/\" target=\"_blank\" rel=\"noopener noreferrer\">Man\u00e9man\u00e9<\/a>. Helena Rohner has received the award for &#8220;Best project of contemporary jewellery,&#8221; while Miguel Becer rose with the award in the category &#8220;Best fashion creative direction.&#8221;<\/p>\n<p>The jury was made up by Sheila Loewe (Director of the Loewe Foundation), Liam Aldous (correspondent of Monocle in Spain), the two Michelin stars chef Diego Guerrero, the ambassador in Spain of the Republic of Italy, Stefano Sannino, Riccardo Marzullo, Managing Director of IED Spain, and Marisa Santamaria (Director of Institutional Relations IED Madrid).<\/p>\n<p><img fetchpriority=\"high\" decoding=\"async\" class=\"aligncenter size-full wp-image-8622\" src=\"https:\/\/creadores.org\/src\/uploads\/2016\/05\/DSC6754.jpg\" alt=\"_DSC6754\" width=\"651\" height=\"525\" srcset=\"https:\/\/creadores.org\/wp-content\/uploads\/2016\/05\/DSC6754.jpg 651w, https:\/\/creadores.org\/wp-content\/uploads\/2016\/05\/DSC6754-460x371.jpg 460w\" sizes=\"(max-width: 651px) 100vw, 651px\" \/>[:]<\/p>\n","protected":false},"excerpt":{"rendered":"<p>Due to the 50th anniversary of the IED Group, their headquarters based in Madrid wanted to pay tribute to all those who somehow are part of the design world (brands, professionals, entrepreneurs or collective) rewarding projects and initiatives that over the past year have contributed to place value upon the roles of design and creativity, [&hellip;]<\/p>\n","protected":false},"author":4,"featured_media":82457,"comment_status":"closed","ping_status":"closed","sticky":false,"template":"","format":"standard","meta":{"footnotes":""},"categories":[1163,6],"tags":[1173],"class_list":["post-25021","post","type-post","status-publish","format-standard","has-post-thumbnail","hentry","category-news","category-noticias","tag-helena-rohner-en"],"yoast_head":"<!-- This site is optimized with the Yoast SEO plugin v27.4 - https:\/\/yoast.com\/product\/yoast-seo-wordpress\/ -->\n<title>IED Madrid Design Awards - Asociaci\u00f3n Creadores de Moda de Espa\u00f1a | ACME<\/title>\n<meta name=\"robots\" content=\"index, follow, max-snippet:-1, max-image-preview:large, max-video-preview:-1\" \/>\n<link rel=\"canonical\" href=\"https:\/\/creadores.org\/en\/ied-madrid-design-awards\/\" \/>\n<meta property=\"og:locale\" content=\"en_US\" \/>\n<meta property=\"og:type\" content=\"article\" \/>\n<meta property=\"og:title\" content=\"IED Madrid Design Awards - Asociaci\u00f3n Creadores de Moda de Espa\u00f1a | ACME\" \/>\n<meta property=\"og:description\" content=\"Due to the 50th anniversary of the IED Group, their headquarters based in Madrid wanted to pay tribute to all those who somehow are part of the design world (brands, professionals, entrepreneurs or collective) rewarding projects and initiatives that over the past year have contributed to place value upon the roles of design and creativity, [&hellip;]\" \/>\n<meta property=\"og:url\" content=\"https:\/\/creadores.org\/en\/ied-madrid-design-awards\/\" \/>\n<meta property=\"og:site_name\" content=\"Asociaci\u00f3n Creadores de Moda de Espa\u00f1a | ACME\" \/>\n<meta property=\"article:publisher\" content=\"https:\/\/www.facebook.com\/Asociaci%c3%b3n-Creadores-de-Moda-de-Espa%c3%b1a-297009471514\/\" \/>\n<meta property=\"article:published_time\" content=\"2016-05-24T09:31:21+00:00\" \/>\n<meta property=\"article:modified_time\" content=\"2025-06-21T12:18:07+00:00\" \/>\n<meta property=\"og:image\" content=\"https:\/\/creadores.org\/src\/uploads\/2016\/05\/DSC6754.jpg\" \/>\n<meta name=\"author\" content=\"Felipe\" \/>\n<meta name=\"twitter:card\" content=\"summary_large_image\" \/>\n<meta name=\"twitter:creator\" content=\"@creadoresacme\" \/>\n<meta name=\"twitter:site\" content=\"@creadoresacme\" \/>\n<meta name=\"twitter:label1\" content=\"Written by\" \/>\n\t<meta name=\"twitter:data1\" content=\"Felipe\" \/>\n\t<meta name=\"twitter:label2\" content=\"Est. reading time\" \/>\n\t<meta name=\"twitter:data2\" content=\"1 minute\" \/>\n<script type=\"application\/ld+json\" class=\"yoast-schema-graph\">{\"@context\":\"https:\\\/\\\/schema.org\",\"@graph\":[{\"@type\":\"Article\",\"@id\":\"https:\\\/\\\/creadores.org\\\/en\\\/ied-madrid-design-awards\\\/#article\",\"isPartOf\":{\"@id\":\"https:\\\/\\\/creadores.org\\\/en\\\/ied-madrid-design-awards\\\/\"},\"author\":{\"name\":\"Felipe\",\"@id\":\"https:\\\/\\\/creadores.org\\\/en\\\/#\\\/schema\\\/person\\\/fdf61cde9f2e71e9cefe26613b50a079\"},\"headline\":\"IED Madrid Design Awards\",\"datePublished\":\"2016-05-24T09:31:21+00:00\",\"dateModified\":\"2025-06-21T12:18:07+00:00\",\"mainEntityOfPage\":{\"@id\":\"https:\\\/\\\/creadores.org\\\/en\\\/ied-madrid-design-awards\\\/\"},\"wordCount\":198,\"publisher\":{\"@id\":\"https:\\\/\\\/creadores.org\\\/en\\\/#organization\"},\"image\":{\"@id\":\"https:\\\/\\\/creadores.org\\\/en\\\/ied-madrid-design-awards\\\/#primaryimage\"},\"thumbnailUrl\":\"https:\\\/\\\/creadores.org\\\/wp-content\\\/uploads\\\/2025\\\/06\\\/DSC6809.jpg-2.jpg\",\"keywords\":[\"Helena Rohner\"],\"articleSection\":[\"News\",\"Noticias\"],\"inLanguage\":\"en-US\"},{\"@type\":\"WebPage\",\"@id\":\"https:\\\/\\\/creadores.org\\\/en\\\/ied-madrid-design-awards\\\/\",\"url\":\"https:\\\/\\\/creadores.org\\\/en\\\/ied-madrid-design-awards\\\/\",\"name\":\"IED Madrid Design Awards - Asociaci\u00f3n Creadores de Moda de Espa\u00f1a | ACME\",\"isPartOf\":{\"@id\":\"https:\\\/\\\/creadores.org\\\/en\\\/#website\"},\"primaryImageOfPage\":{\"@id\":\"https:\\\/\\\/creadores.org\\\/en\\\/ied-madrid-design-awards\\\/#primaryimage\"},\"image\":{\"@id\":\"https:\\\/\\\/creadores.org\\\/en\\\/ied-madrid-design-awards\\\/#primaryimage\"},\"thumbnailUrl\":\"https:\\\/\\\/creadores.org\\\/wp-content\\\/uploads\\\/2025\\\/06\\\/DSC6809.jpg-2.jpg\",\"datePublished\":\"2016-05-24T09:31:21+00:00\",\"dateModified\":\"2025-06-21T12:18:07+00:00\",\"breadcrumb\":{\"@id\":\"https:\\\/\\\/creadores.org\\\/en\\\/ied-madrid-design-awards\\\/#breadcrumb\"},\"inLanguage\":\"en-US\",\"potentialAction\":[{\"@type\":\"ReadAction\",\"target\":[\"https:\\\/\\\/creadores.org\\\/en\\\/ied-madrid-design-awards\\\/\"]}]},{\"@type\":\"ImageObject\",\"inLanguage\":\"en-US\",\"@id\":\"https:\\\/\\\/creadores.org\\\/en\\\/ied-madrid-design-awards\\\/#primaryimage\",\"url\":\"https:\\\/\\\/creadores.org\\\/wp-content\\\/uploads\\\/2025\\\/06\\\/DSC6809.jpg-2.jpg\",\"contentUrl\":\"https:\\\/\\\/creadores.org\\\/wp-content\\\/uploads\\\/2025\\\/06\\\/DSC6809.jpg-2.jpg\",\"width\":975,\"height\":562},{\"@type\":\"BreadcrumbList\",\"@id\":\"https:\\\/\\\/creadores.org\\\/en\\\/ied-madrid-design-awards\\\/#breadcrumb\",\"itemListElement\":[{\"@type\":\"ListItem\",\"position\":1,\"name\":\"Portada\",\"item\":\"https:\\\/\\\/creadores.org\\\/en\\\/\"},{\"@type\":\"ListItem\",\"position\":2,\"name\":\"IED Madrid Design Awards\"}]},{\"@type\":\"WebSite\",\"@id\":\"https:\\\/\\\/creadores.org\\\/en\\\/#website\",\"url\":\"https:\\\/\\\/creadores.org\\\/en\\\/\",\"name\":\"Asociaci\u00f3n Creadores de Moda de Espa\u00f1a | ACME\",\"description\":\"La Asociaci\u00f3n Creadores de Moda de Espa\u00f1a (ACME) es una organizaci\u00f3n profesional sin \u00e1nimo de lucro fundada en 1988\",\"publisher\":{\"@id\":\"https:\\\/\\\/creadores.org\\\/en\\\/#organization\"},\"potentialAction\":[{\"@type\":\"SearchAction\",\"target\":{\"@type\":\"EntryPoint\",\"urlTemplate\":\"https:\\\/\\\/creadores.org\\\/en\\\/?s={search_term_string}\"},\"query-input\":{\"@type\":\"PropertyValueSpecification\",\"valueRequired\":true,\"valueName\":\"search_term_string\"}}],\"inLanguage\":\"en-US\"},{\"@type\":\"Organization\",\"@id\":\"https:\\\/\\\/creadores.org\\\/en\\\/#organization\",\"name\":\"Asociaci\u00f3n Creadores de Moda de Espa\u00f1a | ACME\",\"url\":\"https:\\\/\\\/creadores.org\\\/en\\\/\",\"logo\":{\"@type\":\"ImageObject\",\"inLanguage\":\"en-US\",\"@id\":\"https:\\\/\\\/creadores.org\\\/en\\\/#\\\/schema\\\/logo\\\/image\\\/\",\"url\":\"https:\\\/\\\/creadores.org\\\/wp-content\\\/uploads\\\/2025\\\/06\\\/acme-logo.svg\",\"contentUrl\":\"https:\\\/\\\/creadores.org\\\/wp-content\\\/uploads\\\/2025\\\/06\\\/acme-logo.svg\",\"width\":650,\"height\":119,\"caption\":\"Asociaci\u00f3n Creadores de Moda de Espa\u00f1a | ACME\"},\"image\":{\"@id\":\"https:\\\/\\\/creadores.org\\\/en\\\/#\\\/schema\\\/logo\\\/image\\\/\"},\"sameAs\":[\"https:\\\/\\\/www.facebook.com\\\/Asociaci\u00f3n-Creadores-de-Moda-de-Espa\u00f1a-297009471514\\\/\",\"https:\\\/\\\/x.com\\\/creadoresacme\",\"https:\\\/\\\/www.instagram.com\\\/creadoresacme\\\/\"]},{\"@type\":\"Person\",\"@id\":\"https:\\\/\\\/creadores.org\\\/en\\\/#\\\/schema\\\/person\\\/fdf61cde9f2e71e9cefe26613b50a079\",\"name\":\"Felipe\"}]}<\/script>\n<!-- \/ Yoast SEO plugin. -->","yoast_head_json":{"title":"IED Madrid Design Awards - Asociaci\u00f3n Creadores de Moda de Espa\u00f1a | ACME","robots":{"index":"index","follow":"follow","max-snippet":"max-snippet:-1","max-image-preview":"max-image-preview:large","max-video-preview":"max-video-preview:-1"},"canonical":"https:\/\/creadores.org\/en\/ied-madrid-design-awards\/","og_locale":"en_US","og_type":"article","og_title":"IED Madrid Design Awards - Asociaci\u00f3n Creadores de Moda de Espa\u00f1a | ACME","og_description":"Due to the 50th anniversary of the IED Group, their headquarters based in Madrid wanted to pay tribute to all those who somehow are part of the design world (brands, professionals, entrepreneurs or collective) rewarding projects and initiatives that over the past year have contributed to place value upon the roles of design and creativity, [&hellip;]","og_url":"https:\/\/creadores.org\/en\/ied-madrid-design-awards\/","og_site_name":"Asociaci\u00f3n Creadores de Moda de Espa\u00f1a | ACME","article_publisher":"https:\/\/www.facebook.com\/Asociaci%c3%b3n-Creadores-de-Moda-de-Espa%c3%b1a-297009471514\/","article_published_time":"2016-05-24T09:31:21+00:00","article_modified_time":"2025-06-21T12:18:07+00:00","og_image":[{"url":"https:\/\/creadores.org\/src\/uploads\/2016\/05\/DSC6754.jpg","type":"","width":"","height":""}],"author":"Felipe","twitter_card":"summary_large_image","twitter_creator":"@creadoresacme","twitter_site":"@creadoresacme","twitter_misc":{"Written by":"Felipe","Est. reading time":"1 minute"},"schema":{"@context":"https:\/\/schema.org","@graph":[{"@type":"Article","@id":"https:\/\/creadores.org\/en\/ied-madrid-design-awards\/#article","isPartOf":{"@id":"https:\/\/creadores.org\/en\/ied-madrid-design-awards\/"},"author":{"name":"Felipe","@id":"https:\/\/creadores.org\/en\/#\/schema\/person\/fdf61cde9f2e71e9cefe26613b50a079"},"headline":"IED Madrid Design Awards","datePublished":"2016-05-24T09:31:21+00:00","dateModified":"2025-06-21T12:18:07+00:00","mainEntityOfPage":{"@id":"https:\/\/creadores.org\/en\/ied-madrid-design-awards\/"},"wordCount":198,"publisher":{"@id":"https:\/\/creadores.org\/en\/#organization"},"image":{"@id":"https:\/\/creadores.org\/en\/ied-madrid-design-awards\/#primaryimage"},"thumbnailUrl":"https:\/\/creadores.org\/wp-content\/uploads\/2025\/06\/DSC6809.jpg-2.jpg","keywords":["Helena Rohner"],"articleSection":["News","Noticias"],"inLanguage":"en-US"},{"@type":"WebPage","@id":"https:\/\/creadores.org\/en\/ied-madrid-design-awards\/","url":"https:\/\/creadores.org\/en\/ied-madrid-design-awards\/","name":"IED Madrid Design Awards - Asociaci\u00f3n Creadores de Moda de Espa\u00f1a | ACME","isPartOf":{"@id":"https:\/\/creadores.org\/en\/#website"},"primaryImageOfPage":{"@id":"https:\/\/creadores.org\/en\/ied-madrid-design-awards\/#primaryimage"},"image":{"@id":"https:\/\/creadores.org\/en\/ied-madrid-design-awards\/#primaryimage"},"thumbnailUrl":"https:\/\/creadores.org\/wp-content\/uploads\/2025\/06\/DSC6809.jpg-2.jpg","datePublished":"2016-05-24T09:31:21+00:00","dateModified":"2025-06-21T12:18:07+00:00","breadcrumb":{"@id":"https:\/\/creadores.org\/en\/ied-madrid-design-awards\/#breadcrumb"},"inLanguage":"en-US","potentialAction":[{"@type":"ReadAction","target":["https:\/\/creadores.org\/en\/ied-madrid-design-awards\/"]}]},{"@type":"ImageObject","inLanguage":"en-US","@id":"https:\/\/creadores.org\/en\/ied-madrid-design-awards\/#primaryimage","url":"https:\/\/creadores.org\/wp-content\/uploads\/2025\/06\/DSC6809.jpg-2.jpg","contentUrl":"https:\/\/creadores.org\/wp-content\/uploads\/2025\/06\/DSC6809.jpg-2.jpg","width":975,"height":562},{"@type":"BreadcrumbList","@id":"https:\/\/creadores.org\/en\/ied-madrid-design-awards\/#breadcrumb","itemListElement":[{"@type":"ListItem","position":1,"name":"Portada","item":"https:\/\/creadores.org\/en\/"},{"@type":"ListItem","position":2,"name":"IED Madrid Design Awards"}]},{"@type":"WebSite","@id":"https:\/\/creadores.org\/en\/#website","url":"https:\/\/creadores.org\/en\/","name":"Asociaci\u00f3n Creadores de Moda de Espa\u00f1a | ACME","description":"La Asociaci\u00f3n Creadores de Moda de Espa\u00f1a (ACME) es una organizaci\u00f3n profesional sin \u00e1nimo de lucro fundada en 1988","publisher":{"@id":"https:\/\/creadores.org\/en\/#organization"},"potentialAction":[{"@type":"SearchAction","target":{"@type":"EntryPoint","urlTemplate":"https:\/\/creadores.org\/en\/?s={search_term_string}"},"query-input":{"@type":"PropertyValueSpecification","valueRequired":true,"valueName":"search_term_string"}}],"inLanguage":"en-US"},{"@type":"Organization","@id":"https:\/\/creadores.org\/en\/#organization","name":"Asociaci\u00f3n Creadores de Moda de Espa\u00f1a | ACME","url":"https:\/\/creadores.org\/en\/","logo":{"@type":"ImageObject","inLanguage":"en-US","@id":"https:\/\/creadores.org\/en\/#\/schema\/logo\/image\/","url":"https:\/\/creadores.org\/wp-content\/uploads\/2025\/06\/acme-logo.svg","contentUrl":"https:\/\/creadores.org\/wp-content\/uploads\/2025\/06\/acme-logo.svg","width":650,"height":119,"caption":"Asociaci\u00f3n Creadores de Moda de Espa\u00f1a | ACME"},"image":{"@id":"https:\/\/creadores.org\/en\/#\/schema\/logo\/image\/"},"sameAs":["https:\/\/www.facebook.com\/Asociaci\u00f3n-Creadores-de-Moda-de-Espa\u00f1a-297009471514\/","https:\/\/x.com\/creadoresacme","https:\/\/www.instagram.com\/creadoresacme\/"]},{"@type":"Person","@id":"https:\/\/creadores.org\/en\/#\/schema\/person\/fdf61cde9f2e71e9cefe26613b50a079","name":"Felipe"}]}},"_links":{"self":[{"href":"https:\/\/creadores.org\/en\/wp-json\/wp\/v2\/posts\/25021","targetHints":{"allow":["GET"]}}],"collection":[{"href":"https:\/\/creadores.org\/en\/wp-json\/wp\/v2\/posts"}],"about":[{"href":"https:\/\/creadores.org\/en\/wp-json\/wp\/v2\/types\/post"}],"author":[{"embeddable":true,"href":"https:\/\/creadores.org\/en\/wp-json\/wp\/v2\/users\/4"}],"replies":[{"embeddable":true,"href":"https:\/\/creadores.org\/en\/wp-json\/wp\/v2\/comments?post=25021"}],"version-history":[{"count":3,"href":"https:\/\/creadores.org\/en\/wp-json\/wp\/v2\/posts\/25021\/revisions"}],"predecessor-version":[{"id":80792,"href":"https:\/\/creadores.org\/en\/wp-json\/wp\/v2\/posts\/25021\/revisions\/80792"}],"wp:featuredmedia":[{"embeddable":true,"href":"https:\/\/creadores.org\/en\/wp-json\/wp\/v2\/media\/82457"}],"wp:attachment":[{"href":"https:\/\/creadores.org\/en\/wp-json\/wp\/v2\/media?parent=25021"}],"wp:term":[{"taxonomy":"category","embeddable":true,"href":"https:\/\/creadores.org\/en\/wp-json\/wp\/v2\/categories?post=25021"},{"taxonomy":"post_tag","embeddable":true,"href":"https:\/\/creadores.org\/en\/wp-json\/wp\/v2\/tags?post=25021"}],"curies":[{"name":"wp","href":"https:\/\/api.w.org\/{rel}","templated":true}]}}