{"id":25058,"date":"2016-07-22T08:34:17","date_gmt":"2016-07-22T06:34:17","guid":{"rendered":"https:\/\/creadores.org\/madrid-es-moda-dresses-up-by-juana-martin\/"},"modified":"2025-06-21T14:19:16","modified_gmt":"2025-06-21T12:19:16","slug":"madrid-moda-se-viste-juana-martin","status":"publish","type":"post","link":"https:\/\/creadores.org\/en\/madrid-moda-se-viste-juana-martin\/","title":{"rendered":"Madrid es Moda dresses up by Juana Mart\u00edn"},"content":{"rendered":"<p><a href=\"http:\/\/www.juanamartin.net\/\" target=\"_blank\" rel=\"noopener noreferrer nofollow\">Juana Mart\u00edn<\/a> has been commissioned to design the new graphic image of MADRID ES MODA \/ MADRID IS FASHION for the IIIrd edition, to be held from 12th to 20th of September.<\/p>\n<p>&#8220;It&#8217;s been a challenge. Inspiration has come from many fronts: my designs, my roots, my dreams &#8230; The most important thing has been to put all this in a cocktail shaker and shake it well&#8221;, says the designer from Cordoba.<\/p>\n<p>MADRID IS FASHION is an urban action organized by the Asociaci\u00f3n de Creadores de Moda de Espa\u00f1a (ACME) to &#8216;dress up&#8217; the city during Fashion Week with exhibitions, special displays, discount shopping, tours of museums, restaurants &#8230;<\/p>\n<p>&#8220;It&#8217;s a way of bringing MBFWM to the hub of the city so that everyone is aware of the importance of fashion and fashion is breathed in every corner of Madrid&#8221;, says Juana Mart\u00edn.<\/p>\n<p><img fetchpriority=\"high\" decoding=\"async\" class=\"aligncenter size-full wp-image-9231\" src=\"https:\/\/creadores.org\/src\/uploads\/2016\/07\/cartel-madrid-es-moda.jpg\" alt=\"cartel madrid es moda\" width=\"648\" height=\"800\" srcset=\"https:\/\/creadores.org\/wp-content\/uploads\/2016\/07\/cartel-madrid-es-moda.jpg 648w, https:\/\/creadores.org\/wp-content\/uploads\/2016\/07\/cartel-madrid-es-moda-373x460.jpg 373w\" sizes=\"(max-width: 648px) 100vw, 648px\" \/>[:]<\/p>\n","protected":false},"excerpt":{"rendered":"<p>Juana Mart\u00edn has been commissioned to design the new graphic image of MADRID ES MODA \/ MADRID IS FASHION for the IIIrd edition, to be held from 12th to 20th of September. &#8220;It&#8217;s been a challenge. Inspiration has come from many fronts: my designs, my roots, my dreams &#8230; The most important thing has been [&hellip;]<\/p>\n","protected":false},"author":4,"featured_media":31240,"comment_status":"closed","ping_status":"closed","sticky":false,"template":"","format":"standard","meta":{"footnotes":""},"categories":[698,1164],"tags":[58,1432,191,1176],"class_list":["post-25058","post","type-post","status-publish","format-standard","has-post-thumbnail","hentry","category-noticias-de-madrid-es-moda","category-news-madrid-es-moda","tag-juana-martin","tag-juana-martin-en","tag-madrid-es-moda","tag-madrid-es-moda-en"],"yoast_head":"<!-- This site is optimized with the Yoast SEO plugin v27.4 - https:\/\/yoast.com\/product\/yoast-seo-wordpress\/ -->\n<title>Madrid es Moda dresses up by Juana Mart\u00edn - Asociaci\u00f3n Creadores de Moda de Espa\u00f1a | ACME<\/title>\n<meta name=\"robots\" content=\"index, follow, max-snippet:-1, max-image-preview:large, max-video-preview:-1\" \/>\n<link rel=\"canonical\" href=\"https:\/\/creadores.org\/en\/madrid-moda-se-viste-juana-martin\/\" \/>\n<meta property=\"og:locale\" content=\"en_US\" \/>\n<meta property=\"og:type\" content=\"article\" \/>\n<meta property=\"og:title\" content=\"Madrid es Moda dresses up by Juana Mart\u00edn - Asociaci\u00f3n Creadores de Moda de Espa\u00f1a | ACME\" \/>\n<meta property=\"og:description\" content=\"Juana Mart\u00edn has been commissioned to design the new graphic image of MADRID ES MODA \/ MADRID IS FASHION for the IIIrd edition, to be held from 12th to 20th of September. &#8220;It&#8217;s been a challenge. Inspiration has come from many fronts: my designs, my roots, my dreams &#8230; The most important thing has been [&hellip;]\" \/>\n<meta property=\"og:url\" content=\"https:\/\/creadores.org\/en\/madrid-moda-se-viste-juana-martin\/\" \/>\n<meta property=\"og:site_name\" content=\"Asociaci\u00f3n Creadores de Moda de Espa\u00f1a | ACME\" \/>\n<meta property=\"article:publisher\" content=\"https:\/\/www.facebook.com\/Asociaci%c3%b3n-Creadores-de-Moda-de-Espa%c3%b1a-297009471514\/\" \/>\n<meta property=\"article:published_time\" content=\"2016-07-22T06:34:17+00:00\" \/>\n<meta property=\"article:modified_time\" content=\"2025-06-21T12:19:16+00:00\" \/>\n<meta property=\"og:image\" content=\"https:\/\/creadores.org\/src\/uploads\/2016\/07\/cartel-madrid-es-moda.jpg\" \/>\n<meta name=\"author\" content=\"Felipe\" \/>\n<meta name=\"twitter:card\" content=\"summary_large_image\" \/>\n<meta name=\"twitter:creator\" content=\"@creadoresacme\" \/>\n<meta name=\"twitter:site\" content=\"@creadoresacme\" \/>\n<meta name=\"twitter:label1\" content=\"Written by\" \/>\n\t<meta name=\"twitter:data1\" content=\"Felipe\" \/>\n\t<meta name=\"twitter:label2\" content=\"Est. reading time\" \/>\n\t<meta name=\"twitter:data2\" content=\"1 minute\" \/>\n<script type=\"application\/ld+json\" class=\"yoast-schema-graph\">{\"@context\":\"https:\\\/\\\/schema.org\",\"@graph\":[{\"@type\":\"Article\",\"@id\":\"https:\\\/\\\/creadores.org\\\/en\\\/madrid-moda-se-viste-juana-martin\\\/#article\",\"isPartOf\":{\"@id\":\"https:\\\/\\\/creadores.org\\\/en\\\/madrid-moda-se-viste-juana-martin\\\/\"},\"author\":{\"name\":\"Felipe\",\"@id\":\"https:\\\/\\\/creadores.org\\\/en\\\/#\\\/schema\\\/person\\\/fdf61cde9f2e71e9cefe26613b50a079\"},\"headline\":\"Madrid es Moda dresses up by Juana Mart\u00edn\",\"datePublished\":\"2016-07-22T06:34:17+00:00\",\"dateModified\":\"2025-06-21T12:19:16+00:00\",\"mainEntityOfPage\":{\"@id\":\"https:\\\/\\\/creadores.org\\\/en\\\/madrid-moda-se-viste-juana-martin\\\/\"},\"wordCount\":155,\"publisher\":{\"@id\":\"https:\\\/\\\/creadores.org\\\/en\\\/#organization\"},\"image\":{\"@id\":\"https:\\\/\\\/creadores.org\\\/en\\\/madrid-moda-se-viste-juana-martin\\\/#primaryimage\"},\"thumbnailUrl\":\"https:\\\/\\\/creadores.org\\\/wp-content\\\/uploads\\\/2016\\\/07\\\/madrid_es_moda_sep_16_web.jpg\",\"keywords\":[\"Juana Mart\u00edn\",\"Juana Mart\u00edn\",\"Madrid es Moda\",\"Madrid es Moda\"],\"articleSection\":[\"Madrid es Moda\",\"Madrid es Moda\"],\"inLanguage\":\"en-US\"},{\"@type\":\"WebPage\",\"@id\":\"https:\\\/\\\/creadores.org\\\/en\\\/madrid-moda-se-viste-juana-martin\\\/\",\"url\":\"https:\\\/\\\/creadores.org\\\/en\\\/madrid-moda-se-viste-juana-martin\\\/\",\"name\":\"Madrid es Moda dresses up by Juana Mart\u00edn - Asociaci\u00f3n Creadores de Moda de Espa\u00f1a | ACME\",\"isPartOf\":{\"@id\":\"https:\\\/\\\/creadores.org\\\/en\\\/#website\"},\"primaryImageOfPage\":{\"@id\":\"https:\\\/\\\/creadores.org\\\/en\\\/madrid-moda-se-viste-juana-martin\\\/#primaryimage\"},\"image\":{\"@id\":\"https:\\\/\\\/creadores.org\\\/en\\\/madrid-moda-se-viste-juana-martin\\\/#primaryimage\"},\"thumbnailUrl\":\"https:\\\/\\\/creadores.org\\\/wp-content\\\/uploads\\\/2016\\\/07\\\/madrid_es_moda_sep_16_web.jpg\",\"datePublished\":\"2016-07-22T06:34:17+00:00\",\"dateModified\":\"2025-06-21T12:19:16+00:00\",\"breadcrumb\":{\"@id\":\"https:\\\/\\\/creadores.org\\\/en\\\/madrid-moda-se-viste-juana-martin\\\/#breadcrumb\"},\"inLanguage\":\"en-US\",\"potentialAction\":[{\"@type\":\"ReadAction\",\"target\":[\"https:\\\/\\\/creadores.org\\\/en\\\/madrid-moda-se-viste-juana-martin\\\/\"]}]},{\"@type\":\"ImageObject\",\"inLanguage\":\"en-US\",\"@id\":\"https:\\\/\\\/creadores.org\\\/en\\\/madrid-moda-se-viste-juana-martin\\\/#primaryimage\",\"url\":\"https:\\\/\\\/creadores.org\\\/wp-content\\\/uploads\\\/2016\\\/07\\\/madrid_es_moda_sep_16_web.jpg\",\"contentUrl\":\"https:\\\/\\\/creadores.org\\\/wp-content\\\/uploads\\\/2016\\\/07\\\/madrid_es_moda_sep_16_web.jpg\",\"width\":1200,\"height\":515},{\"@type\":\"BreadcrumbList\",\"@id\":\"https:\\\/\\\/creadores.org\\\/en\\\/madrid-moda-se-viste-juana-martin\\\/#breadcrumb\",\"itemListElement\":[{\"@type\":\"ListItem\",\"position\":1,\"name\":\"Portada\",\"item\":\"https:\\\/\\\/creadores.org\\\/en\\\/\"},{\"@type\":\"ListItem\",\"position\":2,\"name\":\"Madrid es Moda dresses up by Juana Mart\u00edn\"}]},{\"@type\":\"WebSite\",\"@id\":\"https:\\\/\\\/creadores.org\\\/en\\\/#website\",\"url\":\"https:\\\/\\\/creadores.org\\\/en\\\/\",\"name\":\"Asociaci\u00f3n Creadores de Moda de Espa\u00f1a | ACME\",\"description\":\"La Asociaci\u00f3n Creadores de Moda de Espa\u00f1a (ACME) es una organizaci\u00f3n profesional sin \u00e1nimo de lucro fundada en 1988\",\"publisher\":{\"@id\":\"https:\\\/\\\/creadores.org\\\/en\\\/#organization\"},\"potentialAction\":[{\"@type\":\"SearchAction\",\"target\":{\"@type\":\"EntryPoint\",\"urlTemplate\":\"https:\\\/\\\/creadores.org\\\/en\\\/?s={search_term_string}\"},\"query-input\":{\"@type\":\"PropertyValueSpecification\",\"valueRequired\":true,\"valueName\":\"search_term_string\"}}],\"inLanguage\":\"en-US\"},{\"@type\":\"Organization\",\"@id\":\"https:\\\/\\\/creadores.org\\\/en\\\/#organization\",\"name\":\"Asociaci\u00f3n Creadores de Moda de Espa\u00f1a | ACME\",\"url\":\"https:\\\/\\\/creadores.org\\\/en\\\/\",\"logo\":{\"@type\":\"ImageObject\",\"inLanguage\":\"en-US\",\"@id\":\"https:\\\/\\\/creadores.org\\\/en\\\/#\\\/schema\\\/logo\\\/image\\\/\",\"url\":\"https:\\\/\\\/creadores.org\\\/wp-content\\\/uploads\\\/2025\\\/06\\\/acme-logo.svg\",\"contentUrl\":\"https:\\\/\\\/creadores.org\\\/wp-content\\\/uploads\\\/2025\\\/06\\\/acme-logo.svg\",\"width\":650,\"height\":119,\"caption\":\"Asociaci\u00f3n Creadores de Moda de Espa\u00f1a | ACME\"},\"image\":{\"@id\":\"https:\\\/\\\/creadores.org\\\/en\\\/#\\\/schema\\\/logo\\\/image\\\/\"},\"sameAs\":[\"https:\\\/\\\/www.facebook.com\\\/Asociaci\u00f3n-Creadores-de-Moda-de-Espa\u00f1a-297009471514\\\/\",\"https:\\\/\\\/x.com\\\/creadoresacme\",\"https:\\\/\\\/www.instagram.com\\\/creadoresacme\\\/\"]},{\"@type\":\"Person\",\"@id\":\"https:\\\/\\\/creadores.org\\\/en\\\/#\\\/schema\\\/person\\\/fdf61cde9f2e71e9cefe26613b50a079\",\"name\":\"Felipe\"}]}<\/script>\n<!-- \/ Yoast SEO plugin. -->","yoast_head_json":{"title":"Madrid es Moda dresses up by Juana Mart\u00edn - Asociaci\u00f3n Creadores de Moda de Espa\u00f1a | ACME","robots":{"index":"index","follow":"follow","max-snippet":"max-snippet:-1","max-image-preview":"max-image-preview:large","max-video-preview":"max-video-preview:-1"},"canonical":"https:\/\/creadores.org\/en\/madrid-moda-se-viste-juana-martin\/","og_locale":"en_US","og_type":"article","og_title":"Madrid es Moda dresses up by Juana Mart\u00edn - Asociaci\u00f3n Creadores de Moda de Espa\u00f1a | ACME","og_description":"Juana Mart\u00edn has been commissioned to design the new graphic image of MADRID ES MODA \/ MADRID IS FASHION for the IIIrd edition, to be held from 12th to 20th of September. &#8220;It&#8217;s been a challenge. Inspiration has come from many fronts: my designs, my roots, my dreams &#8230; The most important thing has been [&hellip;]","og_url":"https:\/\/creadores.org\/en\/madrid-moda-se-viste-juana-martin\/","og_site_name":"Asociaci\u00f3n Creadores de Moda de Espa\u00f1a | ACME","article_publisher":"https:\/\/www.facebook.com\/Asociaci%c3%b3n-Creadores-de-Moda-de-Espa%c3%b1a-297009471514\/","article_published_time":"2016-07-22T06:34:17+00:00","article_modified_time":"2025-06-21T12:19:16+00:00","og_image":[{"url":"https:\/\/creadores.org\/src\/uploads\/2016\/07\/cartel-madrid-es-moda.jpg","type":"","width":"","height":""}],"author":"Felipe","twitter_card":"summary_large_image","twitter_creator":"@creadoresacme","twitter_site":"@creadoresacme","twitter_misc":{"Written by":"Felipe","Est. reading time":"1 minute"},"schema":{"@context":"https:\/\/schema.org","@graph":[{"@type":"Article","@id":"https:\/\/creadores.org\/en\/madrid-moda-se-viste-juana-martin\/#article","isPartOf":{"@id":"https:\/\/creadores.org\/en\/madrid-moda-se-viste-juana-martin\/"},"author":{"name":"Felipe","@id":"https:\/\/creadores.org\/en\/#\/schema\/person\/fdf61cde9f2e71e9cefe26613b50a079"},"headline":"Madrid es Moda dresses up by Juana Mart\u00edn","datePublished":"2016-07-22T06:34:17+00:00","dateModified":"2025-06-21T12:19:16+00:00","mainEntityOfPage":{"@id":"https:\/\/creadores.org\/en\/madrid-moda-se-viste-juana-martin\/"},"wordCount":155,"publisher":{"@id":"https:\/\/creadores.org\/en\/#organization"},"image":{"@id":"https:\/\/creadores.org\/en\/madrid-moda-se-viste-juana-martin\/#primaryimage"},"thumbnailUrl":"https:\/\/creadores.org\/wp-content\/uploads\/2016\/07\/madrid_es_moda_sep_16_web.jpg","keywords":["Juana Mart\u00edn","Juana Mart\u00edn","Madrid es Moda","Madrid es Moda"],"articleSection":["Madrid es Moda","Madrid es Moda"],"inLanguage":"en-US"},{"@type":"WebPage","@id":"https:\/\/creadores.org\/en\/madrid-moda-se-viste-juana-martin\/","url":"https:\/\/creadores.org\/en\/madrid-moda-se-viste-juana-martin\/","name":"Madrid es Moda dresses up by Juana Mart\u00edn - Asociaci\u00f3n Creadores de Moda de Espa\u00f1a | ACME","isPartOf":{"@id":"https:\/\/creadores.org\/en\/#website"},"primaryImageOfPage":{"@id":"https:\/\/creadores.org\/en\/madrid-moda-se-viste-juana-martin\/#primaryimage"},"image":{"@id":"https:\/\/creadores.org\/en\/madrid-moda-se-viste-juana-martin\/#primaryimage"},"thumbnailUrl":"https:\/\/creadores.org\/wp-content\/uploads\/2016\/07\/madrid_es_moda_sep_16_web.jpg","datePublished":"2016-07-22T06:34:17+00:00","dateModified":"2025-06-21T12:19:16+00:00","breadcrumb":{"@id":"https:\/\/creadores.org\/en\/madrid-moda-se-viste-juana-martin\/#breadcrumb"},"inLanguage":"en-US","potentialAction":[{"@type":"ReadAction","target":["https:\/\/creadores.org\/en\/madrid-moda-se-viste-juana-martin\/"]}]},{"@type":"ImageObject","inLanguage":"en-US","@id":"https:\/\/creadores.org\/en\/madrid-moda-se-viste-juana-martin\/#primaryimage","url":"https:\/\/creadores.org\/wp-content\/uploads\/2016\/07\/madrid_es_moda_sep_16_web.jpg","contentUrl":"https:\/\/creadores.org\/wp-content\/uploads\/2016\/07\/madrid_es_moda_sep_16_web.jpg","width":1200,"height":515},{"@type":"BreadcrumbList","@id":"https:\/\/creadores.org\/en\/madrid-moda-se-viste-juana-martin\/#breadcrumb","itemListElement":[{"@type":"ListItem","position":1,"name":"Portada","item":"https:\/\/creadores.org\/en\/"},{"@type":"ListItem","position":2,"name":"Madrid es Moda dresses up by Juana Mart\u00edn"}]},{"@type":"WebSite","@id":"https:\/\/creadores.org\/en\/#website","url":"https:\/\/creadores.org\/en\/","name":"Asociaci\u00f3n Creadores de Moda de Espa\u00f1a | ACME","description":"La Asociaci\u00f3n Creadores de Moda de Espa\u00f1a (ACME) es una organizaci\u00f3n profesional sin \u00e1nimo de lucro fundada en 1988","publisher":{"@id":"https:\/\/creadores.org\/en\/#organization"},"potentialAction":[{"@type":"SearchAction","target":{"@type":"EntryPoint","urlTemplate":"https:\/\/creadores.org\/en\/?s={search_term_string}"},"query-input":{"@type":"PropertyValueSpecification","valueRequired":true,"valueName":"search_term_string"}}],"inLanguage":"en-US"},{"@type":"Organization","@id":"https:\/\/creadores.org\/en\/#organization","name":"Asociaci\u00f3n Creadores de Moda de Espa\u00f1a | ACME","url":"https:\/\/creadores.org\/en\/","logo":{"@type":"ImageObject","inLanguage":"en-US","@id":"https:\/\/creadores.org\/en\/#\/schema\/logo\/image\/","url":"https:\/\/creadores.org\/wp-content\/uploads\/2025\/06\/acme-logo.svg","contentUrl":"https:\/\/creadores.org\/wp-content\/uploads\/2025\/06\/acme-logo.svg","width":650,"height":119,"caption":"Asociaci\u00f3n Creadores de Moda de Espa\u00f1a | ACME"},"image":{"@id":"https:\/\/creadores.org\/en\/#\/schema\/logo\/image\/"},"sameAs":["https:\/\/www.facebook.com\/Asociaci\u00f3n-Creadores-de-Moda-de-Espa\u00f1a-297009471514\/","https:\/\/x.com\/creadoresacme","https:\/\/www.instagram.com\/creadoresacme\/"]},{"@type":"Person","@id":"https:\/\/creadores.org\/en\/#\/schema\/person\/fdf61cde9f2e71e9cefe26613b50a079","name":"Felipe"}]}},"_links":{"self":[{"href":"https:\/\/creadores.org\/en\/wp-json\/wp\/v2\/posts\/25058","targetHints":{"allow":["GET"]}}],"collection":[{"href":"https:\/\/creadores.org\/en\/wp-json\/wp\/v2\/posts"}],"about":[{"href":"https:\/\/creadores.org\/en\/wp-json\/wp\/v2\/types\/post"}],"author":[{"embeddable":true,"href":"https:\/\/creadores.org\/en\/wp-json\/wp\/v2\/users\/4"}],"replies":[{"embeddable":true,"href":"https:\/\/creadores.org\/en\/wp-json\/wp\/v2\/comments?post=25058"}],"version-history":[{"count":3,"href":"https:\/\/creadores.org\/en\/wp-json\/wp\/v2\/posts\/25058\/revisions"}],"predecessor-version":[{"id":80814,"href":"https:\/\/creadores.org\/en\/wp-json\/wp\/v2\/posts\/25058\/revisions\/80814"}],"wp:featuredmedia":[{"embeddable":true,"href":"https:\/\/creadores.org\/en\/wp-json\/wp\/v2\/media\/31240"}],"wp:attachment":[{"href":"https:\/\/creadores.org\/en\/wp-json\/wp\/v2\/media?parent=25058"}],"wp:term":[{"taxonomy":"category","embeddable":true,"href":"https:\/\/creadores.org\/en\/wp-json\/wp\/v2\/categories?post=25058"},{"taxonomy":"post_tag","embeddable":true,"href":"https:\/\/creadores.org\/en\/wp-json\/wp\/v2\/tags?post=25058"}],"curies":[{"name":"wp","href":"https:\/\/api.w.org\/{rel}","templated":true}]}}