{"id":25062,"date":"2016-09-07T15:08:53","date_gmt":"2016-09-07T13:08:53","guid":{"rendered":"https:\/\/creadores.org\/madridesmoda-com-is-launched\/"},"modified":"2025-06-21T12:47:34","modified_gmt":"2025-06-21T10:47:34","slug":"nace-madridesmoda-com","status":"publish","type":"post","link":"https:\/\/creadores.org\/en\/nace-madridesmoda-com\/","title":{"rendered":"Madridesmoda.com is launched"},"content":{"rendered":"<p>If, as Miuccia Prada states, &#8220;Fashion is an instant language&#8221;, internet is its means of expression par excellence. Therefore, since ACME began this wonderful adventure that is <a href=\"http:\/\/madridesmoda.com\/\" target=\"_blank\" rel=\"noopener noreferrer\">MADRID ES MODA<\/a>, we have aimed to make the Web a creative experience in itself.<\/p>\n<p>To that end, in this third edition, from 12<sup>th<\/sup> to 20<sup>th<\/sup> of September, we have opened a new online space that places value on all the activities comprising <a href=\"http:\/\/madridesmoda.com\/\" target=\"_blank\" rel=\"noopener noreferrer\">MADRID ES MODA<\/a>: exhibitions, special displays, art tours, shopping, food &#8230; a wide range of expressions with fashion as the common ground and Fashion Week as the time frame.<\/p>\n<p>To achieve this we have counted with the great work of the firm <a href=\"http:\/\/www.lin3s.com\/\" target=\"_blank\" rel=\"noopener noreferrer\">Lin3s<\/a>, responsible for the development of websites such as the <a href=\"https:\/\/www.guggenheim-bilbao.es\/\" target=\"_blank\" rel=\"noopener noreferrer\">Guggenheim Museum Bilbao<\/a> or the <a href=\"http:\/\/www.uoc.edu\/portal\/es\/index.html\" target=\"_blank\" rel=\"noopener noreferrer\">Open University of Catalunya<\/a>. Together we started a journey that we are sure will grow in future editions of <a href=\"http:\/\/madridesmoda.com\/\" target=\"_blank\" rel=\"noopener noreferrer\">MADRID ES MODA<\/a>.<\/p>\n<p><img fetchpriority=\"high\" decoding=\"async\" class=\"aligncenter size-large wp-image-9290\" src=\"https:\/\/creadores.org\/src\/uploads\/2016\/09\/FICHA3-960x521.jpg\" alt=\"FICHA3\" width=\"960\" height=\"521\" \/><\/p>\n<p>The main challenge has been to visually show case that most actions are characterized by being transient (they last as long as Fashion Week does), individual and \/ or collective, in multiple spaces and even in virtual spaces (e-commerce, social networks).<\/p>\n<p>For this reason, to find what you are looking for is crucial, and you can do so through many ways:<\/p>\n<p>An alphabetical list of participants, in which their actions are deployed.<\/p>\n<p><img decoding=\"async\" class=\"aligncenter wp-image-9285 size-full\" src=\"https:\/\/creadores.org\/src\/uploads\/2016\/09\/PARTICIPANTES-1-e1473260296576.jpg\" alt=\"PARTICIPANTES\" width=\"600\" height=\"508\" \/><\/p>\n<p>&nbsp;<\/p>\n<p>You can also make inquiries by date and by category:<\/p>\n<p><img decoding=\"async\" class=\"aligncenter size-full wp-image-9286\" src=\"https:\/\/creadores.org\/src\/uploads\/2016\/09\/FILTRADOS.jpg\" alt=\"FILTRADOS\" width=\"500\" height=\"468\" srcset=\"https:\/\/creadores.org\/wp-content\/uploads\/2016\/09\/FILTRADOS.jpg 500w, https:\/\/creadores.org\/wp-content\/uploads\/2016\/09\/FILTRADOS-460x431.jpg 460w\" sizes=\"(max-width: 500px) 100vw, 500px\" \/><\/p>\n<p>&nbsp;<\/p>\n<p>In addition, this year we have a custom <a href=\"http:\/\/madridesmoda.com\/mapa\/\" target=\"_blank\" rel=\"noopener noreferrer\">map<\/a> with all participating shares.<\/p>\n<p><img loading=\"lazy\" decoding=\"async\" class=\"aligncenter size-full wp-image-9280\" src=\"https:\/\/creadores.org\/src\/uploads\/2016\/09\/MAPA.jpg\" alt=\"MAPA MADRID ES MODA\" width=\"638\" height=\"712\" srcset=\"https:\/\/creadores.org\/wp-content\/uploads\/2016\/09\/MAPA.jpg 638w, https:\/\/creadores.org\/wp-content\/uploads\/2016\/09\/MAPA-412x460.jpg 412w\" sizes=\"(max-width: 638px) 100vw, 638px\" \/><\/p>\n<p>But as Yves Saint Laurent would say, &#8220;the most important thing in a dress is the woman who wears it&#8221;. This is, contents. Now you only have to discover them in the centre of the capital, from 12<sup>th<\/sup> to 20<sup>th<\/sup> September.[:]<\/p>\n","protected":false},"excerpt":{"rendered":"<p>If, as Miuccia Prada states, &#8220;Fashion is an instant language&#8221;, internet is its means of expression par excellence. Therefore, since ACME began this wonderful adventure that is MADRID ES MODA, we have aimed to make the Web a creative experience in itself. To that end, in this third edition, from 12th to 20th of September, [&hellip;]<\/p>\n","protected":false},"author":4,"featured_media":82594,"comment_status":"closed","ping_status":"closed","sticky":false,"template":"","format":"standard","meta":{"footnotes":""},"categories":[698,6],"tags":[185,689],"class_list":["post-25062","post","type-post","status-publish","format-standard","has-post-thumbnail","hentry","category-noticias-de-madrid-es-moda","category-noticias","tag-madrid","tag-madrid-capital-de-moda"],"yoast_head":"<!-- This site is optimized with the Yoast SEO plugin v27.4 - https:\/\/yoast.com\/product\/yoast-seo-wordpress\/ -->\n<title>Madridesmoda.com is launched - Asociaci\u00f3n Creadores de Moda de Espa\u00f1a | ACME<\/title>\n<meta name=\"robots\" content=\"index, follow, max-snippet:-1, max-image-preview:large, max-video-preview:-1\" \/>\n<link rel=\"canonical\" href=\"https:\/\/creadores.org\/en\/nace-madridesmoda-com\/\" \/>\n<meta property=\"og:locale\" content=\"en_US\" \/>\n<meta property=\"og:type\" content=\"article\" \/>\n<meta property=\"og:title\" content=\"Madridesmoda.com is launched - Asociaci\u00f3n Creadores de Moda de Espa\u00f1a | ACME\" \/>\n<meta property=\"og:description\" content=\"If, as Miuccia Prada states, &#8220;Fashion is an instant language&#8221;, internet is its means of expression par excellence. Therefore, since ACME began this wonderful adventure that is MADRID ES MODA, we have aimed to make the Web a creative experience in itself. To that end, in this third edition, from 12th to 20th of September, [&hellip;]\" \/>\n<meta property=\"og:url\" content=\"https:\/\/creadores.org\/en\/nace-madridesmoda-com\/\" \/>\n<meta property=\"og:site_name\" content=\"Asociaci\u00f3n Creadores de Moda de Espa\u00f1a | ACME\" \/>\n<meta property=\"article:publisher\" content=\"https:\/\/www.facebook.com\/Asociaci%c3%b3n-Creadores-de-Moda-de-Espa%c3%b1a-297009471514\/\" \/>\n<meta property=\"article:published_time\" content=\"2016-09-07T13:08:53+00:00\" \/>\n<meta property=\"article:modified_time\" content=\"2025-06-21T10:47:34+00:00\" \/>\n<meta property=\"og:image\" content=\"https:\/\/creadores.org\/src\/uploads\/2016\/09\/FICHA3-960x521.jpg\" \/>\n<meta name=\"author\" content=\"Felipe\" \/>\n<meta name=\"twitter:card\" content=\"summary_large_image\" \/>\n<meta name=\"twitter:creator\" content=\"@creadoresacme\" \/>\n<meta name=\"twitter:site\" content=\"@creadoresacme\" \/>\n<meta name=\"twitter:label1\" content=\"Written by\" \/>\n\t<meta name=\"twitter:data1\" content=\"Felipe\" \/>\n\t<meta name=\"twitter:label2\" content=\"Est. reading time\" \/>\n\t<meta name=\"twitter:data2\" content=\"1 minute\" \/>\n<script type=\"application\/ld+json\" class=\"yoast-schema-graph\">{\"@context\":\"https:\\\/\\\/schema.org\",\"@graph\":[{\"@type\":\"Article\",\"@id\":\"https:\\\/\\\/creadores.org\\\/en\\\/nace-madridesmoda-com\\\/#article\",\"isPartOf\":{\"@id\":\"https:\\\/\\\/creadores.org\\\/en\\\/nace-madridesmoda-com\\\/\"},\"author\":{\"name\":\"Felipe\",\"@id\":\"https:\\\/\\\/creadores.org\\\/en\\\/#\\\/schema\\\/person\\\/fdf61cde9f2e71e9cefe26613b50a079\"},\"headline\":\"Madridesmoda.com is launched\",\"datePublished\":\"2016-09-07T13:08:53+00:00\",\"dateModified\":\"2025-06-21T10:47:34+00:00\",\"mainEntityOfPage\":{\"@id\":\"https:\\\/\\\/creadores.org\\\/en\\\/nace-madridesmoda-com\\\/\"},\"wordCount\":290,\"publisher\":{\"@id\":\"https:\\\/\\\/creadores.org\\\/en\\\/#organization\"},\"image\":{\"@id\":\"https:\\\/\\\/creadores.org\\\/en\\\/nace-madridesmoda-com\\\/#primaryimage\"},\"thumbnailUrl\":\"https:\\\/\\\/creadores.org\\\/wp-content\\\/uploads\\\/2025\\\/06\\\/HOME.jpg-161.jpg\",\"keywords\":[\"Madrid\",\"Madrid Capital de Moda\"],\"articleSection\":[\"Madrid es Moda\",\"Noticias\"],\"inLanguage\":\"en-US\"},{\"@type\":\"WebPage\",\"@id\":\"https:\\\/\\\/creadores.org\\\/en\\\/nace-madridesmoda-com\\\/\",\"url\":\"https:\\\/\\\/creadores.org\\\/en\\\/nace-madridesmoda-com\\\/\",\"name\":\"Madridesmoda.com is launched - Asociaci\u00f3n Creadores de Moda de Espa\u00f1a | ACME\",\"isPartOf\":{\"@id\":\"https:\\\/\\\/creadores.org\\\/en\\\/#website\"},\"primaryImageOfPage\":{\"@id\":\"https:\\\/\\\/creadores.org\\\/en\\\/nace-madridesmoda-com\\\/#primaryimage\"},\"image\":{\"@id\":\"https:\\\/\\\/creadores.org\\\/en\\\/nace-madridesmoda-com\\\/#primaryimage\"},\"thumbnailUrl\":\"https:\\\/\\\/creadores.org\\\/wp-content\\\/uploads\\\/2025\\\/06\\\/HOME.jpg-161.jpg\",\"datePublished\":\"2016-09-07T13:08:53+00:00\",\"dateModified\":\"2025-06-21T10:47:34+00:00\",\"breadcrumb\":{\"@id\":\"https:\\\/\\\/creadores.org\\\/en\\\/nace-madridesmoda-com\\\/#breadcrumb\"},\"inLanguage\":\"en-US\",\"potentialAction\":[{\"@type\":\"ReadAction\",\"target\":[\"https:\\\/\\\/creadores.org\\\/en\\\/nace-madridesmoda-com\\\/\"]}]},{\"@type\":\"ImageObject\",\"inLanguage\":\"en-US\",\"@id\":\"https:\\\/\\\/creadores.org\\\/en\\\/nace-madridesmoda-com\\\/#primaryimage\",\"url\":\"https:\\\/\\\/creadores.org\\\/wp-content\\\/uploads\\\/2025\\\/06\\\/HOME.jpg-161.jpg\",\"contentUrl\":\"https:\\\/\\\/creadores.org\\\/wp-content\\\/uploads\\\/2025\\\/06\\\/HOME.jpg-161.jpg\",\"width\":1357,\"height\":645},{\"@type\":\"BreadcrumbList\",\"@id\":\"https:\\\/\\\/creadores.org\\\/en\\\/nace-madridesmoda-com\\\/#breadcrumb\",\"itemListElement\":[{\"@type\":\"ListItem\",\"position\":1,\"name\":\"Portada\",\"item\":\"https:\\\/\\\/creadores.org\\\/en\\\/\"},{\"@type\":\"ListItem\",\"position\":2,\"name\":\"Madridesmoda.com is launched\"}]},{\"@type\":\"WebSite\",\"@id\":\"https:\\\/\\\/creadores.org\\\/en\\\/#website\",\"url\":\"https:\\\/\\\/creadores.org\\\/en\\\/\",\"name\":\"Asociaci\u00f3n Creadores de Moda de Espa\u00f1a | ACME\",\"description\":\"La Asociaci\u00f3n Creadores de Moda de Espa\u00f1a (ACME) es una organizaci\u00f3n profesional sin \u00e1nimo de lucro fundada en 1988\",\"publisher\":{\"@id\":\"https:\\\/\\\/creadores.org\\\/en\\\/#organization\"},\"potentialAction\":[{\"@type\":\"SearchAction\",\"target\":{\"@type\":\"EntryPoint\",\"urlTemplate\":\"https:\\\/\\\/creadores.org\\\/en\\\/?s={search_term_string}\"},\"query-input\":{\"@type\":\"PropertyValueSpecification\",\"valueRequired\":true,\"valueName\":\"search_term_string\"}}],\"inLanguage\":\"en-US\"},{\"@type\":\"Organization\",\"@id\":\"https:\\\/\\\/creadores.org\\\/en\\\/#organization\",\"name\":\"Asociaci\u00f3n Creadores de Moda de Espa\u00f1a | ACME\",\"url\":\"https:\\\/\\\/creadores.org\\\/en\\\/\",\"logo\":{\"@type\":\"ImageObject\",\"inLanguage\":\"en-US\",\"@id\":\"https:\\\/\\\/creadores.org\\\/en\\\/#\\\/schema\\\/logo\\\/image\\\/\",\"url\":\"https:\\\/\\\/creadores.org\\\/wp-content\\\/uploads\\\/2025\\\/06\\\/acme-logo.svg\",\"contentUrl\":\"https:\\\/\\\/creadores.org\\\/wp-content\\\/uploads\\\/2025\\\/06\\\/acme-logo.svg\",\"width\":650,\"height\":119,\"caption\":\"Asociaci\u00f3n Creadores de Moda de Espa\u00f1a | ACME\"},\"image\":{\"@id\":\"https:\\\/\\\/creadores.org\\\/en\\\/#\\\/schema\\\/logo\\\/image\\\/\"},\"sameAs\":[\"https:\\\/\\\/www.facebook.com\\\/Asociaci\u00f3n-Creadores-de-Moda-de-Espa\u00f1a-297009471514\\\/\",\"https:\\\/\\\/x.com\\\/creadoresacme\",\"https:\\\/\\\/www.instagram.com\\\/creadoresacme\\\/\"]},{\"@type\":\"Person\",\"@id\":\"https:\\\/\\\/creadores.org\\\/en\\\/#\\\/schema\\\/person\\\/fdf61cde9f2e71e9cefe26613b50a079\",\"name\":\"Felipe\"}]}<\/script>\n<!-- \/ Yoast SEO plugin. -->","yoast_head_json":{"title":"Madridesmoda.com is launched - Asociaci\u00f3n Creadores de Moda de Espa\u00f1a | ACME","robots":{"index":"index","follow":"follow","max-snippet":"max-snippet:-1","max-image-preview":"max-image-preview:large","max-video-preview":"max-video-preview:-1"},"canonical":"https:\/\/creadores.org\/en\/nace-madridesmoda-com\/","og_locale":"en_US","og_type":"article","og_title":"Madridesmoda.com is launched - Asociaci\u00f3n Creadores de Moda de Espa\u00f1a | ACME","og_description":"If, as Miuccia Prada states, &#8220;Fashion is an instant language&#8221;, internet is its means of expression par excellence. Therefore, since ACME began this wonderful adventure that is MADRID ES MODA, we have aimed to make the Web a creative experience in itself. To that end, in this third edition, from 12th to 20th of September, [&hellip;]","og_url":"https:\/\/creadores.org\/en\/nace-madridesmoda-com\/","og_site_name":"Asociaci\u00f3n Creadores de Moda de Espa\u00f1a | ACME","article_publisher":"https:\/\/www.facebook.com\/Asociaci%c3%b3n-Creadores-de-Moda-de-Espa%c3%b1a-297009471514\/","article_published_time":"2016-09-07T13:08:53+00:00","article_modified_time":"2025-06-21T10:47:34+00:00","og_image":[{"url":"https:\/\/creadores.org\/src\/uploads\/2016\/09\/FICHA3-960x521.jpg","type":"","width":"","height":""}],"author":"Felipe","twitter_card":"summary_large_image","twitter_creator":"@creadoresacme","twitter_site":"@creadoresacme","twitter_misc":{"Written by":"Felipe","Est. reading time":"1 minute"},"schema":{"@context":"https:\/\/schema.org","@graph":[{"@type":"Article","@id":"https:\/\/creadores.org\/en\/nace-madridesmoda-com\/#article","isPartOf":{"@id":"https:\/\/creadores.org\/en\/nace-madridesmoda-com\/"},"author":{"name":"Felipe","@id":"https:\/\/creadores.org\/en\/#\/schema\/person\/fdf61cde9f2e71e9cefe26613b50a079"},"headline":"Madridesmoda.com is launched","datePublished":"2016-09-07T13:08:53+00:00","dateModified":"2025-06-21T10:47:34+00:00","mainEntityOfPage":{"@id":"https:\/\/creadores.org\/en\/nace-madridesmoda-com\/"},"wordCount":290,"publisher":{"@id":"https:\/\/creadores.org\/en\/#organization"},"image":{"@id":"https:\/\/creadores.org\/en\/nace-madridesmoda-com\/#primaryimage"},"thumbnailUrl":"https:\/\/creadores.org\/wp-content\/uploads\/2025\/06\/HOME.jpg-161.jpg","keywords":["Madrid","Madrid Capital de Moda"],"articleSection":["Madrid es Moda","Noticias"],"inLanguage":"en-US"},{"@type":"WebPage","@id":"https:\/\/creadores.org\/en\/nace-madridesmoda-com\/","url":"https:\/\/creadores.org\/en\/nace-madridesmoda-com\/","name":"Madridesmoda.com is launched - Asociaci\u00f3n Creadores de Moda de Espa\u00f1a | ACME","isPartOf":{"@id":"https:\/\/creadores.org\/en\/#website"},"primaryImageOfPage":{"@id":"https:\/\/creadores.org\/en\/nace-madridesmoda-com\/#primaryimage"},"image":{"@id":"https:\/\/creadores.org\/en\/nace-madridesmoda-com\/#primaryimage"},"thumbnailUrl":"https:\/\/creadores.org\/wp-content\/uploads\/2025\/06\/HOME.jpg-161.jpg","datePublished":"2016-09-07T13:08:53+00:00","dateModified":"2025-06-21T10:47:34+00:00","breadcrumb":{"@id":"https:\/\/creadores.org\/en\/nace-madridesmoda-com\/#breadcrumb"},"inLanguage":"en-US","potentialAction":[{"@type":"ReadAction","target":["https:\/\/creadores.org\/en\/nace-madridesmoda-com\/"]}]},{"@type":"ImageObject","inLanguage":"en-US","@id":"https:\/\/creadores.org\/en\/nace-madridesmoda-com\/#primaryimage","url":"https:\/\/creadores.org\/wp-content\/uploads\/2025\/06\/HOME.jpg-161.jpg","contentUrl":"https:\/\/creadores.org\/wp-content\/uploads\/2025\/06\/HOME.jpg-161.jpg","width":1357,"height":645},{"@type":"BreadcrumbList","@id":"https:\/\/creadores.org\/en\/nace-madridesmoda-com\/#breadcrumb","itemListElement":[{"@type":"ListItem","position":1,"name":"Portada","item":"https:\/\/creadores.org\/en\/"},{"@type":"ListItem","position":2,"name":"Madridesmoda.com is launched"}]},{"@type":"WebSite","@id":"https:\/\/creadores.org\/en\/#website","url":"https:\/\/creadores.org\/en\/","name":"Asociaci\u00f3n Creadores de Moda de Espa\u00f1a | ACME","description":"La Asociaci\u00f3n Creadores de Moda de Espa\u00f1a (ACME) es una organizaci\u00f3n profesional sin \u00e1nimo de lucro fundada en 1988","publisher":{"@id":"https:\/\/creadores.org\/en\/#organization"},"potentialAction":[{"@type":"SearchAction","target":{"@type":"EntryPoint","urlTemplate":"https:\/\/creadores.org\/en\/?s={search_term_string}"},"query-input":{"@type":"PropertyValueSpecification","valueRequired":true,"valueName":"search_term_string"}}],"inLanguage":"en-US"},{"@type":"Organization","@id":"https:\/\/creadores.org\/en\/#organization","name":"Asociaci\u00f3n Creadores de Moda de Espa\u00f1a | ACME","url":"https:\/\/creadores.org\/en\/","logo":{"@type":"ImageObject","inLanguage":"en-US","@id":"https:\/\/creadores.org\/en\/#\/schema\/logo\/image\/","url":"https:\/\/creadores.org\/wp-content\/uploads\/2025\/06\/acme-logo.svg","contentUrl":"https:\/\/creadores.org\/wp-content\/uploads\/2025\/06\/acme-logo.svg","width":650,"height":119,"caption":"Asociaci\u00f3n Creadores de Moda de Espa\u00f1a | ACME"},"image":{"@id":"https:\/\/creadores.org\/en\/#\/schema\/logo\/image\/"},"sameAs":["https:\/\/www.facebook.com\/Asociaci\u00f3n-Creadores-de-Moda-de-Espa\u00f1a-297009471514\/","https:\/\/x.com\/creadoresacme","https:\/\/www.instagram.com\/creadoresacme\/"]},{"@type":"Person","@id":"https:\/\/creadores.org\/en\/#\/schema\/person\/fdf61cde9f2e71e9cefe26613b50a079","name":"Felipe"}]}},"_links":{"self":[{"href":"https:\/\/creadores.org\/en\/wp-json\/wp\/v2\/posts\/25062","targetHints":{"allow":["GET"]}}],"collection":[{"href":"https:\/\/creadores.org\/en\/wp-json\/wp\/v2\/posts"}],"about":[{"href":"https:\/\/creadores.org\/en\/wp-json\/wp\/v2\/types\/post"}],"author":[{"embeddable":true,"href":"https:\/\/creadores.org\/en\/wp-json\/wp\/v2\/users\/4"}],"replies":[{"embeddable":true,"href":"https:\/\/creadores.org\/en\/wp-json\/wp\/v2\/comments?post=25062"}],"version-history":[{"count":3,"href":"https:\/\/creadores.org\/en\/wp-json\/wp\/v2\/posts\/25062\/revisions"}],"predecessor-version":[{"id":80816,"href":"https:\/\/creadores.org\/en\/wp-json\/wp\/v2\/posts\/25062\/revisions\/80816"}],"wp:featuredmedia":[{"embeddable":true,"href":"https:\/\/creadores.org\/en\/wp-json\/wp\/v2\/media\/82594"}],"wp:attachment":[{"href":"https:\/\/creadores.org\/en\/wp-json\/wp\/v2\/media?parent=25062"}],"wp:term":[{"taxonomy":"category","embeddable":true,"href":"https:\/\/creadores.org\/en\/wp-json\/wp\/v2\/categories?post=25062"},{"taxonomy":"post_tag","embeddable":true,"href":"https:\/\/creadores.org\/en\/wp-json\/wp\/v2\/tags?post=25062"}],"curies":[{"name":"wp","href":"https:\/\/api.w.org\/{rel}","templated":true}]}}