{"id":25068,"date":"2016-09-11T20:13:03","date_gmt":"2016-09-11T18:13:03","guid":{"rendered":"https:\/\/creadores.org\/madriz-es-moda-a-beer\/"},"modified":"2025-06-21T12:47:35","modified_gmt":"2025-06-21T10:47:35","slug":"una-cerveza-madriz-moda","status":"publish","type":"post","link":"https:\/\/creadores.org\/en\/una-cerveza-madriz-moda\/","title":{"rendered":"Madriz es Moda, a beer"},"content":{"rendered":"<p>With a genuine soul, but modern and cosmopolitan. So is the beer Chueca by <a href=\"http:\/\/www.cervezasmadriz.com\/\" target=\"_blank\" rel=\"noopener noreferrer\">Madriz Hop Republic<\/a> that this fall wears a special look thanks to the collaboration with <a href=\"http:\/\/madridesmoda.com\/\" target=\"_blank\" rel=\"noopener noreferrer\">MADRID ES MODA<\/a>. The new label dresses its representative cat in a floral pattern it vindicates Spanish fashion and seeks to boost its presence in capital\u00b4s corners.<\/p>\n<p>Thought up by <a href=\"http:\/\/madridesmoda.com\/acciones\/juana-martin\/\" target=\"_blank\" rel=\"noopener noreferrer\">Juana Martin<\/a>, author of the graphic image of this urban action organized by the Asociaci\u00f3n de Creadores de Moda de Espa\u00f1a, the new label is inspired by &#8220;her dreams, her designs, her roots.&#8221;<\/p>\n<p><img fetchpriority=\"high\" decoding=\"async\" class=\"aligncenter wp-image-9231 size-medium\" src=\"https:\/\/creadores.org\/src\/uploads\/2016\/07\/cartel-madrid-es-moda-373x460.jpg\" alt=\"cartel madrid es moda\" width=\"373\" height=\"460\" srcset=\"https:\/\/creadores.org\/wp-content\/uploads\/2016\/07\/cartel-madrid-es-moda-373x460.jpg 373w, https:\/\/creadores.org\/wp-content\/uploads\/2016\/07\/cartel-madrid-es-moda.jpg 648w\" sizes=\"(max-width: 373px) 100vw, 373px\" \/><\/p>\n<p>The special edition MADRID ES MODA, composed of 500 33cl bottles, is available on the brand\u00b4s own premises in the <em>calle cervezera<\/em> Cardenal Cisneros, 21, Madrid, from 12<sup>th<\/sup> to 20<sup>th<\/sup> September, in a special promotion of beer + Vietnamese tapa for 6 euros. Also it can be enjoyed in some of the most exclusive places in Madrid and in the <a href=\"http:\/\/madridesmoda.com\/shopping-y-descuentos\/\" target=\"_blank\" rel=\"noopener noreferrer\">online store<\/a>.<\/p>\n<p>The Chueca beer, India Pale Ale style, very aromatic and hoppy, with citrus and fruity touches, was launched last July for the 2016 Pride festival. It showcases a cat as a flag signed by Jos\u00e9 Luis Moro (former member of a Un Ping\u00fcino en mi Ascensor and Director of the creative agency Ping\u00fcino Torreblanca), and is launched in four own varieties: Luchana, Arapiles, Chamber\u00ed, Luchana y Chueca, as well as others developed in collaboration, such as Atocha or black Suomi.[:]<\/p>\n","protected":false},"excerpt":{"rendered":"<p>With a genuine soul, but modern and cosmopolitan. So is the beer Chueca by Madriz Hop Republic that this fall wears a special look thanks to the collaboration with MADRID ES MODA. The new label dresses its representative cat in a floral pattern it vindicates Spanish fashion and seeks to boost its presence in capital\u00b4s [&hellip;]<\/p>\n","protected":false},"author":4,"featured_media":82604,"comment_status":"closed","ping_status":"closed","sticky":false,"template":"","format":"standard","meta":{"footnotes":""},"categories":[698,6],"tags":[58,191],"class_list":["post-25068","post","type-post","status-publish","format-standard","has-post-thumbnail","hentry","category-noticias-de-madrid-es-moda","category-noticias","tag-juana-martin","tag-madrid-es-moda"],"yoast_head":"<!-- This site is optimized with the Yoast SEO plugin v27.4 - https:\/\/yoast.com\/product\/yoast-seo-wordpress\/ -->\n<title>Madriz es Moda, a beer - Asociaci\u00f3n Creadores de Moda de Espa\u00f1a | ACME<\/title>\n<meta name=\"robots\" content=\"index, follow, max-snippet:-1, max-image-preview:large, max-video-preview:-1\" \/>\n<link rel=\"canonical\" href=\"https:\/\/creadores.org\/en\/una-cerveza-madriz-moda\/\" \/>\n<meta property=\"og:locale\" content=\"en_US\" \/>\n<meta property=\"og:type\" content=\"article\" \/>\n<meta property=\"og:title\" content=\"Madriz es Moda, a beer - Asociaci\u00f3n Creadores de Moda de Espa\u00f1a | ACME\" \/>\n<meta property=\"og:description\" content=\"With a genuine soul, but modern and cosmopolitan. So is the beer Chueca by Madriz Hop Republic that this fall wears a special look thanks to the collaboration with MADRID ES MODA. The new label dresses its representative cat in a floral pattern it vindicates Spanish fashion and seeks to boost its presence in capital\u00b4s [&hellip;]\" \/>\n<meta property=\"og:url\" content=\"https:\/\/creadores.org\/en\/una-cerveza-madriz-moda\/\" \/>\n<meta property=\"og:site_name\" content=\"Asociaci\u00f3n Creadores de Moda de Espa\u00f1a | ACME\" \/>\n<meta property=\"article:publisher\" content=\"https:\/\/www.facebook.com\/Asociaci%c3%b3n-Creadores-de-Moda-de-Espa%c3%b1a-297009471514\/\" \/>\n<meta property=\"article:published_time\" content=\"2016-09-11T18:13:03+00:00\" \/>\n<meta property=\"article:modified_time\" content=\"2025-06-21T10:47:35+00:00\" \/>\n<meta property=\"og:image\" content=\"https:\/\/creadores.org\/src\/uploads\/2016\/07\/cartel-madrid-es-moda-373x460.jpg\" \/>\n<meta name=\"author\" content=\"Felipe\" \/>\n<meta name=\"twitter:card\" content=\"summary_large_image\" \/>\n<meta name=\"twitter:creator\" content=\"@creadoresacme\" \/>\n<meta name=\"twitter:site\" content=\"@creadoresacme\" \/>\n<meta name=\"twitter:label1\" content=\"Written by\" \/>\n\t<meta name=\"twitter:data1\" content=\"Felipe\" \/>\n\t<meta name=\"twitter:label2\" content=\"Est. reading time\" \/>\n\t<meta name=\"twitter:data2\" content=\"1 minute\" \/>\n<script type=\"application\/ld+json\" class=\"yoast-schema-graph\">{\"@context\":\"https:\\\/\\\/schema.org\",\"@graph\":[{\"@type\":\"Article\",\"@id\":\"https:\\\/\\\/creadores.org\\\/en\\\/una-cerveza-madriz-moda\\\/#article\",\"isPartOf\":{\"@id\":\"https:\\\/\\\/creadores.org\\\/en\\\/una-cerveza-madriz-moda\\\/\"},\"author\":{\"name\":\"Felipe\",\"@id\":\"https:\\\/\\\/creadores.org\\\/en\\\/#\\\/schema\\\/person\\\/fdf61cde9f2e71e9cefe26613b50a079\"},\"headline\":\"Madriz es Moda, a beer\",\"datePublished\":\"2016-09-11T18:13:03+00:00\",\"dateModified\":\"2025-06-21T10:47:35+00:00\",\"mainEntityOfPage\":{\"@id\":\"https:\\\/\\\/creadores.org\\\/en\\\/una-cerveza-madriz-moda\\\/\"},\"wordCount\":240,\"publisher\":{\"@id\":\"https:\\\/\\\/creadores.org\\\/en\\\/#organization\"},\"image\":{\"@id\":\"https:\\\/\\\/creadores.org\\\/en\\\/una-cerveza-madriz-moda\\\/#primaryimage\"},\"thumbnailUrl\":\"https:\\\/\\\/creadores.org\\\/wp-content\\\/uploads\\\/2025\\\/06\\\/evento-cerveza-madriz-1920x1080-1.jpg-2.jpg\",\"keywords\":[\"Juana Mart\u00edn\",\"Madrid es Moda\"],\"articleSection\":[\"Madrid es Moda\",\"Noticias\"],\"inLanguage\":\"en-US\"},{\"@type\":\"WebPage\",\"@id\":\"https:\\\/\\\/creadores.org\\\/en\\\/una-cerveza-madriz-moda\\\/\",\"url\":\"https:\\\/\\\/creadores.org\\\/en\\\/una-cerveza-madriz-moda\\\/\",\"name\":\"Madriz es Moda, a beer - Asociaci\u00f3n Creadores de Moda de Espa\u00f1a | ACME\",\"isPartOf\":{\"@id\":\"https:\\\/\\\/creadores.org\\\/en\\\/#website\"},\"primaryImageOfPage\":{\"@id\":\"https:\\\/\\\/creadores.org\\\/en\\\/una-cerveza-madriz-moda\\\/#primaryimage\"},\"image\":{\"@id\":\"https:\\\/\\\/creadores.org\\\/en\\\/una-cerveza-madriz-moda\\\/#primaryimage\"},\"thumbnailUrl\":\"https:\\\/\\\/creadores.org\\\/wp-content\\\/uploads\\\/2025\\\/06\\\/evento-cerveza-madriz-1920x1080-1.jpg-2.jpg\",\"datePublished\":\"2016-09-11T18:13:03+00:00\",\"dateModified\":\"2025-06-21T10:47:35+00:00\",\"breadcrumb\":{\"@id\":\"https:\\\/\\\/creadores.org\\\/en\\\/una-cerveza-madriz-moda\\\/#breadcrumb\"},\"inLanguage\":\"en-US\",\"potentialAction\":[{\"@type\":\"ReadAction\",\"target\":[\"https:\\\/\\\/creadores.org\\\/en\\\/una-cerveza-madriz-moda\\\/\"]}]},{\"@type\":\"ImageObject\",\"inLanguage\":\"en-US\",\"@id\":\"https:\\\/\\\/creadores.org\\\/en\\\/una-cerveza-madriz-moda\\\/#primaryimage\",\"url\":\"https:\\\/\\\/creadores.org\\\/wp-content\\\/uploads\\\/2025\\\/06\\\/evento-cerveza-madriz-1920x1080-1.jpg-2.jpg\",\"contentUrl\":\"https:\\\/\\\/creadores.org\\\/wp-content\\\/uploads\\\/2025\\\/06\\\/evento-cerveza-madriz-1920x1080-1.jpg-2.jpg\",\"width\":1111,\"height\":438},{\"@type\":\"BreadcrumbList\",\"@id\":\"https:\\\/\\\/creadores.org\\\/en\\\/una-cerveza-madriz-moda\\\/#breadcrumb\",\"itemListElement\":[{\"@type\":\"ListItem\",\"position\":1,\"name\":\"Portada\",\"item\":\"https:\\\/\\\/creadores.org\\\/en\\\/\"},{\"@type\":\"ListItem\",\"position\":2,\"name\":\"Madriz es Moda, a beer\"}]},{\"@type\":\"WebSite\",\"@id\":\"https:\\\/\\\/creadores.org\\\/en\\\/#website\",\"url\":\"https:\\\/\\\/creadores.org\\\/en\\\/\",\"name\":\"Asociaci\u00f3n Creadores de Moda de Espa\u00f1a | ACME\",\"description\":\"La Asociaci\u00f3n Creadores de Moda de Espa\u00f1a (ACME) es una organizaci\u00f3n profesional sin \u00e1nimo de lucro fundada en 1988\",\"publisher\":{\"@id\":\"https:\\\/\\\/creadores.org\\\/en\\\/#organization\"},\"potentialAction\":[{\"@type\":\"SearchAction\",\"target\":{\"@type\":\"EntryPoint\",\"urlTemplate\":\"https:\\\/\\\/creadores.org\\\/en\\\/?s={search_term_string}\"},\"query-input\":{\"@type\":\"PropertyValueSpecification\",\"valueRequired\":true,\"valueName\":\"search_term_string\"}}],\"inLanguage\":\"en-US\"},{\"@type\":\"Organization\",\"@id\":\"https:\\\/\\\/creadores.org\\\/en\\\/#organization\",\"name\":\"Asociaci\u00f3n Creadores de Moda de Espa\u00f1a | ACME\",\"url\":\"https:\\\/\\\/creadores.org\\\/en\\\/\",\"logo\":{\"@type\":\"ImageObject\",\"inLanguage\":\"en-US\",\"@id\":\"https:\\\/\\\/creadores.org\\\/en\\\/#\\\/schema\\\/logo\\\/image\\\/\",\"url\":\"https:\\\/\\\/creadores.org\\\/wp-content\\\/uploads\\\/2025\\\/06\\\/acme-logo.svg\",\"contentUrl\":\"https:\\\/\\\/creadores.org\\\/wp-content\\\/uploads\\\/2025\\\/06\\\/acme-logo.svg\",\"width\":650,\"height\":119,\"caption\":\"Asociaci\u00f3n Creadores de Moda de Espa\u00f1a | ACME\"},\"image\":{\"@id\":\"https:\\\/\\\/creadores.org\\\/en\\\/#\\\/schema\\\/logo\\\/image\\\/\"},\"sameAs\":[\"https:\\\/\\\/www.facebook.com\\\/Asociaci\u00f3n-Creadores-de-Moda-de-Espa\u00f1a-297009471514\\\/\",\"https:\\\/\\\/x.com\\\/creadoresacme\",\"https:\\\/\\\/www.instagram.com\\\/creadoresacme\\\/\"]},{\"@type\":\"Person\",\"@id\":\"https:\\\/\\\/creadores.org\\\/en\\\/#\\\/schema\\\/person\\\/fdf61cde9f2e71e9cefe26613b50a079\",\"name\":\"Felipe\"}]}<\/script>\n<!-- \/ Yoast SEO plugin. -->","yoast_head_json":{"title":"Madriz es Moda, a beer - Asociaci\u00f3n Creadores de Moda de Espa\u00f1a | ACME","robots":{"index":"index","follow":"follow","max-snippet":"max-snippet:-1","max-image-preview":"max-image-preview:large","max-video-preview":"max-video-preview:-1"},"canonical":"https:\/\/creadores.org\/en\/una-cerveza-madriz-moda\/","og_locale":"en_US","og_type":"article","og_title":"Madriz es Moda, a beer - Asociaci\u00f3n Creadores de Moda de Espa\u00f1a | ACME","og_description":"With a genuine soul, but modern and cosmopolitan. So is the beer Chueca by Madriz Hop Republic that this fall wears a special look thanks to the collaboration with MADRID ES MODA. The new label dresses its representative cat in a floral pattern it vindicates Spanish fashion and seeks to boost its presence in capital\u00b4s [&hellip;]","og_url":"https:\/\/creadores.org\/en\/una-cerveza-madriz-moda\/","og_site_name":"Asociaci\u00f3n Creadores de Moda de Espa\u00f1a | ACME","article_publisher":"https:\/\/www.facebook.com\/Asociaci%c3%b3n-Creadores-de-Moda-de-Espa%c3%b1a-297009471514\/","article_published_time":"2016-09-11T18:13:03+00:00","article_modified_time":"2025-06-21T10:47:35+00:00","og_image":[{"url":"https:\/\/creadores.org\/src\/uploads\/2016\/07\/cartel-madrid-es-moda-373x460.jpg","type":"","width":"","height":""}],"author":"Felipe","twitter_card":"summary_large_image","twitter_creator":"@creadoresacme","twitter_site":"@creadoresacme","twitter_misc":{"Written by":"Felipe","Est. reading time":"1 minute"},"schema":{"@context":"https:\/\/schema.org","@graph":[{"@type":"Article","@id":"https:\/\/creadores.org\/en\/una-cerveza-madriz-moda\/#article","isPartOf":{"@id":"https:\/\/creadores.org\/en\/una-cerveza-madriz-moda\/"},"author":{"name":"Felipe","@id":"https:\/\/creadores.org\/en\/#\/schema\/person\/fdf61cde9f2e71e9cefe26613b50a079"},"headline":"Madriz es Moda, a beer","datePublished":"2016-09-11T18:13:03+00:00","dateModified":"2025-06-21T10:47:35+00:00","mainEntityOfPage":{"@id":"https:\/\/creadores.org\/en\/una-cerveza-madriz-moda\/"},"wordCount":240,"publisher":{"@id":"https:\/\/creadores.org\/en\/#organization"},"image":{"@id":"https:\/\/creadores.org\/en\/una-cerveza-madriz-moda\/#primaryimage"},"thumbnailUrl":"https:\/\/creadores.org\/wp-content\/uploads\/2025\/06\/evento-cerveza-madriz-1920x1080-1.jpg-2.jpg","keywords":["Juana Mart\u00edn","Madrid es Moda"],"articleSection":["Madrid es Moda","Noticias"],"inLanguage":"en-US"},{"@type":"WebPage","@id":"https:\/\/creadores.org\/en\/una-cerveza-madriz-moda\/","url":"https:\/\/creadores.org\/en\/una-cerveza-madriz-moda\/","name":"Madriz es Moda, a beer - Asociaci\u00f3n Creadores de Moda de Espa\u00f1a | ACME","isPartOf":{"@id":"https:\/\/creadores.org\/en\/#website"},"primaryImageOfPage":{"@id":"https:\/\/creadores.org\/en\/una-cerveza-madriz-moda\/#primaryimage"},"image":{"@id":"https:\/\/creadores.org\/en\/una-cerveza-madriz-moda\/#primaryimage"},"thumbnailUrl":"https:\/\/creadores.org\/wp-content\/uploads\/2025\/06\/evento-cerveza-madriz-1920x1080-1.jpg-2.jpg","datePublished":"2016-09-11T18:13:03+00:00","dateModified":"2025-06-21T10:47:35+00:00","breadcrumb":{"@id":"https:\/\/creadores.org\/en\/una-cerveza-madriz-moda\/#breadcrumb"},"inLanguage":"en-US","potentialAction":[{"@type":"ReadAction","target":["https:\/\/creadores.org\/en\/una-cerveza-madriz-moda\/"]}]},{"@type":"ImageObject","inLanguage":"en-US","@id":"https:\/\/creadores.org\/en\/una-cerveza-madriz-moda\/#primaryimage","url":"https:\/\/creadores.org\/wp-content\/uploads\/2025\/06\/evento-cerveza-madriz-1920x1080-1.jpg-2.jpg","contentUrl":"https:\/\/creadores.org\/wp-content\/uploads\/2025\/06\/evento-cerveza-madriz-1920x1080-1.jpg-2.jpg","width":1111,"height":438},{"@type":"BreadcrumbList","@id":"https:\/\/creadores.org\/en\/una-cerveza-madriz-moda\/#breadcrumb","itemListElement":[{"@type":"ListItem","position":1,"name":"Portada","item":"https:\/\/creadores.org\/en\/"},{"@type":"ListItem","position":2,"name":"Madriz es Moda, a beer"}]},{"@type":"WebSite","@id":"https:\/\/creadores.org\/en\/#website","url":"https:\/\/creadores.org\/en\/","name":"Asociaci\u00f3n Creadores de Moda de Espa\u00f1a | ACME","description":"La Asociaci\u00f3n Creadores de Moda de Espa\u00f1a (ACME) es una organizaci\u00f3n profesional sin \u00e1nimo de lucro fundada en 1988","publisher":{"@id":"https:\/\/creadores.org\/en\/#organization"},"potentialAction":[{"@type":"SearchAction","target":{"@type":"EntryPoint","urlTemplate":"https:\/\/creadores.org\/en\/?s={search_term_string}"},"query-input":{"@type":"PropertyValueSpecification","valueRequired":true,"valueName":"search_term_string"}}],"inLanguage":"en-US"},{"@type":"Organization","@id":"https:\/\/creadores.org\/en\/#organization","name":"Asociaci\u00f3n Creadores de Moda de Espa\u00f1a | ACME","url":"https:\/\/creadores.org\/en\/","logo":{"@type":"ImageObject","inLanguage":"en-US","@id":"https:\/\/creadores.org\/en\/#\/schema\/logo\/image\/","url":"https:\/\/creadores.org\/wp-content\/uploads\/2025\/06\/acme-logo.svg","contentUrl":"https:\/\/creadores.org\/wp-content\/uploads\/2025\/06\/acme-logo.svg","width":650,"height":119,"caption":"Asociaci\u00f3n Creadores de Moda de Espa\u00f1a | ACME"},"image":{"@id":"https:\/\/creadores.org\/en\/#\/schema\/logo\/image\/"},"sameAs":["https:\/\/www.facebook.com\/Asociaci\u00f3n-Creadores-de-Moda-de-Espa\u00f1a-297009471514\/","https:\/\/x.com\/creadoresacme","https:\/\/www.instagram.com\/creadoresacme\/"]},{"@type":"Person","@id":"https:\/\/creadores.org\/en\/#\/schema\/person\/fdf61cde9f2e71e9cefe26613b50a079","name":"Felipe"}]}},"_links":{"self":[{"href":"https:\/\/creadores.org\/en\/wp-json\/wp\/v2\/posts\/25068","targetHints":{"allow":["GET"]}}],"collection":[{"href":"https:\/\/creadores.org\/en\/wp-json\/wp\/v2\/posts"}],"about":[{"href":"https:\/\/creadores.org\/en\/wp-json\/wp\/v2\/types\/post"}],"author":[{"embeddable":true,"href":"https:\/\/creadores.org\/en\/wp-json\/wp\/v2\/users\/4"}],"replies":[{"embeddable":true,"href":"https:\/\/creadores.org\/en\/wp-json\/wp\/v2\/comments?post=25068"}],"version-history":[{"count":3,"href":"https:\/\/creadores.org\/en\/wp-json\/wp\/v2\/posts\/25068\/revisions"}],"predecessor-version":[{"id":80819,"href":"https:\/\/creadores.org\/en\/wp-json\/wp\/v2\/posts\/25068\/revisions\/80819"}],"wp:featuredmedia":[{"embeddable":true,"href":"https:\/\/creadores.org\/en\/wp-json\/wp\/v2\/media\/82604"}],"wp:attachment":[{"href":"https:\/\/creadores.org\/en\/wp-json\/wp\/v2\/media?parent=25068"}],"wp:term":[{"taxonomy":"category","embeddable":true,"href":"https:\/\/creadores.org\/en\/wp-json\/wp\/v2\/categories?post=25068"},{"taxonomy":"post_tag","embeddable":true,"href":"https:\/\/creadores.org\/en\/wp-json\/wp\/v2\/tags?post=25068"}],"curies":[{"name":"wp","href":"https:\/\/api.w.org\/{rel}","templated":true}]}}