{"id":25076,"date":"2016-09-14T11:00:37","date_gmt":"2016-09-14T09:00:37","guid":{"rendered":"https:\/\/creadores.org\/miguel-marinero-presents-social-club\/"},"modified":"2025-06-21T12:47:36","modified_gmt":"2025-06-21T10:47:36","slug":"miguel-marinero-presenta-social-club","status":"publish","type":"post","link":"https:\/\/creadores.org\/en\/miguel-marinero-presenta-social-club\/","title":{"rendered":"Miguel Marinero presents Social Club"},"content":{"rendered":"<p><a href=\"http:\/\/www.miguelmarinero.com\/\" target=\"_blank\" rel=\"noopener noreferrer\">Miguel Marinero<\/a> and his son, designer Nicolas Marinero, present their first textile collection &#8220;Social Club&#8221;. Made up by twenty cocktail and evening looks inspired by women in the Roaring Twenties, the Marinero\u2019s revive the flapper rebel, the protagonists of the works of F. Scott Fitzgerald, John Held Jr. or Anita Looks as well as sportswomen of the relevance of Helen Wills or Suzanne Lenglen.<\/p>\n<p>Chiffons, crepes, laces and linens in earth tones, pastels and white tinted the twenty pieces that also recall the architecture of the American skyscraper in the last century and the aesthetic revolution in Europe. A complete reminiscent of those times.<\/p>\n<p>This becomes thus the first fully textile proposal by the high-end furrier designer and his son, evoking a versatile and feisty woman, independent and free. One that early last century was involved in outdoor sports, social events, one that had her hair cut gar\u00e7onne style, filled her wardrobe with simple suits and smoked and drank while she stepped into into the working world without losing her femininity. Just as they burst into the world of fashion and a social environment dominated by men, Miguel Marinero surprises with a daring proposal that makes us travel to the past and pay tribute to these feisty women.<\/p>\n<p>&nbsp;[:]<\/p>\n","protected":false},"excerpt":{"rendered":"<p>Miguel Marinero and his son, designer Nicolas Marinero, present their first textile collection &#8220;Social Club&#8221;. Made up by twenty cocktail and evening looks inspired by women in the Roaring Twenties, the Marinero\u2019s revive the flapper rebel, the protagonists of the works of F. Scott Fitzgerald, John Held Jr. or Anita Looks as well as sportswomen [&hellip;]<\/p>\n","protected":false},"author":4,"featured_media":32104,"comment_status":"closed","ping_status":"closed","sticky":false,"template":"","format":"standard","meta":{"footnotes":""},"categories":[8,1163,6],"tags":[61,1190,66,1178],"class_list":["post-25076","post","type-post","status-publish","format-standard","has-post-thumbnail","hentry","category-noticias-creadores","category-news","category-noticias","tag-mbfwm","tag-mbfwm-en","tag-miguel-marinero","tag-miguel-marinero-en"],"yoast_head":"<!-- This site is optimized with the Yoast SEO plugin v27.4 - https:\/\/yoast.com\/product\/yoast-seo-wordpress\/ -->\n<title>Miguel Marinero presents Social Club - Asociaci\u00f3n Creadores de Moda de Espa\u00f1a | ACME<\/title>\n<meta name=\"robots\" content=\"index, follow, max-snippet:-1, max-image-preview:large, max-video-preview:-1\" \/>\n<link rel=\"canonical\" href=\"https:\/\/creadores.org\/en\/miguel-marinero-presenta-social-club\/\" \/>\n<meta property=\"og:locale\" content=\"en_US\" \/>\n<meta property=\"og:type\" content=\"article\" \/>\n<meta property=\"og:title\" content=\"Miguel Marinero presents Social Club - Asociaci\u00f3n Creadores de Moda de Espa\u00f1a | ACME\" \/>\n<meta property=\"og:description\" content=\"Miguel Marinero and his son, designer Nicolas Marinero, present their first textile collection &#8220;Social Club&#8221;. Made up by twenty cocktail and evening looks inspired by women in the Roaring Twenties, the Marinero\u2019s revive the flapper rebel, the protagonists of the works of F. Scott Fitzgerald, John Held Jr. or Anita Looks as well as sportswomen [&hellip;]\" \/>\n<meta property=\"og:url\" content=\"https:\/\/creadores.org\/en\/miguel-marinero-presenta-social-club\/\" \/>\n<meta property=\"og:site_name\" content=\"Asociaci\u00f3n Creadores de Moda de Espa\u00f1a | ACME\" \/>\n<meta property=\"article:publisher\" content=\"https:\/\/www.facebook.com\/Asociaci%c3%b3n-Creadores-de-Moda-de-Espa%c3%b1a-297009471514\/\" \/>\n<meta property=\"article:published_time\" content=\"2016-09-14T09:00:37+00:00\" \/>\n<meta property=\"article:modified_time\" content=\"2025-06-21T10:47:36+00:00\" \/>\n<meta property=\"og:image\" content=\"https:\/\/creadores.org\/wp-content\/uploads\/2016\/09\/Miguel-Marinero_PV-2017-24.jpg\" \/>\n<meta name=\"author\" content=\"Felipe\" \/>\n<meta name=\"twitter:card\" content=\"summary_large_image\" \/>\n<meta name=\"twitter:creator\" content=\"@creadoresacme\" \/>\n<meta name=\"twitter:site\" content=\"@creadoresacme\" \/>\n<meta name=\"twitter:label1\" content=\"Written by\" \/>\n\t<meta name=\"twitter:data1\" content=\"Felipe\" \/>\n\t<meta name=\"twitter:label2\" content=\"Est. reading time\" \/>\n\t<meta name=\"twitter:data2\" content=\"1 minute\" \/>\n<script type=\"application\/ld+json\" class=\"yoast-schema-graph\">{\"@context\":\"https:\\\/\\\/schema.org\",\"@graph\":[{\"@type\":\"Article\",\"@id\":\"https:\\\/\\\/creadores.org\\\/en\\\/miguel-marinero-presenta-social-club\\\/#article\",\"isPartOf\":{\"@id\":\"https:\\\/\\\/creadores.org\\\/en\\\/miguel-marinero-presenta-social-club\\\/\"},\"author\":{\"name\":\"Felipe\",\"@id\":\"https:\\\/\\\/creadores.org\\\/en\\\/#\\\/schema\\\/person\\\/fdf61cde9f2e71e9cefe26613b50a079\"},\"headline\":\"Miguel Marinero presents Social Club\",\"datePublished\":\"2016-09-14T09:00:37+00:00\",\"dateModified\":\"2025-06-21T10:47:36+00:00\",\"mainEntityOfPage\":{\"@id\":\"https:\\\/\\\/creadores.org\\\/en\\\/miguel-marinero-presenta-social-club\\\/\"},\"wordCount\":216,\"publisher\":{\"@id\":\"https:\\\/\\\/creadores.org\\\/en\\\/#organization\"},\"image\":{\"@id\":\"https:\\\/\\\/creadores.org\\\/en\\\/miguel-marinero-presenta-social-club\\\/#primaryimage\"},\"thumbnailUrl\":\"https:\\\/\\\/creadores.org\\\/wp-content\\\/uploads\\\/2016\\\/09\\\/Miguel-Marinero_pv-2017_web.jpg\",\"keywords\":[\"MBFWM\",\"MBFWM\",\"Miguel Marinero\",\"Miguel Marinero\"],\"articleSection\":[\"Creadores\",\"News\",\"Noticias\"],\"inLanguage\":\"en-US\"},{\"@type\":\"WebPage\",\"@id\":\"https:\\\/\\\/creadores.org\\\/en\\\/miguel-marinero-presenta-social-club\\\/\",\"url\":\"https:\\\/\\\/creadores.org\\\/en\\\/miguel-marinero-presenta-social-club\\\/\",\"name\":\"Miguel Marinero presents Social Club - Asociaci\u00f3n Creadores de Moda de Espa\u00f1a | ACME\",\"isPartOf\":{\"@id\":\"https:\\\/\\\/creadores.org\\\/en\\\/#website\"},\"primaryImageOfPage\":{\"@id\":\"https:\\\/\\\/creadores.org\\\/en\\\/miguel-marinero-presenta-social-club\\\/#primaryimage\"},\"image\":{\"@id\":\"https:\\\/\\\/creadores.org\\\/en\\\/miguel-marinero-presenta-social-club\\\/#primaryimage\"},\"thumbnailUrl\":\"https:\\\/\\\/creadores.org\\\/wp-content\\\/uploads\\\/2016\\\/09\\\/Miguel-Marinero_pv-2017_web.jpg\",\"datePublished\":\"2016-09-14T09:00:37+00:00\",\"dateModified\":\"2025-06-21T10:47:36+00:00\",\"breadcrumb\":{\"@id\":\"https:\\\/\\\/creadores.org\\\/en\\\/miguel-marinero-presenta-social-club\\\/#breadcrumb\"},\"inLanguage\":\"en-US\",\"potentialAction\":[{\"@type\":\"ReadAction\",\"target\":[\"https:\\\/\\\/creadores.org\\\/en\\\/miguel-marinero-presenta-social-club\\\/\"]}]},{\"@type\":\"ImageObject\",\"inLanguage\":\"en-US\",\"@id\":\"https:\\\/\\\/creadores.org\\\/en\\\/miguel-marinero-presenta-social-club\\\/#primaryimage\",\"url\":\"https:\\\/\\\/creadores.org\\\/wp-content\\\/uploads\\\/2016\\\/09\\\/Miguel-Marinero_pv-2017_web.jpg\",\"contentUrl\":\"https:\\\/\\\/creadores.org\\\/wp-content\\\/uploads\\\/2016\\\/09\\\/Miguel-Marinero_pv-2017_web.jpg\",\"width\":1200,\"height\":526},{\"@type\":\"BreadcrumbList\",\"@id\":\"https:\\\/\\\/creadores.org\\\/en\\\/miguel-marinero-presenta-social-club\\\/#breadcrumb\",\"itemListElement\":[{\"@type\":\"ListItem\",\"position\":1,\"name\":\"Portada\",\"item\":\"https:\\\/\\\/creadores.org\\\/en\\\/\"},{\"@type\":\"ListItem\",\"position\":2,\"name\":\"Miguel Marinero presents Social Club\"}]},{\"@type\":\"WebSite\",\"@id\":\"https:\\\/\\\/creadores.org\\\/en\\\/#website\",\"url\":\"https:\\\/\\\/creadores.org\\\/en\\\/\",\"name\":\"Asociaci\u00f3n Creadores de Moda de Espa\u00f1a | ACME\",\"description\":\"La Asociaci\u00f3n Creadores de Moda de Espa\u00f1a (ACME) es una organizaci\u00f3n profesional sin \u00e1nimo de lucro fundada en 1988\",\"publisher\":{\"@id\":\"https:\\\/\\\/creadores.org\\\/en\\\/#organization\"},\"potentialAction\":[{\"@type\":\"SearchAction\",\"target\":{\"@type\":\"EntryPoint\",\"urlTemplate\":\"https:\\\/\\\/creadores.org\\\/en\\\/?s={search_term_string}\"},\"query-input\":{\"@type\":\"PropertyValueSpecification\",\"valueRequired\":true,\"valueName\":\"search_term_string\"}}],\"inLanguage\":\"en-US\"},{\"@type\":\"Organization\",\"@id\":\"https:\\\/\\\/creadores.org\\\/en\\\/#organization\",\"name\":\"Asociaci\u00f3n Creadores de Moda de Espa\u00f1a | ACME\",\"url\":\"https:\\\/\\\/creadores.org\\\/en\\\/\",\"logo\":{\"@type\":\"ImageObject\",\"inLanguage\":\"en-US\",\"@id\":\"https:\\\/\\\/creadores.org\\\/en\\\/#\\\/schema\\\/logo\\\/image\\\/\",\"url\":\"https:\\\/\\\/creadores.org\\\/wp-content\\\/uploads\\\/2025\\\/06\\\/acme-logo.svg\",\"contentUrl\":\"https:\\\/\\\/creadores.org\\\/wp-content\\\/uploads\\\/2025\\\/06\\\/acme-logo.svg\",\"width\":650,\"height\":119,\"caption\":\"Asociaci\u00f3n Creadores de Moda de Espa\u00f1a | ACME\"},\"image\":{\"@id\":\"https:\\\/\\\/creadores.org\\\/en\\\/#\\\/schema\\\/logo\\\/image\\\/\"},\"sameAs\":[\"https:\\\/\\\/www.facebook.com\\\/Asociaci\u00f3n-Creadores-de-Moda-de-Espa\u00f1a-297009471514\\\/\",\"https:\\\/\\\/x.com\\\/creadoresacme\",\"https:\\\/\\\/www.instagram.com\\\/creadoresacme\\\/\"]},{\"@type\":\"Person\",\"@id\":\"https:\\\/\\\/creadores.org\\\/en\\\/#\\\/schema\\\/person\\\/fdf61cde9f2e71e9cefe26613b50a079\",\"name\":\"Felipe\"}]}<\/script>\n<!-- \/ Yoast SEO plugin. -->","yoast_head_json":{"title":"Miguel Marinero presents Social Club - Asociaci\u00f3n Creadores de Moda de Espa\u00f1a | ACME","robots":{"index":"index","follow":"follow","max-snippet":"max-snippet:-1","max-image-preview":"max-image-preview:large","max-video-preview":"max-video-preview:-1"},"canonical":"https:\/\/creadores.org\/en\/miguel-marinero-presenta-social-club\/","og_locale":"en_US","og_type":"article","og_title":"Miguel Marinero presents Social Club - Asociaci\u00f3n Creadores de Moda de Espa\u00f1a | ACME","og_description":"Miguel Marinero and his son, designer Nicolas Marinero, present their first textile collection &#8220;Social Club&#8221;. Made up by twenty cocktail and evening looks inspired by women in the Roaring Twenties, the Marinero\u2019s revive the flapper rebel, the protagonists of the works of F. Scott Fitzgerald, John Held Jr. or Anita Looks as well as sportswomen [&hellip;]","og_url":"https:\/\/creadores.org\/en\/miguel-marinero-presenta-social-club\/","og_site_name":"Asociaci\u00f3n Creadores de Moda de Espa\u00f1a | ACME","article_publisher":"https:\/\/www.facebook.com\/Asociaci%c3%b3n-Creadores-de-Moda-de-Espa%c3%b1a-297009471514\/","article_published_time":"2016-09-14T09:00:37+00:00","article_modified_time":"2025-06-21T10:47:36+00:00","og_image":[{"url":"https:\/\/creadores.org\/wp-content\/uploads\/2016\/09\/Miguel-Marinero_PV-2017-24.jpg","type":"","width":"","height":""}],"author":"Felipe","twitter_card":"summary_large_image","twitter_creator":"@creadoresacme","twitter_site":"@creadoresacme","twitter_misc":{"Written by":"Felipe","Est. reading time":"1 minute"},"schema":{"@context":"https:\/\/schema.org","@graph":[{"@type":"Article","@id":"https:\/\/creadores.org\/en\/miguel-marinero-presenta-social-club\/#article","isPartOf":{"@id":"https:\/\/creadores.org\/en\/miguel-marinero-presenta-social-club\/"},"author":{"name":"Felipe","@id":"https:\/\/creadores.org\/en\/#\/schema\/person\/fdf61cde9f2e71e9cefe26613b50a079"},"headline":"Miguel Marinero presents Social Club","datePublished":"2016-09-14T09:00:37+00:00","dateModified":"2025-06-21T10:47:36+00:00","mainEntityOfPage":{"@id":"https:\/\/creadores.org\/en\/miguel-marinero-presenta-social-club\/"},"wordCount":216,"publisher":{"@id":"https:\/\/creadores.org\/en\/#organization"},"image":{"@id":"https:\/\/creadores.org\/en\/miguel-marinero-presenta-social-club\/#primaryimage"},"thumbnailUrl":"https:\/\/creadores.org\/wp-content\/uploads\/2016\/09\/Miguel-Marinero_pv-2017_web.jpg","keywords":["MBFWM","MBFWM","Miguel Marinero","Miguel Marinero"],"articleSection":["Creadores","News","Noticias"],"inLanguage":"en-US"},{"@type":"WebPage","@id":"https:\/\/creadores.org\/en\/miguel-marinero-presenta-social-club\/","url":"https:\/\/creadores.org\/en\/miguel-marinero-presenta-social-club\/","name":"Miguel Marinero presents Social Club - Asociaci\u00f3n Creadores de Moda de Espa\u00f1a | ACME","isPartOf":{"@id":"https:\/\/creadores.org\/en\/#website"},"primaryImageOfPage":{"@id":"https:\/\/creadores.org\/en\/miguel-marinero-presenta-social-club\/#primaryimage"},"image":{"@id":"https:\/\/creadores.org\/en\/miguel-marinero-presenta-social-club\/#primaryimage"},"thumbnailUrl":"https:\/\/creadores.org\/wp-content\/uploads\/2016\/09\/Miguel-Marinero_pv-2017_web.jpg","datePublished":"2016-09-14T09:00:37+00:00","dateModified":"2025-06-21T10:47:36+00:00","breadcrumb":{"@id":"https:\/\/creadores.org\/en\/miguel-marinero-presenta-social-club\/#breadcrumb"},"inLanguage":"en-US","potentialAction":[{"@type":"ReadAction","target":["https:\/\/creadores.org\/en\/miguel-marinero-presenta-social-club\/"]}]},{"@type":"ImageObject","inLanguage":"en-US","@id":"https:\/\/creadores.org\/en\/miguel-marinero-presenta-social-club\/#primaryimage","url":"https:\/\/creadores.org\/wp-content\/uploads\/2016\/09\/Miguel-Marinero_pv-2017_web.jpg","contentUrl":"https:\/\/creadores.org\/wp-content\/uploads\/2016\/09\/Miguel-Marinero_pv-2017_web.jpg","width":1200,"height":526},{"@type":"BreadcrumbList","@id":"https:\/\/creadores.org\/en\/miguel-marinero-presenta-social-club\/#breadcrumb","itemListElement":[{"@type":"ListItem","position":1,"name":"Portada","item":"https:\/\/creadores.org\/en\/"},{"@type":"ListItem","position":2,"name":"Miguel Marinero presents Social Club"}]},{"@type":"WebSite","@id":"https:\/\/creadores.org\/en\/#website","url":"https:\/\/creadores.org\/en\/","name":"Asociaci\u00f3n Creadores de Moda de Espa\u00f1a | ACME","description":"La Asociaci\u00f3n Creadores de Moda de Espa\u00f1a (ACME) es una organizaci\u00f3n profesional sin \u00e1nimo de lucro fundada en 1988","publisher":{"@id":"https:\/\/creadores.org\/en\/#organization"},"potentialAction":[{"@type":"SearchAction","target":{"@type":"EntryPoint","urlTemplate":"https:\/\/creadores.org\/en\/?s={search_term_string}"},"query-input":{"@type":"PropertyValueSpecification","valueRequired":true,"valueName":"search_term_string"}}],"inLanguage":"en-US"},{"@type":"Organization","@id":"https:\/\/creadores.org\/en\/#organization","name":"Asociaci\u00f3n Creadores de Moda de Espa\u00f1a | ACME","url":"https:\/\/creadores.org\/en\/","logo":{"@type":"ImageObject","inLanguage":"en-US","@id":"https:\/\/creadores.org\/en\/#\/schema\/logo\/image\/","url":"https:\/\/creadores.org\/wp-content\/uploads\/2025\/06\/acme-logo.svg","contentUrl":"https:\/\/creadores.org\/wp-content\/uploads\/2025\/06\/acme-logo.svg","width":650,"height":119,"caption":"Asociaci\u00f3n Creadores de Moda de Espa\u00f1a | ACME"},"image":{"@id":"https:\/\/creadores.org\/en\/#\/schema\/logo\/image\/"},"sameAs":["https:\/\/www.facebook.com\/Asociaci\u00f3n-Creadores-de-Moda-de-Espa\u00f1a-297009471514\/","https:\/\/x.com\/creadoresacme","https:\/\/www.instagram.com\/creadoresacme\/"]},{"@type":"Person","@id":"https:\/\/creadores.org\/en\/#\/schema\/person\/fdf61cde9f2e71e9cefe26613b50a079","name":"Felipe"}]}},"_links":{"self":[{"href":"https:\/\/creadores.org\/en\/wp-json\/wp\/v2\/posts\/25076","targetHints":{"allow":["GET"]}}],"collection":[{"href":"https:\/\/creadores.org\/en\/wp-json\/wp\/v2\/posts"}],"about":[{"href":"https:\/\/creadores.org\/en\/wp-json\/wp\/v2\/types\/post"}],"author":[{"embeddable":true,"href":"https:\/\/creadores.org\/en\/wp-json\/wp\/v2\/users\/4"}],"replies":[{"embeddable":true,"href":"https:\/\/creadores.org\/en\/wp-json\/wp\/v2\/comments?post=25076"}],"version-history":[{"count":3,"href":"https:\/\/creadores.org\/en\/wp-json\/wp\/v2\/posts\/25076\/revisions"}],"predecessor-version":[{"id":80827,"href":"https:\/\/creadores.org\/en\/wp-json\/wp\/v2\/posts\/25076\/revisions\/80827"}],"wp:featuredmedia":[{"embeddable":true,"href":"https:\/\/creadores.org\/en\/wp-json\/wp\/v2\/media\/32104"}],"wp:attachment":[{"href":"https:\/\/creadores.org\/en\/wp-json\/wp\/v2\/media?parent=25076"}],"wp:term":[{"taxonomy":"category","embeddable":true,"href":"https:\/\/creadores.org\/en\/wp-json\/wp\/v2\/categories?post=25076"},{"taxonomy":"post_tag","embeddable":true,"href":"https:\/\/creadores.org\/en\/wp-json\/wp\/v2\/tags?post=25076"}],"curies":[{"name":"wp","href":"https:\/\/api.w.org\/{rel}","templated":true}]}}