{"id":25100,"date":"2016-09-19T12:04:49","date_gmt":"2016-09-19T10:04:49","guid":{"rendered":"https:\/\/creadores.org\/a-solidarity-t-shirt\/"},"modified":"2025-06-21T12:47:39","modified_gmt":"2025-06-21T10:47:39","slug":"una-camiseta-solidaria","status":"publish","type":"post","link":"https:\/\/creadores.org\/en\/una-camiseta-solidaria\/","title":{"rendered":"A solidarity T-Shirt"},"content":{"rendered":"<p>The image of a confident woman, feisty and fearless. So is for the designer <a href=\"http:\/\/juanamartin.net\/es\" target=\"_blank\" rel=\"noopener noreferrer\">Juana Mart\u00edn<\/a> <a href=\"http:\/\/madridesmoda.com\/\" target=\"_blank\" rel=\"noopener noreferrer\">MADRID ES MODA<\/a>, and so she has captured it in a T-shirt &#8220;so that everyone can be a participant in the importance vested on fashion and so that fashion may be breathed throughout the city.&#8221;<\/p>\n<p><img fetchpriority=\"high\" decoding=\"async\" class=\"aligncenter wp-image-10251 size-large\" src=\"https:\/\/creadores.org\/src\/uploads\/2016\/09\/prototipo-camiseta2-644x960.jpg\" alt=\"CAMISETA SOLIDARIA JUANA MART\u00cdN MADRID ES MODA\" width=\"644\" height=\"960\" \/><\/p>\n<p>The designer from Cordoba wore precisely this garment in her final salute in her fashion show in Mercedes-Benz Fashion Week Madrid. A T-shirt that aims to be iconic and solidary, because the model is already on sale in the online store of Juana Martin, in benefit of the Early Care Unit of the Hospital San Juan de Dios de Cordoba, an entity to which she feels a close bond and with which she habitually collaborates.<\/p>\n<p><img decoding=\"async\" class=\"aligncenter wp-image-10245 size-large\" src=\"https:\/\/creadores.org\/src\/uploads\/2016\/09\/evento-juanamartincamseta-1920x1080-960x664.jpg\" alt=\"el violinista Paco Montalvo, Juana\" width=\"960\" height=\"664\" srcset=\"https:\/\/creadores.org\/wp-content\/uploads\/2016\/09\/evento-juanamartincamseta-1920x1080-960x664.jpg 960w, https:\/\/creadores.org\/wp-content\/uploads\/2016\/09\/evento-juanamartincamseta-1920x1080-460x318.jpg 460w, https:\/\/creadores.org\/wp-content\/uploads\/2016\/09\/evento-juanamartincamseta-1920x1080-768x531.jpg 768w, https:\/\/creadores.org\/wp-content\/uploads\/2016\/09\/evento-juanamartincamseta-1920x1080.jpg 1920w\" sizes=\"(max-width: 960px) 100vw, 960px\" \/><\/p>\n<p>&#8220;The design of this graphic image of <a href=\"http:\/\/madridesmoda.com\/\" target=\"_blank\" rel=\"noopener noreferrer\">MADRID ES MOD<\/a>A has been a challenge for me,&#8221; she says. &#8220;Inspiration has come from many fronts, my designs, my roots, my dreams &#8230; The most important thing has been to put all this in a shaker and shake it well to arrive at an image that is up to standard&#8221;.<\/p>\n<p>A sample of the creative process of the designer and her team can be enjoyed in the <a href=\"https:\/\/youtu.be\/LMz4VVp79cE\" target=\"_blank\" rel=\"noopener noreferrer\">making of <\/a>the proposal, a delicious piece about the backstage of the creative universe of Juana Martin.<\/p>\n<p><iframe title=\"JUANA MART\u00cdN - MADRID ES MODA - MAKING OF\" width=\"800\" height=\"450\" src=\"https:\/\/www.youtube.com\/embed\/LMz4VVp79cE?feature=oembed\" frameborder=\"0\" allow=\"accelerometer; autoplay; clipboard-write; encrypted-media; gyroscope; picture-in-picture; web-share\" referrerpolicy=\"strict-origin-when-cross-origin\" allowfullscreen><\/iframe>[:]<\/p>\n","protected":false},"excerpt":{"rendered":"<p>The image of a confident woman, feisty and fearless. So is for the designer Juana Mart\u00edn MADRID ES MODA, and so she has captured it in a T-shirt &#8220;so that everyone can be a participant in the importance vested on fashion and so that fashion may be breathed throughout the city.&#8221; The designer from Cordoba [&hellip;]<\/p>\n","protected":false},"author":4,"featured_media":32048,"comment_status":"closed","ping_status":"closed","sticky":false,"template":"","format":"standard","meta":{"footnotes":""},"categories":[698,1164,6],"tags":[1432,58,191,1176,61,1190],"class_list":["post-25100","post","type-post","status-publish","format-standard","has-post-thumbnail","hentry","category-noticias-de-madrid-es-moda","category-news-madrid-es-moda","category-noticias","tag-juana-martin-en","tag-juana-martin","tag-madrid-es-moda","tag-madrid-es-moda-en","tag-mbfwm","tag-mbfwm-en"],"yoast_head":"<!-- This site is optimized with the Yoast SEO plugin v27.4 - https:\/\/yoast.com\/product\/yoast-seo-wordpress\/ -->\n<title>A solidarity T-Shirt - Asociaci\u00f3n Creadores de Moda de Espa\u00f1a | ACME<\/title>\n<meta name=\"robots\" content=\"index, follow, max-snippet:-1, max-image-preview:large, max-video-preview:-1\" \/>\n<link rel=\"canonical\" href=\"https:\/\/creadores.org\/en\/una-camiseta-solidaria\/\" \/>\n<meta property=\"og:locale\" content=\"en_US\" \/>\n<meta property=\"og:type\" content=\"article\" \/>\n<meta property=\"og:title\" content=\"A solidarity T-Shirt - Asociaci\u00f3n Creadores de Moda de Espa\u00f1a | ACME\" \/>\n<meta property=\"og:description\" content=\"The image of a confident woman, feisty and fearless. So is for the designer Juana Mart\u00edn MADRID ES MODA, and so she has captured it in a T-shirt &#8220;so that everyone can be a participant in the importance vested on fashion and so that fashion may be breathed throughout the city.&#8221; The designer from Cordoba [&hellip;]\" \/>\n<meta property=\"og:url\" content=\"https:\/\/creadores.org\/en\/una-camiseta-solidaria\/\" \/>\n<meta property=\"og:site_name\" content=\"Asociaci\u00f3n Creadores de Moda de Espa\u00f1a | ACME\" \/>\n<meta property=\"article:publisher\" content=\"https:\/\/www.facebook.com\/Asociaci%c3%b3n-Creadores-de-Moda-de-Espa%c3%b1a-297009471514\/\" \/>\n<meta property=\"article:published_time\" content=\"2016-09-19T10:04:49+00:00\" \/>\n<meta property=\"article:modified_time\" content=\"2025-06-21T10:47:39+00:00\" \/>\n<meta property=\"og:image\" content=\"https:\/\/creadores.org\/wp-content\/uploads\/2016\/09\/prototipo-camiseta.jpg\" \/>\n\t<meta property=\"og:image:width\" content=\"1200\" \/>\n\t<meta property=\"og:image:height\" content=\"717\" \/>\n\t<meta property=\"og:image:type\" content=\"image\/jpeg\" \/>\n<meta name=\"author\" content=\"Felipe\" \/>\n<meta name=\"twitter:card\" content=\"summary_large_image\" \/>\n<meta name=\"twitter:creator\" content=\"@creadoresacme\" \/>\n<meta name=\"twitter:site\" content=\"@creadoresacme\" \/>\n<meta name=\"twitter:label1\" content=\"Written by\" \/>\n\t<meta name=\"twitter:data1\" content=\"Felipe\" \/>\n\t<meta name=\"twitter:label2\" content=\"Est. reading time\" \/>\n\t<meta name=\"twitter:data2\" content=\"1 minute\" \/>\n<script type=\"application\/ld+json\" class=\"yoast-schema-graph\">{\"@context\":\"https:\\\/\\\/schema.org\",\"@graph\":[{\"@type\":\"Article\",\"@id\":\"https:\\\/\\\/creadores.org\\\/en\\\/una-camiseta-solidaria\\\/#article\",\"isPartOf\":{\"@id\":\"https:\\\/\\\/creadores.org\\\/en\\\/una-camiseta-solidaria\\\/\"},\"author\":{\"name\":\"Felipe\",\"@id\":\"https:\\\/\\\/creadores.org\\\/en\\\/#\\\/schema\\\/person\\\/fdf61cde9f2e71e9cefe26613b50a079\"},\"headline\":\"A solidarity T-Shirt\",\"datePublished\":\"2016-09-19T10:04:49+00:00\",\"dateModified\":\"2025-06-21T10:47:39+00:00\",\"mainEntityOfPage\":{\"@id\":\"https:\\\/\\\/creadores.org\\\/en\\\/una-camiseta-solidaria\\\/\"},\"wordCount\":229,\"publisher\":{\"@id\":\"https:\\\/\\\/creadores.org\\\/en\\\/#organization\"},\"image\":{\"@id\":\"https:\\\/\\\/creadores.org\\\/en\\\/una-camiseta-solidaria\\\/#primaryimage\"},\"thumbnailUrl\":\"https:\\\/\\\/creadores.org\\\/wp-content\\\/uploads\\\/2016\\\/09\\\/prototipo-camiseta.jpg\",\"keywords\":[\"Juana Mart\u00edn\",\"Juana Mart\u00edn\",\"Madrid es Moda\",\"Madrid es Moda\",\"MBFWM\",\"MBFWM\"],\"articleSection\":[\"Madrid es Moda\",\"Madrid es Moda\",\"Noticias\"],\"inLanguage\":\"en-US\"},{\"@type\":\"WebPage\",\"@id\":\"https:\\\/\\\/creadores.org\\\/en\\\/una-camiseta-solidaria\\\/\",\"url\":\"https:\\\/\\\/creadores.org\\\/en\\\/una-camiseta-solidaria\\\/\",\"name\":\"A solidarity T-Shirt - Asociaci\u00f3n Creadores de Moda de Espa\u00f1a | ACME\",\"isPartOf\":{\"@id\":\"https:\\\/\\\/creadores.org\\\/en\\\/#website\"},\"primaryImageOfPage\":{\"@id\":\"https:\\\/\\\/creadores.org\\\/en\\\/una-camiseta-solidaria\\\/#primaryimage\"},\"image\":{\"@id\":\"https:\\\/\\\/creadores.org\\\/en\\\/una-camiseta-solidaria\\\/#primaryimage\"},\"thumbnailUrl\":\"https:\\\/\\\/creadores.org\\\/wp-content\\\/uploads\\\/2016\\\/09\\\/prototipo-camiseta.jpg\",\"datePublished\":\"2016-09-19T10:04:49+00:00\",\"dateModified\":\"2025-06-21T10:47:39+00:00\",\"breadcrumb\":{\"@id\":\"https:\\\/\\\/creadores.org\\\/en\\\/una-camiseta-solidaria\\\/#breadcrumb\"},\"inLanguage\":\"en-US\",\"potentialAction\":[{\"@type\":\"ReadAction\",\"target\":[\"https:\\\/\\\/creadores.org\\\/en\\\/una-camiseta-solidaria\\\/\"]}]},{\"@type\":\"ImageObject\",\"inLanguage\":\"en-US\",\"@id\":\"https:\\\/\\\/creadores.org\\\/en\\\/una-camiseta-solidaria\\\/#primaryimage\",\"url\":\"https:\\\/\\\/creadores.org\\\/wp-content\\\/uploads\\\/2016\\\/09\\\/prototipo-camiseta.jpg\",\"contentUrl\":\"https:\\\/\\\/creadores.org\\\/wp-content\\\/uploads\\\/2016\\\/09\\\/prototipo-camiseta.jpg\",\"width\":1200,\"height\":717},{\"@type\":\"BreadcrumbList\",\"@id\":\"https:\\\/\\\/creadores.org\\\/en\\\/una-camiseta-solidaria\\\/#breadcrumb\",\"itemListElement\":[{\"@type\":\"ListItem\",\"position\":1,\"name\":\"Portada\",\"item\":\"https:\\\/\\\/creadores.org\\\/en\\\/\"},{\"@type\":\"ListItem\",\"position\":2,\"name\":\"A solidarity T-Shirt\"}]},{\"@type\":\"WebSite\",\"@id\":\"https:\\\/\\\/creadores.org\\\/en\\\/#website\",\"url\":\"https:\\\/\\\/creadores.org\\\/en\\\/\",\"name\":\"Asociaci\u00f3n Creadores de Moda de Espa\u00f1a | ACME\",\"description\":\"La Asociaci\u00f3n Creadores de Moda de Espa\u00f1a (ACME) es una organizaci\u00f3n profesional sin \u00e1nimo de lucro fundada en 1988\",\"publisher\":{\"@id\":\"https:\\\/\\\/creadores.org\\\/en\\\/#organization\"},\"potentialAction\":[{\"@type\":\"SearchAction\",\"target\":{\"@type\":\"EntryPoint\",\"urlTemplate\":\"https:\\\/\\\/creadores.org\\\/en\\\/?s={search_term_string}\"},\"query-input\":{\"@type\":\"PropertyValueSpecification\",\"valueRequired\":true,\"valueName\":\"search_term_string\"}}],\"inLanguage\":\"en-US\"},{\"@type\":\"Organization\",\"@id\":\"https:\\\/\\\/creadores.org\\\/en\\\/#organization\",\"name\":\"Asociaci\u00f3n Creadores de Moda de Espa\u00f1a | ACME\",\"url\":\"https:\\\/\\\/creadores.org\\\/en\\\/\",\"logo\":{\"@type\":\"ImageObject\",\"inLanguage\":\"en-US\",\"@id\":\"https:\\\/\\\/creadores.org\\\/en\\\/#\\\/schema\\\/logo\\\/image\\\/\",\"url\":\"https:\\\/\\\/creadores.org\\\/wp-content\\\/uploads\\\/2025\\\/06\\\/acme-logo.svg\",\"contentUrl\":\"https:\\\/\\\/creadores.org\\\/wp-content\\\/uploads\\\/2025\\\/06\\\/acme-logo.svg\",\"width\":650,\"height\":119,\"caption\":\"Asociaci\u00f3n Creadores de Moda de Espa\u00f1a | ACME\"},\"image\":{\"@id\":\"https:\\\/\\\/creadores.org\\\/en\\\/#\\\/schema\\\/logo\\\/image\\\/\"},\"sameAs\":[\"https:\\\/\\\/www.facebook.com\\\/Asociaci\u00f3n-Creadores-de-Moda-de-Espa\u00f1a-297009471514\\\/\",\"https:\\\/\\\/x.com\\\/creadoresacme\",\"https:\\\/\\\/www.instagram.com\\\/creadoresacme\\\/\"]},{\"@type\":\"Person\",\"@id\":\"https:\\\/\\\/creadores.org\\\/en\\\/#\\\/schema\\\/person\\\/fdf61cde9f2e71e9cefe26613b50a079\",\"name\":\"Felipe\"}]}<\/script>\n<!-- \/ Yoast SEO plugin. -->","yoast_head_json":{"title":"A solidarity T-Shirt - Asociaci\u00f3n Creadores de Moda de Espa\u00f1a | ACME","robots":{"index":"index","follow":"follow","max-snippet":"max-snippet:-1","max-image-preview":"max-image-preview:large","max-video-preview":"max-video-preview:-1"},"canonical":"https:\/\/creadores.org\/en\/una-camiseta-solidaria\/","og_locale":"en_US","og_type":"article","og_title":"A solidarity T-Shirt - Asociaci\u00f3n Creadores de Moda de Espa\u00f1a | ACME","og_description":"The image of a confident woman, feisty and fearless. So is for the designer Juana Mart\u00edn MADRID ES MODA, and so she has captured it in a T-shirt &#8220;so that everyone can be a participant in the importance vested on fashion and so that fashion may be breathed throughout the city.&#8221; The designer from Cordoba [&hellip;]","og_url":"https:\/\/creadores.org\/en\/una-camiseta-solidaria\/","og_site_name":"Asociaci\u00f3n Creadores de Moda de Espa\u00f1a | ACME","article_publisher":"https:\/\/www.facebook.com\/Asociaci%c3%b3n-Creadores-de-Moda-de-Espa%c3%b1a-297009471514\/","article_published_time":"2016-09-19T10:04:49+00:00","article_modified_time":"2025-06-21T10:47:39+00:00","og_image":[{"width":1200,"height":717,"url":"https:\/\/creadores.org\/wp-content\/uploads\/2016\/09\/prototipo-camiseta.jpg","type":"image\/jpeg"}],"author":"Felipe","twitter_card":"summary_large_image","twitter_creator":"@creadoresacme","twitter_site":"@creadoresacme","twitter_misc":{"Written by":"Felipe","Est. reading time":"1 minute"},"schema":{"@context":"https:\/\/schema.org","@graph":[{"@type":"Article","@id":"https:\/\/creadores.org\/en\/una-camiseta-solidaria\/#article","isPartOf":{"@id":"https:\/\/creadores.org\/en\/una-camiseta-solidaria\/"},"author":{"name":"Felipe","@id":"https:\/\/creadores.org\/en\/#\/schema\/person\/fdf61cde9f2e71e9cefe26613b50a079"},"headline":"A solidarity T-Shirt","datePublished":"2016-09-19T10:04:49+00:00","dateModified":"2025-06-21T10:47:39+00:00","mainEntityOfPage":{"@id":"https:\/\/creadores.org\/en\/una-camiseta-solidaria\/"},"wordCount":229,"publisher":{"@id":"https:\/\/creadores.org\/en\/#organization"},"image":{"@id":"https:\/\/creadores.org\/en\/una-camiseta-solidaria\/#primaryimage"},"thumbnailUrl":"https:\/\/creadores.org\/wp-content\/uploads\/2016\/09\/prototipo-camiseta.jpg","keywords":["Juana Mart\u00edn","Juana Mart\u00edn","Madrid es Moda","Madrid es Moda","MBFWM","MBFWM"],"articleSection":["Madrid es Moda","Madrid es Moda","Noticias"],"inLanguage":"en-US"},{"@type":"WebPage","@id":"https:\/\/creadores.org\/en\/una-camiseta-solidaria\/","url":"https:\/\/creadores.org\/en\/una-camiseta-solidaria\/","name":"A solidarity T-Shirt - Asociaci\u00f3n Creadores de Moda de Espa\u00f1a | ACME","isPartOf":{"@id":"https:\/\/creadores.org\/en\/#website"},"primaryImageOfPage":{"@id":"https:\/\/creadores.org\/en\/una-camiseta-solidaria\/#primaryimage"},"image":{"@id":"https:\/\/creadores.org\/en\/una-camiseta-solidaria\/#primaryimage"},"thumbnailUrl":"https:\/\/creadores.org\/wp-content\/uploads\/2016\/09\/prototipo-camiseta.jpg","datePublished":"2016-09-19T10:04:49+00:00","dateModified":"2025-06-21T10:47:39+00:00","breadcrumb":{"@id":"https:\/\/creadores.org\/en\/una-camiseta-solidaria\/#breadcrumb"},"inLanguage":"en-US","potentialAction":[{"@type":"ReadAction","target":["https:\/\/creadores.org\/en\/una-camiseta-solidaria\/"]}]},{"@type":"ImageObject","inLanguage":"en-US","@id":"https:\/\/creadores.org\/en\/una-camiseta-solidaria\/#primaryimage","url":"https:\/\/creadores.org\/wp-content\/uploads\/2016\/09\/prototipo-camiseta.jpg","contentUrl":"https:\/\/creadores.org\/wp-content\/uploads\/2016\/09\/prototipo-camiseta.jpg","width":1200,"height":717},{"@type":"BreadcrumbList","@id":"https:\/\/creadores.org\/en\/una-camiseta-solidaria\/#breadcrumb","itemListElement":[{"@type":"ListItem","position":1,"name":"Portada","item":"https:\/\/creadores.org\/en\/"},{"@type":"ListItem","position":2,"name":"A solidarity T-Shirt"}]},{"@type":"WebSite","@id":"https:\/\/creadores.org\/en\/#website","url":"https:\/\/creadores.org\/en\/","name":"Asociaci\u00f3n Creadores de Moda de Espa\u00f1a | ACME","description":"La Asociaci\u00f3n Creadores de Moda de Espa\u00f1a (ACME) es una organizaci\u00f3n profesional sin \u00e1nimo de lucro fundada en 1988","publisher":{"@id":"https:\/\/creadores.org\/en\/#organization"},"potentialAction":[{"@type":"SearchAction","target":{"@type":"EntryPoint","urlTemplate":"https:\/\/creadores.org\/en\/?s={search_term_string}"},"query-input":{"@type":"PropertyValueSpecification","valueRequired":true,"valueName":"search_term_string"}}],"inLanguage":"en-US"},{"@type":"Organization","@id":"https:\/\/creadores.org\/en\/#organization","name":"Asociaci\u00f3n Creadores de Moda de Espa\u00f1a | ACME","url":"https:\/\/creadores.org\/en\/","logo":{"@type":"ImageObject","inLanguage":"en-US","@id":"https:\/\/creadores.org\/en\/#\/schema\/logo\/image\/","url":"https:\/\/creadores.org\/wp-content\/uploads\/2025\/06\/acme-logo.svg","contentUrl":"https:\/\/creadores.org\/wp-content\/uploads\/2025\/06\/acme-logo.svg","width":650,"height":119,"caption":"Asociaci\u00f3n Creadores de Moda de Espa\u00f1a | ACME"},"image":{"@id":"https:\/\/creadores.org\/en\/#\/schema\/logo\/image\/"},"sameAs":["https:\/\/www.facebook.com\/Asociaci\u00f3n-Creadores-de-Moda-de-Espa\u00f1a-297009471514\/","https:\/\/x.com\/creadoresacme","https:\/\/www.instagram.com\/creadoresacme\/"]},{"@type":"Person","@id":"https:\/\/creadores.org\/en\/#\/schema\/person\/fdf61cde9f2e71e9cefe26613b50a079","name":"Felipe"}]}},"_links":{"self":[{"href":"https:\/\/creadores.org\/en\/wp-json\/wp\/v2\/posts\/25100","targetHints":{"allow":["GET"]}}],"collection":[{"href":"https:\/\/creadores.org\/en\/wp-json\/wp\/v2\/posts"}],"about":[{"href":"https:\/\/creadores.org\/en\/wp-json\/wp\/v2\/types\/post"}],"author":[{"embeddable":true,"href":"https:\/\/creadores.org\/en\/wp-json\/wp\/v2\/users\/4"}],"replies":[{"embeddable":true,"href":"https:\/\/creadores.org\/en\/wp-json\/wp\/v2\/comments?post=25100"}],"version-history":[{"count":3,"href":"https:\/\/creadores.org\/en\/wp-json\/wp\/v2\/posts\/25100\/revisions"}],"predecessor-version":[{"id":80853,"href":"https:\/\/creadores.org\/en\/wp-json\/wp\/v2\/posts\/25100\/revisions\/80853"}],"wp:featuredmedia":[{"embeddable":true,"href":"https:\/\/creadores.org\/en\/wp-json\/wp\/v2\/media\/32048"}],"wp:attachment":[{"href":"https:\/\/creadores.org\/en\/wp-json\/wp\/v2\/media?parent=25100"}],"wp:term":[{"taxonomy":"category","embeddable":true,"href":"https:\/\/creadores.org\/en\/wp-json\/wp\/v2\/categories?post=25100"},{"taxonomy":"post_tag","embeddable":true,"href":"https:\/\/creadores.org\/en\/wp-json\/wp\/v2\/tags?post=25100"}],"curies":[{"name":"wp","href":"https:\/\/api.w.org\/{rel}","templated":true}]}}