{"id":25104,"date":"2016-09-20T12:22:38","date_gmt":"2016-09-20T10:22:38","guid":{"rendered":"https:\/\/creadores.org\/duyos-wins-the-loreal-award-for-best-collection\/"},"modified":"2025-06-21T12:47:40","modified_gmt":"2025-06-21T10:47:40","slug":"duyos-gana-premio-loreal-la-mejor-coleccion","status":"publish","type":"post","link":"https:\/\/creadores.org\/en\/duyos-gana-premio-loreal-la-mejor-coleccion\/","title":{"rendered":"Duyos wins the L\u2019Oreal award for best collection"},"content":{"rendered":"<p>Designer <a href=\"http:\/\/duyos.net\/\" target=\"_blank\" rel=\"noopener noreferrer\">Juan Duyos<\/a> achieves the L&#8217;Oreal Award for the best collection of the 64<sup>th<\/sup> edition of <a href=\"http:\/\/www.ifema.es\/mercedesbenzfwm_01\/\" target=\"_blank\" rel=\"noopener noreferrer\">Madrid Fashion Week<\/a>.<\/p>\n<p>Botany, understood in its metaphorical way, inspires his proposal for the next spring \/ summer. Stylized silhouettes reminiscent of flower stems, petal applications and soft colouring seek beauty in nature. Whimsical shapes and spontaneous harmonies reflect the naturalness and delicacy of the work of the Madrid creator.<\/p>\n<p><a href=\"http:\/\/duyos.net\/\" target=\"_blank\" rel=\"noopener noreferrer\">Duyos<\/a> has counted in this collection with two luxury allies to complete his creations: the delicate silver jewellery by <a href=\"http:\/\/www.follifollie.es\/?gclid=CI-j16_2nc8CFYYy0wod2WgDKw\" target=\"_blank\" rel=\"noopener noreferrer\">Folli Follie<\/a> and the exclusive shoes created in collaboration with <a href=\"http:\/\/www.customandchic.com\/\" target=\"_blank\" rel=\"noopener noreferrer\">Custom &amp; Chic<\/a>.<\/p>\n<p>[:]<\/p>\n","protected":false},"excerpt":{"rendered":"<p>Designer Juan Duyos achieves the L&#8217;Oreal Award for the best collection of the 64th edition of Madrid Fashion Week. Botany, understood in its metaphorical way, inspires his proposal for the next spring \/ summer. Stylized silhouettes reminiscent of flower stems, petal applications and soft colouring seek beauty in nature. Whimsical shapes and spontaneous harmonies reflect [&hellip;]<\/p>\n","protected":false},"author":4,"featured_media":80858,"comment_status":"closed","ping_status":"closed","sticky":false,"template":"","format":"standard","meta":{"footnotes":""},"categories":[9,6],"tags":[44],"class_list":["post-25104","post","type-post","status-publish","format-standard","has-post-thumbnail","hentry","category-desfiles","category-noticias","tag-duyos"],"yoast_head":"<!-- This site is optimized with the Yoast SEO plugin v27.4 - https:\/\/yoast.com\/product\/yoast-seo-wordpress\/ -->\n<title>Duyos wins the L\u2019Oreal award for best collection - Asociaci\u00f3n Creadores de Moda de Espa\u00f1a | ACME<\/title>\n<meta name=\"robots\" content=\"index, follow, max-snippet:-1, max-image-preview:large, max-video-preview:-1\" \/>\n<link rel=\"canonical\" href=\"https:\/\/creadores.org\/en\/duyos-gana-premio-loreal-la-mejor-coleccion\/\" \/>\n<meta property=\"og:locale\" content=\"en_US\" \/>\n<meta property=\"og:type\" content=\"article\" \/>\n<meta property=\"og:title\" content=\"Duyos wins the L\u2019Oreal award for best collection - Asociaci\u00f3n Creadores de Moda de Espa\u00f1a | ACME\" \/>\n<meta property=\"og:description\" content=\"Designer Juan Duyos achieves the L&#8217;Oreal Award for the best collection of the 64th edition of Madrid Fashion Week. Botany, understood in its metaphorical way, inspires his proposal for the next spring \/ summer. Stylized silhouettes reminiscent of flower stems, petal applications and soft colouring seek beauty in nature. Whimsical shapes and spontaneous harmonies reflect [&hellip;]\" \/>\n<meta property=\"og:url\" content=\"https:\/\/creadores.org\/en\/duyos-gana-premio-loreal-la-mejor-coleccion\/\" \/>\n<meta property=\"og:site_name\" content=\"Asociaci\u00f3n Creadores de Moda de Espa\u00f1a | ACME\" \/>\n<meta property=\"article:publisher\" content=\"https:\/\/www.facebook.com\/Asociaci%c3%b3n-Creadores-de-Moda-de-Espa%c3%b1a-297009471514\/\" \/>\n<meta property=\"article:published_time\" content=\"2016-09-20T10:22:38+00:00\" \/>\n<meta property=\"article:modified_time\" content=\"2025-06-21T10:47:40+00:00\" \/>\n<meta property=\"og:image\" content=\"https:\/\/creadores.org\/wp-content\/uploads\/2016\/09\/Duyos_ss-2017-3.jpg\" \/>\n<meta name=\"author\" content=\"Felipe\" \/>\n<meta name=\"twitter:card\" content=\"summary_large_image\" \/>\n<meta name=\"twitter:creator\" content=\"@creadoresacme\" \/>\n<meta name=\"twitter:site\" content=\"@creadoresacme\" \/>\n<meta name=\"twitter:label1\" content=\"Written by\" \/>\n\t<meta name=\"twitter:data1\" content=\"Felipe\" \/>\n<script type=\"application\/ld+json\" class=\"yoast-schema-graph\">{\"@context\":\"https:\\\/\\\/schema.org\",\"@graph\":[{\"@type\":\"Article\",\"@id\":\"https:\\\/\\\/creadores.org\\\/en\\\/duyos-gana-premio-loreal-la-mejor-coleccion\\\/#article\",\"isPartOf\":{\"@id\":\"https:\\\/\\\/creadores.org\\\/en\\\/duyos-gana-premio-loreal-la-mejor-coleccion\\\/\"},\"author\":{\"name\":\"Felipe\",\"@id\":\"https:\\\/\\\/creadores.org\\\/en\\\/#\\\/schema\\\/person\\\/fdf61cde9f2e71e9cefe26613b50a079\"},\"headline\":\"Duyos wins the L\u2019Oreal award for best collection\",\"datePublished\":\"2016-09-20T10:22:38+00:00\",\"dateModified\":\"2025-06-21T10:47:40+00:00\",\"mainEntityOfPage\":{\"@id\":\"https:\\\/\\\/creadores.org\\\/en\\\/duyos-gana-premio-loreal-la-mejor-coleccion\\\/\"},\"wordCount\":107,\"publisher\":{\"@id\":\"https:\\\/\\\/creadores.org\\\/en\\\/#organization\"},\"image\":{\"@id\":\"https:\\\/\\\/creadores.org\\\/en\\\/duyos-gana-premio-loreal-la-mejor-coleccion\\\/#primaryimage\"},\"thumbnailUrl\":\"https:\\\/\\\/creadores.org\\\/wp-content\\\/uploads\\\/2025\\\/06\\\/Duyos_Premio-Loreal_web.jpg-3.jpg\",\"keywords\":[\"Duyos\"],\"articleSection\":[\"Desfiles y Presentaciones\",\"Noticias\"],\"inLanguage\":\"en-US\"},{\"@type\":\"WebPage\",\"@id\":\"https:\\\/\\\/creadores.org\\\/en\\\/duyos-gana-premio-loreal-la-mejor-coleccion\\\/\",\"url\":\"https:\\\/\\\/creadores.org\\\/en\\\/duyos-gana-premio-loreal-la-mejor-coleccion\\\/\",\"name\":\"Duyos wins the L\u2019Oreal award for best collection - Asociaci\u00f3n Creadores de Moda de Espa\u00f1a | ACME\",\"isPartOf\":{\"@id\":\"https:\\\/\\\/creadores.org\\\/en\\\/#website\"},\"primaryImageOfPage\":{\"@id\":\"https:\\\/\\\/creadores.org\\\/en\\\/duyos-gana-premio-loreal-la-mejor-coleccion\\\/#primaryimage\"},\"image\":{\"@id\":\"https:\\\/\\\/creadores.org\\\/en\\\/duyos-gana-premio-loreal-la-mejor-coleccion\\\/#primaryimage\"},\"thumbnailUrl\":\"https:\\\/\\\/creadores.org\\\/wp-content\\\/uploads\\\/2025\\\/06\\\/Duyos_Premio-Loreal_web.jpg-3.jpg\",\"datePublished\":\"2016-09-20T10:22:38+00:00\",\"dateModified\":\"2025-06-21T10:47:40+00:00\",\"breadcrumb\":{\"@id\":\"https:\\\/\\\/creadores.org\\\/en\\\/duyos-gana-premio-loreal-la-mejor-coleccion\\\/#breadcrumb\"},\"inLanguage\":\"en-US\",\"potentialAction\":[{\"@type\":\"ReadAction\",\"target\":[\"https:\\\/\\\/creadores.org\\\/en\\\/duyos-gana-premio-loreal-la-mejor-coleccion\\\/\"]}]},{\"@type\":\"ImageObject\",\"inLanguage\":\"en-US\",\"@id\":\"https:\\\/\\\/creadores.org\\\/en\\\/duyos-gana-premio-loreal-la-mejor-coleccion\\\/#primaryimage\",\"url\":\"https:\\\/\\\/creadores.org\\\/wp-content\\\/uploads\\\/2025\\\/06\\\/Duyos_Premio-Loreal_web.jpg-3.jpg\",\"contentUrl\":\"https:\\\/\\\/creadores.org\\\/wp-content\\\/uploads\\\/2025\\\/06\\\/Duyos_Premio-Loreal_web.jpg-3.jpg\",\"width\":1200,\"height\":526,\"caption\":\"null\"},{\"@type\":\"BreadcrumbList\",\"@id\":\"https:\\\/\\\/creadores.org\\\/en\\\/duyos-gana-premio-loreal-la-mejor-coleccion\\\/#breadcrumb\",\"itemListElement\":[{\"@type\":\"ListItem\",\"position\":1,\"name\":\"Portada\",\"item\":\"https:\\\/\\\/creadores.org\\\/en\\\/\"},{\"@type\":\"ListItem\",\"position\":2,\"name\":\"Duyos wins the L\u2019Oreal award for best collection\"}]},{\"@type\":\"WebSite\",\"@id\":\"https:\\\/\\\/creadores.org\\\/en\\\/#website\",\"url\":\"https:\\\/\\\/creadores.org\\\/en\\\/\",\"name\":\"Asociaci\u00f3n Creadores de Moda de Espa\u00f1a | ACME\",\"description\":\"La Asociaci\u00f3n Creadores de Moda de Espa\u00f1a (ACME) es una organizaci\u00f3n profesional sin \u00e1nimo de lucro fundada en 1988\",\"publisher\":{\"@id\":\"https:\\\/\\\/creadores.org\\\/en\\\/#organization\"},\"potentialAction\":[{\"@type\":\"SearchAction\",\"target\":{\"@type\":\"EntryPoint\",\"urlTemplate\":\"https:\\\/\\\/creadores.org\\\/en\\\/?s={search_term_string}\"},\"query-input\":{\"@type\":\"PropertyValueSpecification\",\"valueRequired\":true,\"valueName\":\"search_term_string\"}}],\"inLanguage\":\"en-US\"},{\"@type\":\"Organization\",\"@id\":\"https:\\\/\\\/creadores.org\\\/en\\\/#organization\",\"name\":\"Asociaci\u00f3n Creadores de Moda de Espa\u00f1a | ACME\",\"url\":\"https:\\\/\\\/creadores.org\\\/en\\\/\",\"logo\":{\"@type\":\"ImageObject\",\"inLanguage\":\"en-US\",\"@id\":\"https:\\\/\\\/creadores.org\\\/en\\\/#\\\/schema\\\/logo\\\/image\\\/\",\"url\":\"https:\\\/\\\/creadores.org\\\/wp-content\\\/uploads\\\/2025\\\/06\\\/acme-logo.svg\",\"contentUrl\":\"https:\\\/\\\/creadores.org\\\/wp-content\\\/uploads\\\/2025\\\/06\\\/acme-logo.svg\",\"width\":650,\"height\":119,\"caption\":\"Asociaci\u00f3n Creadores de Moda de Espa\u00f1a | ACME\"},\"image\":{\"@id\":\"https:\\\/\\\/creadores.org\\\/en\\\/#\\\/schema\\\/logo\\\/image\\\/\"},\"sameAs\":[\"https:\\\/\\\/www.facebook.com\\\/Asociaci\u00f3n-Creadores-de-Moda-de-Espa\u00f1a-297009471514\\\/\",\"https:\\\/\\\/x.com\\\/creadoresacme\",\"https:\\\/\\\/www.instagram.com\\\/creadoresacme\\\/\"]},{\"@type\":\"Person\",\"@id\":\"https:\\\/\\\/creadores.org\\\/en\\\/#\\\/schema\\\/person\\\/fdf61cde9f2e71e9cefe26613b50a079\",\"name\":\"Felipe\"}]}<\/script>\n<!-- \/ Yoast SEO plugin. -->","yoast_head_json":{"title":"Duyos wins the L\u2019Oreal award for best collection - Asociaci\u00f3n Creadores de Moda de Espa\u00f1a | ACME","robots":{"index":"index","follow":"follow","max-snippet":"max-snippet:-1","max-image-preview":"max-image-preview:large","max-video-preview":"max-video-preview:-1"},"canonical":"https:\/\/creadores.org\/en\/duyos-gana-premio-loreal-la-mejor-coleccion\/","og_locale":"en_US","og_type":"article","og_title":"Duyos wins the L\u2019Oreal award for best collection - Asociaci\u00f3n Creadores de Moda de Espa\u00f1a | ACME","og_description":"Designer Juan Duyos achieves the L&#8217;Oreal Award for the best collection of the 64th edition of Madrid Fashion Week. Botany, understood in its metaphorical way, inspires his proposal for the next spring \/ summer. Stylized silhouettes reminiscent of flower stems, petal applications and soft colouring seek beauty in nature. Whimsical shapes and spontaneous harmonies reflect [&hellip;]","og_url":"https:\/\/creadores.org\/en\/duyos-gana-premio-loreal-la-mejor-coleccion\/","og_site_name":"Asociaci\u00f3n Creadores de Moda de Espa\u00f1a | ACME","article_publisher":"https:\/\/www.facebook.com\/Asociaci%c3%b3n-Creadores-de-Moda-de-Espa%c3%b1a-297009471514\/","article_published_time":"2016-09-20T10:22:38+00:00","article_modified_time":"2025-06-21T10:47:40+00:00","og_image":[{"url":"https:\/\/creadores.org\/wp-content\/uploads\/2016\/09\/Duyos_ss-2017-3.jpg","type":"","width":"","height":""}],"author":"Felipe","twitter_card":"summary_large_image","twitter_creator":"@creadoresacme","twitter_site":"@creadoresacme","twitter_misc":{"Written by":"Felipe"},"schema":{"@context":"https:\/\/schema.org","@graph":[{"@type":"Article","@id":"https:\/\/creadores.org\/en\/duyos-gana-premio-loreal-la-mejor-coleccion\/#article","isPartOf":{"@id":"https:\/\/creadores.org\/en\/duyos-gana-premio-loreal-la-mejor-coleccion\/"},"author":{"name":"Felipe","@id":"https:\/\/creadores.org\/en\/#\/schema\/person\/fdf61cde9f2e71e9cefe26613b50a079"},"headline":"Duyos wins the L\u2019Oreal award for best collection","datePublished":"2016-09-20T10:22:38+00:00","dateModified":"2025-06-21T10:47:40+00:00","mainEntityOfPage":{"@id":"https:\/\/creadores.org\/en\/duyos-gana-premio-loreal-la-mejor-coleccion\/"},"wordCount":107,"publisher":{"@id":"https:\/\/creadores.org\/en\/#organization"},"image":{"@id":"https:\/\/creadores.org\/en\/duyos-gana-premio-loreal-la-mejor-coleccion\/#primaryimage"},"thumbnailUrl":"https:\/\/creadores.org\/wp-content\/uploads\/2025\/06\/Duyos_Premio-Loreal_web.jpg-3.jpg","keywords":["Duyos"],"articleSection":["Desfiles y Presentaciones","Noticias"],"inLanguage":"en-US"},{"@type":"WebPage","@id":"https:\/\/creadores.org\/en\/duyos-gana-premio-loreal-la-mejor-coleccion\/","url":"https:\/\/creadores.org\/en\/duyos-gana-premio-loreal-la-mejor-coleccion\/","name":"Duyos wins the L\u2019Oreal award for best collection - Asociaci\u00f3n Creadores de Moda de Espa\u00f1a | ACME","isPartOf":{"@id":"https:\/\/creadores.org\/en\/#website"},"primaryImageOfPage":{"@id":"https:\/\/creadores.org\/en\/duyos-gana-premio-loreal-la-mejor-coleccion\/#primaryimage"},"image":{"@id":"https:\/\/creadores.org\/en\/duyos-gana-premio-loreal-la-mejor-coleccion\/#primaryimage"},"thumbnailUrl":"https:\/\/creadores.org\/wp-content\/uploads\/2025\/06\/Duyos_Premio-Loreal_web.jpg-3.jpg","datePublished":"2016-09-20T10:22:38+00:00","dateModified":"2025-06-21T10:47:40+00:00","breadcrumb":{"@id":"https:\/\/creadores.org\/en\/duyos-gana-premio-loreal-la-mejor-coleccion\/#breadcrumb"},"inLanguage":"en-US","potentialAction":[{"@type":"ReadAction","target":["https:\/\/creadores.org\/en\/duyos-gana-premio-loreal-la-mejor-coleccion\/"]}]},{"@type":"ImageObject","inLanguage":"en-US","@id":"https:\/\/creadores.org\/en\/duyos-gana-premio-loreal-la-mejor-coleccion\/#primaryimage","url":"https:\/\/creadores.org\/wp-content\/uploads\/2025\/06\/Duyos_Premio-Loreal_web.jpg-3.jpg","contentUrl":"https:\/\/creadores.org\/wp-content\/uploads\/2025\/06\/Duyos_Premio-Loreal_web.jpg-3.jpg","width":1200,"height":526,"caption":"null"},{"@type":"BreadcrumbList","@id":"https:\/\/creadores.org\/en\/duyos-gana-premio-loreal-la-mejor-coleccion\/#breadcrumb","itemListElement":[{"@type":"ListItem","position":1,"name":"Portada","item":"https:\/\/creadores.org\/en\/"},{"@type":"ListItem","position":2,"name":"Duyos wins the L\u2019Oreal award for best collection"}]},{"@type":"WebSite","@id":"https:\/\/creadores.org\/en\/#website","url":"https:\/\/creadores.org\/en\/","name":"Asociaci\u00f3n Creadores de Moda de Espa\u00f1a | ACME","description":"La Asociaci\u00f3n Creadores de Moda de Espa\u00f1a (ACME) es una organizaci\u00f3n profesional sin \u00e1nimo de lucro fundada en 1988","publisher":{"@id":"https:\/\/creadores.org\/en\/#organization"},"potentialAction":[{"@type":"SearchAction","target":{"@type":"EntryPoint","urlTemplate":"https:\/\/creadores.org\/en\/?s={search_term_string}"},"query-input":{"@type":"PropertyValueSpecification","valueRequired":true,"valueName":"search_term_string"}}],"inLanguage":"en-US"},{"@type":"Organization","@id":"https:\/\/creadores.org\/en\/#organization","name":"Asociaci\u00f3n Creadores de Moda de Espa\u00f1a | ACME","url":"https:\/\/creadores.org\/en\/","logo":{"@type":"ImageObject","inLanguage":"en-US","@id":"https:\/\/creadores.org\/en\/#\/schema\/logo\/image\/","url":"https:\/\/creadores.org\/wp-content\/uploads\/2025\/06\/acme-logo.svg","contentUrl":"https:\/\/creadores.org\/wp-content\/uploads\/2025\/06\/acme-logo.svg","width":650,"height":119,"caption":"Asociaci\u00f3n Creadores de Moda de Espa\u00f1a | ACME"},"image":{"@id":"https:\/\/creadores.org\/en\/#\/schema\/logo\/image\/"},"sameAs":["https:\/\/www.facebook.com\/Asociaci\u00f3n-Creadores-de-Moda-de-Espa\u00f1a-297009471514\/","https:\/\/x.com\/creadoresacme","https:\/\/www.instagram.com\/creadoresacme\/"]},{"@type":"Person","@id":"https:\/\/creadores.org\/en\/#\/schema\/person\/fdf61cde9f2e71e9cefe26613b50a079","name":"Felipe"}]}},"_links":{"self":[{"href":"https:\/\/creadores.org\/en\/wp-json\/wp\/v2\/posts\/25104","targetHints":{"allow":["GET"]}}],"collection":[{"href":"https:\/\/creadores.org\/en\/wp-json\/wp\/v2\/posts"}],"about":[{"href":"https:\/\/creadores.org\/en\/wp-json\/wp\/v2\/types\/post"}],"author":[{"embeddable":true,"href":"https:\/\/creadores.org\/en\/wp-json\/wp\/v2\/users\/4"}],"replies":[{"embeddable":true,"href":"https:\/\/creadores.org\/en\/wp-json\/wp\/v2\/comments?post=25104"}],"version-history":[{"count":3,"href":"https:\/\/creadores.org\/en\/wp-json\/wp\/v2\/posts\/25104\/revisions"}],"predecessor-version":[{"id":80857,"href":"https:\/\/creadores.org\/en\/wp-json\/wp\/v2\/posts\/25104\/revisions\/80857"}],"wp:featuredmedia":[{"embeddable":true,"href":"https:\/\/creadores.org\/en\/wp-json\/wp\/v2\/media\/80858"}],"wp:attachment":[{"href":"https:\/\/creadores.org\/en\/wp-json\/wp\/v2\/media?parent=25104"}],"wp:term":[{"taxonomy":"category","embeddable":true,"href":"https:\/\/creadores.org\/en\/wp-json\/wp\/v2\/categories?post=25104"},{"taxonomy":"post_tag","embeddable":true,"href":"https:\/\/creadores.org\/en\/wp-json\/wp\/v2\/tags?post=25104"}],"curies":[{"name":"wp","href":"https:\/\/api.w.org\/{rel}","templated":true}]}}