{"id":25210,"date":"2017-06-05T12:44:32","date_gmt":"2017-06-05T10:44:32","guid":{"rendered":"https:\/\/creadores.org\/miguel-becer-i-fell-in-love-with-this-profession-thanks-to-you\/"},"modified":"2025-06-21T12:47:50","modified_gmt":"2025-06-21T10:47:50","slug":"miguel-becer-me-enamore-des-esta-profesion-gracias-ti","status":"publish","type":"post","link":"https:\/\/creadores.org\/en\/miguel-becer-me-enamore-des-esta-profesion-gracias-ti\/","title":{"rendered":"Miguel Becer: &#8220;I fell in love with this profession thanks to you&#8221;"},"content":{"rendered":"<p>&#8220;I remember being a child and falling in love with this profession thanks to you. Seeing you on the TV news and wanting to become a fashion designer.<\/p>\n<p>I remember each and everyone of your fashion shows as a window open to freedom, spectacle, beauty, pleasure and happiness.<\/p>\n<p>I remember your conversation quiet, simple, direct and effective.<\/p>\n<p>I thank you so much for everything you have done for our generation without even pretending.<\/p>\n<p>I thank you so much for everything you&#8217;ve done for fashion in and outside our country.<\/p>\n<p>Thank you for being a reference for all of us.<\/p>\n<p>Thank you for being a great person to all of us.<\/p>\n<p>Thank you for being so generous and sharing your universe with all of us. &#8221;<\/p>\n<p><em>Miguel Becer, Creative Director of Man\u00e9man\u00e9.<\/em>[:]<\/p>\n","protected":false},"excerpt":{"rendered":"<p>&#8220;I remember being a child and falling in love with this profession thanks to you. Seeing you on the TV news and wanting to become a fashion designer. I remember each and everyone of your fashion shows as a window open to freedom, spectacle, beauty, pleasure and happiness. I remember your conversation quiet, simple, direct [&hellip;]<\/p>\n","protected":false},"author":4,"featured_media":33203,"comment_status":"closed","ping_status":"closed","sticky":false,"template":"","format":"standard","meta":{"footnotes":""},"categories":[799,6],"tags":[],"class_list":["post-25210","post","type-post","status-publish","format-standard","has-post-thumbnail","hentry","category-daviddelfinforever","category-noticias"],"yoast_head":"<!-- This site is optimized with the Yoast SEO plugin v27.4 - https:\/\/yoast.com\/product\/yoast-seo-wordpress\/ -->\n<title>Miguel Becer: &quot;I fell in love with this profession thanks to you&quot; - Asociaci\u00f3n Creadores de Moda de Espa\u00f1a | ACME<\/title>\n<meta name=\"robots\" content=\"index, follow, max-snippet:-1, max-image-preview:large, max-video-preview:-1\" \/>\n<link rel=\"canonical\" href=\"https:\/\/creadores.org\/en\/miguel-becer-me-enamore-des-esta-profesion-gracias-ti\/\" \/>\n<meta property=\"og:locale\" content=\"en_US\" \/>\n<meta property=\"og:type\" content=\"article\" \/>\n<meta property=\"og:title\" content=\"Miguel Becer: &quot;I fell in love with this profession thanks to you&quot; - Asociaci\u00f3n Creadores de Moda de Espa\u00f1a | ACME\" \/>\n<meta property=\"og:description\" content=\"&#8220;I remember being a child and falling in love with this profession thanks to you. Seeing you on the TV news and wanting to become a fashion designer. I remember each and everyone of your fashion shows as a window open to freedom, spectacle, beauty, pleasure and happiness. I remember your conversation quiet, simple, direct [&hellip;]\" \/>\n<meta property=\"og:url\" content=\"https:\/\/creadores.org\/en\/miguel-becer-me-enamore-des-esta-profesion-gracias-ti\/\" \/>\n<meta property=\"og:site_name\" content=\"Asociaci\u00f3n Creadores de Moda de Espa\u00f1a | ACME\" \/>\n<meta property=\"article:publisher\" content=\"https:\/\/www.facebook.com\/Asociaci%c3%b3n-Creadores-de-Moda-de-Espa%c3%b1a-297009471514\/\" \/>\n<meta property=\"article:published_time\" content=\"2017-06-05T10:44:32+00:00\" \/>\n<meta property=\"article:modified_time\" content=\"2025-06-21T10:47:50+00:00\" \/>\n<meta name=\"author\" content=\"Felipe\" \/>\n<meta name=\"twitter:card\" content=\"summary_large_image\" \/>\n<meta name=\"twitter:creator\" content=\"@creadoresacme\" \/>\n<meta name=\"twitter:site\" content=\"@creadoresacme\" \/>\n<meta name=\"twitter:label1\" content=\"Written by\" \/>\n\t<meta name=\"twitter:data1\" content=\"Felipe\" \/>\n\t<meta name=\"twitter:label2\" content=\"Est. reading time\" \/>\n\t<meta name=\"twitter:data2\" content=\"1 minute\" \/>\n<script type=\"application\/ld+json\" class=\"yoast-schema-graph\">{\"@context\":\"https:\\\/\\\/schema.org\",\"@graph\":[{\"@type\":\"Article\",\"@id\":\"https:\\\/\\\/creadores.org\\\/en\\\/miguel-becer-me-enamore-des-esta-profesion-gracias-ti\\\/#article\",\"isPartOf\":{\"@id\":\"https:\\\/\\\/creadores.org\\\/en\\\/miguel-becer-me-enamore-des-esta-profesion-gracias-ti\\\/\"},\"author\":{\"name\":\"Felipe\",\"@id\":\"https:\\\/\\\/creadores.org\\\/en\\\/#\\\/schema\\\/person\\\/fdf61cde9f2e71e9cefe26613b50a079\"},\"headline\":\"Miguel Becer: &#8220;I fell in love with this profession thanks to you&#8221;\",\"datePublished\":\"2017-06-05T10:44:32+00:00\",\"dateModified\":\"2025-06-21T10:47:50+00:00\",\"mainEntityOfPage\":{\"@id\":\"https:\\\/\\\/creadores.org\\\/en\\\/miguel-becer-me-enamore-des-esta-profesion-gracias-ti\\\/\"},\"wordCount\":144,\"publisher\":{\"@id\":\"https:\\\/\\\/creadores.org\\\/en\\\/#organization\"},\"image\":{\"@id\":\"https:\\\/\\\/creadores.org\\\/en\\\/miguel-becer-me-enamore-des-esta-profesion-gracias-ti\\\/#primaryimage\"},\"thumbnailUrl\":\"https:\\\/\\\/creadores.org\\\/wp-content\\\/uploads\\\/2017\\\/06\\\/manemane_homenaje_david_delfin.jpg\",\"articleSection\":[\"#daviddelfinforever\",\"Noticias\"],\"inLanguage\":\"en-US\"},{\"@type\":\"WebPage\",\"@id\":\"https:\\\/\\\/creadores.org\\\/en\\\/miguel-becer-me-enamore-des-esta-profesion-gracias-ti\\\/\",\"url\":\"https:\\\/\\\/creadores.org\\\/en\\\/miguel-becer-me-enamore-des-esta-profesion-gracias-ti\\\/\",\"name\":\"Miguel Becer: \\\"I fell in love with this profession thanks to you\\\" - Asociaci\u00f3n Creadores de Moda de Espa\u00f1a | ACME\",\"isPartOf\":{\"@id\":\"https:\\\/\\\/creadores.org\\\/en\\\/#website\"},\"primaryImageOfPage\":{\"@id\":\"https:\\\/\\\/creadores.org\\\/en\\\/miguel-becer-me-enamore-des-esta-profesion-gracias-ti\\\/#primaryimage\"},\"image\":{\"@id\":\"https:\\\/\\\/creadores.org\\\/en\\\/miguel-becer-me-enamore-des-esta-profesion-gracias-ti\\\/#primaryimage\"},\"thumbnailUrl\":\"https:\\\/\\\/creadores.org\\\/wp-content\\\/uploads\\\/2017\\\/06\\\/manemane_homenaje_david_delfin.jpg\",\"datePublished\":\"2017-06-05T10:44:32+00:00\",\"dateModified\":\"2025-06-21T10:47:50+00:00\",\"breadcrumb\":{\"@id\":\"https:\\\/\\\/creadores.org\\\/en\\\/miguel-becer-me-enamore-des-esta-profesion-gracias-ti\\\/#breadcrumb\"},\"inLanguage\":\"en-US\",\"potentialAction\":[{\"@type\":\"ReadAction\",\"target\":[\"https:\\\/\\\/creadores.org\\\/en\\\/miguel-becer-me-enamore-des-esta-profesion-gracias-ti\\\/\"]}]},{\"@type\":\"ImageObject\",\"inLanguage\":\"en-US\",\"@id\":\"https:\\\/\\\/creadores.org\\\/en\\\/miguel-becer-me-enamore-des-esta-profesion-gracias-ti\\\/#primaryimage\",\"url\":\"https:\\\/\\\/creadores.org\\\/wp-content\\\/uploads\\\/2017\\\/06\\\/manemane_homenaje_david_delfin.jpg\",\"contentUrl\":\"https:\\\/\\\/creadores.org\\\/wp-content\\\/uploads\\\/2017\\\/06\\\/manemane_homenaje_david_delfin.jpg\",\"width\":960,\"height\":412},{\"@type\":\"BreadcrumbList\",\"@id\":\"https:\\\/\\\/creadores.org\\\/en\\\/miguel-becer-me-enamore-des-esta-profesion-gracias-ti\\\/#breadcrumb\",\"itemListElement\":[{\"@type\":\"ListItem\",\"position\":1,\"name\":\"Portada\",\"item\":\"https:\\\/\\\/creadores.org\\\/en\\\/\"},{\"@type\":\"ListItem\",\"position\":2,\"name\":\"Miguel Becer: \\\"I fell in love with this profession thanks to you\\\"\"}]},{\"@type\":\"WebSite\",\"@id\":\"https:\\\/\\\/creadores.org\\\/en\\\/#website\",\"url\":\"https:\\\/\\\/creadores.org\\\/en\\\/\",\"name\":\"Asociaci\u00f3n Creadores de Moda de Espa\u00f1a | ACME\",\"description\":\"La Asociaci\u00f3n Creadores de Moda de Espa\u00f1a (ACME) es una organizaci\u00f3n profesional sin \u00e1nimo de lucro fundada en 1988\",\"publisher\":{\"@id\":\"https:\\\/\\\/creadores.org\\\/en\\\/#organization\"},\"potentialAction\":[{\"@type\":\"SearchAction\",\"target\":{\"@type\":\"EntryPoint\",\"urlTemplate\":\"https:\\\/\\\/creadores.org\\\/en\\\/?s={search_term_string}\"},\"query-input\":{\"@type\":\"PropertyValueSpecification\",\"valueRequired\":true,\"valueName\":\"search_term_string\"}}],\"inLanguage\":\"en-US\"},{\"@type\":\"Organization\",\"@id\":\"https:\\\/\\\/creadores.org\\\/en\\\/#organization\",\"name\":\"Asociaci\u00f3n Creadores de Moda de Espa\u00f1a | ACME\",\"url\":\"https:\\\/\\\/creadores.org\\\/en\\\/\",\"logo\":{\"@type\":\"ImageObject\",\"inLanguage\":\"en-US\",\"@id\":\"https:\\\/\\\/creadores.org\\\/en\\\/#\\\/schema\\\/logo\\\/image\\\/\",\"url\":\"https:\\\/\\\/creadores.org\\\/wp-content\\\/uploads\\\/2025\\\/06\\\/acme-logo.svg\",\"contentUrl\":\"https:\\\/\\\/creadores.org\\\/wp-content\\\/uploads\\\/2025\\\/06\\\/acme-logo.svg\",\"width\":650,\"height\":119,\"caption\":\"Asociaci\u00f3n Creadores de Moda de Espa\u00f1a | ACME\"},\"image\":{\"@id\":\"https:\\\/\\\/creadores.org\\\/en\\\/#\\\/schema\\\/logo\\\/image\\\/\"},\"sameAs\":[\"https:\\\/\\\/www.facebook.com\\\/Asociaci\u00f3n-Creadores-de-Moda-de-Espa\u00f1a-297009471514\\\/\",\"https:\\\/\\\/x.com\\\/creadoresacme\",\"https:\\\/\\\/www.instagram.com\\\/creadoresacme\\\/\"]},{\"@type\":\"Person\",\"@id\":\"https:\\\/\\\/creadores.org\\\/en\\\/#\\\/schema\\\/person\\\/fdf61cde9f2e71e9cefe26613b50a079\",\"name\":\"Felipe\"}]}<\/script>\n<!-- \/ Yoast SEO plugin. -->","yoast_head_json":{"title":"Miguel Becer: \"I fell in love with this profession thanks to you\" - Asociaci\u00f3n Creadores de Moda de Espa\u00f1a | ACME","robots":{"index":"index","follow":"follow","max-snippet":"max-snippet:-1","max-image-preview":"max-image-preview:large","max-video-preview":"max-video-preview:-1"},"canonical":"https:\/\/creadores.org\/en\/miguel-becer-me-enamore-des-esta-profesion-gracias-ti\/","og_locale":"en_US","og_type":"article","og_title":"Miguel Becer: \"I fell in love with this profession thanks to you\" - Asociaci\u00f3n Creadores de Moda de Espa\u00f1a | ACME","og_description":"&#8220;I remember being a child and falling in love with this profession thanks to you. Seeing you on the TV news and wanting to become a fashion designer. I remember each and everyone of your fashion shows as a window open to freedom, spectacle, beauty, pleasure and happiness. I remember your conversation quiet, simple, direct [&hellip;]","og_url":"https:\/\/creadores.org\/en\/miguel-becer-me-enamore-des-esta-profesion-gracias-ti\/","og_site_name":"Asociaci\u00f3n Creadores de Moda de Espa\u00f1a | ACME","article_publisher":"https:\/\/www.facebook.com\/Asociaci%c3%b3n-Creadores-de-Moda-de-Espa%c3%b1a-297009471514\/","article_published_time":"2017-06-05T10:44:32+00:00","article_modified_time":"2025-06-21T10:47:50+00:00","author":"Felipe","twitter_card":"summary_large_image","twitter_creator":"@creadoresacme","twitter_site":"@creadoresacme","twitter_misc":{"Written by":"Felipe","Est. reading time":"1 minute"},"schema":{"@context":"https:\/\/schema.org","@graph":[{"@type":"Article","@id":"https:\/\/creadores.org\/en\/miguel-becer-me-enamore-des-esta-profesion-gracias-ti\/#article","isPartOf":{"@id":"https:\/\/creadores.org\/en\/miguel-becer-me-enamore-des-esta-profesion-gracias-ti\/"},"author":{"name":"Felipe","@id":"https:\/\/creadores.org\/en\/#\/schema\/person\/fdf61cde9f2e71e9cefe26613b50a079"},"headline":"Miguel Becer: &#8220;I fell in love with this profession thanks to you&#8221;","datePublished":"2017-06-05T10:44:32+00:00","dateModified":"2025-06-21T10:47:50+00:00","mainEntityOfPage":{"@id":"https:\/\/creadores.org\/en\/miguel-becer-me-enamore-des-esta-profesion-gracias-ti\/"},"wordCount":144,"publisher":{"@id":"https:\/\/creadores.org\/en\/#organization"},"image":{"@id":"https:\/\/creadores.org\/en\/miguel-becer-me-enamore-des-esta-profesion-gracias-ti\/#primaryimage"},"thumbnailUrl":"https:\/\/creadores.org\/wp-content\/uploads\/2017\/06\/manemane_homenaje_david_delfin.jpg","articleSection":["#daviddelfinforever","Noticias"],"inLanguage":"en-US"},{"@type":"WebPage","@id":"https:\/\/creadores.org\/en\/miguel-becer-me-enamore-des-esta-profesion-gracias-ti\/","url":"https:\/\/creadores.org\/en\/miguel-becer-me-enamore-des-esta-profesion-gracias-ti\/","name":"Miguel Becer: \"I fell in love with this profession thanks to you\" - Asociaci\u00f3n Creadores de Moda de Espa\u00f1a | ACME","isPartOf":{"@id":"https:\/\/creadores.org\/en\/#website"},"primaryImageOfPage":{"@id":"https:\/\/creadores.org\/en\/miguel-becer-me-enamore-des-esta-profesion-gracias-ti\/#primaryimage"},"image":{"@id":"https:\/\/creadores.org\/en\/miguel-becer-me-enamore-des-esta-profesion-gracias-ti\/#primaryimage"},"thumbnailUrl":"https:\/\/creadores.org\/wp-content\/uploads\/2017\/06\/manemane_homenaje_david_delfin.jpg","datePublished":"2017-06-05T10:44:32+00:00","dateModified":"2025-06-21T10:47:50+00:00","breadcrumb":{"@id":"https:\/\/creadores.org\/en\/miguel-becer-me-enamore-des-esta-profesion-gracias-ti\/#breadcrumb"},"inLanguage":"en-US","potentialAction":[{"@type":"ReadAction","target":["https:\/\/creadores.org\/en\/miguel-becer-me-enamore-des-esta-profesion-gracias-ti\/"]}]},{"@type":"ImageObject","inLanguage":"en-US","@id":"https:\/\/creadores.org\/en\/miguel-becer-me-enamore-des-esta-profesion-gracias-ti\/#primaryimage","url":"https:\/\/creadores.org\/wp-content\/uploads\/2017\/06\/manemane_homenaje_david_delfin.jpg","contentUrl":"https:\/\/creadores.org\/wp-content\/uploads\/2017\/06\/manemane_homenaje_david_delfin.jpg","width":960,"height":412},{"@type":"BreadcrumbList","@id":"https:\/\/creadores.org\/en\/miguel-becer-me-enamore-des-esta-profesion-gracias-ti\/#breadcrumb","itemListElement":[{"@type":"ListItem","position":1,"name":"Portada","item":"https:\/\/creadores.org\/en\/"},{"@type":"ListItem","position":2,"name":"Miguel Becer: \"I fell in love with this profession thanks to you\""}]},{"@type":"WebSite","@id":"https:\/\/creadores.org\/en\/#website","url":"https:\/\/creadores.org\/en\/","name":"Asociaci\u00f3n Creadores de Moda de Espa\u00f1a | ACME","description":"La Asociaci\u00f3n Creadores de Moda de Espa\u00f1a (ACME) es una organizaci\u00f3n profesional sin \u00e1nimo de lucro fundada en 1988","publisher":{"@id":"https:\/\/creadores.org\/en\/#organization"},"potentialAction":[{"@type":"SearchAction","target":{"@type":"EntryPoint","urlTemplate":"https:\/\/creadores.org\/en\/?s={search_term_string}"},"query-input":{"@type":"PropertyValueSpecification","valueRequired":true,"valueName":"search_term_string"}}],"inLanguage":"en-US"},{"@type":"Organization","@id":"https:\/\/creadores.org\/en\/#organization","name":"Asociaci\u00f3n Creadores de Moda de Espa\u00f1a | ACME","url":"https:\/\/creadores.org\/en\/","logo":{"@type":"ImageObject","inLanguage":"en-US","@id":"https:\/\/creadores.org\/en\/#\/schema\/logo\/image\/","url":"https:\/\/creadores.org\/wp-content\/uploads\/2025\/06\/acme-logo.svg","contentUrl":"https:\/\/creadores.org\/wp-content\/uploads\/2025\/06\/acme-logo.svg","width":650,"height":119,"caption":"Asociaci\u00f3n Creadores de Moda de Espa\u00f1a | ACME"},"image":{"@id":"https:\/\/creadores.org\/en\/#\/schema\/logo\/image\/"},"sameAs":["https:\/\/www.facebook.com\/Asociaci\u00f3n-Creadores-de-Moda-de-Espa\u00f1a-297009471514\/","https:\/\/x.com\/creadoresacme","https:\/\/www.instagram.com\/creadoresacme\/"]},{"@type":"Person","@id":"https:\/\/creadores.org\/en\/#\/schema\/person\/fdf61cde9f2e71e9cefe26613b50a079","name":"Felipe"}]}},"_links":{"self":[{"href":"https:\/\/creadores.org\/en\/wp-json\/wp\/v2\/posts\/25210","targetHints":{"allow":["GET"]}}],"collection":[{"href":"https:\/\/creadores.org\/en\/wp-json\/wp\/v2\/posts"}],"about":[{"href":"https:\/\/creadores.org\/en\/wp-json\/wp\/v2\/types\/post"}],"author":[{"embeddable":true,"href":"https:\/\/creadores.org\/en\/wp-json\/wp\/v2\/users\/4"}],"replies":[{"embeddable":true,"href":"https:\/\/creadores.org\/en\/wp-json\/wp\/v2\/comments?post=25210"}],"version-history":[{"count":3,"href":"https:\/\/creadores.org\/en\/wp-json\/wp\/v2\/posts\/25210\/revisions"}],"predecessor-version":[{"id":80936,"href":"https:\/\/creadores.org\/en\/wp-json\/wp\/v2\/posts\/25210\/revisions\/80936"}],"wp:featuredmedia":[{"embeddable":true,"href":"https:\/\/creadores.org\/en\/wp-json\/wp\/v2\/media\/33203"}],"wp:attachment":[{"href":"https:\/\/creadores.org\/en\/wp-json\/wp\/v2\/media?parent=25210"}],"wp:term":[{"taxonomy":"category","embeddable":true,"href":"https:\/\/creadores.org\/en\/wp-json\/wp\/v2\/categories?post=25210"},{"taxonomy":"post_tag","embeddable":true,"href":"https:\/\/creadores.org\/en\/wp-json\/wp\/v2\/tags?post=25210"}],"curies":[{"name":"wp","href":"https:\/\/api.w.org\/{rel}","templated":true}]}}