{"id":44985,"date":"2021-10-23T12:53:05","date_gmt":"2021-10-23T10:53:05","guid":{"rendered":"https:\/\/creadores.org\/los-swim-talks-de-acme-en-gc-swim-week-by-moda-calida\/"},"modified":"2025-06-21T12:49:21","modified_gmt":"2025-06-21T10:49:21","slug":"los-swim-talks-de-acme-en-gc-swim-week-by-moda-calida","status":"publish","type":"post","link":"https:\/\/creadores.org\/en\/los-swim-talks-de-acme-en-gc-swim-week-by-moda-calida\/","title":{"rendered":"ACME Swim Talks at GC Swim Week by Moda C\u00e1lida"},"content":{"rendered":"<p>Within the frame of <a href=\"http:\/\/www.grancanariamodacalida.es\/gcswimweek\" target=\"_blank\" rel=\"noopener noreferrer nofollow\">GRAN CANARIA SWIM WEEK by Moda C\u00e1lida<\/a>, the Asociaci\u00f3n Creadores de Moda de Espa\u00f1a (ACME) organized several meetings regarding fashion swimwear with some of the most representative designers of said Fashion Week as well as professionals from the fashion sector, whom talked about the sector\u2019s present and future discoursing about relevant issues such as inclusion and sustainability.<\/p>\n<p>The <a href=\"https:\/\/www.grancanariamodacalida.com\/gcswimweek-fashion-talks\" target=\"_blank\" rel=\"noopener noreferrer nofollow\">Fashion Swim Talks<\/a>, conducted by Pepa Bueno, executive director of ACME, enjoyed the special collaboration of journalist and consultant Charo Izquierdo. The first day began with a dialogue between <strong>Pepa Bueno and Charo Izquierdo<\/strong> about inclusive fashion. Concepts such as genderless, race or age are more present than ever in fashion brand\u2019s narrative, a discipline that is a true reflection of social transformation that upholds <strong>diversity\u2019s<\/strong> defence.<\/p>\n<p><iframe title=\"SWIM TALKS BY MODA C\u00c1LIDA |  MODA INCLUSIVA, EL DISE\u00d1O QUE SABE ESCUCHAR\" width=\"800\" height=\"450\" src=\"https:\/\/www.youtube.com\/embed\/yo-NLfvb3Sk?feature=oembed\" frameborder=\"0\" allow=\"accelerometer; autoplay; clipboard-write; encrypted-media; gyroscope; picture-in-picture; web-share\" referrerpolicy=\"strict-origin-when-cross-origin\" allowfullscreen><\/iframe><\/p>\n<p>This dialogue, led by Charo Izquierdo and Pepa Bueno, continued with a subsequent debate between prominent swimwear brands discussing in depth how this specific sector works towards inclusion and diversity. <a href=\"https:\/\/www.dolorescortesonline.com\/s\/lang\/es?gclid=Cj0KCQjwt-6LBhDlARIsAIPRQcIFHj-_3NylKG4rx8_ktGyOtEldHrWe_HE3B4Dghqk193ZNmH1txSQaAlrCEALw_wcB\" target=\"_blank\" rel=\"noopener noreferrer nofollow\">Dolores Cort\u00e9s,<\/a> <a href=\"https:\/\/comolatruchaaltruchocloth.com\/\" target=\"_blank\" rel=\"noopener noreferrer nofollow\">Como la trucha al trucho<\/a> and <a href=\"https:\/\/nuriagonzalezswimwear.com\/index.php?\" target=\"_blank\" rel=\"noopener noreferrer nofollow\">N\u00faria Gonz\u00e1lez<\/a> talked about how swimwear brands work to be a reflection of a diverse world.<\/p>\n<p><iframe title=\"SWIM TALKS BY MODA C\u00c1LIDA | MODA DE BA\u00d1O INCLUSIVA, EL ESPEJO DE UN MUNDO DIVERSO\" width=\"800\" height=\"450\" src=\"https:\/\/www.youtube.com\/embed\/q85C2c9BSsc?feature=oembed\" frameborder=\"0\" allow=\"accelerometer; autoplay; clipboard-write; encrypted-media; gyroscope; picture-in-picture; web-share\" referrerpolicy=\"strict-origin-when-cross-origin\" allowfullscreen><\/iframe><\/p>\n<p>The second day of the <strong>Fashion Swim Talks<\/strong> began with a talk in which <strong>Modesto Lomba, Charo Izquierdo and Pepa Bueno<\/strong> were able to discourse about sustainability in the fashion industry. Author\u2019s fashion commitment to responsible consumption and production was one of the central points of this meeting, in which Charo Izquierdo also presented some data from the report &#8220;<a href=\"https:\/\/home.kpmg\/es\/es\/home\/tendencias\/2021\/09\/transformacion-sostenible-sector-textil.html\" target=\"_blank\" rel=\"noopener noreferrer nofollow\">Sustainable transformation in the textile sector<\/a>&#8220;, carried out by the WAS Association (Women Action Sustainability), of which she is an active member, as well as the KPMG Foundation.<\/p>\n<p><iframe title=\"MODA SOSTENIBLE, INFORME KPMG, HOJA DE RUTA | GRAN CANARIA SWIM WEEK BY MODA C\u00c1LIDA\" width=\"800\" height=\"450\" src=\"https:\/\/www.youtube.com\/embed\/AOeY9ehnih4?feature=oembed\" frameborder=\"0\" allow=\"accelerometer; autoplay; clipboard-write; encrypted-media; gyroscope; picture-in-picture; web-share\" referrerpolicy=\"strict-origin-when-cross-origin\" allowfullscreen><\/iframe><\/p>\n<p>On how <strong>sustainable processes<\/strong> are implemented by swimwear brands and the challenges that small companies face to carry them out, the following talk was moderated by <strong>Pepa Bueno<\/strong>, which included the participation of creators <a href=\"https:\/\/aureliagil.com\/\" target=\"_blank\" rel=\"noopener noreferrer nofollow\">Aurelia Gil<\/a>, <a href=\"http:\/\/www.pedropalmas.com\/modules.php?mod=portal&amp;file=index\" target=\"_blank\" rel=\"noopener noreferrer nofollow\">Pedro Palmas<\/a>, <a href=\"https:\/\/www.elenamorales.es\/\" target=\"_blank\" rel=\"noopener noreferrer nofollow\">Elena Morales<\/a> and <a href=\"https:\/\/www.claraesteve.com\/\" target=\"_blank\" rel=\"noopener noreferrer nofollow\">Clara Esteve<\/a>, creative director of brands <a href=\"https:\/\/www.tcnbarcelona.com\/es\/\" target=\"_blank\" rel=\"noopener noreferrer nofollow\">TCN<\/a> and <a href=\"https:\/\/allthatsheloves.es\/\" target=\"_blank\" rel=\"noopener noreferrer nofollow\">All that she loves<\/a><\/p>\n<p><iframe title=\"MODA DE BA\u00d1O Y SOSTENIBILIDAD, D\u00d3NDE ESTAMOS Y AD\u00d3NDE TENEMOS QUE LLEGAR\" width=\"800\" height=\"450\" src=\"https:\/\/www.youtube.com\/embed\/n2Gf4D9w0VQ?feature=oembed\" frameborder=\"0\" allow=\"accelerometer; autoplay; clipboard-write; encrypted-media; gyroscope; picture-in-picture; web-share\" referrerpolicy=\"strict-origin-when-cross-origin\" allowfullscreen><\/iframe><\/p>\n","protected":false},"excerpt":{"rendered":"<p>Within the frame of GRAN CANARIA SWIM WEEK by Moda C\u00e1lida, the Asociaci\u00f3n Creadores de Moda de Espa\u00f1a (ACME) organized several meetings regarding fashion swimwear with some of the most representative designers of said Fashion Week as well as professionals from the fashion sector, whom talked about the sector\u2019s present and future discoursing about relevant [&hellip;]<\/p>\n","protected":false},"author":4,"featured_media":81687,"comment_status":"closed","ping_status":"closed","sticky":false,"template":"","format":"standard","meta":{"footnotes":""},"categories":[7,1163],"tags":[922,1317],"class_list":["post-44985","post","type-post","status-publish","format-standard","has-post-thumbnail","hentry","category-noticias-asociacion","category-news","tag-gran-canaria-moda-calida","tag-gran-canaria-moda-calida-en"],"yoast_head":"<!-- This site is optimized with the Yoast SEO plugin v27.4 - https:\/\/yoast.com\/product\/yoast-seo-wordpress\/ -->\n<title>ACME Swim Talks at GC Swim Week by Moda C\u00e1lida - Asociaci\u00f3n Creadores de Moda de Espa\u00f1a | ACME<\/title>\n<meta name=\"robots\" content=\"index, follow, max-snippet:-1, max-image-preview:large, max-video-preview:-1\" \/>\n<link rel=\"canonical\" href=\"https:\/\/creadores.org\/en\/los-swim-talks-de-acme-en-gc-swim-week-by-moda-calida\/\" \/>\n<meta property=\"og:locale\" content=\"en_US\" \/>\n<meta property=\"og:type\" content=\"article\" \/>\n<meta property=\"og:title\" content=\"ACME Swim Talks at GC Swim Week by Moda C\u00e1lida - Asociaci\u00f3n Creadores de Moda de Espa\u00f1a | ACME\" \/>\n<meta property=\"og:description\" content=\"Within the frame of GRAN CANARIA SWIM WEEK by Moda C\u00e1lida, the Asociaci\u00f3n Creadores de Moda de Espa\u00f1a (ACME) organized several meetings regarding fashion swimwear with some of the most representative designers of said Fashion Week as well as professionals from the fashion sector, whom talked about the sector\u2019s present and future discoursing about relevant [&hellip;]\" \/>\n<meta property=\"og:url\" content=\"https:\/\/creadores.org\/en\/los-swim-talks-de-acme-en-gc-swim-week-by-moda-calida\/\" \/>\n<meta property=\"og:site_name\" content=\"Asociaci\u00f3n Creadores de Moda de Espa\u00f1a | ACME\" \/>\n<meta property=\"article:publisher\" content=\"https:\/\/www.facebook.com\/Asociaci%c3%b3n-Creadores-de-Moda-de-Espa%c3%b1a-297009471514\/\" \/>\n<meta property=\"article:published_time\" content=\"2021-10-23T10:53:05+00:00\" \/>\n<meta property=\"article:modified_time\" content=\"2025-06-21T10:49:21+00:00\" \/>\n<meta property=\"og:image\" content=\"https:\/\/creadores.org\/wp-content\/uploads\/2021\/10\/3-scaled.jpg\" \/>\n\t<meta property=\"og:image:width\" content=\"2560\" \/>\n\t<meta property=\"og:image:height\" content=\"1707\" \/>\n\t<meta property=\"og:image:type\" content=\"image\/jpeg\" \/>\n<meta name=\"author\" content=\"Felipe\" \/>\n<meta name=\"twitter:card\" content=\"summary_large_image\" \/>\n<meta name=\"twitter:creator\" content=\"@creadoresacme\" \/>\n<meta name=\"twitter:site\" content=\"@creadoresacme\" \/>\n<meta name=\"twitter:label1\" content=\"Written by\" \/>\n\t<meta name=\"twitter:data1\" content=\"Felipe\" \/>\n\t<meta name=\"twitter:label2\" content=\"Est. reading time\" \/>\n\t<meta name=\"twitter:data2\" content=\"2 minutes\" \/>\n<script type=\"application\/ld+json\" class=\"yoast-schema-graph\">{\"@context\":\"https:\\\/\\\/schema.org\",\"@graph\":[{\"@type\":\"Article\",\"@id\":\"https:\\\/\\\/creadores.org\\\/en\\\/los-swim-talks-de-acme-en-gc-swim-week-by-moda-calida\\\/#article\",\"isPartOf\":{\"@id\":\"https:\\\/\\\/creadores.org\\\/en\\\/los-swim-talks-de-acme-en-gc-swim-week-by-moda-calida\\\/\"},\"author\":{\"name\":\"Felipe\",\"@id\":\"https:\\\/\\\/creadores.org\\\/en\\\/#\\\/schema\\\/person\\\/fdf61cde9f2e71e9cefe26613b50a079\"},\"headline\":\"ACME Swim Talks at GC Swim Week by Moda C\u00e1lida\",\"datePublished\":\"2021-10-23T10:53:05+00:00\",\"dateModified\":\"2025-06-21T10:49:21+00:00\",\"mainEntityOfPage\":{\"@id\":\"https:\\\/\\\/creadores.org\\\/en\\\/los-swim-talks-de-acme-en-gc-swim-week-by-moda-calida\\\/\"},\"wordCount\":383,\"publisher\":{\"@id\":\"https:\\\/\\\/creadores.org\\\/en\\\/#organization\"},\"image\":{\"@id\":\"https:\\\/\\\/creadores.org\\\/en\\\/los-swim-talks-de-acme-en-gc-swim-week-by-moda-calida\\\/#primaryimage\"},\"thumbnailUrl\":\"https:\\\/\\\/creadores.org\\\/wp-content\\\/uploads\\\/2025\\\/06\\\/3-scaled.jpg-4.jpg\",\"keywords\":[\"Gran Canaria Moda C\u00e1lida\",\"Gran canaria moda c\u00e1lida\"],\"articleSection\":[\"Asociaci\u00f3n\",\"News\"],\"inLanguage\":\"en-US\"},{\"@type\":\"WebPage\",\"@id\":\"https:\\\/\\\/creadores.org\\\/en\\\/los-swim-talks-de-acme-en-gc-swim-week-by-moda-calida\\\/\",\"url\":\"https:\\\/\\\/creadores.org\\\/en\\\/los-swim-talks-de-acme-en-gc-swim-week-by-moda-calida\\\/\",\"name\":\"ACME Swim Talks at GC Swim Week by Moda C\u00e1lida - Asociaci\u00f3n Creadores de Moda de Espa\u00f1a | ACME\",\"isPartOf\":{\"@id\":\"https:\\\/\\\/creadores.org\\\/en\\\/#website\"},\"primaryImageOfPage\":{\"@id\":\"https:\\\/\\\/creadores.org\\\/en\\\/los-swim-talks-de-acme-en-gc-swim-week-by-moda-calida\\\/#primaryimage\"},\"image\":{\"@id\":\"https:\\\/\\\/creadores.org\\\/en\\\/los-swim-talks-de-acme-en-gc-swim-week-by-moda-calida\\\/#primaryimage\"},\"thumbnailUrl\":\"https:\\\/\\\/creadores.org\\\/wp-content\\\/uploads\\\/2025\\\/06\\\/3-scaled.jpg-4.jpg\",\"datePublished\":\"2021-10-23T10:53:05+00:00\",\"dateModified\":\"2025-06-21T10:49:21+00:00\",\"breadcrumb\":{\"@id\":\"https:\\\/\\\/creadores.org\\\/en\\\/los-swim-talks-de-acme-en-gc-swim-week-by-moda-calida\\\/#breadcrumb\"},\"inLanguage\":\"en-US\",\"potentialAction\":[{\"@type\":\"ReadAction\",\"target\":[\"https:\\\/\\\/creadores.org\\\/en\\\/los-swim-talks-de-acme-en-gc-swim-week-by-moda-calida\\\/\"]}]},{\"@type\":\"ImageObject\",\"inLanguage\":\"en-US\",\"@id\":\"https:\\\/\\\/creadores.org\\\/en\\\/los-swim-talks-de-acme-en-gc-swim-week-by-moda-calida\\\/#primaryimage\",\"url\":\"https:\\\/\\\/creadores.org\\\/wp-content\\\/uploads\\\/2025\\\/06\\\/3-scaled.jpg-4.jpg\",\"contentUrl\":\"https:\\\/\\\/creadores.org\\\/wp-content\\\/uploads\\\/2025\\\/06\\\/3-scaled.jpg-4.jpg\",\"width\":1600,\"height\":1067},{\"@type\":\"BreadcrumbList\",\"@id\":\"https:\\\/\\\/creadores.org\\\/en\\\/los-swim-talks-de-acme-en-gc-swim-week-by-moda-calida\\\/#breadcrumb\",\"itemListElement\":[{\"@type\":\"ListItem\",\"position\":1,\"name\":\"Portada\",\"item\":\"https:\\\/\\\/creadores.org\\\/en\\\/\"},{\"@type\":\"ListItem\",\"position\":2,\"name\":\"ACME Swim Talks at GC Swim Week by Moda C\u00e1lida\"}]},{\"@type\":\"WebSite\",\"@id\":\"https:\\\/\\\/creadores.org\\\/en\\\/#website\",\"url\":\"https:\\\/\\\/creadores.org\\\/en\\\/\",\"name\":\"Asociaci\u00f3n Creadores de Moda de Espa\u00f1a | ACME\",\"description\":\"La Asociaci\u00f3n Creadores de Moda de Espa\u00f1a (ACME) es una organizaci\u00f3n profesional sin \u00e1nimo de lucro fundada en 1988\",\"publisher\":{\"@id\":\"https:\\\/\\\/creadores.org\\\/en\\\/#organization\"},\"potentialAction\":[{\"@type\":\"SearchAction\",\"target\":{\"@type\":\"EntryPoint\",\"urlTemplate\":\"https:\\\/\\\/creadores.org\\\/en\\\/?s={search_term_string}\"},\"query-input\":{\"@type\":\"PropertyValueSpecification\",\"valueRequired\":true,\"valueName\":\"search_term_string\"}}],\"inLanguage\":\"en-US\"},{\"@type\":\"Organization\",\"@id\":\"https:\\\/\\\/creadores.org\\\/en\\\/#organization\",\"name\":\"Asociaci\u00f3n Creadores de Moda de Espa\u00f1a | ACME\",\"url\":\"https:\\\/\\\/creadores.org\\\/en\\\/\",\"logo\":{\"@type\":\"ImageObject\",\"inLanguage\":\"en-US\",\"@id\":\"https:\\\/\\\/creadores.org\\\/en\\\/#\\\/schema\\\/logo\\\/image\\\/\",\"url\":\"https:\\\/\\\/creadores.org\\\/wp-content\\\/uploads\\\/2025\\\/06\\\/acme-logo.svg\",\"contentUrl\":\"https:\\\/\\\/creadores.org\\\/wp-content\\\/uploads\\\/2025\\\/06\\\/acme-logo.svg\",\"width\":650,\"height\":119,\"caption\":\"Asociaci\u00f3n Creadores de Moda de Espa\u00f1a | ACME\"},\"image\":{\"@id\":\"https:\\\/\\\/creadores.org\\\/en\\\/#\\\/schema\\\/logo\\\/image\\\/\"},\"sameAs\":[\"https:\\\/\\\/www.facebook.com\\\/Asociaci\u00f3n-Creadores-de-Moda-de-Espa\u00f1a-297009471514\\\/\",\"https:\\\/\\\/x.com\\\/creadoresacme\",\"https:\\\/\\\/www.instagram.com\\\/creadoresacme\\\/\"]},{\"@type\":\"Person\",\"@id\":\"https:\\\/\\\/creadores.org\\\/en\\\/#\\\/schema\\\/person\\\/fdf61cde9f2e71e9cefe26613b50a079\",\"name\":\"Felipe\"}]}<\/script>\n<!-- \/ Yoast SEO plugin. -->","yoast_head_json":{"title":"ACME Swim Talks at GC Swim Week by Moda C\u00e1lida - Asociaci\u00f3n Creadores de Moda de Espa\u00f1a | ACME","robots":{"index":"index","follow":"follow","max-snippet":"max-snippet:-1","max-image-preview":"max-image-preview:large","max-video-preview":"max-video-preview:-1"},"canonical":"https:\/\/creadores.org\/en\/los-swim-talks-de-acme-en-gc-swim-week-by-moda-calida\/","og_locale":"en_US","og_type":"article","og_title":"ACME Swim Talks at GC Swim Week by Moda C\u00e1lida - Asociaci\u00f3n Creadores de Moda de Espa\u00f1a | ACME","og_description":"Within the frame of GRAN CANARIA SWIM WEEK by Moda C\u00e1lida, the Asociaci\u00f3n Creadores de Moda de Espa\u00f1a (ACME) organized several meetings regarding fashion swimwear with some of the most representative designers of said Fashion Week as well as professionals from the fashion sector, whom talked about the sector\u2019s present and future discoursing about relevant [&hellip;]","og_url":"https:\/\/creadores.org\/en\/los-swim-talks-de-acme-en-gc-swim-week-by-moda-calida\/","og_site_name":"Asociaci\u00f3n Creadores de Moda de Espa\u00f1a | ACME","article_publisher":"https:\/\/www.facebook.com\/Asociaci%c3%b3n-Creadores-de-Moda-de-Espa%c3%b1a-297009471514\/","article_published_time":"2021-10-23T10:53:05+00:00","article_modified_time":"2025-06-21T10:49:21+00:00","og_image":[{"width":2560,"height":1707,"url":"https:\/\/creadores.org\/wp-content\/uploads\/2021\/10\/3-scaled.jpg","type":"image\/jpeg"}],"author":"Felipe","twitter_card":"summary_large_image","twitter_creator":"@creadoresacme","twitter_site":"@creadoresacme","twitter_misc":{"Written by":"Felipe","Est. reading time":"2 minutes"},"schema":{"@context":"https:\/\/schema.org","@graph":[{"@type":"Article","@id":"https:\/\/creadores.org\/en\/los-swim-talks-de-acme-en-gc-swim-week-by-moda-calida\/#article","isPartOf":{"@id":"https:\/\/creadores.org\/en\/los-swim-talks-de-acme-en-gc-swim-week-by-moda-calida\/"},"author":{"name":"Felipe","@id":"https:\/\/creadores.org\/en\/#\/schema\/person\/fdf61cde9f2e71e9cefe26613b50a079"},"headline":"ACME Swim Talks at GC Swim Week by Moda C\u00e1lida","datePublished":"2021-10-23T10:53:05+00:00","dateModified":"2025-06-21T10:49:21+00:00","mainEntityOfPage":{"@id":"https:\/\/creadores.org\/en\/los-swim-talks-de-acme-en-gc-swim-week-by-moda-calida\/"},"wordCount":383,"publisher":{"@id":"https:\/\/creadores.org\/en\/#organization"},"image":{"@id":"https:\/\/creadores.org\/en\/los-swim-talks-de-acme-en-gc-swim-week-by-moda-calida\/#primaryimage"},"thumbnailUrl":"https:\/\/creadores.org\/wp-content\/uploads\/2025\/06\/3-scaled.jpg-4.jpg","keywords":["Gran Canaria Moda C\u00e1lida","Gran canaria moda c\u00e1lida"],"articleSection":["Asociaci\u00f3n","News"],"inLanguage":"en-US"},{"@type":"WebPage","@id":"https:\/\/creadores.org\/en\/los-swim-talks-de-acme-en-gc-swim-week-by-moda-calida\/","url":"https:\/\/creadores.org\/en\/los-swim-talks-de-acme-en-gc-swim-week-by-moda-calida\/","name":"ACME Swim Talks at GC Swim Week by Moda C\u00e1lida - Asociaci\u00f3n Creadores de Moda de Espa\u00f1a | ACME","isPartOf":{"@id":"https:\/\/creadores.org\/en\/#website"},"primaryImageOfPage":{"@id":"https:\/\/creadores.org\/en\/los-swim-talks-de-acme-en-gc-swim-week-by-moda-calida\/#primaryimage"},"image":{"@id":"https:\/\/creadores.org\/en\/los-swim-talks-de-acme-en-gc-swim-week-by-moda-calida\/#primaryimage"},"thumbnailUrl":"https:\/\/creadores.org\/wp-content\/uploads\/2025\/06\/3-scaled.jpg-4.jpg","datePublished":"2021-10-23T10:53:05+00:00","dateModified":"2025-06-21T10:49:21+00:00","breadcrumb":{"@id":"https:\/\/creadores.org\/en\/los-swim-talks-de-acme-en-gc-swim-week-by-moda-calida\/#breadcrumb"},"inLanguage":"en-US","potentialAction":[{"@type":"ReadAction","target":["https:\/\/creadores.org\/en\/los-swim-talks-de-acme-en-gc-swim-week-by-moda-calida\/"]}]},{"@type":"ImageObject","inLanguage":"en-US","@id":"https:\/\/creadores.org\/en\/los-swim-talks-de-acme-en-gc-swim-week-by-moda-calida\/#primaryimage","url":"https:\/\/creadores.org\/wp-content\/uploads\/2025\/06\/3-scaled.jpg-4.jpg","contentUrl":"https:\/\/creadores.org\/wp-content\/uploads\/2025\/06\/3-scaled.jpg-4.jpg","width":1600,"height":1067},{"@type":"BreadcrumbList","@id":"https:\/\/creadores.org\/en\/los-swim-talks-de-acme-en-gc-swim-week-by-moda-calida\/#breadcrumb","itemListElement":[{"@type":"ListItem","position":1,"name":"Portada","item":"https:\/\/creadores.org\/en\/"},{"@type":"ListItem","position":2,"name":"ACME Swim Talks at GC Swim Week by Moda C\u00e1lida"}]},{"@type":"WebSite","@id":"https:\/\/creadores.org\/en\/#website","url":"https:\/\/creadores.org\/en\/","name":"Asociaci\u00f3n Creadores de Moda de Espa\u00f1a | ACME","description":"La Asociaci\u00f3n Creadores de Moda de Espa\u00f1a (ACME) es una organizaci\u00f3n profesional sin \u00e1nimo de lucro fundada en 1988","publisher":{"@id":"https:\/\/creadores.org\/en\/#organization"},"potentialAction":[{"@type":"SearchAction","target":{"@type":"EntryPoint","urlTemplate":"https:\/\/creadores.org\/en\/?s={search_term_string}"},"query-input":{"@type":"PropertyValueSpecification","valueRequired":true,"valueName":"search_term_string"}}],"inLanguage":"en-US"},{"@type":"Organization","@id":"https:\/\/creadores.org\/en\/#organization","name":"Asociaci\u00f3n Creadores de Moda de Espa\u00f1a | ACME","url":"https:\/\/creadores.org\/en\/","logo":{"@type":"ImageObject","inLanguage":"en-US","@id":"https:\/\/creadores.org\/en\/#\/schema\/logo\/image\/","url":"https:\/\/creadores.org\/wp-content\/uploads\/2025\/06\/acme-logo.svg","contentUrl":"https:\/\/creadores.org\/wp-content\/uploads\/2025\/06\/acme-logo.svg","width":650,"height":119,"caption":"Asociaci\u00f3n Creadores de Moda de Espa\u00f1a | ACME"},"image":{"@id":"https:\/\/creadores.org\/en\/#\/schema\/logo\/image\/"},"sameAs":["https:\/\/www.facebook.com\/Asociaci\u00f3n-Creadores-de-Moda-de-Espa\u00f1a-297009471514\/","https:\/\/x.com\/creadoresacme","https:\/\/www.instagram.com\/creadoresacme\/"]},{"@type":"Person","@id":"https:\/\/creadores.org\/en\/#\/schema\/person\/fdf61cde9f2e71e9cefe26613b50a079","name":"Felipe"}]}},"_links":{"self":[{"href":"https:\/\/creadores.org\/en\/wp-json\/wp\/v2\/posts\/44985","targetHints":{"allow":["GET"]}}],"collection":[{"href":"https:\/\/creadores.org\/en\/wp-json\/wp\/v2\/posts"}],"about":[{"href":"https:\/\/creadores.org\/en\/wp-json\/wp\/v2\/types\/post"}],"author":[{"embeddable":true,"href":"https:\/\/creadores.org\/en\/wp-json\/wp\/v2\/users\/4"}],"replies":[{"embeddable":true,"href":"https:\/\/creadores.org\/en\/wp-json\/wp\/v2\/comments?post=44985"}],"version-history":[{"count":3,"href":"https:\/\/creadores.org\/en\/wp-json\/wp\/v2\/posts\/44985\/revisions"}],"predecessor-version":[{"id":81686,"href":"https:\/\/creadores.org\/en\/wp-json\/wp\/v2\/posts\/44985\/revisions\/81686"}],"wp:featuredmedia":[{"embeddable":true,"href":"https:\/\/creadores.org\/en\/wp-json\/wp\/v2\/media\/81687"}],"wp:attachment":[{"href":"https:\/\/creadores.org\/en\/wp-json\/wp\/v2\/media?parent=44985"}],"wp:term":[{"taxonomy":"category","embeddable":true,"href":"https:\/\/creadores.org\/en\/wp-json\/wp\/v2\/categories?post=44985"},{"taxonomy":"post_tag","embeddable":true,"href":"https:\/\/creadores.org\/en\/wp-json\/wp\/v2\/tags?post=44985"}],"curies":[{"name":"wp","href":"https:\/\/api.w.org\/{rel}","templated":true}]}}