{"id":48246,"date":"2022-07-21T12:10:20","date_gmt":"2022-07-21T10:10:20","guid":{"rendered":"https:\/\/creadores.org\/madrid-es-moda-reescribe-el-significado-de-la-moda-de-autor-espanola\/"},"modified":"2025-06-21T12:49:40","modified_gmt":"2025-06-21T10:49:40","slug":"madrid-es-moda-reescribe-el-significado-de-la-moda-de-autor-espanola","status":"publish","type":"post","link":"https:\/\/creadores.org\/en\/madrid-es-moda-reescribe-el-significado-de-la-moda-de-autor-espanola\/","title":{"rendered":"Madrid es Moda rewrites the meaning of Spanish author fashion"},"content":{"rendered":"<p><a href=\"https:\/\/madridesmoda.com\/\" target=\"_blank\" rel=\"noopener noreferrer nofollow\"><strong>Madrid es Moda<\/strong><\/a>, an initiative organized by the Asocaci\u00f3n de Creadores de Moda de Espa\u00f1a thanks to the support of Madrid City Council&#8217;s platform Madrid Capital de Moda, <b>confirms today the dates, and a part of the program for the forthcoming edition<\/b> of MeM which is in charge of opening Madrid Fashion Week as well as completing the official schedule of Mercedes-Benz Fashion Week\u2019s fashion shows. <b>From September 8<\/b><b>th<\/b><b> to 14<\/b><b>th<\/b>, Madrid es Moda will bring author fashion to all the capital\u2019s corners through original events focused, on this occasion, on the new narratives that make up Spanish author fashion now and in the near future.<\/p>\n<p><b>Acromatyx, Beatriz Pe\u00f1alver, Carlota Barrera, Devota&amp;Lomba, Dolores Cort\u00e9s, Duarte, Eduardo Navarrete, Ernesto Naranjo, Garc\u00eda Madrid, brands adhering to the Gran Canaria Moda C\u00e1lida program, Juan Vidal, Juanjo Oliva, Maison Mesa, Man\u00e9man\u00e9, Malne, Marcos Luengo, Mar\u00eda Lafuente, Miguel Marinero, Odette \u00c1lvarez, Oteyza, Otrura, Paloma Su\u00e1rez, PDEPAOLA, Pilar Dalbat, Roberto Verino, See Iou, The 2nd Skin Co. and The Extreme Collection<\/b>, among others, are the creators and brands that will be part of MeM\u2019s calendar. <b>New Spanish talents<\/b>, the protagonists of one of the planned actions, will join them.<\/p>\n<p>Continuing with the main objective of <b>bringing author fashion close to the street<\/b>, promoting its knowledge and boosting its sales, Madrid es Moda focuses its gaze in this edition on rewriting the meaning of clothing, while also valuing <b>new ways of making, as well as consuming fashion<\/b>. The next MeM edition invites you to discover the <b>new voices<\/b> in Spanish fashion. Fashion alive that designs for people, that is diverse, inclusive and expresses itself freely, in which young talents pick up the legacy of the great masters while respecting heritage and trades. Madrid es Moda will also showcase how designer fashion looks towards the future, uniting technology and craftsmanship in innovative proposals that investigate materials and new ways of making clothes that are more sustainable, aware of as well as committed to the environment.<\/p>\n<p>Starting once again with a <b>ground breaking inaugural event in the centre of Madrid <\/b>on September 8th, of which all the details will be known soon, MeM will organize presentations of fashion collections in <b>stores, ateliers, streets and other unexpected and special places in the city<\/b>. Meet ups where the designers themselves will explain their proposals for the fall-winter 2022-2023 season; a unique format in Spain that brings together the city\u2019s attractions with author fashion, thus allowing creators to interact with the public close-up in a creative manner.<\/p>\n<p>Additionally, the <b>Casa Madrid es Moda<\/b> returns. The official headquarters of MeM will host a relevant number of activities as well as an exhibition space dedicated to the collections of the participating designers, an essential installation for all Spanish fashion\u2019s followers that can be visited with free admission from September 10th to 13th.<\/p>\n<p>MeM will also offer content aimed at the fashion industry\u2019s professionals and specialized audiences within <b>Madrid es Moda PRO<\/b> by offering a complete and interesting panel of talks, presentations, workshops and meetings regarding sustainability and crafts. In this section, highlighted is the collaboration with a reference centre in fashion training such as is ELLE EDUCATION X MINDWAY, which will host its own talk program on September 14th. An alliance that will materialize in other new projects soon to be be announced.<\/p>\n<p><b>KLARNA<\/b> once again bets on Spanish designer fashion brands and renews as a partner of MeM. As a novelty, it will premiere a space at Casa Madrid es Moda with its own program aimed at a professional audience, in which relevant issues for the fashion sector will be addressed every afternoon. Klarna will also have a space called &#8220;shop the runway&#8221;, an original <b>e-shop point<\/b> where you can learn about on line shopping and access online purchases, payable in three instalments, of a careful selection of fashion designer\u2019s garments.<\/p>\n<p>Furthermore, during one of the conferences, the collaboration of MeM with <b>UNOde50<\/b> will be presented being the project\u2019s new global ambassador with whom an agreement has been reached that will result in a worldwide window shop for Spanish slow fashion.<\/p>\n<p><b>GOLDWELL<\/b> debuts as a partner of Madrid es Moda, its professionals will be in charge of designing the hairdressing of the looks presented by the designers. Also, <b>NARS<\/b> renews its collaboration with <b>MeM<\/b> to take care of this edition\u2019s beauty looks, and will also count with the support of <b>ESNE<\/b> as a collaborator.<\/p>\n<p>Madrid es Moda is a platform created in 2015 to integrate the entire Spanish fashion community, and that was transformed in 2020 thanks to the impulse of <b>Madrid City Council<\/b> through the <b>Madrid Capital de Moda<\/b> program. Madrid es Moda brings together brands with soul, personal proposals that are committed to a new luxury based on the importance of human capital, craftsmanship, local production, responsible consumption, quality, and the recovery of crafts and tradition. MeM is an active member of the Global Fashion Council, an international movement that reflects on how the fashion industry could and should work.<\/p>\n","protected":false},"excerpt":{"rendered":"<p>Madrid es Moda, an initiative organized by the Asocaci\u00f3n de Creadores de Moda de Espa\u00f1a thanks to the support of Madrid City Council&#8217;s platform Madrid Capital de Moda, confirms today the dates, and a part of the program for the forthcoming edition of MeM which is in charge of opening Madrid Fashion Week as well [&hellip;]<\/p>\n","protected":false},"author":4,"featured_media":48225,"comment_status":"closed","ping_status":"closed","sticky":false,"template":"","format":"standard","meta":{"footnotes":""},"categories":[698,1164],"tags":[1335,1331,191,1176,780,1180],"class_list":["post-48246","post","type-post","status-publish","format-standard","has-post-thumbnail","hentry","category-noticias-de-madrid-es-moda","category-news-madrid-es-moda","tag-acromatyx-en","tag-acromatyx","tag-madrid-es-moda","tag-madrid-es-moda-en","tag-pilar-dalbat","tag-pilar-dalbat-en"],"yoast_head":"<!-- This site is optimized with the Yoast SEO plugin v27.4 - https:\/\/yoast.com\/product\/yoast-seo-wordpress\/ -->\n<title>Madrid es Moda rewrites the meaning of Spanish author fashion - Asociaci\u00f3n Creadores de Moda de Espa\u00f1a | ACME<\/title>\n<meta name=\"robots\" content=\"index, follow, max-snippet:-1, max-image-preview:large, max-video-preview:-1\" \/>\n<link rel=\"canonical\" href=\"https:\/\/creadores.org\/en\/madrid-es-moda-reescribe-el-significado-de-la-moda-de-autor-espanola\/\" \/>\n<meta property=\"og:locale\" content=\"en_US\" \/>\n<meta property=\"og:type\" content=\"article\" \/>\n<meta property=\"og:title\" content=\"Madrid es Moda rewrites the meaning of Spanish author fashion - Asociaci\u00f3n Creadores de Moda de Espa\u00f1a | ACME\" \/>\n<meta property=\"og:description\" content=\"Madrid es Moda, an initiative organized by the Asocaci\u00f3n de Creadores de Moda de Espa\u00f1a thanks to the support of Madrid City Council&#8217;s platform Madrid Capital de Moda, confirms today the dates, and a part of the program for the forthcoming edition of MeM which is in charge of opening Madrid Fashion Week as well [&hellip;]\" \/>\n<meta property=\"og:url\" content=\"https:\/\/creadores.org\/en\/madrid-es-moda-reescribe-el-significado-de-la-moda-de-autor-espanola\/\" \/>\n<meta property=\"og:site_name\" content=\"Asociaci\u00f3n Creadores de Moda de Espa\u00f1a | ACME\" \/>\n<meta property=\"article:publisher\" content=\"https:\/\/www.facebook.com\/Asociaci%c3%b3n-Creadores-de-Moda-de-Espa%c3%b1a-297009471514\/\" \/>\n<meta property=\"article:published_time\" content=\"2022-07-21T10:10:20+00:00\" \/>\n<meta property=\"article:modified_time\" content=\"2025-06-21T10:49:40+00:00\" \/>\n<meta property=\"og:image\" content=\"https:\/\/creadores.org\/wp-content\/uploads\/2022\/07\/web-juan-vidal-mem-0922-1920x1080-1.jpeg\" \/>\n\t<meta property=\"og:image:width\" content=\"1920\" \/>\n\t<meta property=\"og:image:height\" content=\"1080\" \/>\n\t<meta property=\"og:image:type\" content=\"image\/jpeg\" \/>\n<meta name=\"author\" content=\"Felipe\" \/>\n<meta name=\"twitter:card\" content=\"summary_large_image\" \/>\n<meta name=\"twitter:creator\" content=\"@creadoresacme\" \/>\n<meta name=\"twitter:site\" content=\"@creadoresacme\" \/>\n<meta name=\"twitter:label1\" content=\"Written by\" \/>\n\t<meta name=\"twitter:data1\" content=\"Felipe\" \/>\n\t<meta name=\"twitter:label2\" content=\"Est. reading time\" \/>\n\t<meta name=\"twitter:data2\" content=\"4 minutes\" \/>\n<script type=\"application\/ld+json\" class=\"yoast-schema-graph\">{\"@context\":\"https:\\\/\\\/schema.org\",\"@graph\":[{\"@type\":\"Article\",\"@id\":\"https:\\\/\\\/creadores.org\\\/en\\\/madrid-es-moda-reescribe-el-significado-de-la-moda-de-autor-espanola\\\/#article\",\"isPartOf\":{\"@id\":\"https:\\\/\\\/creadores.org\\\/en\\\/madrid-es-moda-reescribe-el-significado-de-la-moda-de-autor-espanola\\\/\"},\"author\":{\"name\":\"Felipe\",\"@id\":\"https:\\\/\\\/creadores.org\\\/en\\\/#\\\/schema\\\/person\\\/fdf61cde9f2e71e9cefe26613b50a079\"},\"headline\":\"Madrid es Moda rewrites the meaning of Spanish author fashion\",\"datePublished\":\"2022-07-21T10:10:20+00:00\",\"dateModified\":\"2025-06-21T10:49:40+00:00\",\"mainEntityOfPage\":{\"@id\":\"https:\\\/\\\/creadores.org\\\/en\\\/madrid-es-moda-reescribe-el-significado-de-la-moda-de-autor-espanola\\\/\"},\"wordCount\":858,\"publisher\":{\"@id\":\"https:\\\/\\\/creadores.org\\\/en\\\/#organization\"},\"image\":{\"@id\":\"https:\\\/\\\/creadores.org\\\/en\\\/madrid-es-moda-reescribe-el-significado-de-la-moda-de-autor-espanola\\\/#primaryimage\"},\"thumbnailUrl\":\"https:\\\/\\\/creadores.org\\\/wp-content\\\/uploads\\\/2022\\\/07\\\/web-juan-vidal-mem-0922-1920x1080-1.jpeg\",\"keywords\":[\"Acromatyx\",\"Acromatyx\",\"Madrid es Moda\",\"Madrid es Moda\",\"Pilar Dalbat\",\"Pilar Dalbat\"],\"articleSection\":[\"Madrid es Moda\",\"Madrid es Moda\"],\"inLanguage\":\"en-US\"},{\"@type\":\"WebPage\",\"@id\":\"https:\\\/\\\/creadores.org\\\/en\\\/madrid-es-moda-reescribe-el-significado-de-la-moda-de-autor-espanola\\\/\",\"url\":\"https:\\\/\\\/creadores.org\\\/en\\\/madrid-es-moda-reescribe-el-significado-de-la-moda-de-autor-espanola\\\/\",\"name\":\"Madrid es Moda rewrites the meaning of Spanish author fashion - Asociaci\u00f3n Creadores de Moda de Espa\u00f1a | ACME\",\"isPartOf\":{\"@id\":\"https:\\\/\\\/creadores.org\\\/en\\\/#website\"},\"primaryImageOfPage\":{\"@id\":\"https:\\\/\\\/creadores.org\\\/en\\\/madrid-es-moda-reescribe-el-significado-de-la-moda-de-autor-espanola\\\/#primaryimage\"},\"image\":{\"@id\":\"https:\\\/\\\/creadores.org\\\/en\\\/madrid-es-moda-reescribe-el-significado-de-la-moda-de-autor-espanola\\\/#primaryimage\"},\"thumbnailUrl\":\"https:\\\/\\\/creadores.org\\\/wp-content\\\/uploads\\\/2022\\\/07\\\/web-juan-vidal-mem-0922-1920x1080-1.jpeg\",\"datePublished\":\"2022-07-21T10:10:20+00:00\",\"dateModified\":\"2025-06-21T10:49:40+00:00\",\"breadcrumb\":{\"@id\":\"https:\\\/\\\/creadores.org\\\/en\\\/madrid-es-moda-reescribe-el-significado-de-la-moda-de-autor-espanola\\\/#breadcrumb\"},\"inLanguage\":\"en-US\",\"potentialAction\":[{\"@type\":\"ReadAction\",\"target\":[\"https:\\\/\\\/creadores.org\\\/en\\\/madrid-es-moda-reescribe-el-significado-de-la-moda-de-autor-espanola\\\/\"]}]},{\"@type\":\"ImageObject\",\"inLanguage\":\"en-US\",\"@id\":\"https:\\\/\\\/creadores.org\\\/en\\\/madrid-es-moda-reescribe-el-significado-de-la-moda-de-autor-espanola\\\/#primaryimage\",\"url\":\"https:\\\/\\\/creadores.org\\\/wp-content\\\/uploads\\\/2022\\\/07\\\/web-juan-vidal-mem-0922-1920x1080-1.jpeg\",\"contentUrl\":\"https:\\\/\\\/creadores.org\\\/wp-content\\\/uploads\\\/2022\\\/07\\\/web-juan-vidal-mem-0922-1920x1080-1.jpeg\",\"width\":1920,\"height\":1080},{\"@type\":\"BreadcrumbList\",\"@id\":\"https:\\\/\\\/creadores.org\\\/en\\\/madrid-es-moda-reescribe-el-significado-de-la-moda-de-autor-espanola\\\/#breadcrumb\",\"itemListElement\":[{\"@type\":\"ListItem\",\"position\":1,\"name\":\"Portada\",\"item\":\"https:\\\/\\\/creadores.org\\\/en\\\/\"},{\"@type\":\"ListItem\",\"position\":2,\"name\":\"Madrid es Moda rewrites the meaning of Spanish author fashion\"}]},{\"@type\":\"WebSite\",\"@id\":\"https:\\\/\\\/creadores.org\\\/en\\\/#website\",\"url\":\"https:\\\/\\\/creadores.org\\\/en\\\/\",\"name\":\"Asociaci\u00f3n Creadores de Moda de Espa\u00f1a | ACME\",\"description\":\"La Asociaci\u00f3n Creadores de Moda de Espa\u00f1a (ACME) es una organizaci\u00f3n profesional sin \u00e1nimo de lucro fundada en 1988\",\"publisher\":{\"@id\":\"https:\\\/\\\/creadores.org\\\/en\\\/#organization\"},\"potentialAction\":[{\"@type\":\"SearchAction\",\"target\":{\"@type\":\"EntryPoint\",\"urlTemplate\":\"https:\\\/\\\/creadores.org\\\/en\\\/?s={search_term_string}\"},\"query-input\":{\"@type\":\"PropertyValueSpecification\",\"valueRequired\":true,\"valueName\":\"search_term_string\"}}],\"inLanguage\":\"en-US\"},{\"@type\":\"Organization\",\"@id\":\"https:\\\/\\\/creadores.org\\\/en\\\/#organization\",\"name\":\"Asociaci\u00f3n Creadores de Moda de Espa\u00f1a | ACME\",\"url\":\"https:\\\/\\\/creadores.org\\\/en\\\/\",\"logo\":{\"@type\":\"ImageObject\",\"inLanguage\":\"en-US\",\"@id\":\"https:\\\/\\\/creadores.org\\\/en\\\/#\\\/schema\\\/logo\\\/image\\\/\",\"url\":\"https:\\\/\\\/creadores.org\\\/wp-content\\\/uploads\\\/2025\\\/06\\\/acme-logo.svg\",\"contentUrl\":\"https:\\\/\\\/creadores.org\\\/wp-content\\\/uploads\\\/2025\\\/06\\\/acme-logo.svg\",\"width\":650,\"height\":119,\"caption\":\"Asociaci\u00f3n Creadores de Moda de Espa\u00f1a | ACME\"},\"image\":{\"@id\":\"https:\\\/\\\/creadores.org\\\/en\\\/#\\\/schema\\\/logo\\\/image\\\/\"},\"sameAs\":[\"https:\\\/\\\/www.facebook.com\\\/Asociaci\u00f3n-Creadores-de-Moda-de-Espa\u00f1a-297009471514\\\/\",\"https:\\\/\\\/x.com\\\/creadoresacme\",\"https:\\\/\\\/www.instagram.com\\\/creadoresacme\\\/\"]},{\"@type\":\"Person\",\"@id\":\"https:\\\/\\\/creadores.org\\\/en\\\/#\\\/schema\\\/person\\\/fdf61cde9f2e71e9cefe26613b50a079\",\"name\":\"Felipe\"}]}<\/script>\n<!-- \/ Yoast SEO plugin. -->","yoast_head_json":{"title":"Madrid es Moda rewrites the meaning of Spanish author fashion - Asociaci\u00f3n Creadores de Moda de Espa\u00f1a | ACME","robots":{"index":"index","follow":"follow","max-snippet":"max-snippet:-1","max-image-preview":"max-image-preview:large","max-video-preview":"max-video-preview:-1"},"canonical":"https:\/\/creadores.org\/en\/madrid-es-moda-reescribe-el-significado-de-la-moda-de-autor-espanola\/","og_locale":"en_US","og_type":"article","og_title":"Madrid es Moda rewrites the meaning of Spanish author fashion - Asociaci\u00f3n Creadores de Moda de Espa\u00f1a | ACME","og_description":"Madrid es Moda, an initiative organized by the Asocaci\u00f3n de Creadores de Moda de Espa\u00f1a thanks to the support of Madrid City Council&#8217;s platform Madrid Capital de Moda, confirms today the dates, and a part of the program for the forthcoming edition of MeM which is in charge of opening Madrid Fashion Week as well [&hellip;]","og_url":"https:\/\/creadores.org\/en\/madrid-es-moda-reescribe-el-significado-de-la-moda-de-autor-espanola\/","og_site_name":"Asociaci\u00f3n Creadores de Moda de Espa\u00f1a | ACME","article_publisher":"https:\/\/www.facebook.com\/Asociaci%c3%b3n-Creadores-de-Moda-de-Espa%c3%b1a-297009471514\/","article_published_time":"2022-07-21T10:10:20+00:00","article_modified_time":"2025-06-21T10:49:40+00:00","og_image":[{"width":1920,"height":1080,"url":"https:\/\/creadores.org\/wp-content\/uploads\/2022\/07\/web-juan-vidal-mem-0922-1920x1080-1.jpeg","type":"image\/jpeg"}],"author":"Felipe","twitter_card":"summary_large_image","twitter_creator":"@creadoresacme","twitter_site":"@creadoresacme","twitter_misc":{"Written by":"Felipe","Est. reading time":"4 minutes"},"schema":{"@context":"https:\/\/schema.org","@graph":[{"@type":"Article","@id":"https:\/\/creadores.org\/en\/madrid-es-moda-reescribe-el-significado-de-la-moda-de-autor-espanola\/#article","isPartOf":{"@id":"https:\/\/creadores.org\/en\/madrid-es-moda-reescribe-el-significado-de-la-moda-de-autor-espanola\/"},"author":{"name":"Felipe","@id":"https:\/\/creadores.org\/en\/#\/schema\/person\/fdf61cde9f2e71e9cefe26613b50a079"},"headline":"Madrid es Moda rewrites the meaning of Spanish author fashion","datePublished":"2022-07-21T10:10:20+00:00","dateModified":"2025-06-21T10:49:40+00:00","mainEntityOfPage":{"@id":"https:\/\/creadores.org\/en\/madrid-es-moda-reescribe-el-significado-de-la-moda-de-autor-espanola\/"},"wordCount":858,"publisher":{"@id":"https:\/\/creadores.org\/en\/#organization"},"image":{"@id":"https:\/\/creadores.org\/en\/madrid-es-moda-reescribe-el-significado-de-la-moda-de-autor-espanola\/#primaryimage"},"thumbnailUrl":"https:\/\/creadores.org\/wp-content\/uploads\/2022\/07\/web-juan-vidal-mem-0922-1920x1080-1.jpeg","keywords":["Acromatyx","Acromatyx","Madrid es Moda","Madrid es Moda","Pilar Dalbat","Pilar Dalbat"],"articleSection":["Madrid es Moda","Madrid es Moda"],"inLanguage":"en-US"},{"@type":"WebPage","@id":"https:\/\/creadores.org\/en\/madrid-es-moda-reescribe-el-significado-de-la-moda-de-autor-espanola\/","url":"https:\/\/creadores.org\/en\/madrid-es-moda-reescribe-el-significado-de-la-moda-de-autor-espanola\/","name":"Madrid es Moda rewrites the meaning of Spanish author fashion - Asociaci\u00f3n Creadores de Moda de Espa\u00f1a | ACME","isPartOf":{"@id":"https:\/\/creadores.org\/en\/#website"},"primaryImageOfPage":{"@id":"https:\/\/creadores.org\/en\/madrid-es-moda-reescribe-el-significado-de-la-moda-de-autor-espanola\/#primaryimage"},"image":{"@id":"https:\/\/creadores.org\/en\/madrid-es-moda-reescribe-el-significado-de-la-moda-de-autor-espanola\/#primaryimage"},"thumbnailUrl":"https:\/\/creadores.org\/wp-content\/uploads\/2022\/07\/web-juan-vidal-mem-0922-1920x1080-1.jpeg","datePublished":"2022-07-21T10:10:20+00:00","dateModified":"2025-06-21T10:49:40+00:00","breadcrumb":{"@id":"https:\/\/creadores.org\/en\/madrid-es-moda-reescribe-el-significado-de-la-moda-de-autor-espanola\/#breadcrumb"},"inLanguage":"en-US","potentialAction":[{"@type":"ReadAction","target":["https:\/\/creadores.org\/en\/madrid-es-moda-reescribe-el-significado-de-la-moda-de-autor-espanola\/"]}]},{"@type":"ImageObject","inLanguage":"en-US","@id":"https:\/\/creadores.org\/en\/madrid-es-moda-reescribe-el-significado-de-la-moda-de-autor-espanola\/#primaryimage","url":"https:\/\/creadores.org\/wp-content\/uploads\/2022\/07\/web-juan-vidal-mem-0922-1920x1080-1.jpeg","contentUrl":"https:\/\/creadores.org\/wp-content\/uploads\/2022\/07\/web-juan-vidal-mem-0922-1920x1080-1.jpeg","width":1920,"height":1080},{"@type":"BreadcrumbList","@id":"https:\/\/creadores.org\/en\/madrid-es-moda-reescribe-el-significado-de-la-moda-de-autor-espanola\/#breadcrumb","itemListElement":[{"@type":"ListItem","position":1,"name":"Portada","item":"https:\/\/creadores.org\/en\/"},{"@type":"ListItem","position":2,"name":"Madrid es Moda rewrites the meaning of Spanish author fashion"}]},{"@type":"WebSite","@id":"https:\/\/creadores.org\/en\/#website","url":"https:\/\/creadores.org\/en\/","name":"Asociaci\u00f3n Creadores de Moda de Espa\u00f1a | ACME","description":"La Asociaci\u00f3n Creadores de Moda de Espa\u00f1a (ACME) es una organizaci\u00f3n profesional sin \u00e1nimo de lucro fundada en 1988","publisher":{"@id":"https:\/\/creadores.org\/en\/#organization"},"potentialAction":[{"@type":"SearchAction","target":{"@type":"EntryPoint","urlTemplate":"https:\/\/creadores.org\/en\/?s={search_term_string}"},"query-input":{"@type":"PropertyValueSpecification","valueRequired":true,"valueName":"search_term_string"}}],"inLanguage":"en-US"},{"@type":"Organization","@id":"https:\/\/creadores.org\/en\/#organization","name":"Asociaci\u00f3n Creadores de Moda de Espa\u00f1a | ACME","url":"https:\/\/creadores.org\/en\/","logo":{"@type":"ImageObject","inLanguage":"en-US","@id":"https:\/\/creadores.org\/en\/#\/schema\/logo\/image\/","url":"https:\/\/creadores.org\/wp-content\/uploads\/2025\/06\/acme-logo.svg","contentUrl":"https:\/\/creadores.org\/wp-content\/uploads\/2025\/06\/acme-logo.svg","width":650,"height":119,"caption":"Asociaci\u00f3n Creadores de Moda de Espa\u00f1a | ACME"},"image":{"@id":"https:\/\/creadores.org\/en\/#\/schema\/logo\/image\/"},"sameAs":["https:\/\/www.facebook.com\/Asociaci\u00f3n-Creadores-de-Moda-de-Espa\u00f1a-297009471514\/","https:\/\/x.com\/creadoresacme","https:\/\/www.instagram.com\/creadoresacme\/"]},{"@type":"Person","@id":"https:\/\/creadores.org\/en\/#\/schema\/person\/fdf61cde9f2e71e9cefe26613b50a079","name":"Felipe"}]}},"_links":{"self":[{"href":"https:\/\/creadores.org\/en\/wp-json\/wp\/v2\/posts\/48246","targetHints":{"allow":["GET"]}}],"collection":[{"href":"https:\/\/creadores.org\/en\/wp-json\/wp\/v2\/posts"}],"about":[{"href":"https:\/\/creadores.org\/en\/wp-json\/wp\/v2\/types\/post"}],"author":[{"embeddable":true,"href":"https:\/\/creadores.org\/en\/wp-json\/wp\/v2\/users\/4"}],"replies":[{"embeddable":true,"href":"https:\/\/creadores.org\/en\/wp-json\/wp\/v2\/comments?post=48246"}],"version-history":[{"count":3,"href":"https:\/\/creadores.org\/en\/wp-json\/wp\/v2\/posts\/48246\/revisions"}],"predecessor-version":[{"id":81819,"href":"https:\/\/creadores.org\/en\/wp-json\/wp\/v2\/posts\/48246\/revisions\/81819"}],"wp:featuredmedia":[{"embeddable":true,"href":"https:\/\/creadores.org\/en\/wp-json\/wp\/v2\/media\/48225"}],"wp:attachment":[{"href":"https:\/\/creadores.org\/en\/wp-json\/wp\/v2\/media?parent=48246"}],"wp:term":[{"taxonomy":"category","embeddable":true,"href":"https:\/\/creadores.org\/en\/wp-json\/wp\/v2\/categories?post=48246"},{"taxonomy":"post_tag","embeddable":true,"href":"https:\/\/creadores.org\/en\/wp-json\/wp\/v2\/tags?post=48246"}],"curies":[{"name":"wp","href":"https:\/\/api.w.org\/{rel}","templated":true}]}}