{"id":55062,"date":"2023-03-08T15:58:49","date_gmt":"2023-03-08T14:58:49","guid":{"rendered":"https:\/\/creadores.org\/custo-x-abra-en-paris-fashion-week\/"},"modified":"2025-06-21T12:50:14","modified_gmt":"2025-06-21T10:50:14","slug":"custo-x-abra-en-paris-fashion-week","status":"publish","type":"post","link":"https:\/\/creadores.org\/en\/custo-x-abra-en-paris-fashion-week\/","title":{"rendered":"Custo x Abra in Paris Fashion Week"},"content":{"rendered":"<p>The iconic illustrations that made <a href=\"https:\/\/es.custo.com\/\" target=\"_blank\" rel=\"noopener noreferrer nofollow\"><strong>Custo Barcelona<\/strong><\/a> rise to world fame in the early 2000s return to the catwalk. The fashion show held at <strong>Paris Fashion Week<\/strong> by Spanish designer <strong>Abraham Ortu\u00f1o<\/strong>, also known as <a href=\"http:\/\/abra.paris\/\" target=\"_blank\" rel=\"noopener noreferrer nofollow\"><strong>Abra Now<\/strong><\/a>, was the chosen setting to present the collaboration that brings together the creative universes of both fashion designers: <strong>CUSTO x ABRA<\/strong>.<\/p>\n<p>Through out the years, the Custo Barcelona fashion brand, which recently celebrated 40 years, has remained faithful to its creative line marked by the combination of statement graphic elements, color and technological materials, creating collections that have travelled the catwalks around the world landed in Paris for the first time yesterday.<\/p>\n<p>Custo states, \u201cWe are honoured that <strong>ABRA<\/strong> has taken us into account to create a capsule collection. His creativity is equal to or even greater than ours. I believe that this alliance should be a contribution to the fashion scene\u201d.<\/p>\n<p>The capsule collection for next fall-winter is made up of an exclusive selection of pieces present in looks and accessories.<\/p>\n","protected":false},"excerpt":{"rendered":"<p>The iconic illustrations that made Custo Barcelona rise to world fame in the early 2000s return to the catwalk. The fashion show held at Paris Fashion Week by Spanish designer Abraham Ortu\u00f1o, also known as Abra Now, was the chosen setting to present the collaboration that brings together the creative universes of both fashion designers: [&hellip;]<\/p>\n","protected":false},"author":4,"featured_media":54970,"comment_status":"closed","ping_status":"closed","sticky":false,"template":"","format":"standard","meta":{"footnotes":""},"categories":[6],"tags":[],"class_list":["post-55062","post","type-post","status-publish","format-standard","has-post-thumbnail","hentry","category-noticias"],"yoast_head":"<!-- This site is optimized with the Yoast SEO plugin v27.4 - https:\/\/yoast.com\/product\/yoast-seo-wordpress\/ -->\n<title>Custo x Abra in Paris Fashion Week - Asociaci\u00f3n Creadores de Moda de Espa\u00f1a | ACME<\/title>\n<meta name=\"robots\" content=\"index, follow, max-snippet:-1, max-image-preview:large, max-video-preview:-1\" \/>\n<link rel=\"canonical\" href=\"https:\/\/creadores.org\/en\/custo-x-abra-en-paris-fashion-week\/\" \/>\n<meta property=\"og:locale\" content=\"en_US\" \/>\n<meta property=\"og:type\" content=\"article\" \/>\n<meta property=\"og:title\" content=\"Custo x Abra in Paris Fashion Week - Asociaci\u00f3n Creadores de Moda de Espa\u00f1a | ACME\" \/>\n<meta property=\"og:description\" content=\"The iconic illustrations that made Custo Barcelona rise to world fame in the early 2000s return to the catwalk. The fashion show held at Paris Fashion Week by Spanish designer Abraham Ortu\u00f1o, also known as Abra Now, was the chosen setting to present the collaboration that brings together the creative universes of both fashion designers: [&hellip;]\" \/>\n<meta property=\"og:url\" content=\"https:\/\/creadores.org\/en\/custo-x-abra-en-paris-fashion-week\/\" \/>\n<meta property=\"og:site_name\" content=\"Asociaci\u00f3n Creadores de Moda de Espa\u00f1a | ACME\" \/>\n<meta property=\"article:publisher\" content=\"https:\/\/www.facebook.com\/Asociaci%c3%b3n-Creadores-de-Moda-de-Espa%c3%b1a-297009471514\/\" \/>\n<meta property=\"article:published_time\" content=\"2023-03-08T14:58:49+00:00\" \/>\n<meta property=\"article:modified_time\" content=\"2025-06-21T10:50:14+00:00\" \/>\n<meta property=\"og:image\" content=\"https:\/\/creadores.org\/wp-content\/uploads\/2023\/03\/CustoxABRA-portada.jpg\" \/>\n\t<meta property=\"og:image:width\" content=\"1200\" \/>\n\t<meta property=\"og:image:height\" content=\"800\" \/>\n\t<meta property=\"og:image:type\" content=\"image\/jpeg\" \/>\n<meta name=\"author\" content=\"Felipe\" \/>\n<meta name=\"twitter:card\" content=\"summary_large_image\" \/>\n<meta name=\"twitter:creator\" content=\"@creadoresacme\" \/>\n<meta name=\"twitter:site\" content=\"@creadoresacme\" \/>\n<meta name=\"twitter:label1\" content=\"Written by\" \/>\n\t<meta name=\"twitter:data1\" content=\"Felipe\" \/>\n\t<meta name=\"twitter:label2\" content=\"Est. reading time\" \/>\n\t<meta name=\"twitter:data2\" content=\"1 minute\" \/>\n<script type=\"application\/ld+json\" class=\"yoast-schema-graph\">{\"@context\":\"https:\\\/\\\/schema.org\",\"@graph\":[{\"@type\":\"Article\",\"@id\":\"https:\\\/\\\/creadores.org\\\/en\\\/custo-x-abra-en-paris-fashion-week\\\/#article\",\"isPartOf\":{\"@id\":\"https:\\\/\\\/creadores.org\\\/en\\\/custo-x-abra-en-paris-fashion-week\\\/\"},\"author\":{\"name\":\"Felipe\",\"@id\":\"https:\\\/\\\/creadores.org\\\/en\\\/#\\\/schema\\\/person\\\/fdf61cde9f2e71e9cefe26613b50a079\"},\"headline\":\"Custo x Abra in Paris Fashion Week\",\"datePublished\":\"2023-03-08T14:58:49+00:00\",\"dateModified\":\"2025-06-21T10:50:14+00:00\",\"mainEntityOfPage\":{\"@id\":\"https:\\\/\\\/creadores.org\\\/en\\\/custo-x-abra-en-paris-fashion-week\\\/\"},\"wordCount\":176,\"publisher\":{\"@id\":\"https:\\\/\\\/creadores.org\\\/en\\\/#organization\"},\"image\":{\"@id\":\"https:\\\/\\\/creadores.org\\\/en\\\/custo-x-abra-en-paris-fashion-week\\\/#primaryimage\"},\"thumbnailUrl\":\"https:\\\/\\\/creadores.org\\\/wp-content\\\/uploads\\\/2023\\\/03\\\/CustoxABRA-portada.jpg\",\"articleSection\":[\"Noticias\"],\"inLanguage\":\"en-US\"},{\"@type\":\"WebPage\",\"@id\":\"https:\\\/\\\/creadores.org\\\/en\\\/custo-x-abra-en-paris-fashion-week\\\/\",\"url\":\"https:\\\/\\\/creadores.org\\\/en\\\/custo-x-abra-en-paris-fashion-week\\\/\",\"name\":\"Custo x Abra in Paris Fashion Week - Asociaci\u00f3n Creadores de Moda de Espa\u00f1a | ACME\",\"isPartOf\":{\"@id\":\"https:\\\/\\\/creadores.org\\\/en\\\/#website\"},\"primaryImageOfPage\":{\"@id\":\"https:\\\/\\\/creadores.org\\\/en\\\/custo-x-abra-en-paris-fashion-week\\\/#primaryimage\"},\"image\":{\"@id\":\"https:\\\/\\\/creadores.org\\\/en\\\/custo-x-abra-en-paris-fashion-week\\\/#primaryimage\"},\"thumbnailUrl\":\"https:\\\/\\\/creadores.org\\\/wp-content\\\/uploads\\\/2023\\\/03\\\/CustoxABRA-portada.jpg\",\"datePublished\":\"2023-03-08T14:58:49+00:00\",\"dateModified\":\"2025-06-21T10:50:14+00:00\",\"breadcrumb\":{\"@id\":\"https:\\\/\\\/creadores.org\\\/en\\\/custo-x-abra-en-paris-fashion-week\\\/#breadcrumb\"},\"inLanguage\":\"en-US\",\"potentialAction\":[{\"@type\":\"ReadAction\",\"target\":[\"https:\\\/\\\/creadores.org\\\/en\\\/custo-x-abra-en-paris-fashion-week\\\/\"]}]},{\"@type\":\"ImageObject\",\"inLanguage\":\"en-US\",\"@id\":\"https:\\\/\\\/creadores.org\\\/en\\\/custo-x-abra-en-paris-fashion-week\\\/#primaryimage\",\"url\":\"https:\\\/\\\/creadores.org\\\/wp-content\\\/uploads\\\/2023\\\/03\\\/CustoxABRA-portada.jpg\",\"contentUrl\":\"https:\\\/\\\/creadores.org\\\/wp-content\\\/uploads\\\/2023\\\/03\\\/CustoxABRA-portada.jpg\",\"width\":1200,\"height\":800},{\"@type\":\"BreadcrumbList\",\"@id\":\"https:\\\/\\\/creadores.org\\\/en\\\/custo-x-abra-en-paris-fashion-week\\\/#breadcrumb\",\"itemListElement\":[{\"@type\":\"ListItem\",\"position\":1,\"name\":\"Portada\",\"item\":\"https:\\\/\\\/creadores.org\\\/en\\\/\"},{\"@type\":\"ListItem\",\"position\":2,\"name\":\"Custo x Abra in Paris Fashion Week\"}]},{\"@type\":\"WebSite\",\"@id\":\"https:\\\/\\\/creadores.org\\\/en\\\/#website\",\"url\":\"https:\\\/\\\/creadores.org\\\/en\\\/\",\"name\":\"Asociaci\u00f3n Creadores de Moda de Espa\u00f1a | ACME\",\"description\":\"La Asociaci\u00f3n Creadores de Moda de Espa\u00f1a (ACME) es una organizaci\u00f3n profesional sin \u00e1nimo de lucro fundada en 1988\",\"publisher\":{\"@id\":\"https:\\\/\\\/creadores.org\\\/en\\\/#organization\"},\"potentialAction\":[{\"@type\":\"SearchAction\",\"target\":{\"@type\":\"EntryPoint\",\"urlTemplate\":\"https:\\\/\\\/creadores.org\\\/en\\\/?s={search_term_string}\"},\"query-input\":{\"@type\":\"PropertyValueSpecification\",\"valueRequired\":true,\"valueName\":\"search_term_string\"}}],\"inLanguage\":\"en-US\"},{\"@type\":\"Organization\",\"@id\":\"https:\\\/\\\/creadores.org\\\/en\\\/#organization\",\"name\":\"Asociaci\u00f3n Creadores de Moda de Espa\u00f1a | ACME\",\"url\":\"https:\\\/\\\/creadores.org\\\/en\\\/\",\"logo\":{\"@type\":\"ImageObject\",\"inLanguage\":\"en-US\",\"@id\":\"https:\\\/\\\/creadores.org\\\/en\\\/#\\\/schema\\\/logo\\\/image\\\/\",\"url\":\"https:\\\/\\\/creadores.org\\\/wp-content\\\/uploads\\\/2025\\\/06\\\/acme-logo.svg\",\"contentUrl\":\"https:\\\/\\\/creadores.org\\\/wp-content\\\/uploads\\\/2025\\\/06\\\/acme-logo.svg\",\"width\":650,\"height\":119,\"caption\":\"Asociaci\u00f3n Creadores de Moda de Espa\u00f1a | ACME\"},\"image\":{\"@id\":\"https:\\\/\\\/creadores.org\\\/en\\\/#\\\/schema\\\/logo\\\/image\\\/\"},\"sameAs\":[\"https:\\\/\\\/www.facebook.com\\\/Asociaci\u00f3n-Creadores-de-Moda-de-Espa\u00f1a-297009471514\\\/\",\"https:\\\/\\\/x.com\\\/creadoresacme\",\"https:\\\/\\\/www.instagram.com\\\/creadoresacme\\\/\"]},{\"@type\":\"Person\",\"@id\":\"https:\\\/\\\/creadores.org\\\/en\\\/#\\\/schema\\\/person\\\/fdf61cde9f2e71e9cefe26613b50a079\",\"name\":\"Felipe\"}]}<\/script>\n<!-- \/ Yoast SEO plugin. -->","yoast_head_json":{"title":"Custo x Abra in Paris Fashion Week - Asociaci\u00f3n Creadores de Moda de Espa\u00f1a | ACME","robots":{"index":"index","follow":"follow","max-snippet":"max-snippet:-1","max-image-preview":"max-image-preview:large","max-video-preview":"max-video-preview:-1"},"canonical":"https:\/\/creadores.org\/en\/custo-x-abra-en-paris-fashion-week\/","og_locale":"en_US","og_type":"article","og_title":"Custo x Abra in Paris Fashion Week - Asociaci\u00f3n Creadores de Moda de Espa\u00f1a | ACME","og_description":"The iconic illustrations that made Custo Barcelona rise to world fame in the early 2000s return to the catwalk. The fashion show held at Paris Fashion Week by Spanish designer Abraham Ortu\u00f1o, also known as Abra Now, was the chosen setting to present the collaboration that brings together the creative universes of both fashion designers: [&hellip;]","og_url":"https:\/\/creadores.org\/en\/custo-x-abra-en-paris-fashion-week\/","og_site_name":"Asociaci\u00f3n Creadores de Moda de Espa\u00f1a | ACME","article_publisher":"https:\/\/www.facebook.com\/Asociaci%c3%b3n-Creadores-de-Moda-de-Espa%c3%b1a-297009471514\/","article_published_time":"2023-03-08T14:58:49+00:00","article_modified_time":"2025-06-21T10:50:14+00:00","og_image":[{"width":1200,"height":800,"url":"https:\/\/creadores.org\/wp-content\/uploads\/2023\/03\/CustoxABRA-portada.jpg","type":"image\/jpeg"}],"author":"Felipe","twitter_card":"summary_large_image","twitter_creator":"@creadoresacme","twitter_site":"@creadoresacme","twitter_misc":{"Written by":"Felipe","Est. reading time":"1 minute"},"schema":{"@context":"https:\/\/schema.org","@graph":[{"@type":"Article","@id":"https:\/\/creadores.org\/en\/custo-x-abra-en-paris-fashion-week\/#article","isPartOf":{"@id":"https:\/\/creadores.org\/en\/custo-x-abra-en-paris-fashion-week\/"},"author":{"name":"Felipe","@id":"https:\/\/creadores.org\/en\/#\/schema\/person\/fdf61cde9f2e71e9cefe26613b50a079"},"headline":"Custo x Abra in Paris Fashion Week","datePublished":"2023-03-08T14:58:49+00:00","dateModified":"2025-06-21T10:50:14+00:00","mainEntityOfPage":{"@id":"https:\/\/creadores.org\/en\/custo-x-abra-en-paris-fashion-week\/"},"wordCount":176,"publisher":{"@id":"https:\/\/creadores.org\/en\/#organization"},"image":{"@id":"https:\/\/creadores.org\/en\/custo-x-abra-en-paris-fashion-week\/#primaryimage"},"thumbnailUrl":"https:\/\/creadores.org\/wp-content\/uploads\/2023\/03\/CustoxABRA-portada.jpg","articleSection":["Noticias"],"inLanguage":"en-US"},{"@type":"WebPage","@id":"https:\/\/creadores.org\/en\/custo-x-abra-en-paris-fashion-week\/","url":"https:\/\/creadores.org\/en\/custo-x-abra-en-paris-fashion-week\/","name":"Custo x Abra in Paris Fashion Week - Asociaci\u00f3n Creadores de Moda de Espa\u00f1a | ACME","isPartOf":{"@id":"https:\/\/creadores.org\/en\/#website"},"primaryImageOfPage":{"@id":"https:\/\/creadores.org\/en\/custo-x-abra-en-paris-fashion-week\/#primaryimage"},"image":{"@id":"https:\/\/creadores.org\/en\/custo-x-abra-en-paris-fashion-week\/#primaryimage"},"thumbnailUrl":"https:\/\/creadores.org\/wp-content\/uploads\/2023\/03\/CustoxABRA-portada.jpg","datePublished":"2023-03-08T14:58:49+00:00","dateModified":"2025-06-21T10:50:14+00:00","breadcrumb":{"@id":"https:\/\/creadores.org\/en\/custo-x-abra-en-paris-fashion-week\/#breadcrumb"},"inLanguage":"en-US","potentialAction":[{"@type":"ReadAction","target":["https:\/\/creadores.org\/en\/custo-x-abra-en-paris-fashion-week\/"]}]},{"@type":"ImageObject","inLanguage":"en-US","@id":"https:\/\/creadores.org\/en\/custo-x-abra-en-paris-fashion-week\/#primaryimage","url":"https:\/\/creadores.org\/wp-content\/uploads\/2023\/03\/CustoxABRA-portada.jpg","contentUrl":"https:\/\/creadores.org\/wp-content\/uploads\/2023\/03\/CustoxABRA-portada.jpg","width":1200,"height":800},{"@type":"BreadcrumbList","@id":"https:\/\/creadores.org\/en\/custo-x-abra-en-paris-fashion-week\/#breadcrumb","itemListElement":[{"@type":"ListItem","position":1,"name":"Portada","item":"https:\/\/creadores.org\/en\/"},{"@type":"ListItem","position":2,"name":"Custo x Abra in Paris Fashion Week"}]},{"@type":"WebSite","@id":"https:\/\/creadores.org\/en\/#website","url":"https:\/\/creadores.org\/en\/","name":"Asociaci\u00f3n Creadores de Moda de Espa\u00f1a | ACME","description":"La Asociaci\u00f3n Creadores de Moda de Espa\u00f1a (ACME) es una organizaci\u00f3n profesional sin \u00e1nimo de lucro fundada en 1988","publisher":{"@id":"https:\/\/creadores.org\/en\/#organization"},"potentialAction":[{"@type":"SearchAction","target":{"@type":"EntryPoint","urlTemplate":"https:\/\/creadores.org\/en\/?s={search_term_string}"},"query-input":{"@type":"PropertyValueSpecification","valueRequired":true,"valueName":"search_term_string"}}],"inLanguage":"en-US"},{"@type":"Organization","@id":"https:\/\/creadores.org\/en\/#organization","name":"Asociaci\u00f3n Creadores de Moda de Espa\u00f1a | ACME","url":"https:\/\/creadores.org\/en\/","logo":{"@type":"ImageObject","inLanguage":"en-US","@id":"https:\/\/creadores.org\/en\/#\/schema\/logo\/image\/","url":"https:\/\/creadores.org\/wp-content\/uploads\/2025\/06\/acme-logo.svg","contentUrl":"https:\/\/creadores.org\/wp-content\/uploads\/2025\/06\/acme-logo.svg","width":650,"height":119,"caption":"Asociaci\u00f3n Creadores de Moda de Espa\u00f1a | ACME"},"image":{"@id":"https:\/\/creadores.org\/en\/#\/schema\/logo\/image\/"},"sameAs":["https:\/\/www.facebook.com\/Asociaci\u00f3n-Creadores-de-Moda-de-Espa\u00f1a-297009471514\/","https:\/\/x.com\/creadoresacme","https:\/\/www.instagram.com\/creadoresacme\/"]},{"@type":"Person","@id":"https:\/\/creadores.org\/en\/#\/schema\/person\/fdf61cde9f2e71e9cefe26613b50a079","name":"Felipe"}]}},"_links":{"self":[{"href":"https:\/\/creadores.org\/en\/wp-json\/wp\/v2\/posts\/55062","targetHints":{"allow":["GET"]}}],"collection":[{"href":"https:\/\/creadores.org\/en\/wp-json\/wp\/v2\/posts"}],"about":[{"href":"https:\/\/creadores.org\/en\/wp-json\/wp\/v2\/types\/post"}],"author":[{"embeddable":true,"href":"https:\/\/creadores.org\/en\/wp-json\/wp\/v2\/users\/4"}],"replies":[{"embeddable":true,"href":"https:\/\/creadores.org\/en\/wp-json\/wp\/v2\/comments?post=55062"}],"version-history":[{"count":1,"href":"https:\/\/creadores.org\/en\/wp-json\/wp\/v2\/posts\/55062\/revisions"}],"predecessor-version":[{"id":72614,"href":"https:\/\/creadores.org\/en\/wp-json\/wp\/v2\/posts\/55062\/revisions\/72614"}],"wp:featuredmedia":[{"embeddable":true,"href":"https:\/\/creadores.org\/en\/wp-json\/wp\/v2\/media\/54970"}],"wp:attachment":[{"href":"https:\/\/creadores.org\/en\/wp-json\/wp\/v2\/media?parent=55062"}],"wp:term":[{"taxonomy":"category","embeddable":true,"href":"https:\/\/creadores.org\/en\/wp-json\/wp\/v2\/categories?post=55062"},{"taxonomy":"post_tag","embeddable":true,"href":"https:\/\/creadores.org\/en\/wp-json\/wp\/v2\/tags?post=55062"}],"curies":[{"name":"wp","href":"https:\/\/api.w.org\/{rel}","templated":true}]}}