{"id":5515,"date":"2015-09-11T10:35:02","date_gmt":"2015-09-11T08:35:02","guid":{"rendered":"https:\/\/creadores.org\/?p=5515"},"modified":"2025-06-21T13:24:11","modified_gmt":"2025-06-21T11:24:11","slug":"el-museo-thysseh-bornemisza-en-madrid-es-moda","status":"publish","type":"post","link":"https:\/\/creadores.org\/en\/el-museo-thysseh-bornemisza-en-madrid-es-moda\/","title":{"rendered":"El Museo Thyssen-Bornemisza en Madrid es Moda"},"content":{"rendered":"<p>Si hablamos de\u00a0arte y moda, irremediablemente nos viene a la cabeza <strong>el Museo Thyssen-Bornemisza.<\/strong><\/p>\n<p>La instituci\u00f3n ha querido sumarse a\u00a0Madrid es Moda, <strong>de la mano de Las Rozas Village,<\/strong> con un recorrido por las piezas de su\u00a0Colecci\u00f3n\u00a0que mejor recogen la evoluci\u00f3n hist\u00f3rica de la indumentaria. Este itinerario es <strong>gratuito<\/strong> y est\u00e1 abierto\u00a0del 18 al 21 de septiembre, a\u00a0las 17 horas, hasta completar un aforo de 25 personas.<\/p>\n<p>La moda constituye una forma de distinci\u00f3n, es una tarjeta de presentaci\u00f3n que permite al ser humano exhibir diferentes actitudes ante la vida; indica ruptura o innovaci\u00f3n, actualidad o tradici\u00f3n. Refleja las distintas actitudes sociales a lo largo del tiempo.<\/p>\n<p>A trav\u00e9s de las obras de la Colecci\u00f3n del museo se puede advertir el paulatino cambio en el lenguaje del estilo, la evoluci\u00f3n de la indumentaria desde el siglo XIV hasta nuestros d\u00edas. La mirada viaja a trav\u00e9s de los siglos, se posa en los tejidos, descubre las texturas, se complace en los colores, se sorprende ante las formas o analiza la pose de cada modelo. Es otro modo de entrar en la Colecci\u00f3n Thyssen-Bornemisza para conocerla mejor.<\/p>\n<p>Madrid es Moda est\u00e1\u00a0organizado por ACME, con el apoyo de la Comunidad de Madrid, El Corte Ingl\u00e9s, Schweppes y G&#8217;Vine.<\/p>\n<p><a href=\"http:\/\/www.madridesmoda.es\/\" target=\"_blank\" rel=\"noopener noreferrer\">Acceder al sitio Web de Madrid Es Moda<\/a>[:]<\/p>\n","protected":false},"excerpt":{"rendered":"<p>Si hablamos de\u00a0arte y moda, irremediablemente nos viene a la cabeza el Museo Thyssen-Bornemisza. La instituci\u00f3n ha querido sumarse a\u00a0Madrid es Moda, de la mano de Las Rozas Village, con un recorrido por las piezas de su\u00a0Colecci\u00f3n\u00a0que mejor recogen la evoluci\u00f3n hist\u00f3rica de la indumentaria. Este itinerario es gratuito y est\u00e1 abierto\u00a0del 18 al 21 [&hellip;]<\/p>\n","protected":false},"author":4,"featured_media":28766,"comment_status":"closed","ping_status":"closed","sticky":false,"template":"","format":"standard","meta":{"footnotes":""},"categories":[698],"tags":[],"class_list":["post-5515","post","type-post","status-publish","format-standard","has-post-thumbnail","hentry","category-noticias-de-madrid-es-moda"],"yoast_head":"<!-- This site is optimized with the Yoast SEO plugin v27.4 - https:\/\/yoast.com\/product\/yoast-seo-wordpress\/ -->\n<title>El Museo Thyssen-Bornemisza en Madrid es Moda - Asociaci\u00f3n Creadores de Moda de Espa\u00f1a | ACME<\/title>\n<meta name=\"robots\" content=\"index, follow, max-snippet:-1, max-image-preview:large, max-video-preview:-1\" \/>\n<link rel=\"canonical\" href=\"https:\/\/creadores.org\/en\/el-museo-thysseh-bornemisza-en-madrid-es-moda\/\" \/>\n<meta property=\"og:locale\" content=\"en_US\" \/>\n<meta property=\"og:type\" content=\"article\" \/>\n<meta property=\"og:title\" content=\"El Museo Thyssen-Bornemisza en Madrid es Moda - Asociaci\u00f3n Creadores de Moda de Espa\u00f1a | ACME\" \/>\n<meta property=\"og:description\" content=\"Si hablamos de\u00a0arte y moda, irremediablemente nos viene a la cabeza el Museo Thyssen-Bornemisza. La instituci\u00f3n ha querido sumarse a\u00a0Madrid es Moda, de la mano de Las Rozas Village, con un recorrido por las piezas de su\u00a0Colecci\u00f3n\u00a0que mejor recogen la evoluci\u00f3n hist\u00f3rica de la indumentaria. Este itinerario es gratuito y est\u00e1 abierto\u00a0del 18 al 21 [&hellip;]\" \/>\n<meta property=\"og:url\" content=\"https:\/\/creadores.org\/en\/el-museo-thysseh-bornemisza-en-madrid-es-moda\/\" \/>\n<meta property=\"og:site_name\" content=\"Asociaci\u00f3n Creadores de Moda de Espa\u00f1a | ACME\" \/>\n<meta property=\"article:publisher\" content=\"https:\/\/www.facebook.com\/Asociaci%c3%b3n-Creadores-de-Moda-de-Espa%c3%b1a-297009471514\/\" \/>\n<meta property=\"article:published_time\" content=\"2015-09-11T08:35:02+00:00\" \/>\n<meta property=\"article:modified_time\" content=\"2025-06-21T11:24:11+00:00\" \/>\n<meta property=\"og:image\" content=\"https:\/\/creadores.org\/wp-content\/uploads\/2015\/09\/quappi_beckmann_thyssen_mu464x1969.19x_c.jpg_1306973099.jpg\" \/>\n\t<meta property=\"og:image:width\" content=\"660\" \/>\n\t<meta property=\"og:image:height\" content=\"365\" \/>\n\t<meta property=\"og:image:type\" content=\"image\/jpeg\" \/>\n<meta name=\"author\" content=\"Felipe\" \/>\n<meta name=\"twitter:card\" content=\"summary_large_image\" \/>\n<meta name=\"twitter:creator\" content=\"@creadoresacme\" \/>\n<meta name=\"twitter:site\" content=\"@creadoresacme\" \/>\n<meta name=\"twitter:label1\" content=\"Written by\" \/>\n\t<meta name=\"twitter:data1\" content=\"Felipe\" \/>\n\t<meta name=\"twitter:label2\" content=\"Est. reading time\" \/>\n\t<meta name=\"twitter:data2\" content=\"1 minute\" \/>\n<script type=\"application\/ld+json\" class=\"yoast-schema-graph\">{\"@context\":\"https:\\\/\\\/schema.org\",\"@graph\":[{\"@type\":\"Article\",\"@id\":\"https:\\\/\\\/creadores.org\\\/en\\\/el-museo-thysseh-bornemisza-en-madrid-es-moda\\\/#article\",\"isPartOf\":{\"@id\":\"https:\\\/\\\/creadores.org\\\/en\\\/el-museo-thysseh-bornemisza-en-madrid-es-moda\\\/\"},\"author\":{\"name\":\"Felipe\",\"@id\":\"https:\\\/\\\/creadores.org\\\/en\\\/#\\\/schema\\\/person\\\/fdf61cde9f2e71e9cefe26613b50a079\"},\"headline\":\"El Museo Thyssen-Bornemisza en Madrid es Moda\",\"datePublished\":\"2015-09-11T08:35:02+00:00\",\"dateModified\":\"2025-06-21T11:24:11+00:00\",\"mainEntityOfPage\":{\"@id\":\"https:\\\/\\\/creadores.org\\\/en\\\/el-museo-thysseh-bornemisza-en-madrid-es-moda\\\/\"},\"wordCount\":239,\"publisher\":{\"@id\":\"https:\\\/\\\/creadores.org\\\/en\\\/#organization\"},\"image\":{\"@id\":\"https:\\\/\\\/creadores.org\\\/en\\\/el-museo-thysseh-bornemisza-en-madrid-es-moda\\\/#primaryimage\"},\"thumbnailUrl\":\"https:\\\/\\\/creadores.org\\\/wp-content\\\/uploads\\\/2015\\\/09\\\/quappi_beckmann_thyssen_mu464x1969.19x_c.jpg_1306973099.jpg\",\"articleSection\":[\"Madrid es Moda\"],\"inLanguage\":\"en-US\"},{\"@type\":\"WebPage\",\"@id\":\"https:\\\/\\\/creadores.org\\\/en\\\/el-museo-thysseh-bornemisza-en-madrid-es-moda\\\/\",\"url\":\"https:\\\/\\\/creadores.org\\\/en\\\/el-museo-thysseh-bornemisza-en-madrid-es-moda\\\/\",\"name\":\"El Museo Thyssen-Bornemisza en Madrid es Moda - Asociaci\u00f3n Creadores de Moda de Espa\u00f1a | ACME\",\"isPartOf\":{\"@id\":\"https:\\\/\\\/creadores.org\\\/en\\\/#website\"},\"primaryImageOfPage\":{\"@id\":\"https:\\\/\\\/creadores.org\\\/en\\\/el-museo-thysseh-bornemisza-en-madrid-es-moda\\\/#primaryimage\"},\"image\":{\"@id\":\"https:\\\/\\\/creadores.org\\\/en\\\/el-museo-thysseh-bornemisza-en-madrid-es-moda\\\/#primaryimage\"},\"thumbnailUrl\":\"https:\\\/\\\/creadores.org\\\/wp-content\\\/uploads\\\/2015\\\/09\\\/quappi_beckmann_thyssen_mu464x1969.19x_c.jpg_1306973099.jpg\",\"datePublished\":\"2015-09-11T08:35:02+00:00\",\"dateModified\":\"2025-06-21T11:24:11+00:00\",\"breadcrumb\":{\"@id\":\"https:\\\/\\\/creadores.org\\\/en\\\/el-museo-thysseh-bornemisza-en-madrid-es-moda\\\/#breadcrumb\"},\"inLanguage\":\"en-US\",\"potentialAction\":[{\"@type\":\"ReadAction\",\"target\":[\"https:\\\/\\\/creadores.org\\\/en\\\/el-museo-thysseh-bornemisza-en-madrid-es-moda\\\/\"]}]},{\"@type\":\"ImageObject\",\"inLanguage\":\"en-US\",\"@id\":\"https:\\\/\\\/creadores.org\\\/en\\\/el-museo-thysseh-bornemisza-en-madrid-es-moda\\\/#primaryimage\",\"url\":\"https:\\\/\\\/creadores.org\\\/wp-content\\\/uploads\\\/2015\\\/09\\\/quappi_beckmann_thyssen_mu464x1969.19x_c.jpg_1306973099.jpg\",\"contentUrl\":\"https:\\\/\\\/creadores.org\\\/wp-content\\\/uploads\\\/2015\\\/09\\\/quappi_beckmann_thyssen_mu464x1969.19x_c.jpg_1306973099.jpg\",\"width\":660,\"height\":365},{\"@type\":\"BreadcrumbList\",\"@id\":\"https:\\\/\\\/creadores.org\\\/en\\\/el-museo-thysseh-bornemisza-en-madrid-es-moda\\\/#breadcrumb\",\"itemListElement\":[{\"@type\":\"ListItem\",\"position\":1,\"name\":\"Portada\",\"item\":\"https:\\\/\\\/creadores.org\\\/en\\\/\"},{\"@type\":\"ListItem\",\"position\":2,\"name\":\"El Museo Thyssen-Bornemisza en Madrid es Moda\"}]},{\"@type\":\"WebSite\",\"@id\":\"https:\\\/\\\/creadores.org\\\/en\\\/#website\",\"url\":\"https:\\\/\\\/creadores.org\\\/en\\\/\",\"name\":\"Asociaci\u00f3n Creadores de Moda de Espa\u00f1a | ACME\",\"description\":\"La Asociaci\u00f3n Creadores de Moda de Espa\u00f1a (ACME) es una organizaci\u00f3n profesional sin \u00e1nimo de lucro fundada en 1988\",\"publisher\":{\"@id\":\"https:\\\/\\\/creadores.org\\\/en\\\/#organization\"},\"potentialAction\":[{\"@type\":\"SearchAction\",\"target\":{\"@type\":\"EntryPoint\",\"urlTemplate\":\"https:\\\/\\\/creadores.org\\\/en\\\/?s={search_term_string}\"},\"query-input\":{\"@type\":\"PropertyValueSpecification\",\"valueRequired\":true,\"valueName\":\"search_term_string\"}}],\"inLanguage\":\"en-US\"},{\"@type\":\"Organization\",\"@id\":\"https:\\\/\\\/creadores.org\\\/en\\\/#organization\",\"name\":\"Asociaci\u00f3n Creadores de Moda de Espa\u00f1a | ACME\",\"url\":\"https:\\\/\\\/creadores.org\\\/en\\\/\",\"logo\":{\"@type\":\"ImageObject\",\"inLanguage\":\"en-US\",\"@id\":\"https:\\\/\\\/creadores.org\\\/en\\\/#\\\/schema\\\/logo\\\/image\\\/\",\"url\":\"https:\\\/\\\/creadores.org\\\/wp-content\\\/uploads\\\/2025\\\/06\\\/acme-logo.svg\",\"contentUrl\":\"https:\\\/\\\/creadores.org\\\/wp-content\\\/uploads\\\/2025\\\/06\\\/acme-logo.svg\",\"width\":650,\"height\":119,\"caption\":\"Asociaci\u00f3n Creadores de Moda de Espa\u00f1a | ACME\"},\"image\":{\"@id\":\"https:\\\/\\\/creadores.org\\\/en\\\/#\\\/schema\\\/logo\\\/image\\\/\"},\"sameAs\":[\"https:\\\/\\\/www.facebook.com\\\/Asociaci\u00f3n-Creadores-de-Moda-de-Espa\u00f1a-297009471514\\\/\",\"https:\\\/\\\/x.com\\\/creadoresacme\",\"https:\\\/\\\/www.instagram.com\\\/creadoresacme\\\/\"]},{\"@type\":\"Person\",\"@id\":\"https:\\\/\\\/creadores.org\\\/en\\\/#\\\/schema\\\/person\\\/fdf61cde9f2e71e9cefe26613b50a079\",\"name\":\"Felipe\"}]}<\/script>\n<!-- \/ Yoast SEO plugin. -->","yoast_head_json":{"title":"El Museo Thyssen-Bornemisza en Madrid es Moda - Asociaci\u00f3n Creadores de Moda de Espa\u00f1a | ACME","robots":{"index":"index","follow":"follow","max-snippet":"max-snippet:-1","max-image-preview":"max-image-preview:large","max-video-preview":"max-video-preview:-1"},"canonical":"https:\/\/creadores.org\/en\/el-museo-thysseh-bornemisza-en-madrid-es-moda\/","og_locale":"en_US","og_type":"article","og_title":"El Museo Thyssen-Bornemisza en Madrid es Moda - Asociaci\u00f3n Creadores de Moda de Espa\u00f1a | ACME","og_description":"Si hablamos de\u00a0arte y moda, irremediablemente nos viene a la cabeza el Museo Thyssen-Bornemisza. La instituci\u00f3n ha querido sumarse a\u00a0Madrid es Moda, de la mano de Las Rozas Village, con un recorrido por las piezas de su\u00a0Colecci\u00f3n\u00a0que mejor recogen la evoluci\u00f3n hist\u00f3rica de la indumentaria. Este itinerario es gratuito y est\u00e1 abierto\u00a0del 18 al 21 [&hellip;]","og_url":"https:\/\/creadores.org\/en\/el-museo-thysseh-bornemisza-en-madrid-es-moda\/","og_site_name":"Asociaci\u00f3n Creadores de Moda de Espa\u00f1a | ACME","article_publisher":"https:\/\/www.facebook.com\/Asociaci%c3%b3n-Creadores-de-Moda-de-Espa%c3%b1a-297009471514\/","article_published_time":"2015-09-11T08:35:02+00:00","article_modified_time":"2025-06-21T11:24:11+00:00","og_image":[{"width":660,"height":365,"url":"https:\/\/creadores.org\/wp-content\/uploads\/2015\/09\/quappi_beckmann_thyssen_mu464x1969.19x_c.jpg_1306973099.jpg","type":"image\/jpeg"}],"author":"Felipe","twitter_card":"summary_large_image","twitter_creator":"@creadoresacme","twitter_site":"@creadoresacme","twitter_misc":{"Written by":"Felipe","Est. reading time":"1 minute"},"schema":{"@context":"https:\/\/schema.org","@graph":[{"@type":"Article","@id":"https:\/\/creadores.org\/en\/el-museo-thysseh-bornemisza-en-madrid-es-moda\/#article","isPartOf":{"@id":"https:\/\/creadores.org\/en\/el-museo-thysseh-bornemisza-en-madrid-es-moda\/"},"author":{"name":"Felipe","@id":"https:\/\/creadores.org\/en\/#\/schema\/person\/fdf61cde9f2e71e9cefe26613b50a079"},"headline":"El Museo Thyssen-Bornemisza en Madrid es Moda","datePublished":"2015-09-11T08:35:02+00:00","dateModified":"2025-06-21T11:24:11+00:00","mainEntityOfPage":{"@id":"https:\/\/creadores.org\/en\/el-museo-thysseh-bornemisza-en-madrid-es-moda\/"},"wordCount":239,"publisher":{"@id":"https:\/\/creadores.org\/en\/#organization"},"image":{"@id":"https:\/\/creadores.org\/en\/el-museo-thysseh-bornemisza-en-madrid-es-moda\/#primaryimage"},"thumbnailUrl":"https:\/\/creadores.org\/wp-content\/uploads\/2015\/09\/quappi_beckmann_thyssen_mu464x1969.19x_c.jpg_1306973099.jpg","articleSection":["Madrid es Moda"],"inLanguage":"en-US"},{"@type":"WebPage","@id":"https:\/\/creadores.org\/en\/el-museo-thysseh-bornemisza-en-madrid-es-moda\/","url":"https:\/\/creadores.org\/en\/el-museo-thysseh-bornemisza-en-madrid-es-moda\/","name":"El Museo Thyssen-Bornemisza en Madrid es Moda - Asociaci\u00f3n Creadores de Moda de Espa\u00f1a | ACME","isPartOf":{"@id":"https:\/\/creadores.org\/en\/#website"},"primaryImageOfPage":{"@id":"https:\/\/creadores.org\/en\/el-museo-thysseh-bornemisza-en-madrid-es-moda\/#primaryimage"},"image":{"@id":"https:\/\/creadores.org\/en\/el-museo-thysseh-bornemisza-en-madrid-es-moda\/#primaryimage"},"thumbnailUrl":"https:\/\/creadores.org\/wp-content\/uploads\/2015\/09\/quappi_beckmann_thyssen_mu464x1969.19x_c.jpg_1306973099.jpg","datePublished":"2015-09-11T08:35:02+00:00","dateModified":"2025-06-21T11:24:11+00:00","breadcrumb":{"@id":"https:\/\/creadores.org\/en\/el-museo-thysseh-bornemisza-en-madrid-es-moda\/#breadcrumb"},"inLanguage":"en-US","potentialAction":[{"@type":"ReadAction","target":["https:\/\/creadores.org\/en\/el-museo-thysseh-bornemisza-en-madrid-es-moda\/"]}]},{"@type":"ImageObject","inLanguage":"en-US","@id":"https:\/\/creadores.org\/en\/el-museo-thysseh-bornemisza-en-madrid-es-moda\/#primaryimage","url":"https:\/\/creadores.org\/wp-content\/uploads\/2015\/09\/quappi_beckmann_thyssen_mu464x1969.19x_c.jpg_1306973099.jpg","contentUrl":"https:\/\/creadores.org\/wp-content\/uploads\/2015\/09\/quappi_beckmann_thyssen_mu464x1969.19x_c.jpg_1306973099.jpg","width":660,"height":365},{"@type":"BreadcrumbList","@id":"https:\/\/creadores.org\/en\/el-museo-thysseh-bornemisza-en-madrid-es-moda\/#breadcrumb","itemListElement":[{"@type":"ListItem","position":1,"name":"Portada","item":"https:\/\/creadores.org\/en\/"},{"@type":"ListItem","position":2,"name":"El Museo Thyssen-Bornemisza en Madrid es Moda"}]},{"@type":"WebSite","@id":"https:\/\/creadores.org\/en\/#website","url":"https:\/\/creadores.org\/en\/","name":"Asociaci\u00f3n Creadores de Moda de Espa\u00f1a | ACME","description":"La Asociaci\u00f3n Creadores de Moda de Espa\u00f1a (ACME) es una organizaci\u00f3n profesional sin \u00e1nimo de lucro fundada en 1988","publisher":{"@id":"https:\/\/creadores.org\/en\/#organization"},"potentialAction":[{"@type":"SearchAction","target":{"@type":"EntryPoint","urlTemplate":"https:\/\/creadores.org\/en\/?s={search_term_string}"},"query-input":{"@type":"PropertyValueSpecification","valueRequired":true,"valueName":"search_term_string"}}],"inLanguage":"en-US"},{"@type":"Organization","@id":"https:\/\/creadores.org\/en\/#organization","name":"Asociaci\u00f3n Creadores de Moda de Espa\u00f1a | ACME","url":"https:\/\/creadores.org\/en\/","logo":{"@type":"ImageObject","inLanguage":"en-US","@id":"https:\/\/creadores.org\/en\/#\/schema\/logo\/image\/","url":"https:\/\/creadores.org\/wp-content\/uploads\/2025\/06\/acme-logo.svg","contentUrl":"https:\/\/creadores.org\/wp-content\/uploads\/2025\/06\/acme-logo.svg","width":650,"height":119,"caption":"Asociaci\u00f3n Creadores de Moda de Espa\u00f1a | ACME"},"image":{"@id":"https:\/\/creadores.org\/en\/#\/schema\/logo\/image\/"},"sameAs":["https:\/\/www.facebook.com\/Asociaci\u00f3n-Creadores-de-Moda-de-Espa\u00f1a-297009471514\/","https:\/\/x.com\/creadoresacme","https:\/\/www.instagram.com\/creadoresacme\/"]},{"@type":"Person","@id":"https:\/\/creadores.org\/en\/#\/schema\/person\/fdf61cde9f2e71e9cefe26613b50a079","name":"Felipe"}]}},"_links":{"self":[{"href":"https:\/\/creadores.org\/en\/wp-json\/wp\/v2\/posts\/5515","targetHints":{"allow":["GET"]}}],"collection":[{"href":"https:\/\/creadores.org\/en\/wp-json\/wp\/v2\/posts"}],"about":[{"href":"https:\/\/creadores.org\/en\/wp-json\/wp\/v2\/types\/post"}],"author":[{"embeddable":true,"href":"https:\/\/creadores.org\/en\/wp-json\/wp\/v2\/users\/4"}],"replies":[{"embeddable":true,"href":"https:\/\/creadores.org\/en\/wp-json\/wp\/v2\/comments?post=5515"}],"version-history":[{"count":3,"href":"https:\/\/creadores.org\/en\/wp-json\/wp\/v2\/posts\/5515\/revisions"}],"predecessor-version":[{"id":79208,"href":"https:\/\/creadores.org\/en\/wp-json\/wp\/v2\/posts\/5515\/revisions\/79208"}],"wp:featuredmedia":[{"embeddable":true,"href":"https:\/\/creadores.org\/en\/wp-json\/wp\/v2\/media\/28766"}],"wp:attachment":[{"href":"https:\/\/creadores.org\/en\/wp-json\/wp\/v2\/media?parent=5515"}],"wp:term":[{"taxonomy":"category","embeddable":true,"href":"https:\/\/creadores.org\/en\/wp-json\/wp\/v2\/categories?post=5515"},{"taxonomy":"post_tag","embeddable":true,"href":"https:\/\/creadores.org\/en\/wp-json\/wp\/v2\/tags?post=5515"}],"curies":[{"name":"wp","href":"https:\/\/api.w.org\/{rel}","templated":true}]}}