{"id":55729,"date":"2023-06-02T19:35:46","date_gmt":"2023-06-02T17:35:46","guid":{"rendered":"https:\/\/creadores.org\/juanjo-oliva-firma-la-nueva-uniformidad-de-wamos-air\/"},"modified":"2025-06-21T12:50:24","modified_gmt":"2025-06-21T10:50:24","slug":"juanjo-oliva-firma-la-nueva-uniformidad-de-wamos-air","status":"publish","type":"post","link":"https:\/\/creadores.org\/en\/juanjo-oliva-firma-la-nueva-uniformidad-de-wamos-air\/","title":{"rendered":"Juanjo Oliva signs Wamos Air\u00b4s new uniformity"},"content":{"rendered":"<p>Designer <strong>Juanjo Oliva<\/strong> signs the new uniform of <strong>Wamos Air<\/strong>, one of the many initiatives planned by the airline company to celebrate its <strong>20th anniversary<\/strong>. A fashion collection presented last night by surprise at a massive event held at the Palacete Duques de Pastrana in Madrid.<\/p>\n<p>With full creative freedom, and based on a technical briefing regarding the needs and functions of the flight and cabin crew, Juanjo Oliva shaped 50 pieces in his Paris atelier seeking a balance between elegance and functionality. Highlighted is the excellent quality and contemporary design of the uniforms, fundamental aspects both for Wamos Air as well as for the fashion creator.<\/p>\n<p>The designer\u2019s couture archives inspire timeless garments that flee from the corseted tradition of uniforms. The crew\u2019s comfort has been sought to carry out their daily tasks without renouncing current lines together with the maximum care of the details and the fashion firm\u2019s unmistakable seal, which also defines the company. Regarding the colour range, Oliva has added a wide range from gray to violet, and green, Wamos Air&#8217;s corporate colours.<\/p>\n","protected":false},"excerpt":{"rendered":"<p>Designer Juanjo Oliva signs the new uniform of Wamos Air, one of the many initiatives planned by the airline company to celebrate its 20th anniversary. A fashion collection presented last night by surprise at a massive event held at the Palacete Duques de Pastrana in Madrid. With full creative freedom, and based on a technical [&hellip;]<\/p>\n","protected":false},"author":4,"featured_media":55704,"comment_status":"closed","ping_status":"closed","sticky":false,"template":"","format":"standard","meta":{"footnotes":""},"categories":[7,1163],"tags":[],"class_list":["post-55729","post","type-post","status-publish","format-standard","has-post-thumbnail","hentry","category-noticias-asociacion","category-news"],"yoast_head":"<!-- This site is optimized with the Yoast SEO plugin v27.4 - https:\/\/yoast.com\/product\/yoast-seo-wordpress\/ -->\n<title>Juanjo Oliva signs Wamos Air\u00b4s new uniformity - Asociaci\u00f3n Creadores de Moda de Espa\u00f1a | ACME<\/title>\n<meta name=\"robots\" content=\"index, follow, max-snippet:-1, max-image-preview:large, max-video-preview:-1\" \/>\n<link rel=\"canonical\" href=\"https:\/\/creadores.org\/en\/juanjo-oliva-firma-la-nueva-uniformidad-de-wamos-air\/\" \/>\n<meta property=\"og:locale\" content=\"en_US\" \/>\n<meta property=\"og:type\" content=\"article\" \/>\n<meta property=\"og:title\" content=\"Juanjo Oliva signs Wamos Air\u00b4s new uniformity - Asociaci\u00f3n Creadores de Moda de Espa\u00f1a | ACME\" \/>\n<meta property=\"og:description\" content=\"Designer Juanjo Oliva signs the new uniform of Wamos Air, one of the many initiatives planned by the airline company to celebrate its 20th anniversary. A fashion collection presented last night by surprise at a massive event held at the Palacete Duques de Pastrana in Madrid. With full creative freedom, and based on a technical [&hellip;]\" \/>\n<meta property=\"og:url\" content=\"https:\/\/creadores.org\/en\/juanjo-oliva-firma-la-nueva-uniformidad-de-wamos-air\/\" \/>\n<meta property=\"og:site_name\" content=\"Asociaci\u00f3n Creadores de Moda de Espa\u00f1a | ACME\" \/>\n<meta property=\"article:publisher\" content=\"https:\/\/www.facebook.com\/Asociaci%c3%b3n-Creadores-de-Moda-de-Espa%c3%b1a-297009471514\/\" \/>\n<meta property=\"article:published_time\" content=\"2023-06-02T17:35:46+00:00\" \/>\n<meta property=\"article:modified_time\" content=\"2025-06-21T10:50:24+00:00\" \/>\n<meta property=\"og:image\" content=\"https:\/\/creadores.org\/wp-content\/uploads\/2023\/06\/Juanjo-Oliva-wamos-air-portada-IMG_1706.jpg\" \/>\n\t<meta property=\"og:image:width\" content=\"1200\" \/>\n\t<meta property=\"og:image:height\" content=\"800\" \/>\n\t<meta property=\"og:image:type\" content=\"image\/jpeg\" \/>\n<meta name=\"author\" content=\"Felipe\" \/>\n<meta name=\"twitter:card\" content=\"summary_large_image\" \/>\n<meta name=\"twitter:creator\" content=\"@creadoresacme\" \/>\n<meta name=\"twitter:site\" content=\"@creadoresacme\" \/>\n<meta name=\"twitter:label1\" content=\"Written by\" \/>\n\t<meta name=\"twitter:data1\" content=\"Felipe\" \/>\n\t<meta name=\"twitter:label2\" content=\"Est. reading time\" \/>\n\t<meta name=\"twitter:data2\" content=\"1 minute\" \/>\n<script type=\"application\/ld+json\" class=\"yoast-schema-graph\">{\"@context\":\"https:\\\/\\\/schema.org\",\"@graph\":[{\"@type\":\"Article\",\"@id\":\"https:\\\/\\\/creadores.org\\\/en\\\/juanjo-oliva-firma-la-nueva-uniformidad-de-wamos-air\\\/#article\",\"isPartOf\":{\"@id\":\"https:\\\/\\\/creadores.org\\\/en\\\/juanjo-oliva-firma-la-nueva-uniformidad-de-wamos-air\\\/\"},\"author\":{\"name\":\"Felipe\",\"@id\":\"https:\\\/\\\/creadores.org\\\/en\\\/#\\\/schema\\\/person\\\/fdf61cde9f2e71e9cefe26613b50a079\"},\"headline\":\"Juanjo Oliva signs Wamos Air\u00b4s new uniformity\",\"datePublished\":\"2023-06-02T17:35:46+00:00\",\"dateModified\":\"2025-06-21T10:50:24+00:00\",\"mainEntityOfPage\":{\"@id\":\"https:\\\/\\\/creadores.org\\\/en\\\/juanjo-oliva-firma-la-nueva-uniformidad-de-wamos-air\\\/\"},\"wordCount\":188,\"publisher\":{\"@id\":\"https:\\\/\\\/creadores.org\\\/en\\\/#organization\"},\"image\":{\"@id\":\"https:\\\/\\\/creadores.org\\\/en\\\/juanjo-oliva-firma-la-nueva-uniformidad-de-wamos-air\\\/#primaryimage\"},\"thumbnailUrl\":\"https:\\\/\\\/creadores.org\\\/wp-content\\\/uploads\\\/2023\\\/06\\\/Juanjo-Oliva-wamos-air-portada-IMG_1706.jpg\",\"articleSection\":[\"Asociaci\u00f3n\",\"News\"],\"inLanguage\":\"en-US\"},{\"@type\":\"WebPage\",\"@id\":\"https:\\\/\\\/creadores.org\\\/en\\\/juanjo-oliva-firma-la-nueva-uniformidad-de-wamos-air\\\/\",\"url\":\"https:\\\/\\\/creadores.org\\\/en\\\/juanjo-oliva-firma-la-nueva-uniformidad-de-wamos-air\\\/\",\"name\":\"Juanjo Oliva signs Wamos Air\u00b4s new uniformity - Asociaci\u00f3n Creadores de Moda de Espa\u00f1a | ACME\",\"isPartOf\":{\"@id\":\"https:\\\/\\\/creadores.org\\\/en\\\/#website\"},\"primaryImageOfPage\":{\"@id\":\"https:\\\/\\\/creadores.org\\\/en\\\/juanjo-oliva-firma-la-nueva-uniformidad-de-wamos-air\\\/#primaryimage\"},\"image\":{\"@id\":\"https:\\\/\\\/creadores.org\\\/en\\\/juanjo-oliva-firma-la-nueva-uniformidad-de-wamos-air\\\/#primaryimage\"},\"thumbnailUrl\":\"https:\\\/\\\/creadores.org\\\/wp-content\\\/uploads\\\/2023\\\/06\\\/Juanjo-Oliva-wamos-air-portada-IMG_1706.jpg\",\"datePublished\":\"2023-06-02T17:35:46+00:00\",\"dateModified\":\"2025-06-21T10:50:24+00:00\",\"breadcrumb\":{\"@id\":\"https:\\\/\\\/creadores.org\\\/en\\\/juanjo-oliva-firma-la-nueva-uniformidad-de-wamos-air\\\/#breadcrumb\"},\"inLanguage\":\"en-US\",\"potentialAction\":[{\"@type\":\"ReadAction\",\"target\":[\"https:\\\/\\\/creadores.org\\\/en\\\/juanjo-oliva-firma-la-nueva-uniformidad-de-wamos-air\\\/\"]}]},{\"@type\":\"ImageObject\",\"inLanguage\":\"en-US\",\"@id\":\"https:\\\/\\\/creadores.org\\\/en\\\/juanjo-oliva-firma-la-nueva-uniformidad-de-wamos-air\\\/#primaryimage\",\"url\":\"https:\\\/\\\/creadores.org\\\/wp-content\\\/uploads\\\/2023\\\/06\\\/Juanjo-Oliva-wamos-air-portada-IMG_1706.jpg\",\"contentUrl\":\"https:\\\/\\\/creadores.org\\\/wp-content\\\/uploads\\\/2023\\\/06\\\/Juanjo-Oliva-wamos-air-portada-IMG_1706.jpg\",\"width\":1200,\"height\":800},{\"@type\":\"BreadcrumbList\",\"@id\":\"https:\\\/\\\/creadores.org\\\/en\\\/juanjo-oliva-firma-la-nueva-uniformidad-de-wamos-air\\\/#breadcrumb\",\"itemListElement\":[{\"@type\":\"ListItem\",\"position\":1,\"name\":\"Portada\",\"item\":\"https:\\\/\\\/creadores.org\\\/en\\\/\"},{\"@type\":\"ListItem\",\"position\":2,\"name\":\"Juanjo Oliva signs Wamos Air\u00b4s new uniformity\"}]},{\"@type\":\"WebSite\",\"@id\":\"https:\\\/\\\/creadores.org\\\/en\\\/#website\",\"url\":\"https:\\\/\\\/creadores.org\\\/en\\\/\",\"name\":\"Asociaci\u00f3n Creadores de Moda de Espa\u00f1a | ACME\",\"description\":\"La Asociaci\u00f3n Creadores de Moda de Espa\u00f1a (ACME) es una organizaci\u00f3n profesional sin \u00e1nimo de lucro fundada en 1988\",\"publisher\":{\"@id\":\"https:\\\/\\\/creadores.org\\\/en\\\/#organization\"},\"potentialAction\":[{\"@type\":\"SearchAction\",\"target\":{\"@type\":\"EntryPoint\",\"urlTemplate\":\"https:\\\/\\\/creadores.org\\\/en\\\/?s={search_term_string}\"},\"query-input\":{\"@type\":\"PropertyValueSpecification\",\"valueRequired\":true,\"valueName\":\"search_term_string\"}}],\"inLanguage\":\"en-US\"},{\"@type\":\"Organization\",\"@id\":\"https:\\\/\\\/creadores.org\\\/en\\\/#organization\",\"name\":\"Asociaci\u00f3n Creadores de Moda de Espa\u00f1a | ACME\",\"url\":\"https:\\\/\\\/creadores.org\\\/en\\\/\",\"logo\":{\"@type\":\"ImageObject\",\"inLanguage\":\"en-US\",\"@id\":\"https:\\\/\\\/creadores.org\\\/en\\\/#\\\/schema\\\/logo\\\/image\\\/\",\"url\":\"https:\\\/\\\/creadores.org\\\/wp-content\\\/uploads\\\/2025\\\/06\\\/acme-logo.svg\",\"contentUrl\":\"https:\\\/\\\/creadores.org\\\/wp-content\\\/uploads\\\/2025\\\/06\\\/acme-logo.svg\",\"width\":650,\"height\":119,\"caption\":\"Asociaci\u00f3n Creadores de Moda de Espa\u00f1a | ACME\"},\"image\":{\"@id\":\"https:\\\/\\\/creadores.org\\\/en\\\/#\\\/schema\\\/logo\\\/image\\\/\"},\"sameAs\":[\"https:\\\/\\\/www.facebook.com\\\/Asociaci\u00f3n-Creadores-de-Moda-de-Espa\u00f1a-297009471514\\\/\",\"https:\\\/\\\/x.com\\\/creadoresacme\",\"https:\\\/\\\/www.instagram.com\\\/creadoresacme\\\/\"]},{\"@type\":\"Person\",\"@id\":\"https:\\\/\\\/creadores.org\\\/en\\\/#\\\/schema\\\/person\\\/fdf61cde9f2e71e9cefe26613b50a079\",\"name\":\"Felipe\"}]}<\/script>\n<!-- \/ Yoast SEO plugin. -->","yoast_head_json":{"title":"Juanjo Oliva signs Wamos Air\u00b4s new uniformity - Asociaci\u00f3n Creadores de Moda de Espa\u00f1a | ACME","robots":{"index":"index","follow":"follow","max-snippet":"max-snippet:-1","max-image-preview":"max-image-preview:large","max-video-preview":"max-video-preview:-1"},"canonical":"https:\/\/creadores.org\/en\/juanjo-oliva-firma-la-nueva-uniformidad-de-wamos-air\/","og_locale":"en_US","og_type":"article","og_title":"Juanjo Oliva signs Wamos Air\u00b4s new uniformity - Asociaci\u00f3n Creadores de Moda de Espa\u00f1a | ACME","og_description":"Designer Juanjo Oliva signs the new uniform of Wamos Air, one of the many initiatives planned by the airline company to celebrate its 20th anniversary. A fashion collection presented last night by surprise at a massive event held at the Palacete Duques de Pastrana in Madrid. With full creative freedom, and based on a technical [&hellip;]","og_url":"https:\/\/creadores.org\/en\/juanjo-oliva-firma-la-nueva-uniformidad-de-wamos-air\/","og_site_name":"Asociaci\u00f3n Creadores de Moda de Espa\u00f1a | ACME","article_publisher":"https:\/\/www.facebook.com\/Asociaci%c3%b3n-Creadores-de-Moda-de-Espa%c3%b1a-297009471514\/","article_published_time":"2023-06-02T17:35:46+00:00","article_modified_time":"2025-06-21T10:50:24+00:00","og_image":[{"width":1200,"height":800,"url":"https:\/\/creadores.org\/wp-content\/uploads\/2023\/06\/Juanjo-Oliva-wamos-air-portada-IMG_1706.jpg","type":"image\/jpeg"}],"author":"Felipe","twitter_card":"summary_large_image","twitter_creator":"@creadoresacme","twitter_site":"@creadoresacme","twitter_misc":{"Written by":"Felipe","Est. reading time":"1 minute"},"schema":{"@context":"https:\/\/schema.org","@graph":[{"@type":"Article","@id":"https:\/\/creadores.org\/en\/juanjo-oliva-firma-la-nueva-uniformidad-de-wamos-air\/#article","isPartOf":{"@id":"https:\/\/creadores.org\/en\/juanjo-oliva-firma-la-nueva-uniformidad-de-wamos-air\/"},"author":{"name":"Felipe","@id":"https:\/\/creadores.org\/en\/#\/schema\/person\/fdf61cde9f2e71e9cefe26613b50a079"},"headline":"Juanjo Oliva signs Wamos Air\u00b4s new uniformity","datePublished":"2023-06-02T17:35:46+00:00","dateModified":"2025-06-21T10:50:24+00:00","mainEntityOfPage":{"@id":"https:\/\/creadores.org\/en\/juanjo-oliva-firma-la-nueva-uniformidad-de-wamos-air\/"},"wordCount":188,"publisher":{"@id":"https:\/\/creadores.org\/en\/#organization"},"image":{"@id":"https:\/\/creadores.org\/en\/juanjo-oliva-firma-la-nueva-uniformidad-de-wamos-air\/#primaryimage"},"thumbnailUrl":"https:\/\/creadores.org\/wp-content\/uploads\/2023\/06\/Juanjo-Oliva-wamos-air-portada-IMG_1706.jpg","articleSection":["Asociaci\u00f3n","News"],"inLanguage":"en-US"},{"@type":"WebPage","@id":"https:\/\/creadores.org\/en\/juanjo-oliva-firma-la-nueva-uniformidad-de-wamos-air\/","url":"https:\/\/creadores.org\/en\/juanjo-oliva-firma-la-nueva-uniformidad-de-wamos-air\/","name":"Juanjo Oliva signs Wamos Air\u00b4s new uniformity - Asociaci\u00f3n Creadores de Moda de Espa\u00f1a | ACME","isPartOf":{"@id":"https:\/\/creadores.org\/en\/#website"},"primaryImageOfPage":{"@id":"https:\/\/creadores.org\/en\/juanjo-oliva-firma-la-nueva-uniformidad-de-wamos-air\/#primaryimage"},"image":{"@id":"https:\/\/creadores.org\/en\/juanjo-oliva-firma-la-nueva-uniformidad-de-wamos-air\/#primaryimage"},"thumbnailUrl":"https:\/\/creadores.org\/wp-content\/uploads\/2023\/06\/Juanjo-Oliva-wamos-air-portada-IMG_1706.jpg","datePublished":"2023-06-02T17:35:46+00:00","dateModified":"2025-06-21T10:50:24+00:00","breadcrumb":{"@id":"https:\/\/creadores.org\/en\/juanjo-oliva-firma-la-nueva-uniformidad-de-wamos-air\/#breadcrumb"},"inLanguage":"en-US","potentialAction":[{"@type":"ReadAction","target":["https:\/\/creadores.org\/en\/juanjo-oliva-firma-la-nueva-uniformidad-de-wamos-air\/"]}]},{"@type":"ImageObject","inLanguage":"en-US","@id":"https:\/\/creadores.org\/en\/juanjo-oliva-firma-la-nueva-uniformidad-de-wamos-air\/#primaryimage","url":"https:\/\/creadores.org\/wp-content\/uploads\/2023\/06\/Juanjo-Oliva-wamos-air-portada-IMG_1706.jpg","contentUrl":"https:\/\/creadores.org\/wp-content\/uploads\/2023\/06\/Juanjo-Oliva-wamos-air-portada-IMG_1706.jpg","width":1200,"height":800},{"@type":"BreadcrumbList","@id":"https:\/\/creadores.org\/en\/juanjo-oliva-firma-la-nueva-uniformidad-de-wamos-air\/#breadcrumb","itemListElement":[{"@type":"ListItem","position":1,"name":"Portada","item":"https:\/\/creadores.org\/en\/"},{"@type":"ListItem","position":2,"name":"Juanjo Oliva signs Wamos Air\u00b4s new uniformity"}]},{"@type":"WebSite","@id":"https:\/\/creadores.org\/en\/#website","url":"https:\/\/creadores.org\/en\/","name":"Asociaci\u00f3n Creadores de Moda de Espa\u00f1a | ACME","description":"La Asociaci\u00f3n Creadores de Moda de Espa\u00f1a (ACME) es una organizaci\u00f3n profesional sin \u00e1nimo de lucro fundada en 1988","publisher":{"@id":"https:\/\/creadores.org\/en\/#organization"},"potentialAction":[{"@type":"SearchAction","target":{"@type":"EntryPoint","urlTemplate":"https:\/\/creadores.org\/en\/?s={search_term_string}"},"query-input":{"@type":"PropertyValueSpecification","valueRequired":true,"valueName":"search_term_string"}}],"inLanguage":"en-US"},{"@type":"Organization","@id":"https:\/\/creadores.org\/en\/#organization","name":"Asociaci\u00f3n Creadores de Moda de Espa\u00f1a | ACME","url":"https:\/\/creadores.org\/en\/","logo":{"@type":"ImageObject","inLanguage":"en-US","@id":"https:\/\/creadores.org\/en\/#\/schema\/logo\/image\/","url":"https:\/\/creadores.org\/wp-content\/uploads\/2025\/06\/acme-logo.svg","contentUrl":"https:\/\/creadores.org\/wp-content\/uploads\/2025\/06\/acme-logo.svg","width":650,"height":119,"caption":"Asociaci\u00f3n Creadores de Moda de Espa\u00f1a | ACME"},"image":{"@id":"https:\/\/creadores.org\/en\/#\/schema\/logo\/image\/"},"sameAs":["https:\/\/www.facebook.com\/Asociaci\u00f3n-Creadores-de-Moda-de-Espa\u00f1a-297009471514\/","https:\/\/x.com\/creadoresacme","https:\/\/www.instagram.com\/creadoresacme\/"]},{"@type":"Person","@id":"https:\/\/creadores.org\/en\/#\/schema\/person\/fdf61cde9f2e71e9cefe26613b50a079","name":"Felipe"}]}},"_links":{"self":[{"href":"https:\/\/creadores.org\/en\/wp-json\/wp\/v2\/posts\/55729","targetHints":{"allow":["GET"]}}],"collection":[{"href":"https:\/\/creadores.org\/en\/wp-json\/wp\/v2\/posts"}],"about":[{"href":"https:\/\/creadores.org\/en\/wp-json\/wp\/v2\/types\/post"}],"author":[{"embeddable":true,"href":"https:\/\/creadores.org\/en\/wp-json\/wp\/v2\/users\/4"}],"replies":[{"embeddable":true,"href":"https:\/\/creadores.org\/en\/wp-json\/wp\/v2\/comments?post=55729"}],"version-history":[{"count":1,"href":"https:\/\/creadores.org\/en\/wp-json\/wp\/v2\/posts\/55729\/revisions"}],"predecessor-version":[{"id":72593,"href":"https:\/\/creadores.org\/en\/wp-json\/wp\/v2\/posts\/55729\/revisions\/72593"}],"wp:featuredmedia":[{"embeddable":true,"href":"https:\/\/creadores.org\/en\/wp-json\/wp\/v2\/media\/55704"}],"wp:attachment":[{"href":"https:\/\/creadores.org\/en\/wp-json\/wp\/v2\/media?parent=55729"}],"wp:term":[{"taxonomy":"category","embeddable":true,"href":"https:\/\/creadores.org\/en\/wp-json\/wp\/v2\/categories?post=55729"},{"taxonomy":"post_tag","embeddable":true,"href":"https:\/\/creadores.org\/en\/wp-json\/wp\/v2\/tags?post=55729"}],"curies":[{"name":"wp","href":"https:\/\/api.w.org\/{rel}","templated":true}]}}