{"id":59480,"date":"2023-10-10T16:36:31","date_gmt":"2023-10-10T14:36:31","guid":{"rendered":"https:\/\/creadores.org\/la-coleccion-mas-etnica-de-chela-clo\/"},"modified":"2025-06-21T12:50:43","modified_gmt":"2025-06-21T10:50:43","slug":"la-coleccion-mas-etnica-de-chela-clo","status":"publish","type":"post","link":"https:\/\/creadores.org\/en\/la-coleccion-mas-etnica-de-chela-clo\/","title":{"rendered":"Chela Clo&#8217;s most ethnic collection"},"content":{"rendered":"<p><a href=\"https:\/\/chelaclo.com\/\" target=\"_blank\" rel=\"noopener noreferrer nofollow\"><strong>Chela Clo&#8217;s<\/strong> <\/a>new collection reveals the swimwear brand\u2019s two distinctive style lines for <strong>Gran Canaria Swim Week de Moda C\u00e1lida<\/strong>.<\/p>\n<p>The first line emanates ethnic essences with vibrant retro touches, while the second, of a more commercial nature, surprises us with bold and playful prints following the brand\u2019s distinctive features.<\/p>\n","protected":false},"excerpt":{"rendered":"<p>Chela Clo&#8217;s new collection reveals the swimwear brand\u2019s two distinctive style lines for Gran Canaria Swim Week de Moda C\u00e1lida. The first line emanates ethnic essences with vibrant retro touches, while the second, of a more commercial nature, surprises us with bold and playful prints following the brand\u2019s distinctive features.<\/p>\n","protected":false},"author":4,"featured_media":59196,"comment_status":"closed","ping_status":"closed","sticky":false,"template":"","format":"standard","meta":{"footnotes":""},"categories":[1391,1392],"tags":[],"class_list":["post-59480","post","type-post","status-publish","format-standard","has-post-thumbnail","hentry","category-primavera-verano-2024","category-spring-summer-2024"],"yoast_head":"<!-- This site is optimized with the Yoast SEO plugin v27.4 - https:\/\/yoast.com\/product\/yoast-seo-wordpress\/ -->\n<title>Chela Clo&#039;s most ethnic collection - Asociaci\u00f3n Creadores de Moda de Espa\u00f1a | ACME<\/title>\n<meta name=\"robots\" content=\"index, follow, max-snippet:-1, max-image-preview:large, max-video-preview:-1\" \/>\n<link rel=\"canonical\" href=\"https:\/\/creadores.org\/en\/la-coleccion-mas-etnica-de-chela-clo\/\" \/>\n<meta property=\"og:locale\" content=\"en_US\" \/>\n<meta property=\"og:type\" content=\"article\" \/>\n<meta property=\"og:title\" content=\"Chela Clo&#039;s most ethnic collection - Asociaci\u00f3n Creadores de Moda de Espa\u00f1a | ACME\" \/>\n<meta property=\"og:description\" content=\"Chela Clo&#8217;s new collection reveals the swimwear brand\u2019s two distinctive style lines for Gran Canaria Swim Week de Moda C\u00e1lida. The first line emanates ethnic essences with vibrant retro touches, while the second, of a more commercial nature, surprises us with bold and playful prints following the brand\u2019s distinctive features.\" \/>\n<meta property=\"og:url\" content=\"https:\/\/creadores.org\/en\/la-coleccion-mas-etnica-de-chela-clo\/\" \/>\n<meta property=\"og:site_name\" content=\"Asociaci\u00f3n Creadores de Moda de Espa\u00f1a | ACME\" \/>\n<meta property=\"article:publisher\" content=\"https:\/\/www.facebook.com\/Asociaci%c3%b3n-Creadores-de-Moda-de-Espa%c3%b1a-297009471514\/\" \/>\n<meta property=\"article:published_time\" content=\"2023-10-10T14:36:31+00:00\" \/>\n<meta property=\"article:modified_time\" content=\"2025-06-21T10:50:43+00:00\" \/>\n<meta property=\"og:image\" content=\"https:\/\/creadores.org\/wp-content\/uploads\/2023\/10\/PORTADA.jpg\" \/>\n\t<meta property=\"og:image:width\" content=\"1200\" \/>\n\t<meta property=\"og:image:height\" content=\"801\" \/>\n\t<meta property=\"og:image:type\" content=\"image\/jpeg\" \/>\n<meta name=\"author\" content=\"Felipe\" \/>\n<meta name=\"twitter:card\" content=\"summary_large_image\" \/>\n<meta name=\"twitter:creator\" content=\"@creadoresacme\" \/>\n<meta name=\"twitter:site\" content=\"@creadoresacme\" \/>\n<meta name=\"twitter:label1\" content=\"Written by\" \/>\n\t<meta name=\"twitter:data1\" content=\"Felipe\" \/>\n\t<meta name=\"twitter:label2\" content=\"Est. reading time\" \/>\n\t<meta name=\"twitter:data2\" content=\"1 minute\" \/>\n<script type=\"application\/ld+json\" class=\"yoast-schema-graph\">{\"@context\":\"https:\\\/\\\/schema.org\",\"@graph\":[{\"@type\":\"Article\",\"@id\":\"https:\\\/\\\/creadores.org\\\/en\\\/la-coleccion-mas-etnica-de-chela-clo\\\/#article\",\"isPartOf\":{\"@id\":\"https:\\\/\\\/creadores.org\\\/en\\\/la-coleccion-mas-etnica-de-chela-clo\\\/\"},\"author\":{\"name\":\"Felipe\",\"@id\":\"https:\\\/\\\/creadores.org\\\/en\\\/#\\\/schema\\\/person\\\/fdf61cde9f2e71e9cefe26613b50a079\"},\"headline\":\"Chela Clo&#8217;s most ethnic collection\",\"datePublished\":\"2023-10-10T14:36:31+00:00\",\"dateModified\":\"2025-06-21T10:50:43+00:00\",\"mainEntityOfPage\":{\"@id\":\"https:\\\/\\\/creadores.org\\\/en\\\/la-coleccion-mas-etnica-de-chela-clo\\\/\"},\"wordCount\":60,\"publisher\":{\"@id\":\"https:\\\/\\\/creadores.org\\\/en\\\/#organization\"},\"image\":{\"@id\":\"https:\\\/\\\/creadores.org\\\/en\\\/la-coleccion-mas-etnica-de-chela-clo\\\/#primaryimage\"},\"thumbnailUrl\":\"https:\\\/\\\/creadores.org\\\/wp-content\\\/uploads\\\/2023\\\/10\\\/PORTADA.jpg\",\"articleSection\":[\"Primavera-Verano 2024\",\"Spring-Summer 2024\"],\"inLanguage\":\"en-US\"},{\"@type\":\"WebPage\",\"@id\":\"https:\\\/\\\/creadores.org\\\/en\\\/la-coleccion-mas-etnica-de-chela-clo\\\/\",\"url\":\"https:\\\/\\\/creadores.org\\\/en\\\/la-coleccion-mas-etnica-de-chela-clo\\\/\",\"name\":\"Chela Clo's most ethnic collection - Asociaci\u00f3n Creadores de Moda de Espa\u00f1a | ACME\",\"isPartOf\":{\"@id\":\"https:\\\/\\\/creadores.org\\\/en\\\/#website\"},\"primaryImageOfPage\":{\"@id\":\"https:\\\/\\\/creadores.org\\\/en\\\/la-coleccion-mas-etnica-de-chela-clo\\\/#primaryimage\"},\"image\":{\"@id\":\"https:\\\/\\\/creadores.org\\\/en\\\/la-coleccion-mas-etnica-de-chela-clo\\\/#primaryimage\"},\"thumbnailUrl\":\"https:\\\/\\\/creadores.org\\\/wp-content\\\/uploads\\\/2023\\\/10\\\/PORTADA.jpg\",\"datePublished\":\"2023-10-10T14:36:31+00:00\",\"dateModified\":\"2025-06-21T10:50:43+00:00\",\"breadcrumb\":{\"@id\":\"https:\\\/\\\/creadores.org\\\/en\\\/la-coleccion-mas-etnica-de-chela-clo\\\/#breadcrumb\"},\"inLanguage\":\"en-US\",\"potentialAction\":[{\"@type\":\"ReadAction\",\"target\":[\"https:\\\/\\\/creadores.org\\\/en\\\/la-coleccion-mas-etnica-de-chela-clo\\\/\"]}]},{\"@type\":\"ImageObject\",\"inLanguage\":\"en-US\",\"@id\":\"https:\\\/\\\/creadores.org\\\/en\\\/la-coleccion-mas-etnica-de-chela-clo\\\/#primaryimage\",\"url\":\"https:\\\/\\\/creadores.org\\\/wp-content\\\/uploads\\\/2023\\\/10\\\/PORTADA.jpg\",\"contentUrl\":\"https:\\\/\\\/creadores.org\\\/wp-content\\\/uploads\\\/2023\\\/10\\\/PORTADA.jpg\",\"width\":1200,\"height\":801,\"caption\":\"GCSWMC 2023\"},{\"@type\":\"BreadcrumbList\",\"@id\":\"https:\\\/\\\/creadores.org\\\/en\\\/la-coleccion-mas-etnica-de-chela-clo\\\/#breadcrumb\",\"itemListElement\":[{\"@type\":\"ListItem\",\"position\":1,\"name\":\"Portada\",\"item\":\"https:\\\/\\\/creadores.org\\\/en\\\/\"},{\"@type\":\"ListItem\",\"position\":2,\"name\":\"Chela Clo's most ethnic collection\"}]},{\"@type\":\"WebSite\",\"@id\":\"https:\\\/\\\/creadores.org\\\/en\\\/#website\",\"url\":\"https:\\\/\\\/creadores.org\\\/en\\\/\",\"name\":\"Asociaci\u00f3n Creadores de Moda de Espa\u00f1a | ACME\",\"description\":\"La Asociaci\u00f3n Creadores de Moda de Espa\u00f1a (ACME) es una organizaci\u00f3n profesional sin \u00e1nimo de lucro fundada en 1988\",\"publisher\":{\"@id\":\"https:\\\/\\\/creadores.org\\\/en\\\/#organization\"},\"potentialAction\":[{\"@type\":\"SearchAction\",\"target\":{\"@type\":\"EntryPoint\",\"urlTemplate\":\"https:\\\/\\\/creadores.org\\\/en\\\/?s={search_term_string}\"},\"query-input\":{\"@type\":\"PropertyValueSpecification\",\"valueRequired\":true,\"valueName\":\"search_term_string\"}}],\"inLanguage\":\"en-US\"},{\"@type\":\"Organization\",\"@id\":\"https:\\\/\\\/creadores.org\\\/en\\\/#organization\",\"name\":\"Asociaci\u00f3n Creadores de Moda de Espa\u00f1a | ACME\",\"url\":\"https:\\\/\\\/creadores.org\\\/en\\\/\",\"logo\":{\"@type\":\"ImageObject\",\"inLanguage\":\"en-US\",\"@id\":\"https:\\\/\\\/creadores.org\\\/en\\\/#\\\/schema\\\/logo\\\/image\\\/\",\"url\":\"https:\\\/\\\/creadores.org\\\/wp-content\\\/uploads\\\/2025\\\/06\\\/acme-logo.svg\",\"contentUrl\":\"https:\\\/\\\/creadores.org\\\/wp-content\\\/uploads\\\/2025\\\/06\\\/acme-logo.svg\",\"width\":650,\"height\":119,\"caption\":\"Asociaci\u00f3n Creadores de Moda de Espa\u00f1a | ACME\"},\"image\":{\"@id\":\"https:\\\/\\\/creadores.org\\\/en\\\/#\\\/schema\\\/logo\\\/image\\\/\"},\"sameAs\":[\"https:\\\/\\\/www.facebook.com\\\/Asociaci\u00f3n-Creadores-de-Moda-de-Espa\u00f1a-297009471514\\\/\",\"https:\\\/\\\/x.com\\\/creadoresacme\",\"https:\\\/\\\/www.instagram.com\\\/creadoresacme\\\/\"]},{\"@type\":\"Person\",\"@id\":\"https:\\\/\\\/creadores.org\\\/en\\\/#\\\/schema\\\/person\\\/fdf61cde9f2e71e9cefe26613b50a079\",\"name\":\"Felipe\"}]}<\/script>\n<!-- \/ Yoast SEO plugin. -->","yoast_head_json":{"title":"Chela Clo's most ethnic collection - Asociaci\u00f3n Creadores de Moda de Espa\u00f1a | ACME","robots":{"index":"index","follow":"follow","max-snippet":"max-snippet:-1","max-image-preview":"max-image-preview:large","max-video-preview":"max-video-preview:-1"},"canonical":"https:\/\/creadores.org\/en\/la-coleccion-mas-etnica-de-chela-clo\/","og_locale":"en_US","og_type":"article","og_title":"Chela Clo's most ethnic collection - Asociaci\u00f3n Creadores de Moda de Espa\u00f1a | ACME","og_description":"Chela Clo&#8217;s new collection reveals the swimwear brand\u2019s two distinctive style lines for Gran Canaria Swim Week de Moda C\u00e1lida. The first line emanates ethnic essences with vibrant retro touches, while the second, of a more commercial nature, surprises us with bold and playful prints following the brand\u2019s distinctive features.","og_url":"https:\/\/creadores.org\/en\/la-coleccion-mas-etnica-de-chela-clo\/","og_site_name":"Asociaci\u00f3n Creadores de Moda de Espa\u00f1a | ACME","article_publisher":"https:\/\/www.facebook.com\/Asociaci%c3%b3n-Creadores-de-Moda-de-Espa%c3%b1a-297009471514\/","article_published_time":"2023-10-10T14:36:31+00:00","article_modified_time":"2025-06-21T10:50:43+00:00","og_image":[{"width":1200,"height":801,"url":"https:\/\/creadores.org\/wp-content\/uploads\/2023\/10\/PORTADA.jpg","type":"image\/jpeg"}],"author":"Felipe","twitter_card":"summary_large_image","twitter_creator":"@creadoresacme","twitter_site":"@creadoresacme","twitter_misc":{"Written by":"Felipe","Est. reading time":"1 minute"},"schema":{"@context":"https:\/\/schema.org","@graph":[{"@type":"Article","@id":"https:\/\/creadores.org\/en\/la-coleccion-mas-etnica-de-chela-clo\/#article","isPartOf":{"@id":"https:\/\/creadores.org\/en\/la-coleccion-mas-etnica-de-chela-clo\/"},"author":{"name":"Felipe","@id":"https:\/\/creadores.org\/en\/#\/schema\/person\/fdf61cde9f2e71e9cefe26613b50a079"},"headline":"Chela Clo&#8217;s most ethnic collection","datePublished":"2023-10-10T14:36:31+00:00","dateModified":"2025-06-21T10:50:43+00:00","mainEntityOfPage":{"@id":"https:\/\/creadores.org\/en\/la-coleccion-mas-etnica-de-chela-clo\/"},"wordCount":60,"publisher":{"@id":"https:\/\/creadores.org\/en\/#organization"},"image":{"@id":"https:\/\/creadores.org\/en\/la-coleccion-mas-etnica-de-chela-clo\/#primaryimage"},"thumbnailUrl":"https:\/\/creadores.org\/wp-content\/uploads\/2023\/10\/PORTADA.jpg","articleSection":["Primavera-Verano 2024","Spring-Summer 2024"],"inLanguage":"en-US"},{"@type":"WebPage","@id":"https:\/\/creadores.org\/en\/la-coleccion-mas-etnica-de-chela-clo\/","url":"https:\/\/creadores.org\/en\/la-coleccion-mas-etnica-de-chela-clo\/","name":"Chela Clo's most ethnic collection - Asociaci\u00f3n Creadores de Moda de Espa\u00f1a | ACME","isPartOf":{"@id":"https:\/\/creadores.org\/en\/#website"},"primaryImageOfPage":{"@id":"https:\/\/creadores.org\/en\/la-coleccion-mas-etnica-de-chela-clo\/#primaryimage"},"image":{"@id":"https:\/\/creadores.org\/en\/la-coleccion-mas-etnica-de-chela-clo\/#primaryimage"},"thumbnailUrl":"https:\/\/creadores.org\/wp-content\/uploads\/2023\/10\/PORTADA.jpg","datePublished":"2023-10-10T14:36:31+00:00","dateModified":"2025-06-21T10:50:43+00:00","breadcrumb":{"@id":"https:\/\/creadores.org\/en\/la-coleccion-mas-etnica-de-chela-clo\/#breadcrumb"},"inLanguage":"en-US","potentialAction":[{"@type":"ReadAction","target":["https:\/\/creadores.org\/en\/la-coleccion-mas-etnica-de-chela-clo\/"]}]},{"@type":"ImageObject","inLanguage":"en-US","@id":"https:\/\/creadores.org\/en\/la-coleccion-mas-etnica-de-chela-clo\/#primaryimage","url":"https:\/\/creadores.org\/wp-content\/uploads\/2023\/10\/PORTADA.jpg","contentUrl":"https:\/\/creadores.org\/wp-content\/uploads\/2023\/10\/PORTADA.jpg","width":1200,"height":801,"caption":"GCSWMC 2023"},{"@type":"BreadcrumbList","@id":"https:\/\/creadores.org\/en\/la-coleccion-mas-etnica-de-chela-clo\/#breadcrumb","itemListElement":[{"@type":"ListItem","position":1,"name":"Portada","item":"https:\/\/creadores.org\/en\/"},{"@type":"ListItem","position":2,"name":"Chela Clo's most ethnic collection"}]},{"@type":"WebSite","@id":"https:\/\/creadores.org\/en\/#website","url":"https:\/\/creadores.org\/en\/","name":"Asociaci\u00f3n Creadores de Moda de Espa\u00f1a | ACME","description":"La Asociaci\u00f3n Creadores de Moda de Espa\u00f1a (ACME) es una organizaci\u00f3n profesional sin \u00e1nimo de lucro fundada en 1988","publisher":{"@id":"https:\/\/creadores.org\/en\/#organization"},"potentialAction":[{"@type":"SearchAction","target":{"@type":"EntryPoint","urlTemplate":"https:\/\/creadores.org\/en\/?s={search_term_string}"},"query-input":{"@type":"PropertyValueSpecification","valueRequired":true,"valueName":"search_term_string"}}],"inLanguage":"en-US"},{"@type":"Organization","@id":"https:\/\/creadores.org\/en\/#organization","name":"Asociaci\u00f3n Creadores de Moda de Espa\u00f1a | ACME","url":"https:\/\/creadores.org\/en\/","logo":{"@type":"ImageObject","inLanguage":"en-US","@id":"https:\/\/creadores.org\/en\/#\/schema\/logo\/image\/","url":"https:\/\/creadores.org\/wp-content\/uploads\/2025\/06\/acme-logo.svg","contentUrl":"https:\/\/creadores.org\/wp-content\/uploads\/2025\/06\/acme-logo.svg","width":650,"height":119,"caption":"Asociaci\u00f3n Creadores de Moda de Espa\u00f1a | ACME"},"image":{"@id":"https:\/\/creadores.org\/en\/#\/schema\/logo\/image\/"},"sameAs":["https:\/\/www.facebook.com\/Asociaci\u00f3n-Creadores-de-Moda-de-Espa\u00f1a-297009471514\/","https:\/\/x.com\/creadoresacme","https:\/\/www.instagram.com\/creadoresacme\/"]},{"@type":"Person","@id":"https:\/\/creadores.org\/en\/#\/schema\/person\/fdf61cde9f2e71e9cefe26613b50a079","name":"Felipe"}]}},"_links":{"self":[{"href":"https:\/\/creadores.org\/en\/wp-json\/wp\/v2\/posts\/59480","targetHints":{"allow":["GET"]}}],"collection":[{"href":"https:\/\/creadores.org\/en\/wp-json\/wp\/v2\/posts"}],"about":[{"href":"https:\/\/creadores.org\/en\/wp-json\/wp\/v2\/types\/post"}],"author":[{"embeddable":true,"href":"https:\/\/creadores.org\/en\/wp-json\/wp\/v2\/users\/4"}],"replies":[{"embeddable":true,"href":"https:\/\/creadores.org\/en\/wp-json\/wp\/v2\/comments?post=59480"}],"version-history":[{"count":1,"href":"https:\/\/creadores.org\/en\/wp-json\/wp\/v2\/posts\/59480\/revisions"}],"predecessor-version":[{"id":72557,"href":"https:\/\/creadores.org\/en\/wp-json\/wp\/v2\/posts\/59480\/revisions\/72557"}],"wp:featuredmedia":[{"embeddable":true,"href":"https:\/\/creadores.org\/en\/wp-json\/wp\/v2\/media\/59196"}],"wp:attachment":[{"href":"https:\/\/creadores.org\/en\/wp-json\/wp\/v2\/media?parent=59480"}],"wp:term":[{"taxonomy":"category","embeddable":true,"href":"https:\/\/creadores.org\/en\/wp-json\/wp\/v2\/categories?post=59480"},{"taxonomy":"post_tag","embeddable":true,"href":"https:\/\/creadores.org\/en\/wp-json\/wp\/v2\/tags?post=59480"}],"curies":[{"name":"wp","href":"https:\/\/api.w.org\/{rel}","templated":true}]}}