{"id":62850,"date":"2024-02-17T13:30:43","date_gmt":"2024-02-17T12:30:43","guid":{"rendered":"https:\/\/creadores.org\/el-tributo-a-la-naturaleza-escultorica-de-isabel-sanchis\/"},"modified":"2025-06-21T12:51:04","modified_gmt":"2025-06-21T10:51:04","slug":"el-tributo-a-la-naturaleza-escultorica-de-isabel-sanchis","status":"publish","type":"post","link":"https:\/\/creadores.org\/en\/el-tributo-a-la-naturaleza-escultorica-de-isabel-sanchis\/","title":{"rendered":"Isabel Sanch\u00eds\u2019s sculptural nature"},"content":{"rendered":"<p><a href=\"https:\/\/www.isabelsanchis.com\/\" target=\"_blank\" rel=\"noopener noreferrer nofollow\"><strong>Isabel Sanch\u00eds<\/strong><\/a> presents her new fall-winter 2024\/2025 collection at Mercedes Benz Fashion Week Madrid, where she fuses nature and sculpture.<\/p>\n<p>The collection is immersed in the countryside world, reflected in fabrics printed with tree and forest motifs as well as detailed embroidery of bees and dragonflies. On the other hand, sculpture, a constant in Isabel Sanch\u00eds&#8217; fashion proposals, is manifested in garments that stand out for their volumes, three-dimensionality and avant-garde.<\/p>\n<p>The silhouettes are distinct for their fitted waist thanks to the patterns and whale-bones incorporated in the garments sewing. Likewise, the hips are enhanced through various structures that highlight the corseted effect of evening dresses. The color palette includes earth and caramel tones, which break the dichotomy of the brand&#8217;s iconic black and polar white. These colors are intertwined in stripes, prints and plaids, reflected in jackets, coats, skirts and draped trousers.<\/p>\n<p>As an innovation, the flowers made with additive manufacturing stand out due to the use of 3D printing and a handmade technique with cords and beads. This showcases how the fashion designers; mother and daughter, reaffirm their purpose of transmitting the humanity behind each garment with the aim of valuing the petite-mains that treasure the love and knowledge of arts and crafts.<\/p>\n","protected":false},"excerpt":{"rendered":"<p>Isabel Sanch\u00eds presents her new fall-winter 2024\/2025 collection at Mercedes Benz Fashion Week Madrid, where she fuses nature and sculpture. The collection is immersed in the countryside world, reflected in fabrics printed with tree and forest motifs as well as detailed embroidery of bees and dragonflies. On the other hand, sculpture, a constant in Isabel [&hellip;]<\/p>\n","protected":false},"author":4,"featured_media":61390,"comment_status":"closed","ping_status":"closed","sticky":false,"template":"","format":"standard","meta":{"footnotes":""},"categories":[1394,1393],"tags":[],"class_list":["post-62850","post","type-post","status-publish","format-standard","has-post-thumbnail","hentry","category-fall-winter-2024","category-otono-invierno-2024"],"yoast_head":"<!-- This site is optimized with the Yoast SEO plugin v27.4 - https:\/\/yoast.com\/product\/yoast-seo-wordpress\/ -->\n<title>Isabel Sanch\u00eds\u2019s sculptural nature - Asociaci\u00f3n Creadores de Moda de Espa\u00f1a | ACME<\/title>\n<meta name=\"robots\" content=\"index, follow, max-snippet:-1, max-image-preview:large, max-video-preview:-1\" \/>\n<link rel=\"canonical\" href=\"https:\/\/creadores.org\/en\/el-tributo-a-la-naturaleza-escultorica-de-isabel-sanchis\/\" \/>\n<meta property=\"og:locale\" content=\"en_US\" \/>\n<meta property=\"og:type\" content=\"article\" \/>\n<meta property=\"og:title\" content=\"Isabel Sanch\u00eds\u2019s sculptural nature - Asociaci\u00f3n Creadores de Moda de Espa\u00f1a | ACME\" \/>\n<meta property=\"og:description\" content=\"Isabel Sanch\u00eds presents her new fall-winter 2024\/2025 collection at Mercedes Benz Fashion Week Madrid, where she fuses nature and sculpture. The collection is immersed in the countryside world, reflected in fabrics printed with tree and forest motifs as well as detailed embroidery of bees and dragonflies. On the other hand, sculpture, a constant in Isabel [&hellip;]\" \/>\n<meta property=\"og:url\" content=\"https:\/\/creadores.org\/en\/el-tributo-a-la-naturaleza-escultorica-de-isabel-sanchis\/\" \/>\n<meta property=\"og:site_name\" content=\"Asociaci\u00f3n Creadores de Moda de Espa\u00f1a | ACME\" \/>\n<meta property=\"article:publisher\" content=\"https:\/\/www.facebook.com\/Asociaci%c3%b3n-Creadores-de-Moda-de-Espa%c3%b1a-297009471514\/\" \/>\n<meta property=\"article:published_time\" content=\"2024-02-17T12:30:43+00:00\" \/>\n<meta property=\"article:modified_time\" content=\"2025-06-21T10:51:04+00:00\" \/>\n<meta property=\"og:image\" content=\"https:\/\/creadores.org\/wp-content\/uploads\/2024\/02\/isabel-sanchis-oi24-web-acme.jpg\" \/>\n\t<meta property=\"og:image:width\" content=\"1200\" \/>\n\t<meta property=\"og:image:height\" content=\"800\" \/>\n\t<meta property=\"og:image:type\" content=\"image\/jpeg\" \/>\n<meta name=\"author\" content=\"Felipe\" \/>\n<meta name=\"twitter:card\" content=\"summary_large_image\" \/>\n<meta name=\"twitter:creator\" content=\"@creadoresacme\" \/>\n<meta name=\"twitter:site\" content=\"@creadoresacme\" \/>\n<meta name=\"twitter:label1\" content=\"Written by\" \/>\n\t<meta name=\"twitter:data1\" content=\"Felipe\" \/>\n\t<meta name=\"twitter:label2\" content=\"Est. reading time\" \/>\n\t<meta name=\"twitter:data2\" content=\"2 minutes\" \/>\n<script type=\"application\/ld+json\" class=\"yoast-schema-graph\">{\"@context\":\"https:\\\/\\\/schema.org\",\"@graph\":[{\"@type\":\"Article\",\"@id\":\"https:\\\/\\\/creadores.org\\\/en\\\/el-tributo-a-la-naturaleza-escultorica-de-isabel-sanchis\\\/#article\",\"isPartOf\":{\"@id\":\"https:\\\/\\\/creadores.org\\\/en\\\/el-tributo-a-la-naturaleza-escultorica-de-isabel-sanchis\\\/\"},\"author\":{\"name\":\"Felipe\",\"@id\":\"https:\\\/\\\/creadores.org\\\/en\\\/#\\\/schema\\\/person\\\/fdf61cde9f2e71e9cefe26613b50a079\"},\"headline\":\"Isabel Sanch\u00eds\u2019s sculptural nature\",\"datePublished\":\"2024-02-17T12:30:43+00:00\",\"dateModified\":\"2025-06-21T10:51:04+00:00\",\"mainEntityOfPage\":{\"@id\":\"https:\\\/\\\/creadores.org\\\/en\\\/el-tributo-a-la-naturaleza-escultorica-de-isabel-sanchis\\\/\"},\"wordCount\":213,\"publisher\":{\"@id\":\"https:\\\/\\\/creadores.org\\\/en\\\/#organization\"},\"image\":{\"@id\":\"https:\\\/\\\/creadores.org\\\/en\\\/el-tributo-a-la-naturaleza-escultorica-de-isabel-sanchis\\\/#primaryimage\"},\"thumbnailUrl\":\"https:\\\/\\\/creadores.org\\\/wp-content\\\/uploads\\\/2024\\\/02\\\/isabel-sanchis-oi24-web-acme.jpg\",\"articleSection\":[\"Fall Winter 2024\",\"Oto\u00f1o-Invierno 2024\"],\"inLanguage\":\"en-US\"},{\"@type\":\"WebPage\",\"@id\":\"https:\\\/\\\/creadores.org\\\/en\\\/el-tributo-a-la-naturaleza-escultorica-de-isabel-sanchis\\\/\",\"url\":\"https:\\\/\\\/creadores.org\\\/en\\\/el-tributo-a-la-naturaleza-escultorica-de-isabel-sanchis\\\/\",\"name\":\"Isabel Sanch\u00eds\u2019s sculptural nature - Asociaci\u00f3n Creadores de Moda de Espa\u00f1a | ACME\",\"isPartOf\":{\"@id\":\"https:\\\/\\\/creadores.org\\\/en\\\/#website\"},\"primaryImageOfPage\":{\"@id\":\"https:\\\/\\\/creadores.org\\\/en\\\/el-tributo-a-la-naturaleza-escultorica-de-isabel-sanchis\\\/#primaryimage\"},\"image\":{\"@id\":\"https:\\\/\\\/creadores.org\\\/en\\\/el-tributo-a-la-naturaleza-escultorica-de-isabel-sanchis\\\/#primaryimage\"},\"thumbnailUrl\":\"https:\\\/\\\/creadores.org\\\/wp-content\\\/uploads\\\/2024\\\/02\\\/isabel-sanchis-oi24-web-acme.jpg\",\"datePublished\":\"2024-02-17T12:30:43+00:00\",\"dateModified\":\"2025-06-21T10:51:04+00:00\",\"breadcrumb\":{\"@id\":\"https:\\\/\\\/creadores.org\\\/en\\\/el-tributo-a-la-naturaleza-escultorica-de-isabel-sanchis\\\/#breadcrumb\"},\"inLanguage\":\"en-US\",\"potentialAction\":[{\"@type\":\"ReadAction\",\"target\":[\"https:\\\/\\\/creadores.org\\\/en\\\/el-tributo-a-la-naturaleza-escultorica-de-isabel-sanchis\\\/\"]}]},{\"@type\":\"ImageObject\",\"inLanguage\":\"en-US\",\"@id\":\"https:\\\/\\\/creadores.org\\\/en\\\/el-tributo-a-la-naturaleza-escultorica-de-isabel-sanchis\\\/#primaryimage\",\"url\":\"https:\\\/\\\/creadores.org\\\/wp-content\\\/uploads\\\/2024\\\/02\\\/isabel-sanchis-oi24-web-acme.jpg\",\"contentUrl\":\"https:\\\/\\\/creadores.org\\\/wp-content\\\/uploads\\\/2024\\\/02\\\/isabel-sanchis-oi24-web-acme.jpg\",\"width\":1200,\"height\":800},{\"@type\":\"BreadcrumbList\",\"@id\":\"https:\\\/\\\/creadores.org\\\/en\\\/el-tributo-a-la-naturaleza-escultorica-de-isabel-sanchis\\\/#breadcrumb\",\"itemListElement\":[{\"@type\":\"ListItem\",\"position\":1,\"name\":\"Portada\",\"item\":\"https:\\\/\\\/creadores.org\\\/en\\\/\"},{\"@type\":\"ListItem\",\"position\":2,\"name\":\"Isabel Sanch\u00eds\u2019s sculptural nature\"}]},{\"@type\":\"WebSite\",\"@id\":\"https:\\\/\\\/creadores.org\\\/en\\\/#website\",\"url\":\"https:\\\/\\\/creadores.org\\\/en\\\/\",\"name\":\"Asociaci\u00f3n Creadores de Moda de Espa\u00f1a | ACME\",\"description\":\"La Asociaci\u00f3n Creadores de Moda de Espa\u00f1a (ACME) es una organizaci\u00f3n profesional sin \u00e1nimo de lucro fundada en 1988\",\"publisher\":{\"@id\":\"https:\\\/\\\/creadores.org\\\/en\\\/#organization\"},\"potentialAction\":[{\"@type\":\"SearchAction\",\"target\":{\"@type\":\"EntryPoint\",\"urlTemplate\":\"https:\\\/\\\/creadores.org\\\/en\\\/?s={search_term_string}\"},\"query-input\":{\"@type\":\"PropertyValueSpecification\",\"valueRequired\":true,\"valueName\":\"search_term_string\"}}],\"inLanguage\":\"en-US\"},{\"@type\":\"Organization\",\"@id\":\"https:\\\/\\\/creadores.org\\\/en\\\/#organization\",\"name\":\"Asociaci\u00f3n Creadores de Moda de Espa\u00f1a | ACME\",\"url\":\"https:\\\/\\\/creadores.org\\\/en\\\/\",\"logo\":{\"@type\":\"ImageObject\",\"inLanguage\":\"en-US\",\"@id\":\"https:\\\/\\\/creadores.org\\\/en\\\/#\\\/schema\\\/logo\\\/image\\\/\",\"url\":\"https:\\\/\\\/creadores.org\\\/wp-content\\\/uploads\\\/2025\\\/06\\\/acme-logo.svg\",\"contentUrl\":\"https:\\\/\\\/creadores.org\\\/wp-content\\\/uploads\\\/2025\\\/06\\\/acme-logo.svg\",\"width\":650,\"height\":119,\"caption\":\"Asociaci\u00f3n Creadores de Moda de Espa\u00f1a | ACME\"},\"image\":{\"@id\":\"https:\\\/\\\/creadores.org\\\/en\\\/#\\\/schema\\\/logo\\\/image\\\/\"},\"sameAs\":[\"https:\\\/\\\/www.facebook.com\\\/Asociaci\u00f3n-Creadores-de-Moda-de-Espa\u00f1a-297009471514\\\/\",\"https:\\\/\\\/x.com\\\/creadoresacme\",\"https:\\\/\\\/www.instagram.com\\\/creadoresacme\\\/\"]},{\"@type\":\"Person\",\"@id\":\"https:\\\/\\\/creadores.org\\\/en\\\/#\\\/schema\\\/person\\\/fdf61cde9f2e71e9cefe26613b50a079\",\"name\":\"Felipe\"}]}<\/script>\n<!-- \/ Yoast SEO plugin. -->","yoast_head_json":{"title":"Isabel Sanch\u00eds\u2019s sculptural nature - Asociaci\u00f3n Creadores de Moda de Espa\u00f1a | ACME","robots":{"index":"index","follow":"follow","max-snippet":"max-snippet:-1","max-image-preview":"max-image-preview:large","max-video-preview":"max-video-preview:-1"},"canonical":"https:\/\/creadores.org\/en\/el-tributo-a-la-naturaleza-escultorica-de-isabel-sanchis\/","og_locale":"en_US","og_type":"article","og_title":"Isabel Sanch\u00eds\u2019s sculptural nature - Asociaci\u00f3n Creadores de Moda de Espa\u00f1a | ACME","og_description":"Isabel Sanch\u00eds presents her new fall-winter 2024\/2025 collection at Mercedes Benz Fashion Week Madrid, where she fuses nature and sculpture. The collection is immersed in the countryside world, reflected in fabrics printed with tree and forest motifs as well as detailed embroidery of bees and dragonflies. On the other hand, sculpture, a constant in Isabel [&hellip;]","og_url":"https:\/\/creadores.org\/en\/el-tributo-a-la-naturaleza-escultorica-de-isabel-sanchis\/","og_site_name":"Asociaci\u00f3n Creadores de Moda de Espa\u00f1a | ACME","article_publisher":"https:\/\/www.facebook.com\/Asociaci%c3%b3n-Creadores-de-Moda-de-Espa%c3%b1a-297009471514\/","article_published_time":"2024-02-17T12:30:43+00:00","article_modified_time":"2025-06-21T10:51:04+00:00","og_image":[{"width":1200,"height":800,"url":"https:\/\/creadores.org\/wp-content\/uploads\/2024\/02\/isabel-sanchis-oi24-web-acme.jpg","type":"image\/jpeg"}],"author":"Felipe","twitter_card":"summary_large_image","twitter_creator":"@creadoresacme","twitter_site":"@creadoresacme","twitter_misc":{"Written by":"Felipe","Est. reading time":"2 minutes"},"schema":{"@context":"https:\/\/schema.org","@graph":[{"@type":"Article","@id":"https:\/\/creadores.org\/en\/el-tributo-a-la-naturaleza-escultorica-de-isabel-sanchis\/#article","isPartOf":{"@id":"https:\/\/creadores.org\/en\/el-tributo-a-la-naturaleza-escultorica-de-isabel-sanchis\/"},"author":{"name":"Felipe","@id":"https:\/\/creadores.org\/en\/#\/schema\/person\/fdf61cde9f2e71e9cefe26613b50a079"},"headline":"Isabel Sanch\u00eds\u2019s sculptural nature","datePublished":"2024-02-17T12:30:43+00:00","dateModified":"2025-06-21T10:51:04+00:00","mainEntityOfPage":{"@id":"https:\/\/creadores.org\/en\/el-tributo-a-la-naturaleza-escultorica-de-isabel-sanchis\/"},"wordCount":213,"publisher":{"@id":"https:\/\/creadores.org\/en\/#organization"},"image":{"@id":"https:\/\/creadores.org\/en\/el-tributo-a-la-naturaleza-escultorica-de-isabel-sanchis\/#primaryimage"},"thumbnailUrl":"https:\/\/creadores.org\/wp-content\/uploads\/2024\/02\/isabel-sanchis-oi24-web-acme.jpg","articleSection":["Fall Winter 2024","Oto\u00f1o-Invierno 2024"],"inLanguage":"en-US"},{"@type":"WebPage","@id":"https:\/\/creadores.org\/en\/el-tributo-a-la-naturaleza-escultorica-de-isabel-sanchis\/","url":"https:\/\/creadores.org\/en\/el-tributo-a-la-naturaleza-escultorica-de-isabel-sanchis\/","name":"Isabel Sanch\u00eds\u2019s sculptural nature - Asociaci\u00f3n Creadores de Moda de Espa\u00f1a | ACME","isPartOf":{"@id":"https:\/\/creadores.org\/en\/#website"},"primaryImageOfPage":{"@id":"https:\/\/creadores.org\/en\/el-tributo-a-la-naturaleza-escultorica-de-isabel-sanchis\/#primaryimage"},"image":{"@id":"https:\/\/creadores.org\/en\/el-tributo-a-la-naturaleza-escultorica-de-isabel-sanchis\/#primaryimage"},"thumbnailUrl":"https:\/\/creadores.org\/wp-content\/uploads\/2024\/02\/isabel-sanchis-oi24-web-acme.jpg","datePublished":"2024-02-17T12:30:43+00:00","dateModified":"2025-06-21T10:51:04+00:00","breadcrumb":{"@id":"https:\/\/creadores.org\/en\/el-tributo-a-la-naturaleza-escultorica-de-isabel-sanchis\/#breadcrumb"},"inLanguage":"en-US","potentialAction":[{"@type":"ReadAction","target":["https:\/\/creadores.org\/en\/el-tributo-a-la-naturaleza-escultorica-de-isabel-sanchis\/"]}]},{"@type":"ImageObject","inLanguage":"en-US","@id":"https:\/\/creadores.org\/en\/el-tributo-a-la-naturaleza-escultorica-de-isabel-sanchis\/#primaryimage","url":"https:\/\/creadores.org\/wp-content\/uploads\/2024\/02\/isabel-sanchis-oi24-web-acme.jpg","contentUrl":"https:\/\/creadores.org\/wp-content\/uploads\/2024\/02\/isabel-sanchis-oi24-web-acme.jpg","width":1200,"height":800},{"@type":"BreadcrumbList","@id":"https:\/\/creadores.org\/en\/el-tributo-a-la-naturaleza-escultorica-de-isabel-sanchis\/#breadcrumb","itemListElement":[{"@type":"ListItem","position":1,"name":"Portada","item":"https:\/\/creadores.org\/en\/"},{"@type":"ListItem","position":2,"name":"Isabel Sanch\u00eds\u2019s sculptural nature"}]},{"@type":"WebSite","@id":"https:\/\/creadores.org\/en\/#website","url":"https:\/\/creadores.org\/en\/","name":"Asociaci\u00f3n Creadores de Moda de Espa\u00f1a | ACME","description":"La Asociaci\u00f3n Creadores de Moda de Espa\u00f1a (ACME) es una organizaci\u00f3n profesional sin \u00e1nimo de lucro fundada en 1988","publisher":{"@id":"https:\/\/creadores.org\/en\/#organization"},"potentialAction":[{"@type":"SearchAction","target":{"@type":"EntryPoint","urlTemplate":"https:\/\/creadores.org\/en\/?s={search_term_string}"},"query-input":{"@type":"PropertyValueSpecification","valueRequired":true,"valueName":"search_term_string"}}],"inLanguage":"en-US"},{"@type":"Organization","@id":"https:\/\/creadores.org\/en\/#organization","name":"Asociaci\u00f3n Creadores de Moda de Espa\u00f1a | ACME","url":"https:\/\/creadores.org\/en\/","logo":{"@type":"ImageObject","inLanguage":"en-US","@id":"https:\/\/creadores.org\/en\/#\/schema\/logo\/image\/","url":"https:\/\/creadores.org\/wp-content\/uploads\/2025\/06\/acme-logo.svg","contentUrl":"https:\/\/creadores.org\/wp-content\/uploads\/2025\/06\/acme-logo.svg","width":650,"height":119,"caption":"Asociaci\u00f3n Creadores de Moda de Espa\u00f1a | ACME"},"image":{"@id":"https:\/\/creadores.org\/en\/#\/schema\/logo\/image\/"},"sameAs":["https:\/\/www.facebook.com\/Asociaci\u00f3n-Creadores-de-Moda-de-Espa\u00f1a-297009471514\/","https:\/\/x.com\/creadoresacme","https:\/\/www.instagram.com\/creadoresacme\/"]},{"@type":"Person","@id":"https:\/\/creadores.org\/en\/#\/schema\/person\/fdf61cde9f2e71e9cefe26613b50a079","name":"Felipe"}]}},"_links":{"self":[{"href":"https:\/\/creadores.org\/en\/wp-json\/wp\/v2\/posts\/62850","targetHints":{"allow":["GET"]}}],"collection":[{"href":"https:\/\/creadores.org\/en\/wp-json\/wp\/v2\/posts"}],"about":[{"href":"https:\/\/creadores.org\/en\/wp-json\/wp\/v2\/types\/post"}],"author":[{"embeddable":true,"href":"https:\/\/creadores.org\/en\/wp-json\/wp\/v2\/users\/4"}],"replies":[{"embeddable":true,"href":"https:\/\/creadores.org\/en\/wp-json\/wp\/v2\/comments?post=62850"}],"version-history":[{"count":1,"href":"https:\/\/creadores.org\/en\/wp-json\/wp\/v2\/posts\/62850\/revisions"}],"predecessor-version":[{"id":72521,"href":"https:\/\/creadores.org\/en\/wp-json\/wp\/v2\/posts\/62850\/revisions\/72521"}],"wp:featuredmedia":[{"embeddable":true,"href":"https:\/\/creadores.org\/en\/wp-json\/wp\/v2\/media\/61390"}],"wp:attachment":[{"href":"https:\/\/creadores.org\/en\/wp-json\/wp\/v2\/media?parent=62850"}],"wp:term":[{"taxonomy":"category","embeddable":true,"href":"https:\/\/creadores.org\/en\/wp-json\/wp\/v2\/categories?post=62850"},{"taxonomy":"post_tag","embeddable":true,"href":"https:\/\/creadores.org\/en\/wp-json\/wp\/v2\/tags?post=62850"}],"curies":[{"name":"wp","href":"https:\/\/api.w.org\/{rel}","templated":true}]}}