{"id":62903,"date":"2024-02-18T15:12:17","date_gmt":"2024-02-18T14:12:17","guid":{"rendered":"https:\/\/creadores.org\/odette-alvarez-regresa-a-sus-origenes\/"},"modified":"2025-06-21T12:51:07","modified_gmt":"2025-06-21T10:51:07","slug":"odette-alvarez-regresa-a-sus-origenes","status":"publish","type":"post","link":"https:\/\/creadores.org\/en\/odette-alvarez-regresa-a-sus-origenes\/","title":{"rendered":"Odette \u00c1lvarez returns to her origins"},"content":{"rendered":"<p><strong><a href=\"https:\/\/tetebyodette.com\/\" target=\"_blank\" rel=\"noopener noreferrer nofollow\">Odette \u00c1lvarez<\/a><\/strong>&#8216;s new collection at Mercedes Benz Fashion Week Madrid, titled &#8216;<em><strong>\u00c1NGELA FALL 24<\/strong><\/em>&#8216;, is a return to her origins, aesthetics and the emblematic pieces with which she managed to make her way in the fashion world, with the always present boho chic spirit, the inspiration of the 70s and the richness of materials and fabrics.<\/p>\n<p>For this collection, the designer recovers fabrics rich in rhinestones and crystals, damasks, optical and ethnic-inspired prints. The color palette is wintery and nocturnal. Deep and sometimes vibrant black is predominant in most of the pieces.<\/p>\n<p>On this occasion, the creator adds details of recycled fur from previous collections, focusing on reuse and zero waste. Synthetic fur is also introduced, creating a series of pieces that have as their common thread the personality and style of a woman very present in the designer&#8217;s imagery: content creator \u00c1ngela Rozas, Madame de Rosa, who has accompanied Odette \u00c1lvarez since her beginnings.<\/p>\n","protected":false},"excerpt":{"rendered":"<p>Odette \u00c1lvarez&#8216;s new collection at Mercedes Benz Fashion Week Madrid, titled &#8216;\u00c1NGELA FALL 24&#8216;, is a return to her origins, aesthetics and the emblematic pieces with which she managed to make her way in the fashion world, with the always present boho chic spirit, the inspiration of the 70s and the richness of materials and [&hellip;]<\/p>\n","protected":false},"author":4,"featured_media":61993,"comment_status":"closed","ping_status":"closed","sticky":false,"template":"","format":"standard","meta":{"footnotes":""},"categories":[1394,1393],"tags":[],"class_list":["post-62903","post","type-post","status-publish","format-standard","has-post-thumbnail","hentry","category-fall-winter-2024","category-otono-invierno-2024"],"yoast_head":"<!-- This site is optimized with the Yoast SEO plugin v27.4 - https:\/\/yoast.com\/product\/yoast-seo-wordpress\/ -->\n<title>Odette \u00c1lvarez returns to her origins - Asociaci\u00f3n Creadores de Moda de Espa\u00f1a | ACME<\/title>\n<meta name=\"robots\" content=\"index, follow, max-snippet:-1, max-image-preview:large, max-video-preview:-1\" \/>\n<link rel=\"canonical\" href=\"https:\/\/creadores.org\/en\/odette-alvarez-regresa-a-sus-origenes\/\" \/>\n<meta property=\"og:locale\" content=\"en_US\" \/>\n<meta property=\"og:type\" content=\"article\" \/>\n<meta property=\"og:title\" content=\"Odette \u00c1lvarez returns to her origins - Asociaci\u00f3n Creadores de Moda de Espa\u00f1a | ACME\" \/>\n<meta property=\"og:description\" content=\"Odette \u00c1lvarez&#8216;s new collection at Mercedes Benz Fashion Week Madrid, titled &#8216;\u00c1NGELA FALL 24&#8216;, is a return to her origins, aesthetics and the emblematic pieces with which she managed to make her way in the fashion world, with the always present boho chic spirit, the inspiration of the 70s and the richness of materials and [&hellip;]\" \/>\n<meta property=\"og:url\" content=\"https:\/\/creadores.org\/en\/odette-alvarez-regresa-a-sus-origenes\/\" \/>\n<meta property=\"og:site_name\" content=\"Asociaci\u00f3n Creadores de Moda de Espa\u00f1a | ACME\" \/>\n<meta property=\"article:publisher\" content=\"https:\/\/www.facebook.com\/Asociaci%c3%b3n-Creadores-de-Moda-de-Espa%c3%b1a-297009471514\/\" \/>\n<meta property=\"article:published_time\" content=\"2024-02-18T14:12:17+00:00\" \/>\n<meta property=\"article:modified_time\" content=\"2025-06-21T10:51:07+00:00\" \/>\n<meta property=\"og:image\" content=\"https:\/\/creadores.org\/wp-content\/uploads\/2024\/02\/odette-alvarez-oi24-web-acme.jpg\" \/>\n\t<meta property=\"og:image:width\" content=\"1200\" \/>\n\t<meta property=\"og:image:height\" content=\"800\" \/>\n\t<meta property=\"og:image:type\" content=\"image\/jpeg\" \/>\n<meta name=\"author\" content=\"Felipe\" \/>\n<meta name=\"twitter:card\" content=\"summary_large_image\" \/>\n<meta name=\"twitter:creator\" content=\"@creadoresacme\" \/>\n<meta name=\"twitter:site\" content=\"@creadoresacme\" \/>\n<meta name=\"twitter:label1\" content=\"Written by\" \/>\n\t<meta name=\"twitter:data1\" content=\"Felipe\" \/>\n\t<meta name=\"twitter:label2\" content=\"Est. reading time\" \/>\n\t<meta name=\"twitter:data2\" content=\"1 minute\" \/>\n<script type=\"application\/ld+json\" class=\"yoast-schema-graph\">{\"@context\":\"https:\\\/\\\/schema.org\",\"@graph\":[{\"@type\":\"Article\",\"@id\":\"https:\\\/\\\/creadores.org\\\/en\\\/odette-alvarez-regresa-a-sus-origenes\\\/#article\",\"isPartOf\":{\"@id\":\"https:\\\/\\\/creadores.org\\\/en\\\/odette-alvarez-regresa-a-sus-origenes\\\/\"},\"author\":{\"name\":\"Felipe\",\"@id\":\"https:\\\/\\\/creadores.org\\\/en\\\/#\\\/schema\\\/person\\\/fdf61cde9f2e71e9cefe26613b50a079\"},\"headline\":\"Odette \u00c1lvarez returns to her origins\",\"datePublished\":\"2024-02-18T14:12:17+00:00\",\"dateModified\":\"2025-06-21T10:51:07+00:00\",\"mainEntityOfPage\":{\"@id\":\"https:\\\/\\\/creadores.org\\\/en\\\/odette-alvarez-regresa-a-sus-origenes\\\/\"},\"wordCount\":162,\"publisher\":{\"@id\":\"https:\\\/\\\/creadores.org\\\/en\\\/#organization\"},\"image\":{\"@id\":\"https:\\\/\\\/creadores.org\\\/en\\\/odette-alvarez-regresa-a-sus-origenes\\\/#primaryimage\"},\"thumbnailUrl\":\"https:\\\/\\\/creadores.org\\\/wp-content\\\/uploads\\\/2024\\\/02\\\/odette-alvarez-oi24-web-acme.jpg\",\"articleSection\":[\"Fall Winter 2024\",\"Oto\u00f1o-Invierno 2024\"],\"inLanguage\":\"en-US\"},{\"@type\":\"WebPage\",\"@id\":\"https:\\\/\\\/creadores.org\\\/en\\\/odette-alvarez-regresa-a-sus-origenes\\\/\",\"url\":\"https:\\\/\\\/creadores.org\\\/en\\\/odette-alvarez-regresa-a-sus-origenes\\\/\",\"name\":\"Odette \u00c1lvarez returns to her origins - Asociaci\u00f3n Creadores de Moda de Espa\u00f1a | ACME\",\"isPartOf\":{\"@id\":\"https:\\\/\\\/creadores.org\\\/en\\\/#website\"},\"primaryImageOfPage\":{\"@id\":\"https:\\\/\\\/creadores.org\\\/en\\\/odette-alvarez-regresa-a-sus-origenes\\\/#primaryimage\"},\"image\":{\"@id\":\"https:\\\/\\\/creadores.org\\\/en\\\/odette-alvarez-regresa-a-sus-origenes\\\/#primaryimage\"},\"thumbnailUrl\":\"https:\\\/\\\/creadores.org\\\/wp-content\\\/uploads\\\/2024\\\/02\\\/odette-alvarez-oi24-web-acme.jpg\",\"datePublished\":\"2024-02-18T14:12:17+00:00\",\"dateModified\":\"2025-06-21T10:51:07+00:00\",\"breadcrumb\":{\"@id\":\"https:\\\/\\\/creadores.org\\\/en\\\/odette-alvarez-regresa-a-sus-origenes\\\/#breadcrumb\"},\"inLanguage\":\"en-US\",\"potentialAction\":[{\"@type\":\"ReadAction\",\"target\":[\"https:\\\/\\\/creadores.org\\\/en\\\/odette-alvarez-regresa-a-sus-origenes\\\/\"]}]},{\"@type\":\"ImageObject\",\"inLanguage\":\"en-US\",\"@id\":\"https:\\\/\\\/creadores.org\\\/en\\\/odette-alvarez-regresa-a-sus-origenes\\\/#primaryimage\",\"url\":\"https:\\\/\\\/creadores.org\\\/wp-content\\\/uploads\\\/2024\\\/02\\\/odette-alvarez-oi24-web-acme.jpg\",\"contentUrl\":\"https:\\\/\\\/creadores.org\\\/wp-content\\\/uploads\\\/2024\\\/02\\\/odette-alvarez-oi24-web-acme.jpg\",\"width\":1200,\"height\":800},{\"@type\":\"BreadcrumbList\",\"@id\":\"https:\\\/\\\/creadores.org\\\/en\\\/odette-alvarez-regresa-a-sus-origenes\\\/#breadcrumb\",\"itemListElement\":[{\"@type\":\"ListItem\",\"position\":1,\"name\":\"Portada\",\"item\":\"https:\\\/\\\/creadores.org\\\/en\\\/\"},{\"@type\":\"ListItem\",\"position\":2,\"name\":\"Odette \u00c1lvarez returns to her origins\"}]},{\"@type\":\"WebSite\",\"@id\":\"https:\\\/\\\/creadores.org\\\/en\\\/#website\",\"url\":\"https:\\\/\\\/creadores.org\\\/en\\\/\",\"name\":\"Asociaci\u00f3n Creadores de Moda de Espa\u00f1a | ACME\",\"description\":\"La Asociaci\u00f3n Creadores de Moda de Espa\u00f1a (ACME) es una organizaci\u00f3n profesional sin \u00e1nimo de lucro fundada en 1988\",\"publisher\":{\"@id\":\"https:\\\/\\\/creadores.org\\\/en\\\/#organization\"},\"potentialAction\":[{\"@type\":\"SearchAction\",\"target\":{\"@type\":\"EntryPoint\",\"urlTemplate\":\"https:\\\/\\\/creadores.org\\\/en\\\/?s={search_term_string}\"},\"query-input\":{\"@type\":\"PropertyValueSpecification\",\"valueRequired\":true,\"valueName\":\"search_term_string\"}}],\"inLanguage\":\"en-US\"},{\"@type\":\"Organization\",\"@id\":\"https:\\\/\\\/creadores.org\\\/en\\\/#organization\",\"name\":\"Asociaci\u00f3n Creadores de Moda de Espa\u00f1a | ACME\",\"url\":\"https:\\\/\\\/creadores.org\\\/en\\\/\",\"logo\":{\"@type\":\"ImageObject\",\"inLanguage\":\"en-US\",\"@id\":\"https:\\\/\\\/creadores.org\\\/en\\\/#\\\/schema\\\/logo\\\/image\\\/\",\"url\":\"https:\\\/\\\/creadores.org\\\/wp-content\\\/uploads\\\/2025\\\/06\\\/acme-logo.svg\",\"contentUrl\":\"https:\\\/\\\/creadores.org\\\/wp-content\\\/uploads\\\/2025\\\/06\\\/acme-logo.svg\",\"width\":650,\"height\":119,\"caption\":\"Asociaci\u00f3n Creadores de Moda de Espa\u00f1a | ACME\"},\"image\":{\"@id\":\"https:\\\/\\\/creadores.org\\\/en\\\/#\\\/schema\\\/logo\\\/image\\\/\"},\"sameAs\":[\"https:\\\/\\\/www.facebook.com\\\/Asociaci\u00f3n-Creadores-de-Moda-de-Espa\u00f1a-297009471514\\\/\",\"https:\\\/\\\/x.com\\\/creadoresacme\",\"https:\\\/\\\/www.instagram.com\\\/creadoresacme\\\/\"]},{\"@type\":\"Person\",\"@id\":\"https:\\\/\\\/creadores.org\\\/en\\\/#\\\/schema\\\/person\\\/fdf61cde9f2e71e9cefe26613b50a079\",\"name\":\"Felipe\"}]}<\/script>\n<!-- \/ Yoast SEO plugin. -->","yoast_head_json":{"title":"Odette \u00c1lvarez returns to her origins - Asociaci\u00f3n Creadores de Moda de Espa\u00f1a | ACME","robots":{"index":"index","follow":"follow","max-snippet":"max-snippet:-1","max-image-preview":"max-image-preview:large","max-video-preview":"max-video-preview:-1"},"canonical":"https:\/\/creadores.org\/en\/odette-alvarez-regresa-a-sus-origenes\/","og_locale":"en_US","og_type":"article","og_title":"Odette \u00c1lvarez returns to her origins - Asociaci\u00f3n Creadores de Moda de Espa\u00f1a | ACME","og_description":"Odette \u00c1lvarez&#8216;s new collection at Mercedes Benz Fashion Week Madrid, titled &#8216;\u00c1NGELA FALL 24&#8216;, is a return to her origins, aesthetics and the emblematic pieces with which she managed to make her way in the fashion world, with the always present boho chic spirit, the inspiration of the 70s and the richness of materials and [&hellip;]","og_url":"https:\/\/creadores.org\/en\/odette-alvarez-regresa-a-sus-origenes\/","og_site_name":"Asociaci\u00f3n Creadores de Moda de Espa\u00f1a | ACME","article_publisher":"https:\/\/www.facebook.com\/Asociaci%c3%b3n-Creadores-de-Moda-de-Espa%c3%b1a-297009471514\/","article_published_time":"2024-02-18T14:12:17+00:00","article_modified_time":"2025-06-21T10:51:07+00:00","og_image":[{"width":1200,"height":800,"url":"https:\/\/creadores.org\/wp-content\/uploads\/2024\/02\/odette-alvarez-oi24-web-acme.jpg","type":"image\/jpeg"}],"author":"Felipe","twitter_card":"summary_large_image","twitter_creator":"@creadoresacme","twitter_site":"@creadoresacme","twitter_misc":{"Written by":"Felipe","Est. reading time":"1 minute"},"schema":{"@context":"https:\/\/schema.org","@graph":[{"@type":"Article","@id":"https:\/\/creadores.org\/en\/odette-alvarez-regresa-a-sus-origenes\/#article","isPartOf":{"@id":"https:\/\/creadores.org\/en\/odette-alvarez-regresa-a-sus-origenes\/"},"author":{"name":"Felipe","@id":"https:\/\/creadores.org\/en\/#\/schema\/person\/fdf61cde9f2e71e9cefe26613b50a079"},"headline":"Odette \u00c1lvarez returns to her origins","datePublished":"2024-02-18T14:12:17+00:00","dateModified":"2025-06-21T10:51:07+00:00","mainEntityOfPage":{"@id":"https:\/\/creadores.org\/en\/odette-alvarez-regresa-a-sus-origenes\/"},"wordCount":162,"publisher":{"@id":"https:\/\/creadores.org\/en\/#organization"},"image":{"@id":"https:\/\/creadores.org\/en\/odette-alvarez-regresa-a-sus-origenes\/#primaryimage"},"thumbnailUrl":"https:\/\/creadores.org\/wp-content\/uploads\/2024\/02\/odette-alvarez-oi24-web-acme.jpg","articleSection":["Fall Winter 2024","Oto\u00f1o-Invierno 2024"],"inLanguage":"en-US"},{"@type":"WebPage","@id":"https:\/\/creadores.org\/en\/odette-alvarez-regresa-a-sus-origenes\/","url":"https:\/\/creadores.org\/en\/odette-alvarez-regresa-a-sus-origenes\/","name":"Odette \u00c1lvarez returns to her origins - Asociaci\u00f3n Creadores de Moda de Espa\u00f1a | ACME","isPartOf":{"@id":"https:\/\/creadores.org\/en\/#website"},"primaryImageOfPage":{"@id":"https:\/\/creadores.org\/en\/odette-alvarez-regresa-a-sus-origenes\/#primaryimage"},"image":{"@id":"https:\/\/creadores.org\/en\/odette-alvarez-regresa-a-sus-origenes\/#primaryimage"},"thumbnailUrl":"https:\/\/creadores.org\/wp-content\/uploads\/2024\/02\/odette-alvarez-oi24-web-acme.jpg","datePublished":"2024-02-18T14:12:17+00:00","dateModified":"2025-06-21T10:51:07+00:00","breadcrumb":{"@id":"https:\/\/creadores.org\/en\/odette-alvarez-regresa-a-sus-origenes\/#breadcrumb"},"inLanguage":"en-US","potentialAction":[{"@type":"ReadAction","target":["https:\/\/creadores.org\/en\/odette-alvarez-regresa-a-sus-origenes\/"]}]},{"@type":"ImageObject","inLanguage":"en-US","@id":"https:\/\/creadores.org\/en\/odette-alvarez-regresa-a-sus-origenes\/#primaryimage","url":"https:\/\/creadores.org\/wp-content\/uploads\/2024\/02\/odette-alvarez-oi24-web-acme.jpg","contentUrl":"https:\/\/creadores.org\/wp-content\/uploads\/2024\/02\/odette-alvarez-oi24-web-acme.jpg","width":1200,"height":800},{"@type":"BreadcrumbList","@id":"https:\/\/creadores.org\/en\/odette-alvarez-regresa-a-sus-origenes\/#breadcrumb","itemListElement":[{"@type":"ListItem","position":1,"name":"Portada","item":"https:\/\/creadores.org\/en\/"},{"@type":"ListItem","position":2,"name":"Odette \u00c1lvarez returns to her origins"}]},{"@type":"WebSite","@id":"https:\/\/creadores.org\/en\/#website","url":"https:\/\/creadores.org\/en\/","name":"Asociaci\u00f3n Creadores de Moda de Espa\u00f1a | ACME","description":"La Asociaci\u00f3n Creadores de Moda de Espa\u00f1a (ACME) es una organizaci\u00f3n profesional sin \u00e1nimo de lucro fundada en 1988","publisher":{"@id":"https:\/\/creadores.org\/en\/#organization"},"potentialAction":[{"@type":"SearchAction","target":{"@type":"EntryPoint","urlTemplate":"https:\/\/creadores.org\/en\/?s={search_term_string}"},"query-input":{"@type":"PropertyValueSpecification","valueRequired":true,"valueName":"search_term_string"}}],"inLanguage":"en-US"},{"@type":"Organization","@id":"https:\/\/creadores.org\/en\/#organization","name":"Asociaci\u00f3n Creadores de Moda de Espa\u00f1a | ACME","url":"https:\/\/creadores.org\/en\/","logo":{"@type":"ImageObject","inLanguage":"en-US","@id":"https:\/\/creadores.org\/en\/#\/schema\/logo\/image\/","url":"https:\/\/creadores.org\/wp-content\/uploads\/2025\/06\/acme-logo.svg","contentUrl":"https:\/\/creadores.org\/wp-content\/uploads\/2025\/06\/acme-logo.svg","width":650,"height":119,"caption":"Asociaci\u00f3n Creadores de Moda de Espa\u00f1a | ACME"},"image":{"@id":"https:\/\/creadores.org\/en\/#\/schema\/logo\/image\/"},"sameAs":["https:\/\/www.facebook.com\/Asociaci\u00f3n-Creadores-de-Moda-de-Espa\u00f1a-297009471514\/","https:\/\/x.com\/creadoresacme","https:\/\/www.instagram.com\/creadoresacme\/"]},{"@type":"Person","@id":"https:\/\/creadores.org\/en\/#\/schema\/person\/fdf61cde9f2e71e9cefe26613b50a079","name":"Felipe"}]}},"_links":{"self":[{"href":"https:\/\/creadores.org\/en\/wp-json\/wp\/v2\/posts\/62903","targetHints":{"allow":["GET"]}}],"collection":[{"href":"https:\/\/creadores.org\/en\/wp-json\/wp\/v2\/posts"}],"about":[{"href":"https:\/\/creadores.org\/en\/wp-json\/wp\/v2\/types\/post"}],"author":[{"embeddable":true,"href":"https:\/\/creadores.org\/en\/wp-json\/wp\/v2\/users\/4"}],"replies":[{"embeddable":true,"href":"https:\/\/creadores.org\/en\/wp-json\/wp\/v2\/comments?post=62903"}],"version-history":[{"count":1,"href":"https:\/\/creadores.org\/en\/wp-json\/wp\/v2\/posts\/62903\/revisions"}],"predecessor-version":[{"id":72515,"href":"https:\/\/creadores.org\/en\/wp-json\/wp\/v2\/posts\/62903\/revisions\/72515"}],"wp:featuredmedia":[{"embeddable":true,"href":"https:\/\/creadores.org\/en\/wp-json\/wp\/v2\/media\/61993"}],"wp:attachment":[{"href":"https:\/\/creadores.org\/en\/wp-json\/wp\/v2\/media?parent=62903"}],"wp:term":[{"taxonomy":"category","embeddable":true,"href":"https:\/\/creadores.org\/en\/wp-json\/wp\/v2\/categories?post=62903"},{"taxonomy":"post_tag","embeddable":true,"href":"https:\/\/creadores.org\/en\/wp-json\/wp\/v2\/tags?post=62903"}],"curies":[{"name":"wp","href":"https:\/\/api.w.org\/{rel}","templated":true}]}}