{"id":64630,"date":"2024-07-10T10:38:19","date_gmt":"2024-07-10T08:38:19","guid":{"rendered":"https:\/\/creadores.org\/tous-y-elisava-crean-un-nuevo-programa-educativo-para-el-impulso-del-diseno-la-innovacion-y-la-creatividad-empresarial\/"},"modified":"2025-06-21T12:51:28","modified_gmt":"2025-06-21T10:51:28","slug":"tous-y-elisava-crean-un-nuevo-programa-educativo-para-el-impulso-del-diseno-la-innovacion-y-la-creatividad-empresarial","status":"publish","type":"post","link":"https:\/\/creadores.org\/en\/tous-y-elisava-crean-un-nuevo-programa-educativo-para-el-impulso-del-diseno-la-innovacion-y-la-creatividad-empresarial\/","title":{"rendered":"TOUS and Elisava create a new educational program to promote business design, innovation and creativity"},"content":{"rendered":"<p><span style=\"font-weight: 400;\"><a href=\"https:\/\/www.tous.com\/\" target=\"_blank\" rel=\"noopener noreferrer nofollow\"><strong>TOUS<\/strong><\/a>, the jewelry brand that makes creativity and self-expression shine, has signed an agreement with <a href=\"https:\/\/www.elisava.net\/\" target=\"_blank\" rel=\"noopener noreferrer nofollow\"><strong>Elisava<\/strong><\/a>, the prestigious Faculty of Design and Engineering in Barcelona, for the creation of a unique pedagogical program that will promote innovation and creative training among the new generations of professionals. The project plans to incorporate new, ongoing training studies at Elisava with the jewelry firm&#8217;s own methodology and a special focus on innovation and design, hence promoting a transformative educational experience that inspires change.<\/span><\/p>\n<p><span style=\"font-weight: 400;\">The initiative, whose definitive roadmap will be outlined in the following months, will be impregnated by a strong component of creativity in design, with the aim of introducing this concept globally in the future professionals conception of business: from the product&#8217;s origin, to the importance of the point of sale or retail architecture, including the brand and the comprehensive construction of customer experience. Likewise, the project will establish new connections with the global creative ecosystem for the TOUS brand, thus allowing it to strengthen its commitment to contributing to society.<\/span><\/p>\n<p><span style=\"font-weight: 400;\">With this project, the renowned Elisava design school and TOUS take on the challenge of creating an educational program of excellence, prestige and international outreach, which will foster the role of design and creativity in a business reality while promoting the connection between the academic world and the new professional profiles demanded by creative industries.<\/span><\/p>\n<p><span style=\"font-weight: 400;\">The program will take place at the Elisava facilities, and also at TOUS, with the aim of providing the students to experience the reality of a business based on creativity, innovation and design. Achieving this through inspirational sessions with TOUS managers and creatives, among whom are the brand&#8217;s Vice President and Reach &amp; Relevance Officer <strong>Rosa Tous<\/strong>, as well as <strong>Marta Tous<\/strong>, art director of TOUS and director of SUOT Studio.<\/span><\/p>\n","protected":false},"excerpt":{"rendered":"<p>TOUS, the jewelry brand that makes creativity and self-expression shine, has signed an agreement with Elisava, the prestigious Faculty of Design and Engineering in Barcelona, for the creation of a unique pedagogical program that will promote innovation and creative training among the new generations of professionals. The project plans to incorporate new, ongoing training studies [&hellip;]<\/p>\n","protected":false},"author":4,"featured_media":64604,"comment_status":"closed","ping_status":"closed","sticky":false,"template":"","format":"standard","meta":{"footnotes":""},"categories":[6],"tags":[],"class_list":["post-64630","post","type-post","status-publish","format-standard","has-post-thumbnail","hentry","category-noticias"],"yoast_head":"<!-- This site is optimized with the Yoast SEO plugin v27.4 - https:\/\/yoast.com\/product\/yoast-seo-wordpress\/ -->\n<title>TOUS and Elisava create a new educational program to promote business design, innovation and creativity - Asociaci\u00f3n Creadores de Moda de Espa\u00f1a | ACME<\/title>\n<meta name=\"robots\" content=\"index, follow, max-snippet:-1, max-image-preview:large, max-video-preview:-1\" \/>\n<link rel=\"canonical\" href=\"https:\/\/creadores.org\/en\/tous-y-elisava-crean-un-nuevo-programa-educativo-para-el-impulso-del-diseno-la-innovacion-y-la-creatividad-empresarial\/\" \/>\n<meta property=\"og:locale\" content=\"en_US\" \/>\n<meta property=\"og:type\" content=\"article\" \/>\n<meta property=\"og:title\" content=\"TOUS and Elisava create a new educational program to promote business design, innovation and creativity - Asociaci\u00f3n Creadores de Moda de Espa\u00f1a | ACME\" \/>\n<meta property=\"og:description\" content=\"TOUS, the jewelry brand that makes creativity and self-expression shine, has signed an agreement with Elisava, the prestigious Faculty of Design and Engineering in Barcelona, for the creation of a unique pedagogical program that will promote innovation and creative training among the new generations of professionals. The project plans to incorporate new, ongoing training studies [&hellip;]\" \/>\n<meta property=\"og:url\" content=\"https:\/\/creadores.org\/en\/tous-y-elisava-crean-un-nuevo-programa-educativo-para-el-impulso-del-diseno-la-innovacion-y-la-creatividad-empresarial\/\" \/>\n<meta property=\"og:site_name\" content=\"Asociaci\u00f3n Creadores de Moda de Espa\u00f1a | ACME\" \/>\n<meta property=\"article:publisher\" content=\"https:\/\/www.facebook.com\/Asociaci%c3%b3n-Creadores-de-Moda-de-Espa%c3%b1a-297009471514\/\" \/>\n<meta property=\"article:published_time\" content=\"2024-07-10T08:38:19+00:00\" \/>\n<meta property=\"article:modified_time\" content=\"2025-06-21T10:51:28+00:00\" \/>\n<meta property=\"og:image\" content=\"https:\/\/creadores.org\/wp-content\/uploads\/2024\/07\/Tous-Elisava-1_PORTADA_Q9A8853-1.jpg\" \/>\n\t<meta property=\"og:image:width\" content=\"1200\" \/>\n\t<meta property=\"og:image:height\" content=\"800\" \/>\n\t<meta property=\"og:image:type\" content=\"image\/jpeg\" \/>\n<meta name=\"author\" content=\"Felipe\" \/>\n<meta name=\"twitter:card\" content=\"summary_large_image\" \/>\n<meta name=\"twitter:creator\" content=\"@creadoresacme\" \/>\n<meta name=\"twitter:site\" content=\"@creadoresacme\" \/>\n<meta name=\"twitter:label1\" content=\"Written by\" \/>\n\t<meta name=\"twitter:data1\" content=\"Felipe\" \/>\n\t<meta name=\"twitter:label2\" content=\"Est. reading time\" \/>\n\t<meta name=\"twitter:data2\" content=\"2 minutes\" \/>\n<script type=\"application\/ld+json\" class=\"yoast-schema-graph\">{\"@context\":\"https:\\\/\\\/schema.org\",\"@graph\":[{\"@type\":\"Article\",\"@id\":\"https:\\\/\\\/creadores.org\\\/en\\\/tous-y-elisava-crean-un-nuevo-programa-educativo-para-el-impulso-del-diseno-la-innovacion-y-la-creatividad-empresarial\\\/#article\",\"isPartOf\":{\"@id\":\"https:\\\/\\\/creadores.org\\\/en\\\/tous-y-elisava-crean-un-nuevo-programa-educativo-para-el-impulso-del-diseno-la-innovacion-y-la-creatividad-empresarial\\\/\"},\"author\":{\"name\":\"Felipe\",\"@id\":\"https:\\\/\\\/creadores.org\\\/en\\\/#\\\/schema\\\/person\\\/fdf61cde9f2e71e9cefe26613b50a079\"},\"headline\":\"TOUS and Elisava create a new educational program to promote business design, innovation and creativity\",\"datePublished\":\"2024-07-10T08:38:19+00:00\",\"dateModified\":\"2025-06-21T10:51:28+00:00\",\"mainEntityOfPage\":{\"@id\":\"https:\\\/\\\/creadores.org\\\/en\\\/tous-y-elisava-crean-un-nuevo-programa-educativo-para-el-impulso-del-diseno-la-innovacion-y-la-creatividad-empresarial\\\/\"},\"wordCount\":314,\"publisher\":{\"@id\":\"https:\\\/\\\/creadores.org\\\/en\\\/#organization\"},\"image\":{\"@id\":\"https:\\\/\\\/creadores.org\\\/en\\\/tous-y-elisava-crean-un-nuevo-programa-educativo-para-el-impulso-del-diseno-la-innovacion-y-la-creatividad-empresarial\\\/#primaryimage\"},\"thumbnailUrl\":\"https:\\\/\\\/creadores.org\\\/wp-content\\\/uploads\\\/2024\\\/07\\\/Tous-Elisava-1_PORTADA_Q9A8853-1.jpg\",\"articleSection\":[\"Noticias\"],\"inLanguage\":\"en-US\"},{\"@type\":\"WebPage\",\"@id\":\"https:\\\/\\\/creadores.org\\\/en\\\/tous-y-elisava-crean-un-nuevo-programa-educativo-para-el-impulso-del-diseno-la-innovacion-y-la-creatividad-empresarial\\\/\",\"url\":\"https:\\\/\\\/creadores.org\\\/en\\\/tous-y-elisava-crean-un-nuevo-programa-educativo-para-el-impulso-del-diseno-la-innovacion-y-la-creatividad-empresarial\\\/\",\"name\":\"TOUS and Elisava create a new educational program to promote business design, innovation and creativity - Asociaci\u00f3n Creadores de Moda de Espa\u00f1a | ACME\",\"isPartOf\":{\"@id\":\"https:\\\/\\\/creadores.org\\\/en\\\/#website\"},\"primaryImageOfPage\":{\"@id\":\"https:\\\/\\\/creadores.org\\\/en\\\/tous-y-elisava-crean-un-nuevo-programa-educativo-para-el-impulso-del-diseno-la-innovacion-y-la-creatividad-empresarial\\\/#primaryimage\"},\"image\":{\"@id\":\"https:\\\/\\\/creadores.org\\\/en\\\/tous-y-elisava-crean-un-nuevo-programa-educativo-para-el-impulso-del-diseno-la-innovacion-y-la-creatividad-empresarial\\\/#primaryimage\"},\"thumbnailUrl\":\"https:\\\/\\\/creadores.org\\\/wp-content\\\/uploads\\\/2024\\\/07\\\/Tous-Elisava-1_PORTADA_Q9A8853-1.jpg\",\"datePublished\":\"2024-07-10T08:38:19+00:00\",\"dateModified\":\"2025-06-21T10:51:28+00:00\",\"breadcrumb\":{\"@id\":\"https:\\\/\\\/creadores.org\\\/en\\\/tous-y-elisava-crean-un-nuevo-programa-educativo-para-el-impulso-del-diseno-la-innovacion-y-la-creatividad-empresarial\\\/#breadcrumb\"},\"inLanguage\":\"en-US\",\"potentialAction\":[{\"@type\":\"ReadAction\",\"target\":[\"https:\\\/\\\/creadores.org\\\/en\\\/tous-y-elisava-crean-un-nuevo-programa-educativo-para-el-impulso-del-diseno-la-innovacion-y-la-creatividad-empresarial\\\/\"]}]},{\"@type\":\"ImageObject\",\"inLanguage\":\"en-US\",\"@id\":\"https:\\\/\\\/creadores.org\\\/en\\\/tous-y-elisava-crean-un-nuevo-programa-educativo-para-el-impulso-del-diseno-la-innovacion-y-la-creatividad-empresarial\\\/#primaryimage\",\"url\":\"https:\\\/\\\/creadores.org\\\/wp-content\\\/uploads\\\/2024\\\/07\\\/Tous-Elisava-1_PORTADA_Q9A8853-1.jpg\",\"contentUrl\":\"https:\\\/\\\/creadores.org\\\/wp-content\\\/uploads\\\/2024\\\/07\\\/Tous-Elisava-1_PORTADA_Q9A8853-1.jpg\",\"width\":1200,\"height\":800},{\"@type\":\"BreadcrumbList\",\"@id\":\"https:\\\/\\\/creadores.org\\\/en\\\/tous-y-elisava-crean-un-nuevo-programa-educativo-para-el-impulso-del-diseno-la-innovacion-y-la-creatividad-empresarial\\\/#breadcrumb\",\"itemListElement\":[{\"@type\":\"ListItem\",\"position\":1,\"name\":\"Portada\",\"item\":\"https:\\\/\\\/creadores.org\\\/en\\\/\"},{\"@type\":\"ListItem\",\"position\":2,\"name\":\"TOUS and Elisava create a new educational program to promote business design, innovation and creativity\"}]},{\"@type\":\"WebSite\",\"@id\":\"https:\\\/\\\/creadores.org\\\/en\\\/#website\",\"url\":\"https:\\\/\\\/creadores.org\\\/en\\\/\",\"name\":\"Asociaci\u00f3n Creadores de Moda de Espa\u00f1a | ACME\",\"description\":\"La Asociaci\u00f3n Creadores de Moda de Espa\u00f1a (ACME) es una organizaci\u00f3n profesional sin \u00e1nimo de lucro fundada en 1988\",\"publisher\":{\"@id\":\"https:\\\/\\\/creadores.org\\\/en\\\/#organization\"},\"potentialAction\":[{\"@type\":\"SearchAction\",\"target\":{\"@type\":\"EntryPoint\",\"urlTemplate\":\"https:\\\/\\\/creadores.org\\\/en\\\/?s={search_term_string}\"},\"query-input\":{\"@type\":\"PropertyValueSpecification\",\"valueRequired\":true,\"valueName\":\"search_term_string\"}}],\"inLanguage\":\"en-US\"},{\"@type\":\"Organization\",\"@id\":\"https:\\\/\\\/creadores.org\\\/en\\\/#organization\",\"name\":\"Asociaci\u00f3n Creadores de Moda de Espa\u00f1a | ACME\",\"url\":\"https:\\\/\\\/creadores.org\\\/en\\\/\",\"logo\":{\"@type\":\"ImageObject\",\"inLanguage\":\"en-US\",\"@id\":\"https:\\\/\\\/creadores.org\\\/en\\\/#\\\/schema\\\/logo\\\/image\\\/\",\"url\":\"https:\\\/\\\/creadores.org\\\/wp-content\\\/uploads\\\/2025\\\/06\\\/acme-logo.svg\",\"contentUrl\":\"https:\\\/\\\/creadores.org\\\/wp-content\\\/uploads\\\/2025\\\/06\\\/acme-logo.svg\",\"width\":650,\"height\":119,\"caption\":\"Asociaci\u00f3n Creadores de Moda de Espa\u00f1a | ACME\"},\"image\":{\"@id\":\"https:\\\/\\\/creadores.org\\\/en\\\/#\\\/schema\\\/logo\\\/image\\\/\"},\"sameAs\":[\"https:\\\/\\\/www.facebook.com\\\/Asociaci\u00f3n-Creadores-de-Moda-de-Espa\u00f1a-297009471514\\\/\",\"https:\\\/\\\/x.com\\\/creadoresacme\",\"https:\\\/\\\/www.instagram.com\\\/creadoresacme\\\/\"]},{\"@type\":\"Person\",\"@id\":\"https:\\\/\\\/creadores.org\\\/en\\\/#\\\/schema\\\/person\\\/fdf61cde9f2e71e9cefe26613b50a079\",\"name\":\"Felipe\"}]}<\/script>\n<!-- \/ Yoast SEO plugin. -->","yoast_head_json":{"title":"TOUS and Elisava create a new educational program to promote business design, innovation and creativity - Asociaci\u00f3n Creadores de Moda de Espa\u00f1a | ACME","robots":{"index":"index","follow":"follow","max-snippet":"max-snippet:-1","max-image-preview":"max-image-preview:large","max-video-preview":"max-video-preview:-1"},"canonical":"https:\/\/creadores.org\/en\/tous-y-elisava-crean-un-nuevo-programa-educativo-para-el-impulso-del-diseno-la-innovacion-y-la-creatividad-empresarial\/","og_locale":"en_US","og_type":"article","og_title":"TOUS and Elisava create a new educational program to promote business design, innovation and creativity - Asociaci\u00f3n Creadores de Moda de Espa\u00f1a | ACME","og_description":"TOUS, the jewelry brand that makes creativity and self-expression shine, has signed an agreement with Elisava, the prestigious Faculty of Design and Engineering in Barcelona, for the creation of a unique pedagogical program that will promote innovation and creative training among the new generations of professionals. The project plans to incorporate new, ongoing training studies [&hellip;]","og_url":"https:\/\/creadores.org\/en\/tous-y-elisava-crean-un-nuevo-programa-educativo-para-el-impulso-del-diseno-la-innovacion-y-la-creatividad-empresarial\/","og_site_name":"Asociaci\u00f3n Creadores de Moda de Espa\u00f1a | ACME","article_publisher":"https:\/\/www.facebook.com\/Asociaci%c3%b3n-Creadores-de-Moda-de-Espa%c3%b1a-297009471514\/","article_published_time":"2024-07-10T08:38:19+00:00","article_modified_time":"2025-06-21T10:51:28+00:00","og_image":[{"width":1200,"height":800,"url":"https:\/\/creadores.org\/wp-content\/uploads\/2024\/07\/Tous-Elisava-1_PORTADA_Q9A8853-1.jpg","type":"image\/jpeg"}],"author":"Felipe","twitter_card":"summary_large_image","twitter_creator":"@creadoresacme","twitter_site":"@creadoresacme","twitter_misc":{"Written by":"Felipe","Est. reading time":"2 minutes"},"schema":{"@context":"https:\/\/schema.org","@graph":[{"@type":"Article","@id":"https:\/\/creadores.org\/en\/tous-y-elisava-crean-un-nuevo-programa-educativo-para-el-impulso-del-diseno-la-innovacion-y-la-creatividad-empresarial\/#article","isPartOf":{"@id":"https:\/\/creadores.org\/en\/tous-y-elisava-crean-un-nuevo-programa-educativo-para-el-impulso-del-diseno-la-innovacion-y-la-creatividad-empresarial\/"},"author":{"name":"Felipe","@id":"https:\/\/creadores.org\/en\/#\/schema\/person\/fdf61cde9f2e71e9cefe26613b50a079"},"headline":"TOUS and Elisava create a new educational program to promote business design, innovation and creativity","datePublished":"2024-07-10T08:38:19+00:00","dateModified":"2025-06-21T10:51:28+00:00","mainEntityOfPage":{"@id":"https:\/\/creadores.org\/en\/tous-y-elisava-crean-un-nuevo-programa-educativo-para-el-impulso-del-diseno-la-innovacion-y-la-creatividad-empresarial\/"},"wordCount":314,"publisher":{"@id":"https:\/\/creadores.org\/en\/#organization"},"image":{"@id":"https:\/\/creadores.org\/en\/tous-y-elisava-crean-un-nuevo-programa-educativo-para-el-impulso-del-diseno-la-innovacion-y-la-creatividad-empresarial\/#primaryimage"},"thumbnailUrl":"https:\/\/creadores.org\/wp-content\/uploads\/2024\/07\/Tous-Elisava-1_PORTADA_Q9A8853-1.jpg","articleSection":["Noticias"],"inLanguage":"en-US"},{"@type":"WebPage","@id":"https:\/\/creadores.org\/en\/tous-y-elisava-crean-un-nuevo-programa-educativo-para-el-impulso-del-diseno-la-innovacion-y-la-creatividad-empresarial\/","url":"https:\/\/creadores.org\/en\/tous-y-elisava-crean-un-nuevo-programa-educativo-para-el-impulso-del-diseno-la-innovacion-y-la-creatividad-empresarial\/","name":"TOUS and Elisava create a new educational program to promote business design, innovation and creativity - Asociaci\u00f3n Creadores de Moda de Espa\u00f1a | ACME","isPartOf":{"@id":"https:\/\/creadores.org\/en\/#website"},"primaryImageOfPage":{"@id":"https:\/\/creadores.org\/en\/tous-y-elisava-crean-un-nuevo-programa-educativo-para-el-impulso-del-diseno-la-innovacion-y-la-creatividad-empresarial\/#primaryimage"},"image":{"@id":"https:\/\/creadores.org\/en\/tous-y-elisava-crean-un-nuevo-programa-educativo-para-el-impulso-del-diseno-la-innovacion-y-la-creatividad-empresarial\/#primaryimage"},"thumbnailUrl":"https:\/\/creadores.org\/wp-content\/uploads\/2024\/07\/Tous-Elisava-1_PORTADA_Q9A8853-1.jpg","datePublished":"2024-07-10T08:38:19+00:00","dateModified":"2025-06-21T10:51:28+00:00","breadcrumb":{"@id":"https:\/\/creadores.org\/en\/tous-y-elisava-crean-un-nuevo-programa-educativo-para-el-impulso-del-diseno-la-innovacion-y-la-creatividad-empresarial\/#breadcrumb"},"inLanguage":"en-US","potentialAction":[{"@type":"ReadAction","target":["https:\/\/creadores.org\/en\/tous-y-elisava-crean-un-nuevo-programa-educativo-para-el-impulso-del-diseno-la-innovacion-y-la-creatividad-empresarial\/"]}]},{"@type":"ImageObject","inLanguage":"en-US","@id":"https:\/\/creadores.org\/en\/tous-y-elisava-crean-un-nuevo-programa-educativo-para-el-impulso-del-diseno-la-innovacion-y-la-creatividad-empresarial\/#primaryimage","url":"https:\/\/creadores.org\/wp-content\/uploads\/2024\/07\/Tous-Elisava-1_PORTADA_Q9A8853-1.jpg","contentUrl":"https:\/\/creadores.org\/wp-content\/uploads\/2024\/07\/Tous-Elisava-1_PORTADA_Q9A8853-1.jpg","width":1200,"height":800},{"@type":"BreadcrumbList","@id":"https:\/\/creadores.org\/en\/tous-y-elisava-crean-un-nuevo-programa-educativo-para-el-impulso-del-diseno-la-innovacion-y-la-creatividad-empresarial\/#breadcrumb","itemListElement":[{"@type":"ListItem","position":1,"name":"Portada","item":"https:\/\/creadores.org\/en\/"},{"@type":"ListItem","position":2,"name":"TOUS and Elisava create a new educational program to promote business design, innovation and creativity"}]},{"@type":"WebSite","@id":"https:\/\/creadores.org\/en\/#website","url":"https:\/\/creadores.org\/en\/","name":"Asociaci\u00f3n Creadores de Moda de Espa\u00f1a | ACME","description":"La Asociaci\u00f3n Creadores de Moda de Espa\u00f1a (ACME) es una organizaci\u00f3n profesional sin \u00e1nimo de lucro fundada en 1988","publisher":{"@id":"https:\/\/creadores.org\/en\/#organization"},"potentialAction":[{"@type":"SearchAction","target":{"@type":"EntryPoint","urlTemplate":"https:\/\/creadores.org\/en\/?s={search_term_string}"},"query-input":{"@type":"PropertyValueSpecification","valueRequired":true,"valueName":"search_term_string"}}],"inLanguage":"en-US"},{"@type":"Organization","@id":"https:\/\/creadores.org\/en\/#organization","name":"Asociaci\u00f3n Creadores de Moda de Espa\u00f1a | ACME","url":"https:\/\/creadores.org\/en\/","logo":{"@type":"ImageObject","inLanguage":"en-US","@id":"https:\/\/creadores.org\/en\/#\/schema\/logo\/image\/","url":"https:\/\/creadores.org\/wp-content\/uploads\/2025\/06\/acme-logo.svg","contentUrl":"https:\/\/creadores.org\/wp-content\/uploads\/2025\/06\/acme-logo.svg","width":650,"height":119,"caption":"Asociaci\u00f3n Creadores de Moda de Espa\u00f1a | ACME"},"image":{"@id":"https:\/\/creadores.org\/en\/#\/schema\/logo\/image\/"},"sameAs":["https:\/\/www.facebook.com\/Asociaci\u00f3n-Creadores-de-Moda-de-Espa\u00f1a-297009471514\/","https:\/\/x.com\/creadoresacme","https:\/\/www.instagram.com\/creadoresacme\/"]},{"@type":"Person","@id":"https:\/\/creadores.org\/en\/#\/schema\/person\/fdf61cde9f2e71e9cefe26613b50a079","name":"Felipe"}]}},"_links":{"self":[{"href":"https:\/\/creadores.org\/en\/wp-json\/wp\/v2\/posts\/64630","targetHints":{"allow":["GET"]}}],"collection":[{"href":"https:\/\/creadores.org\/en\/wp-json\/wp\/v2\/posts"}],"about":[{"href":"https:\/\/creadores.org\/en\/wp-json\/wp\/v2\/types\/post"}],"author":[{"embeddable":true,"href":"https:\/\/creadores.org\/en\/wp-json\/wp\/v2\/users\/4"}],"replies":[{"embeddable":true,"href":"https:\/\/creadores.org\/en\/wp-json\/wp\/v2\/comments?post=64630"}],"version-history":[{"count":1,"href":"https:\/\/creadores.org\/en\/wp-json\/wp\/v2\/posts\/64630\/revisions"}],"predecessor-version":[{"id":72468,"href":"https:\/\/creadores.org\/en\/wp-json\/wp\/v2\/posts\/64630\/revisions\/72468"}],"wp:featuredmedia":[{"embeddable":true,"href":"https:\/\/creadores.org\/en\/wp-json\/wp\/v2\/media\/64604"}],"wp:attachment":[{"href":"https:\/\/creadores.org\/en\/wp-json\/wp\/v2\/media?parent=64630"}],"wp:term":[{"taxonomy":"category","embeddable":true,"href":"https:\/\/creadores.org\/en\/wp-json\/wp\/v2\/categories?post=64630"},{"taxonomy":"post_tag","embeddable":true,"href":"https:\/\/creadores.org\/en\/wp-json\/wp\/v2\/tags?post=64630"}],"curies":[{"name":"wp","href":"https:\/\/api.w.org\/{rel}","templated":true}]}}