{"id":66017,"date":"2024-09-17T09:37:31","date_gmt":"2024-09-17T07:37:31","guid":{"rendered":"https:\/\/creadores.org\/custo-libertad-e-innovacion\/"},"modified":"2025-06-21T12:51:38","modified_gmt":"2025-06-21T10:51:38","slug":"custo-libertad-e-innovacion","status":"publish","type":"post","link":"https:\/\/creadores.org\/en\/custo-libertad-e-innovacion\/","title":{"rendered":"Custo, freedom and innovation"},"content":{"rendered":"<p><a href=\"https:\/\/es.custo.com\/\" target=\"_blank\" rel=\"noopener noreferrer nofollow\"><strong>Custo Barcelona<\/strong><\/a>&#8216;s creative director, <strong>Custo Dalmau<\/strong>, presents his &#8220;<strong>Come and See<\/strong>&#8221; fashion collection at <strong>Mercedes-Benz Fashion Week Madrid<\/strong>, an invitation to enjoy the free and spontaneous spirit of the modern woman as conceived by the brand: independent, natural, and with an overly advanced language in visual communication.<\/p>\n<p>Creativity and colour at their highest level explode in a compelling and powerful declination of pieces made with innovative and experimental fabrics where dresses stand out, together with tailored trousers, creating a unique and original style code.<\/p>\n<p>The vibrant colour palette and the graphic elements reinforce the fashion show&#8217;s visual experience. It is precisely the latter, which is in the brand&#8217;s DNA, that stands out with renewed vigour in this collection.<\/p>\n","protected":false},"excerpt":{"rendered":"<p>Custo Barcelona&#8216;s creative director, Custo Dalmau, presents his &#8220;Come and See&#8221; fashion collection at Mercedes-Benz Fashion Week Madrid, an invitation to enjoy the free and spontaneous spirit of the modern woman as conceived by the brand: independent, natural, and with an overly advanced language in visual communication. Creativity and colour at their highest level explode [&hellip;]<\/p>\n","protected":false},"author":4,"featured_media":81956,"comment_status":"closed","ping_status":"closed","sticky":false,"template":"","format":"standard","meta":{"footnotes":""},"categories":[1399],"tags":[],"class_list":["post-66017","post","type-post","status-publish","format-standard","has-post-thumbnail","hentry","category-primavera-verano-2025"],"yoast_head":"<!-- This site is optimized with the Yoast SEO plugin v27.4 - https:\/\/yoast.com\/product\/yoast-seo-wordpress\/ -->\n<title>Custo, freedom and innovation - Asociaci\u00f3n Creadores de Moda de Espa\u00f1a | ACME<\/title>\n<meta name=\"robots\" content=\"index, follow, max-snippet:-1, max-image-preview:large, max-video-preview:-1\" \/>\n<link rel=\"canonical\" href=\"https:\/\/creadores.org\/en\/custo-libertad-e-innovacion\/\" \/>\n<meta property=\"og:locale\" content=\"en_US\" \/>\n<meta property=\"og:type\" content=\"article\" \/>\n<meta property=\"og:title\" content=\"Custo, freedom and innovation - Asociaci\u00f3n Creadores de Moda de Espa\u00f1a | ACME\" \/>\n<meta property=\"og:description\" content=\"Custo Barcelona&#8216;s creative director, Custo Dalmau, presents his &#8220;Come and See&#8221; fashion collection at Mercedes-Benz Fashion Week Madrid, an invitation to enjoy the free and spontaneous spirit of the modern woman as conceived by the brand: independent, natural, and with an overly advanced language in visual communication. Creativity and colour at their highest level explode [&hellip;]\" \/>\n<meta property=\"og:url\" content=\"https:\/\/creadores.org\/en\/custo-libertad-e-innovacion\/\" \/>\n<meta property=\"og:site_name\" content=\"Asociaci\u00f3n Creadores de Moda de Espa\u00f1a | ACME\" \/>\n<meta property=\"article:publisher\" content=\"https:\/\/www.facebook.com\/Asociaci%c3%b3n-Creadores-de-Moda-de-Espa%c3%b1a-297009471514\/\" \/>\n<meta property=\"article:published_time\" content=\"2024-09-17T07:37:31+00:00\" \/>\n<meta property=\"article:modified_time\" content=\"2025-06-21T10:51:38+00:00\" \/>\n<meta property=\"og:image\" content=\"https:\/\/creadores.org\/wp-content\/uploads\/2024\/09\/custo-barcelona-pv25-acme-pablo-paniagua-0023-e1726343424757.jpg\" \/>\n\t<meta property=\"og:image:width\" content=\"1920\" \/>\n\t<meta property=\"og:image:height\" content=\"1080\" \/>\n\t<meta property=\"og:image:type\" content=\"image\/jpeg\" \/>\n<meta name=\"author\" content=\"Felipe\" \/>\n<meta name=\"twitter:card\" content=\"summary_large_image\" \/>\n<meta name=\"twitter:creator\" content=\"@creadoresacme\" \/>\n<meta name=\"twitter:site\" content=\"@creadoresacme\" \/>\n<meta name=\"twitter:label1\" content=\"Written by\" \/>\n\t<meta name=\"twitter:data1\" content=\"Felipe\" \/>\n\t<meta name=\"twitter:label2\" content=\"Est. reading time\" \/>\n\t<meta name=\"twitter:data2\" content=\"1 minute\" \/>\n<script type=\"application\/ld+json\" class=\"yoast-schema-graph\">{\"@context\":\"https:\\\/\\\/schema.org\",\"@graph\":[{\"@type\":\"Article\",\"@id\":\"https:\\\/\\\/creadores.org\\\/en\\\/custo-libertad-e-innovacion\\\/#article\",\"isPartOf\":{\"@id\":\"https:\\\/\\\/creadores.org\\\/en\\\/custo-libertad-e-innovacion\\\/\"},\"author\":{\"name\":\"Felipe\",\"@id\":\"https:\\\/\\\/creadores.org\\\/en\\\/#\\\/schema\\\/person\\\/fdf61cde9f2e71e9cefe26613b50a079\"},\"headline\":\"Custo, freedom and innovation\",\"datePublished\":\"2024-09-17T07:37:31+00:00\",\"dateModified\":\"2025-06-21T10:51:38+00:00\",\"mainEntityOfPage\":{\"@id\":\"https:\\\/\\\/creadores.org\\\/en\\\/custo-libertad-e-innovacion\\\/\"},\"wordCount\":125,\"publisher\":{\"@id\":\"https:\\\/\\\/creadores.org\\\/en\\\/#organization\"},\"image\":{\"@id\":\"https:\\\/\\\/creadores.org\\\/en\\\/custo-libertad-e-innovacion\\\/#primaryimage\"},\"thumbnailUrl\":\"https:\\\/\\\/creadores.org\\\/wp-content\\\/uploads\\\/2025\\\/06\\\/custo-barcelona-pv25-acme-pablo-paniagua-0023.jpg-1.jpg\",\"articleSection\":[\"Primavera-Verano 2025\"],\"inLanguage\":\"en-US\"},{\"@type\":\"WebPage\",\"@id\":\"https:\\\/\\\/creadores.org\\\/en\\\/custo-libertad-e-innovacion\\\/\",\"url\":\"https:\\\/\\\/creadores.org\\\/en\\\/custo-libertad-e-innovacion\\\/\",\"name\":\"Custo, freedom and innovation - Asociaci\u00f3n Creadores de Moda de Espa\u00f1a | ACME\",\"isPartOf\":{\"@id\":\"https:\\\/\\\/creadores.org\\\/en\\\/#website\"},\"primaryImageOfPage\":{\"@id\":\"https:\\\/\\\/creadores.org\\\/en\\\/custo-libertad-e-innovacion\\\/#primaryimage\"},\"image\":{\"@id\":\"https:\\\/\\\/creadores.org\\\/en\\\/custo-libertad-e-innovacion\\\/#primaryimage\"},\"thumbnailUrl\":\"https:\\\/\\\/creadores.org\\\/wp-content\\\/uploads\\\/2025\\\/06\\\/custo-barcelona-pv25-acme-pablo-paniagua-0023.jpg-1.jpg\",\"datePublished\":\"2024-09-17T07:37:31+00:00\",\"dateModified\":\"2025-06-21T10:51:38+00:00\",\"breadcrumb\":{\"@id\":\"https:\\\/\\\/creadores.org\\\/en\\\/custo-libertad-e-innovacion\\\/#breadcrumb\"},\"inLanguage\":\"en-US\",\"potentialAction\":[{\"@type\":\"ReadAction\",\"target\":[\"https:\\\/\\\/creadores.org\\\/en\\\/custo-libertad-e-innovacion\\\/\"]}]},{\"@type\":\"ImageObject\",\"inLanguage\":\"en-US\",\"@id\":\"https:\\\/\\\/creadores.org\\\/en\\\/custo-libertad-e-innovacion\\\/#primaryimage\",\"url\":\"https:\\\/\\\/creadores.org\\\/wp-content\\\/uploads\\\/2025\\\/06\\\/custo-barcelona-pv25-acme-pablo-paniagua-0023.jpg-1.jpg\",\"contentUrl\":\"https:\\\/\\\/creadores.org\\\/wp-content\\\/uploads\\\/2025\\\/06\\\/custo-barcelona-pv25-acme-pablo-paniagua-0023.jpg-1.jpg\",\"width\":1199,\"height\":801},{\"@type\":\"BreadcrumbList\",\"@id\":\"https:\\\/\\\/creadores.org\\\/en\\\/custo-libertad-e-innovacion\\\/#breadcrumb\",\"itemListElement\":[{\"@type\":\"ListItem\",\"position\":1,\"name\":\"Portada\",\"item\":\"https:\\\/\\\/creadores.org\\\/en\\\/\"},{\"@type\":\"ListItem\",\"position\":2,\"name\":\"Custo, freedom and innovation\"}]},{\"@type\":\"WebSite\",\"@id\":\"https:\\\/\\\/creadores.org\\\/en\\\/#website\",\"url\":\"https:\\\/\\\/creadores.org\\\/en\\\/\",\"name\":\"Asociaci\u00f3n Creadores de Moda de Espa\u00f1a | ACME\",\"description\":\"La Asociaci\u00f3n Creadores de Moda de Espa\u00f1a (ACME) es una organizaci\u00f3n profesional sin \u00e1nimo de lucro fundada en 1988\",\"publisher\":{\"@id\":\"https:\\\/\\\/creadores.org\\\/en\\\/#organization\"},\"potentialAction\":[{\"@type\":\"SearchAction\",\"target\":{\"@type\":\"EntryPoint\",\"urlTemplate\":\"https:\\\/\\\/creadores.org\\\/en\\\/?s={search_term_string}\"},\"query-input\":{\"@type\":\"PropertyValueSpecification\",\"valueRequired\":true,\"valueName\":\"search_term_string\"}}],\"inLanguage\":\"en-US\"},{\"@type\":\"Organization\",\"@id\":\"https:\\\/\\\/creadores.org\\\/en\\\/#organization\",\"name\":\"Asociaci\u00f3n Creadores de Moda de Espa\u00f1a | ACME\",\"url\":\"https:\\\/\\\/creadores.org\\\/en\\\/\",\"logo\":{\"@type\":\"ImageObject\",\"inLanguage\":\"en-US\",\"@id\":\"https:\\\/\\\/creadores.org\\\/en\\\/#\\\/schema\\\/logo\\\/image\\\/\",\"url\":\"https:\\\/\\\/creadores.org\\\/wp-content\\\/uploads\\\/2025\\\/06\\\/acme-logo.svg\",\"contentUrl\":\"https:\\\/\\\/creadores.org\\\/wp-content\\\/uploads\\\/2025\\\/06\\\/acme-logo.svg\",\"width\":650,\"height\":119,\"caption\":\"Asociaci\u00f3n Creadores de Moda de Espa\u00f1a | ACME\"},\"image\":{\"@id\":\"https:\\\/\\\/creadores.org\\\/en\\\/#\\\/schema\\\/logo\\\/image\\\/\"},\"sameAs\":[\"https:\\\/\\\/www.facebook.com\\\/Asociaci\u00f3n-Creadores-de-Moda-de-Espa\u00f1a-297009471514\\\/\",\"https:\\\/\\\/x.com\\\/creadoresacme\",\"https:\\\/\\\/www.instagram.com\\\/creadoresacme\\\/\"]},{\"@type\":\"Person\",\"@id\":\"https:\\\/\\\/creadores.org\\\/en\\\/#\\\/schema\\\/person\\\/fdf61cde9f2e71e9cefe26613b50a079\",\"name\":\"Felipe\"}]}<\/script>\n<!-- \/ Yoast SEO plugin. -->","yoast_head_json":{"title":"Custo, freedom and innovation - Asociaci\u00f3n Creadores de Moda de Espa\u00f1a | ACME","robots":{"index":"index","follow":"follow","max-snippet":"max-snippet:-1","max-image-preview":"max-image-preview:large","max-video-preview":"max-video-preview:-1"},"canonical":"https:\/\/creadores.org\/en\/custo-libertad-e-innovacion\/","og_locale":"en_US","og_type":"article","og_title":"Custo, freedom and innovation - Asociaci\u00f3n Creadores de Moda de Espa\u00f1a | ACME","og_description":"Custo Barcelona&#8216;s creative director, Custo Dalmau, presents his &#8220;Come and See&#8221; fashion collection at Mercedes-Benz Fashion Week Madrid, an invitation to enjoy the free and spontaneous spirit of the modern woman as conceived by the brand: independent, natural, and with an overly advanced language in visual communication. Creativity and colour at their highest level explode [&hellip;]","og_url":"https:\/\/creadores.org\/en\/custo-libertad-e-innovacion\/","og_site_name":"Asociaci\u00f3n Creadores de Moda de Espa\u00f1a | ACME","article_publisher":"https:\/\/www.facebook.com\/Asociaci%c3%b3n-Creadores-de-Moda-de-Espa%c3%b1a-297009471514\/","article_published_time":"2024-09-17T07:37:31+00:00","article_modified_time":"2025-06-21T10:51:38+00:00","og_image":[{"width":1920,"height":1080,"url":"https:\/\/creadores.org\/wp-content\/uploads\/2024\/09\/custo-barcelona-pv25-acme-pablo-paniagua-0023-e1726343424757.jpg","type":"image\/jpeg"}],"author":"Felipe","twitter_card":"summary_large_image","twitter_creator":"@creadoresacme","twitter_site":"@creadoresacme","twitter_misc":{"Written by":"Felipe","Est. reading time":"1 minute"},"schema":{"@context":"https:\/\/schema.org","@graph":[{"@type":"Article","@id":"https:\/\/creadores.org\/en\/custo-libertad-e-innovacion\/#article","isPartOf":{"@id":"https:\/\/creadores.org\/en\/custo-libertad-e-innovacion\/"},"author":{"name":"Felipe","@id":"https:\/\/creadores.org\/en\/#\/schema\/person\/fdf61cde9f2e71e9cefe26613b50a079"},"headline":"Custo, freedom and innovation","datePublished":"2024-09-17T07:37:31+00:00","dateModified":"2025-06-21T10:51:38+00:00","mainEntityOfPage":{"@id":"https:\/\/creadores.org\/en\/custo-libertad-e-innovacion\/"},"wordCount":125,"publisher":{"@id":"https:\/\/creadores.org\/en\/#organization"},"image":{"@id":"https:\/\/creadores.org\/en\/custo-libertad-e-innovacion\/#primaryimage"},"thumbnailUrl":"https:\/\/creadores.org\/wp-content\/uploads\/2025\/06\/custo-barcelona-pv25-acme-pablo-paniagua-0023.jpg-1.jpg","articleSection":["Primavera-Verano 2025"],"inLanguage":"en-US"},{"@type":"WebPage","@id":"https:\/\/creadores.org\/en\/custo-libertad-e-innovacion\/","url":"https:\/\/creadores.org\/en\/custo-libertad-e-innovacion\/","name":"Custo, freedom and innovation - Asociaci\u00f3n Creadores de Moda de Espa\u00f1a | ACME","isPartOf":{"@id":"https:\/\/creadores.org\/en\/#website"},"primaryImageOfPage":{"@id":"https:\/\/creadores.org\/en\/custo-libertad-e-innovacion\/#primaryimage"},"image":{"@id":"https:\/\/creadores.org\/en\/custo-libertad-e-innovacion\/#primaryimage"},"thumbnailUrl":"https:\/\/creadores.org\/wp-content\/uploads\/2025\/06\/custo-barcelona-pv25-acme-pablo-paniagua-0023.jpg-1.jpg","datePublished":"2024-09-17T07:37:31+00:00","dateModified":"2025-06-21T10:51:38+00:00","breadcrumb":{"@id":"https:\/\/creadores.org\/en\/custo-libertad-e-innovacion\/#breadcrumb"},"inLanguage":"en-US","potentialAction":[{"@type":"ReadAction","target":["https:\/\/creadores.org\/en\/custo-libertad-e-innovacion\/"]}]},{"@type":"ImageObject","inLanguage":"en-US","@id":"https:\/\/creadores.org\/en\/custo-libertad-e-innovacion\/#primaryimage","url":"https:\/\/creadores.org\/wp-content\/uploads\/2025\/06\/custo-barcelona-pv25-acme-pablo-paniagua-0023.jpg-1.jpg","contentUrl":"https:\/\/creadores.org\/wp-content\/uploads\/2025\/06\/custo-barcelona-pv25-acme-pablo-paniagua-0023.jpg-1.jpg","width":1199,"height":801},{"@type":"BreadcrumbList","@id":"https:\/\/creadores.org\/en\/custo-libertad-e-innovacion\/#breadcrumb","itemListElement":[{"@type":"ListItem","position":1,"name":"Portada","item":"https:\/\/creadores.org\/en\/"},{"@type":"ListItem","position":2,"name":"Custo, freedom and innovation"}]},{"@type":"WebSite","@id":"https:\/\/creadores.org\/en\/#website","url":"https:\/\/creadores.org\/en\/","name":"Asociaci\u00f3n Creadores de Moda de Espa\u00f1a | ACME","description":"La Asociaci\u00f3n Creadores de Moda de Espa\u00f1a (ACME) es una organizaci\u00f3n profesional sin \u00e1nimo de lucro fundada en 1988","publisher":{"@id":"https:\/\/creadores.org\/en\/#organization"},"potentialAction":[{"@type":"SearchAction","target":{"@type":"EntryPoint","urlTemplate":"https:\/\/creadores.org\/en\/?s={search_term_string}"},"query-input":{"@type":"PropertyValueSpecification","valueRequired":true,"valueName":"search_term_string"}}],"inLanguage":"en-US"},{"@type":"Organization","@id":"https:\/\/creadores.org\/en\/#organization","name":"Asociaci\u00f3n Creadores de Moda de Espa\u00f1a | ACME","url":"https:\/\/creadores.org\/en\/","logo":{"@type":"ImageObject","inLanguage":"en-US","@id":"https:\/\/creadores.org\/en\/#\/schema\/logo\/image\/","url":"https:\/\/creadores.org\/wp-content\/uploads\/2025\/06\/acme-logo.svg","contentUrl":"https:\/\/creadores.org\/wp-content\/uploads\/2025\/06\/acme-logo.svg","width":650,"height":119,"caption":"Asociaci\u00f3n Creadores de Moda de Espa\u00f1a | ACME"},"image":{"@id":"https:\/\/creadores.org\/en\/#\/schema\/logo\/image\/"},"sameAs":["https:\/\/www.facebook.com\/Asociaci\u00f3n-Creadores-de-Moda-de-Espa\u00f1a-297009471514\/","https:\/\/x.com\/creadoresacme","https:\/\/www.instagram.com\/creadoresacme\/"]},{"@type":"Person","@id":"https:\/\/creadores.org\/en\/#\/schema\/person\/fdf61cde9f2e71e9cefe26613b50a079","name":"Felipe"}]}},"_links":{"self":[{"href":"https:\/\/creadores.org\/en\/wp-json\/wp\/v2\/posts\/66017","targetHints":{"allow":["GET"]}}],"collection":[{"href":"https:\/\/creadores.org\/en\/wp-json\/wp\/v2\/posts"}],"about":[{"href":"https:\/\/creadores.org\/en\/wp-json\/wp\/v2\/types\/post"}],"author":[{"embeddable":true,"href":"https:\/\/creadores.org\/en\/wp-json\/wp\/v2\/users\/4"}],"replies":[{"embeddable":true,"href":"https:\/\/creadores.org\/en\/wp-json\/wp\/v2\/comments?post=66017"}],"version-history":[{"count":1,"href":"https:\/\/creadores.org\/en\/wp-json\/wp\/v2\/posts\/66017\/revisions"}],"predecessor-version":[{"id":72457,"href":"https:\/\/creadores.org\/en\/wp-json\/wp\/v2\/posts\/66017\/revisions\/72457"}],"wp:featuredmedia":[{"embeddable":true,"href":"https:\/\/creadores.org\/en\/wp-json\/wp\/v2\/media\/81956"}],"wp:attachment":[{"href":"https:\/\/creadores.org\/en\/wp-json\/wp\/v2\/media?parent=66017"}],"wp:term":[{"taxonomy":"category","embeddable":true,"href":"https:\/\/creadores.org\/en\/wp-json\/wp\/v2\/categories?post=66017"},{"taxonomy":"post_tag","embeddable":true,"href":"https:\/\/creadores.org\/en\/wp-json\/wp\/v2\/tags?post=66017"}],"curies":[{"name":"wp","href":"https:\/\/api.w.org\/{rel}","templated":true}]}}