{"id":69930,"date":"2025-03-21T14:32:01","date_gmt":"2025-03-21T13:32:01","guid":{"rendered":"https:\/\/creadores.org\/el-homenaje-de-berrendero-al-amor-la-musica-y-la-belleza\/"},"modified":"2025-06-21T12:52:21","modified_gmt":"2025-06-21T10:52:21","slug":"el-homenaje-de-berrendero-al-amor-la-musica-y-la-belleza","status":"publish","type":"post","link":"https:\/\/creadores.org\/en\/el-homenaje-de-berrendero-al-amor-la-musica-y-la-belleza\/","title":{"rendered":"Berrendero&#8217;s tribute to love, music and beauty"},"content":{"rendered":"<p><a href=\"https:\/\/luisberrendero.com\/\" target=\"_blank\" rel=\"noopener noreferrer nofollow\"><strong>Luis Berrendero<\/strong><\/a> presents his new bridal capsule collection at <a href=\"https:\/\/madridesmoda.com\/\" target=\"_blank\" rel=\"noopener noreferrer nofollow\"><strong>Madrid es Moda<\/strong><\/a> through a static installation at Serrer\u00eda Belga combining mannequins, mirrors, lights and sounds to create an immersive sensorial experience.<\/p>\n<p>Inspired by the wedding dress his mother wore in 1969, the collection captures the essence and elegance of the decades of the 1950s and 1960s that shaped his design vision. Thus, Berrendero updates the fashion codes of that era bringing them to the present through a bridal proposal that pays tribute to love, music, and beauty.<\/p>\n","protected":false},"excerpt":{"rendered":"<p>Luis Berrendero presents his new bridal capsule collection at Madrid es Moda through a static installation at Serrer\u00eda Belga combining mannequins, mirrors, lights and sounds to create an immersive sensorial experience. Inspired by the wedding dress his mother wore in 1969, the collection captures the essence and elegance of the decades of the 1950s and [&hellip;]<\/p>\n","protected":false},"author":4,"featured_media":69658,"comment_status":"closed","ping_status":"closed","sticky":false,"template":"","format":"standard","meta":{"footnotes":""},"categories":[1402,1164,1401],"tags":[1412,1423,191,1176],"class_list":["post-69930","post","type-post","status-publish","format-standard","has-post-thumbnail","hentry","category-fall-winter-2025","category-news-madrid-es-moda","category-otono-invierno-2025","tag-luis-berrendero","tag-luis-berrendero-en","tag-madrid-es-moda","tag-madrid-es-moda-en"],"yoast_head":"<!-- This site is optimized with the Yoast SEO plugin v27.4 - https:\/\/yoast.com\/product\/yoast-seo-wordpress\/ -->\n<title>Berrendero&#039;s tribute to love, music and beauty - Asociaci\u00f3n Creadores de Moda de Espa\u00f1a | ACME<\/title>\n<meta name=\"robots\" content=\"index, follow, max-snippet:-1, max-image-preview:large, max-video-preview:-1\" \/>\n<link rel=\"canonical\" href=\"https:\/\/creadores.org\/en\/el-homenaje-de-berrendero-al-amor-la-musica-y-la-belleza\/\" \/>\n<meta property=\"og:locale\" content=\"en_US\" \/>\n<meta property=\"og:type\" content=\"article\" \/>\n<meta property=\"og:title\" content=\"Berrendero&#039;s tribute to love, music and beauty - Asociaci\u00f3n Creadores de Moda de Espa\u00f1a | ACME\" \/>\n<meta property=\"og:description\" content=\"Luis Berrendero presents his new bridal capsule collection at Madrid es Moda through a static installation at Serrer\u00eda Belga combining mannequins, mirrors, lights and sounds to create an immersive sensorial experience. Inspired by the wedding dress his mother wore in 1969, the collection captures the essence and elegance of the decades of the 1950s and [&hellip;]\" \/>\n<meta property=\"og:url\" content=\"https:\/\/creadores.org\/en\/el-homenaje-de-berrendero-al-amor-la-musica-y-la-belleza\/\" \/>\n<meta property=\"og:site_name\" content=\"Asociaci\u00f3n Creadores de Moda de Espa\u00f1a | ACME\" \/>\n<meta property=\"article:publisher\" content=\"https:\/\/www.facebook.com\/Asociaci%c3%b3n-Creadores-de-Moda-de-Espa%c3%b1a-297009471514\/\" \/>\n<meta property=\"article:published_time\" content=\"2025-03-21T13:32:01+00:00\" \/>\n<meta property=\"article:modified_time\" content=\"2025-06-21T10:52:21+00:00\" \/>\n<meta property=\"og:image\" content=\"https:\/\/creadores.org\/wp-content\/uploads\/2025\/03\/web-luis-berrendero-mem-0225-pablo-paniagua-FOTO-PORTADA.jpg\" \/>\n\t<meta property=\"og:image:width\" content=\"1800\" \/>\n\t<meta property=\"og:image:height\" content=\"1197\" \/>\n\t<meta property=\"og:image:type\" content=\"image\/jpeg\" \/>\n<meta name=\"author\" content=\"Felipe\" \/>\n<meta name=\"twitter:card\" content=\"summary_large_image\" \/>\n<meta name=\"twitter:creator\" content=\"@creadoresacme\" \/>\n<meta name=\"twitter:site\" content=\"@creadoresacme\" \/>\n<meta name=\"twitter:label1\" content=\"Written by\" \/>\n\t<meta name=\"twitter:data1\" content=\"Felipe\" \/>\n\t<meta name=\"twitter:label2\" content=\"Est. reading time\" \/>\n\t<meta name=\"twitter:data2\" content=\"1 minute\" \/>\n<script type=\"application\/ld+json\" class=\"yoast-schema-graph\">{\"@context\":\"https:\\\/\\\/schema.org\",\"@graph\":[{\"@type\":\"Article\",\"@id\":\"https:\\\/\\\/creadores.org\\\/en\\\/el-homenaje-de-berrendero-al-amor-la-musica-y-la-belleza\\\/#article\",\"isPartOf\":{\"@id\":\"https:\\\/\\\/creadores.org\\\/en\\\/el-homenaje-de-berrendero-al-amor-la-musica-y-la-belleza\\\/\"},\"author\":{\"name\":\"Felipe\",\"@id\":\"https:\\\/\\\/creadores.org\\\/en\\\/#\\\/schema\\\/person\\\/fdf61cde9f2e71e9cefe26613b50a079\"},\"headline\":\"Berrendero&#8217;s tribute to love, music and beauty\",\"datePublished\":\"2025-03-21T13:32:01+00:00\",\"dateModified\":\"2025-06-21T10:52:21+00:00\",\"mainEntityOfPage\":{\"@id\":\"https:\\\/\\\/creadores.org\\\/en\\\/el-homenaje-de-berrendero-al-amor-la-musica-y-la-belleza\\\/\"},\"wordCount\":95,\"publisher\":{\"@id\":\"https:\\\/\\\/creadores.org\\\/en\\\/#organization\"},\"image\":{\"@id\":\"https:\\\/\\\/creadores.org\\\/en\\\/el-homenaje-de-berrendero-al-amor-la-musica-y-la-belleza\\\/#primaryimage\"},\"thumbnailUrl\":\"https:\\\/\\\/creadores.org\\\/wp-content\\\/uploads\\\/2025\\\/03\\\/web-luis-berrendero-mem-0225-pablo-paniagua-FOTO-PORTADA.jpg\",\"keywords\":[\"Luis Berrendero\",\"Luis Berrendero\",\"Madrid es Moda\",\"Madrid es Moda\"],\"articleSection\":[\"Fall Winter 2025\",\"Madrid es Moda\",\"Oto\u00f1o-Invierno 2025\"],\"inLanguage\":\"en-US\"},{\"@type\":\"WebPage\",\"@id\":\"https:\\\/\\\/creadores.org\\\/en\\\/el-homenaje-de-berrendero-al-amor-la-musica-y-la-belleza\\\/\",\"url\":\"https:\\\/\\\/creadores.org\\\/en\\\/el-homenaje-de-berrendero-al-amor-la-musica-y-la-belleza\\\/\",\"name\":\"Berrendero's tribute to love, music and beauty - Asociaci\u00f3n Creadores de Moda de Espa\u00f1a | ACME\",\"isPartOf\":{\"@id\":\"https:\\\/\\\/creadores.org\\\/en\\\/#website\"},\"primaryImageOfPage\":{\"@id\":\"https:\\\/\\\/creadores.org\\\/en\\\/el-homenaje-de-berrendero-al-amor-la-musica-y-la-belleza\\\/#primaryimage\"},\"image\":{\"@id\":\"https:\\\/\\\/creadores.org\\\/en\\\/el-homenaje-de-berrendero-al-amor-la-musica-y-la-belleza\\\/#primaryimage\"},\"thumbnailUrl\":\"https:\\\/\\\/creadores.org\\\/wp-content\\\/uploads\\\/2025\\\/03\\\/web-luis-berrendero-mem-0225-pablo-paniagua-FOTO-PORTADA.jpg\",\"datePublished\":\"2025-03-21T13:32:01+00:00\",\"dateModified\":\"2025-06-21T10:52:21+00:00\",\"breadcrumb\":{\"@id\":\"https:\\\/\\\/creadores.org\\\/en\\\/el-homenaje-de-berrendero-al-amor-la-musica-y-la-belleza\\\/#breadcrumb\"},\"inLanguage\":\"en-US\",\"potentialAction\":[{\"@type\":\"ReadAction\",\"target\":[\"https:\\\/\\\/creadores.org\\\/en\\\/el-homenaje-de-berrendero-al-amor-la-musica-y-la-belleza\\\/\"]}]},{\"@type\":\"ImageObject\",\"inLanguage\":\"en-US\",\"@id\":\"https:\\\/\\\/creadores.org\\\/en\\\/el-homenaje-de-berrendero-al-amor-la-musica-y-la-belleza\\\/#primaryimage\",\"url\":\"https:\\\/\\\/creadores.org\\\/wp-content\\\/uploads\\\/2025\\\/03\\\/web-luis-berrendero-mem-0225-pablo-paniagua-FOTO-PORTADA.jpg\",\"contentUrl\":\"https:\\\/\\\/creadores.org\\\/wp-content\\\/uploads\\\/2025\\\/03\\\/web-luis-berrendero-mem-0225-pablo-paniagua-FOTO-PORTADA.jpg\",\"width\":1800,\"height\":1197},{\"@type\":\"BreadcrumbList\",\"@id\":\"https:\\\/\\\/creadores.org\\\/en\\\/el-homenaje-de-berrendero-al-amor-la-musica-y-la-belleza\\\/#breadcrumb\",\"itemListElement\":[{\"@type\":\"ListItem\",\"position\":1,\"name\":\"Portada\",\"item\":\"https:\\\/\\\/creadores.org\\\/en\\\/\"},{\"@type\":\"ListItem\",\"position\":2,\"name\":\"Berrendero's tribute to love, music and beauty\"}]},{\"@type\":\"WebSite\",\"@id\":\"https:\\\/\\\/creadores.org\\\/en\\\/#website\",\"url\":\"https:\\\/\\\/creadores.org\\\/en\\\/\",\"name\":\"Asociaci\u00f3n Creadores de Moda de Espa\u00f1a | ACME\",\"description\":\"La Asociaci\u00f3n Creadores de Moda de Espa\u00f1a (ACME) es una organizaci\u00f3n profesional sin \u00e1nimo de lucro fundada en 1988\",\"publisher\":{\"@id\":\"https:\\\/\\\/creadores.org\\\/en\\\/#organization\"},\"potentialAction\":[{\"@type\":\"SearchAction\",\"target\":{\"@type\":\"EntryPoint\",\"urlTemplate\":\"https:\\\/\\\/creadores.org\\\/en\\\/?s={search_term_string}\"},\"query-input\":{\"@type\":\"PropertyValueSpecification\",\"valueRequired\":true,\"valueName\":\"search_term_string\"}}],\"inLanguage\":\"en-US\"},{\"@type\":\"Organization\",\"@id\":\"https:\\\/\\\/creadores.org\\\/en\\\/#organization\",\"name\":\"Asociaci\u00f3n Creadores de Moda de Espa\u00f1a | ACME\",\"url\":\"https:\\\/\\\/creadores.org\\\/en\\\/\",\"logo\":{\"@type\":\"ImageObject\",\"inLanguage\":\"en-US\",\"@id\":\"https:\\\/\\\/creadores.org\\\/en\\\/#\\\/schema\\\/logo\\\/image\\\/\",\"url\":\"https:\\\/\\\/creadores.org\\\/wp-content\\\/uploads\\\/2025\\\/06\\\/acme-logo.svg\",\"contentUrl\":\"https:\\\/\\\/creadores.org\\\/wp-content\\\/uploads\\\/2025\\\/06\\\/acme-logo.svg\",\"width\":650,\"height\":119,\"caption\":\"Asociaci\u00f3n Creadores de Moda de Espa\u00f1a | ACME\"},\"image\":{\"@id\":\"https:\\\/\\\/creadores.org\\\/en\\\/#\\\/schema\\\/logo\\\/image\\\/\"},\"sameAs\":[\"https:\\\/\\\/www.facebook.com\\\/Asociaci\u00f3n-Creadores-de-Moda-de-Espa\u00f1a-297009471514\\\/\",\"https:\\\/\\\/x.com\\\/creadoresacme\",\"https:\\\/\\\/www.instagram.com\\\/creadoresacme\\\/\"]},{\"@type\":\"Person\",\"@id\":\"https:\\\/\\\/creadores.org\\\/en\\\/#\\\/schema\\\/person\\\/fdf61cde9f2e71e9cefe26613b50a079\",\"name\":\"Felipe\"}]}<\/script>\n<!-- \/ Yoast SEO plugin. -->","yoast_head_json":{"title":"Berrendero's tribute to love, music and beauty - Asociaci\u00f3n Creadores de Moda de Espa\u00f1a | ACME","robots":{"index":"index","follow":"follow","max-snippet":"max-snippet:-1","max-image-preview":"max-image-preview:large","max-video-preview":"max-video-preview:-1"},"canonical":"https:\/\/creadores.org\/en\/el-homenaje-de-berrendero-al-amor-la-musica-y-la-belleza\/","og_locale":"en_US","og_type":"article","og_title":"Berrendero's tribute to love, music and beauty - Asociaci\u00f3n Creadores de Moda de Espa\u00f1a | ACME","og_description":"Luis Berrendero presents his new bridal capsule collection at Madrid es Moda through a static installation at Serrer\u00eda Belga combining mannequins, mirrors, lights and sounds to create an immersive sensorial experience. Inspired by the wedding dress his mother wore in 1969, the collection captures the essence and elegance of the decades of the 1950s and [&hellip;]","og_url":"https:\/\/creadores.org\/en\/el-homenaje-de-berrendero-al-amor-la-musica-y-la-belleza\/","og_site_name":"Asociaci\u00f3n Creadores de Moda de Espa\u00f1a | ACME","article_publisher":"https:\/\/www.facebook.com\/Asociaci%c3%b3n-Creadores-de-Moda-de-Espa%c3%b1a-297009471514\/","article_published_time":"2025-03-21T13:32:01+00:00","article_modified_time":"2025-06-21T10:52:21+00:00","og_image":[{"width":1800,"height":1197,"url":"https:\/\/creadores.org\/wp-content\/uploads\/2025\/03\/web-luis-berrendero-mem-0225-pablo-paniagua-FOTO-PORTADA.jpg","type":"image\/jpeg"}],"author":"Felipe","twitter_card":"summary_large_image","twitter_creator":"@creadoresacme","twitter_site":"@creadoresacme","twitter_misc":{"Written by":"Felipe","Est. reading time":"1 minute"},"schema":{"@context":"https:\/\/schema.org","@graph":[{"@type":"Article","@id":"https:\/\/creadores.org\/en\/el-homenaje-de-berrendero-al-amor-la-musica-y-la-belleza\/#article","isPartOf":{"@id":"https:\/\/creadores.org\/en\/el-homenaje-de-berrendero-al-amor-la-musica-y-la-belleza\/"},"author":{"name":"Felipe","@id":"https:\/\/creadores.org\/en\/#\/schema\/person\/fdf61cde9f2e71e9cefe26613b50a079"},"headline":"Berrendero&#8217;s tribute to love, music and beauty","datePublished":"2025-03-21T13:32:01+00:00","dateModified":"2025-06-21T10:52:21+00:00","mainEntityOfPage":{"@id":"https:\/\/creadores.org\/en\/el-homenaje-de-berrendero-al-amor-la-musica-y-la-belleza\/"},"wordCount":95,"publisher":{"@id":"https:\/\/creadores.org\/en\/#organization"},"image":{"@id":"https:\/\/creadores.org\/en\/el-homenaje-de-berrendero-al-amor-la-musica-y-la-belleza\/#primaryimage"},"thumbnailUrl":"https:\/\/creadores.org\/wp-content\/uploads\/2025\/03\/web-luis-berrendero-mem-0225-pablo-paniagua-FOTO-PORTADA.jpg","keywords":["Luis Berrendero","Luis Berrendero","Madrid es Moda","Madrid es Moda"],"articleSection":["Fall Winter 2025","Madrid es Moda","Oto\u00f1o-Invierno 2025"],"inLanguage":"en-US"},{"@type":"WebPage","@id":"https:\/\/creadores.org\/en\/el-homenaje-de-berrendero-al-amor-la-musica-y-la-belleza\/","url":"https:\/\/creadores.org\/en\/el-homenaje-de-berrendero-al-amor-la-musica-y-la-belleza\/","name":"Berrendero's tribute to love, music and beauty - Asociaci\u00f3n Creadores de Moda de Espa\u00f1a | ACME","isPartOf":{"@id":"https:\/\/creadores.org\/en\/#website"},"primaryImageOfPage":{"@id":"https:\/\/creadores.org\/en\/el-homenaje-de-berrendero-al-amor-la-musica-y-la-belleza\/#primaryimage"},"image":{"@id":"https:\/\/creadores.org\/en\/el-homenaje-de-berrendero-al-amor-la-musica-y-la-belleza\/#primaryimage"},"thumbnailUrl":"https:\/\/creadores.org\/wp-content\/uploads\/2025\/03\/web-luis-berrendero-mem-0225-pablo-paniagua-FOTO-PORTADA.jpg","datePublished":"2025-03-21T13:32:01+00:00","dateModified":"2025-06-21T10:52:21+00:00","breadcrumb":{"@id":"https:\/\/creadores.org\/en\/el-homenaje-de-berrendero-al-amor-la-musica-y-la-belleza\/#breadcrumb"},"inLanguage":"en-US","potentialAction":[{"@type":"ReadAction","target":["https:\/\/creadores.org\/en\/el-homenaje-de-berrendero-al-amor-la-musica-y-la-belleza\/"]}]},{"@type":"ImageObject","inLanguage":"en-US","@id":"https:\/\/creadores.org\/en\/el-homenaje-de-berrendero-al-amor-la-musica-y-la-belleza\/#primaryimage","url":"https:\/\/creadores.org\/wp-content\/uploads\/2025\/03\/web-luis-berrendero-mem-0225-pablo-paniagua-FOTO-PORTADA.jpg","contentUrl":"https:\/\/creadores.org\/wp-content\/uploads\/2025\/03\/web-luis-berrendero-mem-0225-pablo-paniagua-FOTO-PORTADA.jpg","width":1800,"height":1197},{"@type":"BreadcrumbList","@id":"https:\/\/creadores.org\/en\/el-homenaje-de-berrendero-al-amor-la-musica-y-la-belleza\/#breadcrumb","itemListElement":[{"@type":"ListItem","position":1,"name":"Portada","item":"https:\/\/creadores.org\/en\/"},{"@type":"ListItem","position":2,"name":"Berrendero's tribute to love, music and beauty"}]},{"@type":"WebSite","@id":"https:\/\/creadores.org\/en\/#website","url":"https:\/\/creadores.org\/en\/","name":"Asociaci\u00f3n Creadores de Moda de Espa\u00f1a | ACME","description":"La Asociaci\u00f3n Creadores de Moda de Espa\u00f1a (ACME) es una organizaci\u00f3n profesional sin \u00e1nimo de lucro fundada en 1988","publisher":{"@id":"https:\/\/creadores.org\/en\/#organization"},"potentialAction":[{"@type":"SearchAction","target":{"@type":"EntryPoint","urlTemplate":"https:\/\/creadores.org\/en\/?s={search_term_string}"},"query-input":{"@type":"PropertyValueSpecification","valueRequired":true,"valueName":"search_term_string"}}],"inLanguage":"en-US"},{"@type":"Organization","@id":"https:\/\/creadores.org\/en\/#organization","name":"Asociaci\u00f3n Creadores de Moda de Espa\u00f1a | ACME","url":"https:\/\/creadores.org\/en\/","logo":{"@type":"ImageObject","inLanguage":"en-US","@id":"https:\/\/creadores.org\/en\/#\/schema\/logo\/image\/","url":"https:\/\/creadores.org\/wp-content\/uploads\/2025\/06\/acme-logo.svg","contentUrl":"https:\/\/creadores.org\/wp-content\/uploads\/2025\/06\/acme-logo.svg","width":650,"height":119,"caption":"Asociaci\u00f3n Creadores de Moda de Espa\u00f1a | ACME"},"image":{"@id":"https:\/\/creadores.org\/en\/#\/schema\/logo\/image\/"},"sameAs":["https:\/\/www.facebook.com\/Asociaci\u00f3n-Creadores-de-Moda-de-Espa\u00f1a-297009471514\/","https:\/\/x.com\/creadoresacme","https:\/\/www.instagram.com\/creadoresacme\/"]},{"@type":"Person","@id":"https:\/\/creadores.org\/en\/#\/schema\/person\/fdf61cde9f2e71e9cefe26613b50a079","name":"Felipe"}]}},"_links":{"self":[{"href":"https:\/\/creadores.org\/en\/wp-json\/wp\/v2\/posts\/69930","targetHints":{"allow":["GET"]}}],"collection":[{"href":"https:\/\/creadores.org\/en\/wp-json\/wp\/v2\/posts"}],"about":[{"href":"https:\/\/creadores.org\/en\/wp-json\/wp\/v2\/types\/post"}],"author":[{"embeddable":true,"href":"https:\/\/creadores.org\/en\/wp-json\/wp\/v2\/users\/4"}],"replies":[{"embeddable":true,"href":"https:\/\/creadores.org\/en\/wp-json\/wp\/v2\/comments?post=69930"}],"version-history":[{"count":1,"href":"https:\/\/creadores.org\/en\/wp-json\/wp\/v2\/posts\/69930\/revisions"}],"predecessor-version":[{"id":72393,"href":"https:\/\/creadores.org\/en\/wp-json\/wp\/v2\/posts\/69930\/revisions\/72393"}],"wp:featuredmedia":[{"embeddable":true,"href":"https:\/\/creadores.org\/en\/wp-json\/wp\/v2\/media\/69658"}],"wp:attachment":[{"href":"https:\/\/creadores.org\/en\/wp-json\/wp\/v2\/media?parent=69930"}],"wp:term":[{"taxonomy":"category","embeddable":true,"href":"https:\/\/creadores.org\/en\/wp-json\/wp\/v2\/categories?post=69930"},{"taxonomy":"post_tag","embeddable":true,"href":"https:\/\/creadores.org\/en\/wp-json\/wp\/v2\/tags?post=69930"}],"curies":[{"name":"wp","href":"https:\/\/api.w.org\/{rel}","templated":true}]}}