{"id":90616,"date":"2025-10-30T12:38:23","date_gmt":"2025-10-30T11:38:23","guid":{"rendered":"https:\/\/creadores.org\/lux-la-moda-andaluza-ilumina-la-cultura-contemporanea\/"},"modified":"2025-11-03T10:30:27","modified_gmt":"2025-11-03T09:30:27","slug":"lux-andalusian-fashion-illuminates-contemporary-culture","status":"publish","type":"post","link":"https:\/\/creadores.org\/en\/lux-andalusian-fashion-illuminates-contemporary-culture\/","title":{"rendered":"LUX: Andalusian fashion illuminates contemporary culture"},"content":{"rendered":"<p>The <strong>Royal Artillery Factory<\/strong> hosts &#8220;<em><strong>LUX: Andalusian Fashion in the Culture of the 21st Century<\/strong><\/em>&#8220;, an exhibit that opened on October 28th. The exhibition brings together nineteen designers who are redefining southern Spain&#8217;s identity through the art of dress.<\/p>\n<p>The exhibition, promoted by the <strong>Council of Culture and Sport of Andalusia&#8217;s Regional Government<\/strong>, and curated by <strong>Ra\u00fal Romero<\/strong>, celebrates the rise of Andalusian author fashion as a territory of creation and living heritage. Each designer\u2014including ACME&#8217;s associates: <strong>Beatriz Pe\u00f1alver<\/strong>, <strong>Fernando Claro<\/strong>, <strong>Juana Mart\u00edn<\/strong>, <strong>Leandro Cano<\/strong>, <strong>Mans Concept<\/strong>, <strong>Mois\u00e9s Nieto<\/strong>, <strong>Palomo Spain<\/strong>, <strong>Pilar Dalbat<\/strong>, and <strong>Roberto Diz<\/strong>\u2014presented original pieces inspired by the landscapes, literature, and traditions of the eight Andalusian provinces.<\/p>\n<p>In their fashion proposals, one can recognize the echoes of B\u00e9cquer in the organza drapes, in the embroidery the scent of C\u00f3rdoba in May, and Bernarda Alba in the solemnity of clean lines. Olive groves, water carriers as well as flower-filled balconies, become metaphors for a land where light and craftsmanship intertwine.<\/p>\n<p>The exhibit is part of the first regional program to promote and broadcast Andalusian fashion, a plan that champions its status in the arts and culture, as well as an economic engine that generates more than 9,000 jobs and \u20ac540 million in revenue. \u201cFashion is culture,\u201d emphasized Regional Councillor <strong>Patricia del Pozo<\/strong> when presenting the initiative, \u201cbecause it translates our identity into form, texture, and emotion.\u201d<\/p>\n<p>LUX is ultimately, a tribute to craftsmanship and to memory. To those whom, with their hands, transform light into clothing and emotion into heritage. The soul of Andalusia beats in every stitch.<\/p>\n","protected":false},"excerpt":{"rendered":"<p>The Royal Artillery Factory hosts &#8220;LUX: Andalusian Fashion in the Culture of the 21st Century&#8220;, an exhibit that opened on October 28th. The exhibition brings together nineteen designers who are redefining southern Spain&#8217;s identity through the art of dress. The exhibition, promoted by the Council of Culture and Sport of Andalusia&#8217;s Regional Government, and curated [&hellip;]<\/p>\n","protected":false},"author":4,"featured_media":90617,"comment_status":"closed","ping_status":"closed","sticky":false,"template":"","format":"standard","meta":{"footnotes":""},"categories":[1163],"tags":[],"class_list":["post-90616","post","type-post","status-publish","format-standard","has-post-thumbnail","hentry","category-news"],"yoast_head":"<!-- This site is optimized with the Yoast SEO plugin v27.4 - https:\/\/yoast.com\/product\/yoast-seo-wordpress\/ -->\n<title>LUX: Andalusian fashion illuminates contemporary culture - Asociaci\u00f3n Creadores de Moda de Espa\u00f1a | ACME<\/title>\n<meta name=\"robots\" content=\"index, follow, max-snippet:-1, max-image-preview:large, max-video-preview:-1\" \/>\n<link rel=\"canonical\" href=\"https:\/\/creadores.org\/en\/lux-andalusian-fashion-illuminates-contemporary-culture\/\" \/>\n<meta property=\"og:locale\" content=\"en_US\" \/>\n<meta property=\"og:type\" content=\"article\" \/>\n<meta property=\"og:title\" content=\"LUX: Andalusian fashion illuminates contemporary culture - Asociaci\u00f3n Creadores de Moda de Espa\u00f1a | ACME\" \/>\n<meta property=\"og:description\" content=\"The Royal Artillery Factory hosts &#8220;LUX: Andalusian Fashion in the Culture of the 21st Century&#8220;, an exhibit that opened on October 28th. The exhibition brings together nineteen designers who are redefining southern Spain&#8217;s identity through the art of dress. The exhibition, promoted by the Council of Culture and Sport of Andalusia&#8217;s Regional Government, and curated [&hellip;]\" \/>\n<meta property=\"og:url\" content=\"https:\/\/creadores.org\/en\/lux-andalusian-fashion-illuminates-contemporary-culture\/\" \/>\n<meta property=\"og:site_name\" content=\"Asociaci\u00f3n Creadores de Moda de Espa\u00f1a | ACME\" \/>\n<meta property=\"article:publisher\" content=\"https:\/\/www.facebook.com\/Asociaci%c3%b3n-Creadores-de-Moda-de-Espa%c3%b1a-297009471514\/\" \/>\n<meta property=\"article:published_time\" content=\"2025-10-30T11:38:23+00:00\" \/>\n<meta property=\"article:modified_time\" content=\"2025-11-03T09:30:27+00:00\" \/>\n<meta property=\"og:image\" content=\"https:\/\/creadores.org\/wp-content\/uploads\/2025\/10\/lux-DSC04643.jpg\" \/>\n\t<meta property=\"og:image:width\" content=\"1200\" \/>\n\t<meta property=\"og:image:height\" content=\"800\" \/>\n\t<meta property=\"og:image:type\" content=\"image\/jpeg\" \/>\n<meta name=\"author\" content=\"Felipe\" \/>\n<meta name=\"twitter:card\" content=\"summary_large_image\" \/>\n<meta name=\"twitter:creator\" content=\"@creadoresacme\" \/>\n<meta name=\"twitter:site\" content=\"@creadoresacme\" \/>\n<meta name=\"twitter:label1\" content=\"Written by\" \/>\n\t<meta name=\"twitter:data1\" content=\"Felipe\" \/>\n\t<meta name=\"twitter:label2\" content=\"Est. reading time\" \/>\n\t<meta name=\"twitter:data2\" content=\"1 minute\" \/>\n<script type=\"application\/ld+json\" class=\"yoast-schema-graph\">{\"@context\":\"https:\\\/\\\/schema.org\",\"@graph\":[{\"@type\":\"Article\",\"@id\":\"https:\\\/\\\/creadores.org\\\/en\\\/lux-andalusian-fashion-illuminates-contemporary-culture\\\/#article\",\"isPartOf\":{\"@id\":\"https:\\\/\\\/creadores.org\\\/en\\\/lux-andalusian-fashion-illuminates-contemporary-culture\\\/\"},\"author\":{\"name\":\"Felipe\",\"@id\":\"https:\\\/\\\/creadores.org\\\/en\\\/#\\\/schema\\\/person\\\/fdf61cde9f2e71e9cefe26613b50a079\"},\"headline\":\"LUX: Andalusian fashion illuminates contemporary culture\",\"datePublished\":\"2025-10-30T11:38:23+00:00\",\"dateModified\":\"2025-11-03T09:30:27+00:00\",\"mainEntityOfPage\":{\"@id\":\"https:\\\/\\\/creadores.org\\\/en\\\/lux-andalusian-fashion-illuminates-contemporary-culture\\\/\"},\"wordCount\":275,\"publisher\":{\"@id\":\"https:\\\/\\\/creadores.org\\\/en\\\/#organization\"},\"image\":{\"@id\":\"https:\\\/\\\/creadores.org\\\/en\\\/lux-andalusian-fashion-illuminates-contemporary-culture\\\/#primaryimage\"},\"thumbnailUrl\":\"https:\\\/\\\/creadores.org\\\/wp-content\\\/uploads\\\/2025\\\/10\\\/lux-DSC04643.jpg\",\"articleSection\":[\"News\"],\"inLanguage\":\"en-US\"},{\"@type\":\"WebPage\",\"@id\":\"https:\\\/\\\/creadores.org\\\/en\\\/lux-andalusian-fashion-illuminates-contemporary-culture\\\/\",\"url\":\"https:\\\/\\\/creadores.org\\\/en\\\/lux-andalusian-fashion-illuminates-contemporary-culture\\\/\",\"name\":\"LUX: Andalusian fashion illuminates contemporary culture - Asociaci\u00f3n Creadores de Moda de Espa\u00f1a | ACME\",\"isPartOf\":{\"@id\":\"https:\\\/\\\/creadores.org\\\/en\\\/#website\"},\"primaryImageOfPage\":{\"@id\":\"https:\\\/\\\/creadores.org\\\/en\\\/lux-andalusian-fashion-illuminates-contemporary-culture\\\/#primaryimage\"},\"image\":{\"@id\":\"https:\\\/\\\/creadores.org\\\/en\\\/lux-andalusian-fashion-illuminates-contemporary-culture\\\/#primaryimage\"},\"thumbnailUrl\":\"https:\\\/\\\/creadores.org\\\/wp-content\\\/uploads\\\/2025\\\/10\\\/lux-DSC04643.jpg\",\"datePublished\":\"2025-10-30T11:38:23+00:00\",\"dateModified\":\"2025-11-03T09:30:27+00:00\",\"breadcrumb\":{\"@id\":\"https:\\\/\\\/creadores.org\\\/en\\\/lux-andalusian-fashion-illuminates-contemporary-culture\\\/#breadcrumb\"},\"inLanguage\":\"en-US\",\"potentialAction\":[{\"@type\":\"ReadAction\",\"target\":[\"https:\\\/\\\/creadores.org\\\/en\\\/lux-andalusian-fashion-illuminates-contemporary-culture\\\/\"]}]},{\"@type\":\"ImageObject\",\"inLanguage\":\"en-US\",\"@id\":\"https:\\\/\\\/creadores.org\\\/en\\\/lux-andalusian-fashion-illuminates-contemporary-culture\\\/#primaryimage\",\"url\":\"https:\\\/\\\/creadores.org\\\/wp-content\\\/uploads\\\/2025\\\/10\\\/lux-DSC04643.jpg\",\"contentUrl\":\"https:\\\/\\\/creadores.org\\\/wp-content\\\/uploads\\\/2025\\\/10\\\/lux-DSC04643.jpg\",\"width\":1200,\"height\":800},{\"@type\":\"BreadcrumbList\",\"@id\":\"https:\\\/\\\/creadores.org\\\/en\\\/lux-andalusian-fashion-illuminates-contemporary-culture\\\/#breadcrumb\",\"itemListElement\":[{\"@type\":\"ListItem\",\"position\":1,\"name\":\"Portada\",\"item\":\"https:\\\/\\\/creadores.org\\\/en\\\/\"},{\"@type\":\"ListItem\",\"position\":2,\"name\":\"LUX: Andalusian fashion illuminates contemporary culture\"}]},{\"@type\":\"WebSite\",\"@id\":\"https:\\\/\\\/creadores.org\\\/en\\\/#website\",\"url\":\"https:\\\/\\\/creadores.org\\\/en\\\/\",\"name\":\"Asociaci\u00f3n Creadores de Moda de Espa\u00f1a | ACME\",\"description\":\"La Asociaci\u00f3n Creadores de Moda de Espa\u00f1a (ACME) es una organizaci\u00f3n profesional sin \u00e1nimo de lucro fundada en 1988\",\"publisher\":{\"@id\":\"https:\\\/\\\/creadores.org\\\/en\\\/#organization\"},\"potentialAction\":[{\"@type\":\"SearchAction\",\"target\":{\"@type\":\"EntryPoint\",\"urlTemplate\":\"https:\\\/\\\/creadores.org\\\/en\\\/?s={search_term_string}\"},\"query-input\":{\"@type\":\"PropertyValueSpecification\",\"valueRequired\":true,\"valueName\":\"search_term_string\"}}],\"inLanguage\":\"en-US\"},{\"@type\":\"Organization\",\"@id\":\"https:\\\/\\\/creadores.org\\\/en\\\/#organization\",\"name\":\"Asociaci\u00f3n Creadores de Moda de Espa\u00f1a | ACME\",\"url\":\"https:\\\/\\\/creadores.org\\\/en\\\/\",\"logo\":{\"@type\":\"ImageObject\",\"inLanguage\":\"en-US\",\"@id\":\"https:\\\/\\\/creadores.org\\\/en\\\/#\\\/schema\\\/logo\\\/image\\\/\",\"url\":\"https:\\\/\\\/creadores.org\\\/wp-content\\\/uploads\\\/2025\\\/06\\\/acme-logo.svg\",\"contentUrl\":\"https:\\\/\\\/creadores.org\\\/wp-content\\\/uploads\\\/2025\\\/06\\\/acme-logo.svg\",\"width\":650,\"height\":119,\"caption\":\"Asociaci\u00f3n Creadores de Moda de Espa\u00f1a | ACME\"},\"image\":{\"@id\":\"https:\\\/\\\/creadores.org\\\/en\\\/#\\\/schema\\\/logo\\\/image\\\/\"},\"sameAs\":[\"https:\\\/\\\/www.facebook.com\\\/Asociaci\u00f3n-Creadores-de-Moda-de-Espa\u00f1a-297009471514\\\/\",\"https:\\\/\\\/x.com\\\/creadoresacme\",\"https:\\\/\\\/www.instagram.com\\\/creadoresacme\\\/\"]},{\"@type\":\"Person\",\"@id\":\"https:\\\/\\\/creadores.org\\\/en\\\/#\\\/schema\\\/person\\\/fdf61cde9f2e71e9cefe26613b50a079\",\"name\":\"Felipe\"}]}<\/script>\n<!-- \/ Yoast SEO plugin. -->","yoast_head_json":{"title":"LUX: Andalusian fashion illuminates contemporary culture - Asociaci\u00f3n Creadores de Moda de Espa\u00f1a | ACME","robots":{"index":"index","follow":"follow","max-snippet":"max-snippet:-1","max-image-preview":"max-image-preview:large","max-video-preview":"max-video-preview:-1"},"canonical":"https:\/\/creadores.org\/en\/lux-andalusian-fashion-illuminates-contemporary-culture\/","og_locale":"en_US","og_type":"article","og_title":"LUX: Andalusian fashion illuminates contemporary culture - Asociaci\u00f3n Creadores de Moda de Espa\u00f1a | ACME","og_description":"The Royal Artillery Factory hosts &#8220;LUX: Andalusian Fashion in the Culture of the 21st Century&#8220;, an exhibit that opened on October 28th. The exhibition brings together nineteen designers who are redefining southern Spain&#8217;s identity through the art of dress. The exhibition, promoted by the Council of Culture and Sport of Andalusia&#8217;s Regional Government, and curated [&hellip;]","og_url":"https:\/\/creadores.org\/en\/lux-andalusian-fashion-illuminates-contemporary-culture\/","og_site_name":"Asociaci\u00f3n Creadores de Moda de Espa\u00f1a | ACME","article_publisher":"https:\/\/www.facebook.com\/Asociaci%c3%b3n-Creadores-de-Moda-de-Espa%c3%b1a-297009471514\/","article_published_time":"2025-10-30T11:38:23+00:00","article_modified_time":"2025-11-03T09:30:27+00:00","og_image":[{"width":1200,"height":800,"url":"https:\/\/creadores.org\/wp-content\/uploads\/2025\/10\/lux-DSC04643.jpg","type":"image\/jpeg"}],"author":"Felipe","twitter_card":"summary_large_image","twitter_creator":"@creadoresacme","twitter_site":"@creadoresacme","twitter_misc":{"Written by":"Felipe","Est. reading time":"1 minute"},"schema":{"@context":"https:\/\/schema.org","@graph":[{"@type":"Article","@id":"https:\/\/creadores.org\/en\/lux-andalusian-fashion-illuminates-contemporary-culture\/#article","isPartOf":{"@id":"https:\/\/creadores.org\/en\/lux-andalusian-fashion-illuminates-contemporary-culture\/"},"author":{"name":"Felipe","@id":"https:\/\/creadores.org\/en\/#\/schema\/person\/fdf61cde9f2e71e9cefe26613b50a079"},"headline":"LUX: Andalusian fashion illuminates contemporary culture","datePublished":"2025-10-30T11:38:23+00:00","dateModified":"2025-11-03T09:30:27+00:00","mainEntityOfPage":{"@id":"https:\/\/creadores.org\/en\/lux-andalusian-fashion-illuminates-contemporary-culture\/"},"wordCount":275,"publisher":{"@id":"https:\/\/creadores.org\/en\/#organization"},"image":{"@id":"https:\/\/creadores.org\/en\/lux-andalusian-fashion-illuminates-contemporary-culture\/#primaryimage"},"thumbnailUrl":"https:\/\/creadores.org\/wp-content\/uploads\/2025\/10\/lux-DSC04643.jpg","articleSection":["News"],"inLanguage":"en-US"},{"@type":"WebPage","@id":"https:\/\/creadores.org\/en\/lux-andalusian-fashion-illuminates-contemporary-culture\/","url":"https:\/\/creadores.org\/en\/lux-andalusian-fashion-illuminates-contemporary-culture\/","name":"LUX: Andalusian fashion illuminates contemporary culture - Asociaci\u00f3n Creadores de Moda de Espa\u00f1a | ACME","isPartOf":{"@id":"https:\/\/creadores.org\/en\/#website"},"primaryImageOfPage":{"@id":"https:\/\/creadores.org\/en\/lux-andalusian-fashion-illuminates-contemporary-culture\/#primaryimage"},"image":{"@id":"https:\/\/creadores.org\/en\/lux-andalusian-fashion-illuminates-contemporary-culture\/#primaryimage"},"thumbnailUrl":"https:\/\/creadores.org\/wp-content\/uploads\/2025\/10\/lux-DSC04643.jpg","datePublished":"2025-10-30T11:38:23+00:00","dateModified":"2025-11-03T09:30:27+00:00","breadcrumb":{"@id":"https:\/\/creadores.org\/en\/lux-andalusian-fashion-illuminates-contemporary-culture\/#breadcrumb"},"inLanguage":"en-US","potentialAction":[{"@type":"ReadAction","target":["https:\/\/creadores.org\/en\/lux-andalusian-fashion-illuminates-contemporary-culture\/"]}]},{"@type":"ImageObject","inLanguage":"en-US","@id":"https:\/\/creadores.org\/en\/lux-andalusian-fashion-illuminates-contemporary-culture\/#primaryimage","url":"https:\/\/creadores.org\/wp-content\/uploads\/2025\/10\/lux-DSC04643.jpg","contentUrl":"https:\/\/creadores.org\/wp-content\/uploads\/2025\/10\/lux-DSC04643.jpg","width":1200,"height":800},{"@type":"BreadcrumbList","@id":"https:\/\/creadores.org\/en\/lux-andalusian-fashion-illuminates-contemporary-culture\/#breadcrumb","itemListElement":[{"@type":"ListItem","position":1,"name":"Portada","item":"https:\/\/creadores.org\/en\/"},{"@type":"ListItem","position":2,"name":"LUX: Andalusian fashion illuminates contemporary culture"}]},{"@type":"WebSite","@id":"https:\/\/creadores.org\/en\/#website","url":"https:\/\/creadores.org\/en\/","name":"Asociaci\u00f3n Creadores de Moda de Espa\u00f1a | ACME","description":"La Asociaci\u00f3n Creadores de Moda de Espa\u00f1a (ACME) es una organizaci\u00f3n profesional sin \u00e1nimo de lucro fundada en 1988","publisher":{"@id":"https:\/\/creadores.org\/en\/#organization"},"potentialAction":[{"@type":"SearchAction","target":{"@type":"EntryPoint","urlTemplate":"https:\/\/creadores.org\/en\/?s={search_term_string}"},"query-input":{"@type":"PropertyValueSpecification","valueRequired":true,"valueName":"search_term_string"}}],"inLanguage":"en-US"},{"@type":"Organization","@id":"https:\/\/creadores.org\/en\/#organization","name":"Asociaci\u00f3n Creadores de Moda de Espa\u00f1a | ACME","url":"https:\/\/creadores.org\/en\/","logo":{"@type":"ImageObject","inLanguage":"en-US","@id":"https:\/\/creadores.org\/en\/#\/schema\/logo\/image\/","url":"https:\/\/creadores.org\/wp-content\/uploads\/2025\/06\/acme-logo.svg","contentUrl":"https:\/\/creadores.org\/wp-content\/uploads\/2025\/06\/acme-logo.svg","width":650,"height":119,"caption":"Asociaci\u00f3n Creadores de Moda de Espa\u00f1a | ACME"},"image":{"@id":"https:\/\/creadores.org\/en\/#\/schema\/logo\/image\/"},"sameAs":["https:\/\/www.facebook.com\/Asociaci\u00f3n-Creadores-de-Moda-de-Espa\u00f1a-297009471514\/","https:\/\/x.com\/creadoresacme","https:\/\/www.instagram.com\/creadoresacme\/"]},{"@type":"Person","@id":"https:\/\/creadores.org\/en\/#\/schema\/person\/fdf61cde9f2e71e9cefe26613b50a079","name":"Felipe"}]}},"_links":{"self":[{"href":"https:\/\/creadores.org\/en\/wp-json\/wp\/v2\/posts\/90616","targetHints":{"allow":["GET"]}}],"collection":[{"href":"https:\/\/creadores.org\/en\/wp-json\/wp\/v2\/posts"}],"about":[{"href":"https:\/\/creadores.org\/en\/wp-json\/wp\/v2\/types\/post"}],"author":[{"embeddable":true,"href":"https:\/\/creadores.org\/en\/wp-json\/wp\/v2\/users\/4"}],"replies":[{"embeddable":true,"href":"https:\/\/creadores.org\/en\/wp-json\/wp\/v2\/comments?post=90616"}],"version-history":[{"count":2,"href":"https:\/\/creadores.org\/en\/wp-json\/wp\/v2\/posts\/90616\/revisions"}],"predecessor-version":[{"id":90627,"href":"https:\/\/creadores.org\/en\/wp-json\/wp\/v2\/posts\/90616\/revisions\/90627"}],"wp:featuredmedia":[{"embeddable":true,"href":"https:\/\/creadores.org\/en\/wp-json\/wp\/v2\/media\/90617"}],"wp:attachment":[{"href":"https:\/\/creadores.org\/en\/wp-json\/wp\/v2\/media?parent=90616"}],"wp:term":[{"taxonomy":"category","embeddable":true,"href":"https:\/\/creadores.org\/en\/wp-json\/wp\/v2\/categories?post=90616"},{"taxonomy":"post_tag","embeddable":true,"href":"https:\/\/creadores.org\/en\/wp-json\/wp\/v2\/tags?post=90616"}],"curies":[{"name":"wp","href":"https:\/\/api.w.org\/{rel}","templated":true}]}}