{"id":98512,"date":"2026-04-29T11:19:44","date_gmt":"2026-04-29T09:19:44","guid":{"rendered":"https:\/\/creadores.org\/juan-vidal-presenta-marry-me-twice\/"},"modified":"2026-04-29T12:01:22","modified_gmt":"2026-04-29T10:01:22","slug":"juan-vidal-presents-marry-me-twice","status":"publish","type":"post","link":"https:\/\/creadores.org\/en\/juan-vidal-presents-marry-me-twice\/","title":{"rendered":"Juan Vidal Presents Marry Me Twice"},"content":{"rendered":"<p><strong>Juan Vidal<\/strong> presented <em><strong>Marry Me Twice<\/strong><\/em>, his second bridal capsule collection, in a temporary installation held in his studio last Friday, April 24th. The event brought together guests and invitees by appointment around a staging that shifted the collection&#8217;s presentation towards a more intimate and experiential format.<\/p>\n<p>Conceived as a banquet suspended in time, the installation constructed a still scene: a wedding table inhabited by veiled figures and motionless bodies, as if the ritual had been interrupted. In this space, dresses with clean lines, ethereal veils, and sculptural silhouettes shape a vision of bridal wearability far removed from the conventional narrative.<\/p>\n<p>The collaboration with <strong>EL AMOR Productions<\/strong> transformed the designer&#8217;s studio into an ambience of low lights, suspended objects, and a restrained atmosphere. At the center of the installation, a monumental wedding cake served as a scenic element and as a point of tension between celebration and artifice.<\/p>\n<p>The capsule collection continues <strong>Juan Vidal&#8217;s<\/strong> exploration of the dress, as well as the construction of contemporary femininity, with pieces designed for diverse forms of ceremonies, celebrations, and personal expression. Bridal wear appears here as an open territory, closely connected to gesture and presence rather than to a single moment.<\/p>\n<p>During the presentation, attendees were able to explore the space and discover the pieces up close, within the designer&#8217;s own workspace. The table, the veils, and the figures remained silent, like a wedding that is not yet over.<\/p>\n","protected":false},"excerpt":{"rendered":"<p>Juan Vidal presented Marry Me Twice, his second bridal capsule collection, in a temporary installation held in his studio last Friday, April 24th. The event brought together guests and invitees by appointment around a staging that shifted the collection&#8217;s presentation towards a more intimate and experiential format. Conceived as a banquet suspended in time, the [&hellip;]<\/p>\n","protected":false},"author":4,"featured_media":98513,"comment_status":"closed","ping_status":"closed","sticky":false,"template":"","format":"standard","meta":{"footnotes":""},"categories":[1443],"tags":[],"class_list":["post-98512","post","type-post","status-publish","format-standard","has-post-thumbnail","hentry","category-bridal-2026-en"],"yoast_head":"<!-- This site is optimized with the Yoast SEO plugin v27.4 - https:\/\/yoast.com\/product\/yoast-seo-wordpress\/ -->\n<title>Juan Vidal Presents Marry Me Twice - Asociaci\u00f3n Creadores de Moda de Espa\u00f1a | ACME<\/title>\n<meta name=\"robots\" content=\"index, follow, max-snippet:-1, max-image-preview:large, max-video-preview:-1\" \/>\n<link rel=\"canonical\" href=\"https:\/\/creadores.org\/en\/juan-vidal-presents-marry-me-twice\/\" \/>\n<meta property=\"og:locale\" content=\"en_US\" \/>\n<meta property=\"og:type\" content=\"article\" \/>\n<meta property=\"og:title\" content=\"Juan Vidal Presents Marry Me Twice - Asociaci\u00f3n Creadores de Moda de Espa\u00f1a | ACME\" \/>\n<meta property=\"og:description\" content=\"Juan Vidal presented Marry Me Twice, his second bridal capsule collection, in a temporary installation held in his studio last Friday, April 24th. The event brought together guests and invitees by appointment around a staging that shifted the collection&#8217;s presentation towards a more intimate and experiential format. Conceived as a banquet suspended in time, the [&hellip;]\" \/>\n<meta property=\"og:url\" content=\"https:\/\/creadores.org\/en\/juan-vidal-presents-marry-me-twice\/\" \/>\n<meta property=\"og:site_name\" content=\"Asociaci\u00f3n Creadores de Moda de Espa\u00f1a | ACME\" \/>\n<meta property=\"article:publisher\" content=\"https:\/\/www.facebook.com\/Asociaci%c3%b3n-Creadores-de-Moda-de-Espa%c3%b1a-297009471514\/\" \/>\n<meta property=\"article:published_time\" content=\"2026-04-29T09:19:44+00:00\" \/>\n<meta property=\"article:modified_time\" content=\"2026-04-29T10:01:22+00:00\" \/>\n<meta property=\"og:image\" content=\"https:\/\/creadores.org\/wp-content\/uploads\/2026\/04\/Juan-Vidal-marry-me-twice-IMG_4488.jpg\" \/>\n\t<meta property=\"og:image:width\" content=\"1800\" \/>\n\t<meta property=\"og:image:height\" content=\"1197\" \/>\n\t<meta property=\"og:image:type\" content=\"image\/jpeg\" \/>\n<meta name=\"author\" content=\"Felipe\" \/>\n<meta name=\"twitter:card\" content=\"summary_large_image\" \/>\n<meta name=\"twitter:creator\" content=\"@creadoresacme\" \/>\n<meta name=\"twitter:site\" content=\"@creadoresacme\" \/>\n<meta name=\"twitter:label1\" content=\"Written by\" \/>\n\t<meta name=\"twitter:data1\" content=\"Felipe\" \/>\n\t<meta name=\"twitter:label2\" content=\"Est. reading time\" \/>\n\t<meta name=\"twitter:data2\" content=\"2 minutes\" \/>\n<script type=\"application\/ld+json\" class=\"yoast-schema-graph\">{\"@context\":\"https:\\\/\\\/schema.org\",\"@graph\":[{\"@type\":\"Article\",\"@id\":\"https:\\\/\\\/creadores.org\\\/en\\\/juan-vidal-presents-marry-me-twice\\\/#article\",\"isPartOf\":{\"@id\":\"https:\\\/\\\/creadores.org\\\/en\\\/juan-vidal-presents-marry-me-twice\\\/\"},\"author\":{\"name\":\"Felipe\",\"@id\":\"https:\\\/\\\/creadores.org\\\/en\\\/#\\\/schema\\\/person\\\/fdf61cde9f2e71e9cefe26613b50a079\"},\"headline\":\"Juan Vidal Presents Marry Me Twice\",\"datePublished\":\"2026-04-29T09:19:44+00:00\",\"dateModified\":\"2026-04-29T10:01:22+00:00\",\"mainEntityOfPage\":{\"@id\":\"https:\\\/\\\/creadores.org\\\/en\\\/juan-vidal-presents-marry-me-twice\\\/\"},\"wordCount\":246,\"publisher\":{\"@id\":\"https:\\\/\\\/creadores.org\\\/en\\\/#organization\"},\"image\":{\"@id\":\"https:\\\/\\\/creadores.org\\\/en\\\/juan-vidal-presents-marry-me-twice\\\/#primaryimage\"},\"thumbnailUrl\":\"https:\\\/\\\/creadores.org\\\/wp-content\\\/uploads\\\/2026\\\/04\\\/Juan-Vidal-marry-me-twice-IMG_4488.jpg\",\"articleSection\":[\"Bridal 2026\"],\"inLanguage\":\"en-US\"},{\"@type\":\"WebPage\",\"@id\":\"https:\\\/\\\/creadores.org\\\/en\\\/juan-vidal-presents-marry-me-twice\\\/\",\"url\":\"https:\\\/\\\/creadores.org\\\/en\\\/juan-vidal-presents-marry-me-twice\\\/\",\"name\":\"Juan Vidal Presents Marry Me Twice - Asociaci\u00f3n Creadores de Moda de Espa\u00f1a | ACME\",\"isPartOf\":{\"@id\":\"https:\\\/\\\/creadores.org\\\/en\\\/#website\"},\"primaryImageOfPage\":{\"@id\":\"https:\\\/\\\/creadores.org\\\/en\\\/juan-vidal-presents-marry-me-twice\\\/#primaryimage\"},\"image\":{\"@id\":\"https:\\\/\\\/creadores.org\\\/en\\\/juan-vidal-presents-marry-me-twice\\\/#primaryimage\"},\"thumbnailUrl\":\"https:\\\/\\\/creadores.org\\\/wp-content\\\/uploads\\\/2026\\\/04\\\/Juan-Vidal-marry-me-twice-IMG_4488.jpg\",\"datePublished\":\"2026-04-29T09:19:44+00:00\",\"dateModified\":\"2026-04-29T10:01:22+00:00\",\"breadcrumb\":{\"@id\":\"https:\\\/\\\/creadores.org\\\/en\\\/juan-vidal-presents-marry-me-twice\\\/#breadcrumb\"},\"inLanguage\":\"en-US\",\"potentialAction\":[{\"@type\":\"ReadAction\",\"target\":[\"https:\\\/\\\/creadores.org\\\/en\\\/juan-vidal-presents-marry-me-twice\\\/\"]}]},{\"@type\":\"ImageObject\",\"inLanguage\":\"en-US\",\"@id\":\"https:\\\/\\\/creadores.org\\\/en\\\/juan-vidal-presents-marry-me-twice\\\/#primaryimage\",\"url\":\"https:\\\/\\\/creadores.org\\\/wp-content\\\/uploads\\\/2026\\\/04\\\/Juan-Vidal-marry-me-twice-IMG_4488.jpg\",\"contentUrl\":\"https:\\\/\\\/creadores.org\\\/wp-content\\\/uploads\\\/2026\\\/04\\\/Juan-Vidal-marry-me-twice-IMG_4488.jpg\",\"width\":1800,\"height\":1197},{\"@type\":\"BreadcrumbList\",\"@id\":\"https:\\\/\\\/creadores.org\\\/en\\\/juan-vidal-presents-marry-me-twice\\\/#breadcrumb\",\"itemListElement\":[{\"@type\":\"ListItem\",\"position\":1,\"name\":\"Portada\",\"item\":\"https:\\\/\\\/creadores.org\\\/en\\\/\"},{\"@type\":\"ListItem\",\"position\":2,\"name\":\"Juan Vidal Presents Marry Me Twice\"}]},{\"@type\":\"WebSite\",\"@id\":\"https:\\\/\\\/creadores.org\\\/en\\\/#website\",\"url\":\"https:\\\/\\\/creadores.org\\\/en\\\/\",\"name\":\"Asociaci\u00f3n Creadores de Moda de Espa\u00f1a | ACME\",\"description\":\"La Asociaci\u00f3n Creadores de Moda de Espa\u00f1a (ACME) es una organizaci\u00f3n profesional sin \u00e1nimo de lucro fundada en 1988\",\"publisher\":{\"@id\":\"https:\\\/\\\/creadores.org\\\/en\\\/#organization\"},\"potentialAction\":[{\"@type\":\"SearchAction\",\"target\":{\"@type\":\"EntryPoint\",\"urlTemplate\":\"https:\\\/\\\/creadores.org\\\/en\\\/?s={search_term_string}\"},\"query-input\":{\"@type\":\"PropertyValueSpecification\",\"valueRequired\":true,\"valueName\":\"search_term_string\"}}],\"inLanguage\":\"en-US\"},{\"@type\":\"Organization\",\"@id\":\"https:\\\/\\\/creadores.org\\\/en\\\/#organization\",\"name\":\"Asociaci\u00f3n Creadores de Moda de Espa\u00f1a | ACME\",\"url\":\"https:\\\/\\\/creadores.org\\\/en\\\/\",\"logo\":{\"@type\":\"ImageObject\",\"inLanguage\":\"en-US\",\"@id\":\"https:\\\/\\\/creadores.org\\\/en\\\/#\\\/schema\\\/logo\\\/image\\\/\",\"url\":\"https:\\\/\\\/creadores.org\\\/wp-content\\\/uploads\\\/2025\\\/06\\\/acme-logo.svg\",\"contentUrl\":\"https:\\\/\\\/creadores.org\\\/wp-content\\\/uploads\\\/2025\\\/06\\\/acme-logo.svg\",\"width\":650,\"height\":119,\"caption\":\"Asociaci\u00f3n Creadores de Moda de Espa\u00f1a | ACME\"},\"image\":{\"@id\":\"https:\\\/\\\/creadores.org\\\/en\\\/#\\\/schema\\\/logo\\\/image\\\/\"},\"sameAs\":[\"https:\\\/\\\/www.facebook.com\\\/Asociaci\u00f3n-Creadores-de-Moda-de-Espa\u00f1a-297009471514\\\/\",\"https:\\\/\\\/x.com\\\/creadoresacme\",\"https:\\\/\\\/www.instagram.com\\\/creadoresacme\\\/\"]},{\"@type\":\"Person\",\"@id\":\"https:\\\/\\\/creadores.org\\\/en\\\/#\\\/schema\\\/person\\\/fdf61cde9f2e71e9cefe26613b50a079\",\"name\":\"Felipe\"}]}<\/script>\n<!-- \/ Yoast SEO plugin. -->","yoast_head_json":{"title":"Juan Vidal Presents Marry Me Twice - Asociaci\u00f3n Creadores de Moda de Espa\u00f1a | ACME","robots":{"index":"index","follow":"follow","max-snippet":"max-snippet:-1","max-image-preview":"max-image-preview:large","max-video-preview":"max-video-preview:-1"},"canonical":"https:\/\/creadores.org\/en\/juan-vidal-presents-marry-me-twice\/","og_locale":"en_US","og_type":"article","og_title":"Juan Vidal Presents Marry Me Twice - Asociaci\u00f3n Creadores de Moda de Espa\u00f1a | ACME","og_description":"Juan Vidal presented Marry Me Twice, his second bridal capsule collection, in a temporary installation held in his studio last Friday, April 24th. The event brought together guests and invitees by appointment around a staging that shifted the collection&#8217;s presentation towards a more intimate and experiential format. Conceived as a banquet suspended in time, the [&hellip;]","og_url":"https:\/\/creadores.org\/en\/juan-vidal-presents-marry-me-twice\/","og_site_name":"Asociaci\u00f3n Creadores de Moda de Espa\u00f1a | ACME","article_publisher":"https:\/\/www.facebook.com\/Asociaci%c3%b3n-Creadores-de-Moda-de-Espa%c3%b1a-297009471514\/","article_published_time":"2026-04-29T09:19:44+00:00","article_modified_time":"2026-04-29T10:01:22+00:00","og_image":[{"width":1800,"height":1197,"url":"https:\/\/creadores.org\/wp-content\/uploads\/2026\/04\/Juan-Vidal-marry-me-twice-IMG_4488.jpg","type":"image\/jpeg"}],"author":"Felipe","twitter_card":"summary_large_image","twitter_creator":"@creadoresacme","twitter_site":"@creadoresacme","twitter_misc":{"Written by":"Felipe","Est. reading time":"2 minutes"},"schema":{"@context":"https:\/\/schema.org","@graph":[{"@type":"Article","@id":"https:\/\/creadores.org\/en\/juan-vidal-presents-marry-me-twice\/#article","isPartOf":{"@id":"https:\/\/creadores.org\/en\/juan-vidal-presents-marry-me-twice\/"},"author":{"name":"Felipe","@id":"https:\/\/creadores.org\/en\/#\/schema\/person\/fdf61cde9f2e71e9cefe26613b50a079"},"headline":"Juan Vidal Presents Marry Me Twice","datePublished":"2026-04-29T09:19:44+00:00","dateModified":"2026-04-29T10:01:22+00:00","mainEntityOfPage":{"@id":"https:\/\/creadores.org\/en\/juan-vidal-presents-marry-me-twice\/"},"wordCount":246,"publisher":{"@id":"https:\/\/creadores.org\/en\/#organization"},"image":{"@id":"https:\/\/creadores.org\/en\/juan-vidal-presents-marry-me-twice\/#primaryimage"},"thumbnailUrl":"https:\/\/creadores.org\/wp-content\/uploads\/2026\/04\/Juan-Vidal-marry-me-twice-IMG_4488.jpg","articleSection":["Bridal 2026"],"inLanguage":"en-US"},{"@type":"WebPage","@id":"https:\/\/creadores.org\/en\/juan-vidal-presents-marry-me-twice\/","url":"https:\/\/creadores.org\/en\/juan-vidal-presents-marry-me-twice\/","name":"Juan Vidal Presents Marry Me Twice - Asociaci\u00f3n Creadores de Moda de Espa\u00f1a | ACME","isPartOf":{"@id":"https:\/\/creadores.org\/en\/#website"},"primaryImageOfPage":{"@id":"https:\/\/creadores.org\/en\/juan-vidal-presents-marry-me-twice\/#primaryimage"},"image":{"@id":"https:\/\/creadores.org\/en\/juan-vidal-presents-marry-me-twice\/#primaryimage"},"thumbnailUrl":"https:\/\/creadores.org\/wp-content\/uploads\/2026\/04\/Juan-Vidal-marry-me-twice-IMG_4488.jpg","datePublished":"2026-04-29T09:19:44+00:00","dateModified":"2026-04-29T10:01:22+00:00","breadcrumb":{"@id":"https:\/\/creadores.org\/en\/juan-vidal-presents-marry-me-twice\/#breadcrumb"},"inLanguage":"en-US","potentialAction":[{"@type":"ReadAction","target":["https:\/\/creadores.org\/en\/juan-vidal-presents-marry-me-twice\/"]}]},{"@type":"ImageObject","inLanguage":"en-US","@id":"https:\/\/creadores.org\/en\/juan-vidal-presents-marry-me-twice\/#primaryimage","url":"https:\/\/creadores.org\/wp-content\/uploads\/2026\/04\/Juan-Vidal-marry-me-twice-IMG_4488.jpg","contentUrl":"https:\/\/creadores.org\/wp-content\/uploads\/2026\/04\/Juan-Vidal-marry-me-twice-IMG_4488.jpg","width":1800,"height":1197},{"@type":"BreadcrumbList","@id":"https:\/\/creadores.org\/en\/juan-vidal-presents-marry-me-twice\/#breadcrumb","itemListElement":[{"@type":"ListItem","position":1,"name":"Portada","item":"https:\/\/creadores.org\/en\/"},{"@type":"ListItem","position":2,"name":"Juan Vidal Presents Marry Me Twice"}]},{"@type":"WebSite","@id":"https:\/\/creadores.org\/en\/#website","url":"https:\/\/creadores.org\/en\/","name":"Asociaci\u00f3n Creadores de Moda de Espa\u00f1a | ACME","description":"La Asociaci\u00f3n Creadores de Moda de Espa\u00f1a (ACME) es una organizaci\u00f3n profesional sin \u00e1nimo de lucro fundada en 1988","publisher":{"@id":"https:\/\/creadores.org\/en\/#organization"},"potentialAction":[{"@type":"SearchAction","target":{"@type":"EntryPoint","urlTemplate":"https:\/\/creadores.org\/en\/?s={search_term_string}"},"query-input":{"@type":"PropertyValueSpecification","valueRequired":true,"valueName":"search_term_string"}}],"inLanguage":"en-US"},{"@type":"Organization","@id":"https:\/\/creadores.org\/en\/#organization","name":"Asociaci\u00f3n Creadores de Moda de Espa\u00f1a | ACME","url":"https:\/\/creadores.org\/en\/","logo":{"@type":"ImageObject","inLanguage":"en-US","@id":"https:\/\/creadores.org\/en\/#\/schema\/logo\/image\/","url":"https:\/\/creadores.org\/wp-content\/uploads\/2025\/06\/acme-logo.svg","contentUrl":"https:\/\/creadores.org\/wp-content\/uploads\/2025\/06\/acme-logo.svg","width":650,"height":119,"caption":"Asociaci\u00f3n Creadores de Moda de Espa\u00f1a | ACME"},"image":{"@id":"https:\/\/creadores.org\/en\/#\/schema\/logo\/image\/"},"sameAs":["https:\/\/www.facebook.com\/Asociaci\u00f3n-Creadores-de-Moda-de-Espa\u00f1a-297009471514\/","https:\/\/x.com\/creadoresacme","https:\/\/www.instagram.com\/creadoresacme\/"]},{"@type":"Person","@id":"https:\/\/creadores.org\/en\/#\/schema\/person\/fdf61cde9f2e71e9cefe26613b50a079","name":"Felipe"}]}},"_links":{"self":[{"href":"https:\/\/creadores.org\/en\/wp-json\/wp\/v2\/posts\/98512","targetHints":{"allow":["GET"]}}],"collection":[{"href":"https:\/\/creadores.org\/en\/wp-json\/wp\/v2\/posts"}],"about":[{"href":"https:\/\/creadores.org\/en\/wp-json\/wp\/v2\/types\/post"}],"author":[{"embeddable":true,"href":"https:\/\/creadores.org\/en\/wp-json\/wp\/v2\/users\/4"}],"replies":[{"embeddable":true,"href":"https:\/\/creadores.org\/en\/wp-json\/wp\/v2\/comments?post=98512"}],"version-history":[{"count":1,"href":"https:\/\/creadores.org\/en\/wp-json\/wp\/v2\/posts\/98512\/revisions"}],"predecessor-version":[{"id":98532,"href":"https:\/\/creadores.org\/en\/wp-json\/wp\/v2\/posts\/98512\/revisions\/98532"}],"wp:featuredmedia":[{"embeddable":true,"href":"https:\/\/creadores.org\/en\/wp-json\/wp\/v2\/media\/98513"}],"wp:attachment":[{"href":"https:\/\/creadores.org\/en\/wp-json\/wp\/v2\/media?parent=98512"}],"wp:term":[{"taxonomy":"category","embeddable":true,"href":"https:\/\/creadores.org\/en\/wp-json\/wp\/v2\/categories?post=98512"},{"taxonomy":"post_tag","embeddable":true,"href":"https:\/\/creadores.org\/en\/wp-json\/wp\/v2\/tags?post=98512"}],"curies":[{"name":"wp","href":"https:\/\/api.w.org\/{rel}","templated":true}]}}