{"id":98538,"date":"2026-04-30T15:50:36","date_gmt":"2026-04-30T13:50:36","guid":{"rendered":"https:\/\/creadores.org\/marcos-luengo-presenta-dos-piezas-de-moda-regenerativa\/"},"modified":"2026-04-30T16:49:47","modified_gmt":"2026-04-30T14:49:47","slug":"marcos-luengo-presents-two-regenerative-fashion-pieces","status":"publish","type":"post","link":"https:\/\/creadores.org\/en\/marcos-luengo-presents-two-regenerative-fashion-pieces\/","title":{"rendered":"Marcos Luengo Presents Two Regenerative Fashion Pieces"},"content":{"rendered":"<p><strong>Marcos Luengo<\/strong> presented two unique pieces as a part of <strong>The Gift of Colour<\/strong>, a project promoted by <strong>Municipality 5 of the Comune di Milano<\/strong> within the framework of <strong>Fuorisalone 2026<\/strong> and <strong>Milan Design Week<\/strong>.<\/p>\n<p>The fashion designer, a member of the <strong>Asociaci\u00f3n de Creadores de Moda de Espa\u00f1a (ACME)<\/strong>, participated in this initiative with two creations made in collaboration with <strong>LOADS Collection<\/strong>, the textile platform developed by artist <strong>Claudy Jongstra<\/strong> together with <strong>Jesk Jongstra<\/strong>, which focuses on regenerative processes and natural dyes.<\/p>\n<p>The pieces were made with textiles certified under the <strong>Demeter Textile Standard<\/strong>, a standard linked to regenerative processes from the origin of the materials. Among the fashion proposals, a standout piece is a set in rust tones, consisting of a silk organza dress, a matching kimono, and a blue sash, showcased by model <strong>Arizona Muse<\/strong> during the presentation. The second piece is a blue linen kimono with a green sash, also made with fabrics from <strong>LOADS Collection<\/strong>. The materials are sourced through processes that connect with the soil as well as the use of plant-based dyes, in line with <strong>Claudy Jongstra&#8217;s<\/strong> research regarding natural fibers and organic pigments.<\/p>\n<p><strong>The Gift of Colour<\/strong> connects ecology, urban gardens, and art through community spaces conceived as natural color laboratories for fashion. Within this context, <strong>Marcos Luengo<\/strong> has worked from pattern-making and craftsmanship to translate these textiles into haute couture pieces.<\/p>\n<p>The presentation took place in Milan during one of the leading international weeks for contemporary design.<\/p>\n","protected":false},"excerpt":{"rendered":"<p>Marcos Luengo presented two unique pieces as a part of The Gift of Colour, a project promoted by Municipality 5 of the Comune di Milano within the framework of Fuorisalone 2026 and Milan Design Week. The fashion designer, a member of the Asociaci\u00f3n de Creadores de Moda de Espa\u00f1a (ACME), participated in this initiative with [&hellip;]<\/p>\n","protected":false},"author":4,"featured_media":98540,"comment_status":"closed","ping_status":"closed","sticky":false,"template":"","format":"standard","meta":{"footnotes":""},"categories":[1163],"tags":[],"class_list":["post-98538","post","type-post","status-publish","format-standard","has-post-thumbnail","hentry","category-news"],"yoast_head":"<!-- This site is optimized with the Yoast SEO plugin v27.4 - https:\/\/yoast.com\/product\/yoast-seo-wordpress\/ -->\n<title>Marcos Luengo Presents Two Regenerative Fashion Pieces - Asociaci\u00f3n Creadores de Moda de Espa\u00f1a | ACME<\/title>\n<meta name=\"robots\" content=\"index, follow, max-snippet:-1, max-image-preview:large, max-video-preview:-1\" \/>\n<link rel=\"canonical\" href=\"https:\/\/creadores.org\/en\/marcos-luengo-presents-two-regenerative-fashion-pieces\/\" \/>\n<meta property=\"og:locale\" content=\"en_US\" \/>\n<meta property=\"og:type\" content=\"article\" \/>\n<meta property=\"og:title\" content=\"Marcos Luengo Presents Two Regenerative Fashion Pieces - Asociaci\u00f3n Creadores de Moda de Espa\u00f1a | ACME\" \/>\n<meta property=\"og:description\" content=\"Marcos Luengo presented two unique pieces as a part of The Gift of Colour, a project promoted by Municipality 5 of the Comune di Milano within the framework of Fuorisalone 2026 and Milan Design Week. The fashion designer, a member of the Asociaci\u00f3n de Creadores de Moda de Espa\u00f1a (ACME), participated in this initiative with [&hellip;]\" \/>\n<meta property=\"og:url\" content=\"https:\/\/creadores.org\/en\/marcos-luengo-presents-two-regenerative-fashion-pieces\/\" \/>\n<meta property=\"og:site_name\" content=\"Asociaci\u00f3n Creadores de Moda de Espa\u00f1a | ACME\" \/>\n<meta property=\"article:publisher\" content=\"https:\/\/www.facebook.com\/Asociaci%c3%b3n-Creadores-de-Moda-de-Espa%c3%b1a-297009471514\/\" \/>\n<meta property=\"article:published_time\" content=\"2026-04-30T13:50:36+00:00\" \/>\n<meta property=\"article:modified_time\" content=\"2026-04-30T14:49:47+00:00\" \/>\n<meta property=\"og:image\" content=\"https:\/\/creadores.org\/wp-content\/uploads\/2026\/04\/marcos-luengo-Earth-Felt26-.jpg\" \/>\n\t<meta property=\"og:image:width\" content=\"1200\" \/>\n\t<meta property=\"og:image:height\" content=\"800\" \/>\n\t<meta property=\"og:image:type\" content=\"image\/jpeg\" \/>\n<meta name=\"author\" content=\"Felipe\" \/>\n<meta name=\"twitter:card\" content=\"summary_large_image\" \/>\n<meta name=\"twitter:creator\" content=\"@creadoresacme\" \/>\n<meta name=\"twitter:site\" content=\"@creadoresacme\" \/>\n<meta name=\"twitter:label1\" content=\"Written by\" \/>\n\t<meta name=\"twitter:data1\" content=\"Felipe\" \/>\n\t<meta name=\"twitter:label2\" content=\"Est. reading time\" \/>\n\t<meta name=\"twitter:data2\" content=\"2 minutes\" \/>\n<script type=\"application\/ld+json\" class=\"yoast-schema-graph\">{\"@context\":\"https:\\\/\\\/schema.org\",\"@graph\":[{\"@type\":\"Article\",\"@id\":\"https:\\\/\\\/creadores.org\\\/en\\\/marcos-luengo-presents-two-regenerative-fashion-pieces\\\/#article\",\"isPartOf\":{\"@id\":\"https:\\\/\\\/creadores.org\\\/en\\\/marcos-luengo-presents-two-regenerative-fashion-pieces\\\/\"},\"author\":{\"name\":\"Felipe\",\"@id\":\"https:\\\/\\\/creadores.org\\\/en\\\/#\\\/schema\\\/person\\\/fdf61cde9f2e71e9cefe26613b50a079\"},\"headline\":\"Marcos Luengo Presents Two Regenerative Fashion Pieces\",\"datePublished\":\"2026-04-30T13:50:36+00:00\",\"dateModified\":\"2026-04-30T14:49:47+00:00\",\"mainEntityOfPage\":{\"@id\":\"https:\\\/\\\/creadores.org\\\/en\\\/marcos-luengo-presents-two-regenerative-fashion-pieces\\\/\"},\"wordCount\":254,\"publisher\":{\"@id\":\"https:\\\/\\\/creadores.org\\\/en\\\/#organization\"},\"image\":{\"@id\":\"https:\\\/\\\/creadores.org\\\/en\\\/marcos-luengo-presents-two-regenerative-fashion-pieces\\\/#primaryimage\"},\"thumbnailUrl\":\"https:\\\/\\\/creadores.org\\\/wp-content\\\/uploads\\\/2026\\\/04\\\/marcos-luengo-Earth-Felt26-.jpg\",\"articleSection\":[\"News\"],\"inLanguage\":\"en-US\"},{\"@type\":\"WebPage\",\"@id\":\"https:\\\/\\\/creadores.org\\\/en\\\/marcos-luengo-presents-two-regenerative-fashion-pieces\\\/\",\"url\":\"https:\\\/\\\/creadores.org\\\/en\\\/marcos-luengo-presents-two-regenerative-fashion-pieces\\\/\",\"name\":\"Marcos Luengo Presents Two Regenerative Fashion Pieces - Asociaci\u00f3n Creadores de Moda de Espa\u00f1a | ACME\",\"isPartOf\":{\"@id\":\"https:\\\/\\\/creadores.org\\\/en\\\/#website\"},\"primaryImageOfPage\":{\"@id\":\"https:\\\/\\\/creadores.org\\\/en\\\/marcos-luengo-presents-two-regenerative-fashion-pieces\\\/#primaryimage\"},\"image\":{\"@id\":\"https:\\\/\\\/creadores.org\\\/en\\\/marcos-luengo-presents-two-regenerative-fashion-pieces\\\/#primaryimage\"},\"thumbnailUrl\":\"https:\\\/\\\/creadores.org\\\/wp-content\\\/uploads\\\/2026\\\/04\\\/marcos-luengo-Earth-Felt26-.jpg\",\"datePublished\":\"2026-04-30T13:50:36+00:00\",\"dateModified\":\"2026-04-30T14:49:47+00:00\",\"breadcrumb\":{\"@id\":\"https:\\\/\\\/creadores.org\\\/en\\\/marcos-luengo-presents-two-regenerative-fashion-pieces\\\/#breadcrumb\"},\"inLanguage\":\"en-US\",\"potentialAction\":[{\"@type\":\"ReadAction\",\"target\":[\"https:\\\/\\\/creadores.org\\\/en\\\/marcos-luengo-presents-two-regenerative-fashion-pieces\\\/\"]}]},{\"@type\":\"ImageObject\",\"inLanguage\":\"en-US\",\"@id\":\"https:\\\/\\\/creadores.org\\\/en\\\/marcos-luengo-presents-two-regenerative-fashion-pieces\\\/#primaryimage\",\"url\":\"https:\\\/\\\/creadores.org\\\/wp-content\\\/uploads\\\/2026\\\/04\\\/marcos-luengo-Earth-Felt26-.jpg\",\"contentUrl\":\"https:\\\/\\\/creadores.org\\\/wp-content\\\/uploads\\\/2026\\\/04\\\/marcos-luengo-Earth-Felt26-.jpg\",\"width\":1200,\"height\":800},{\"@type\":\"BreadcrumbList\",\"@id\":\"https:\\\/\\\/creadores.org\\\/en\\\/marcos-luengo-presents-two-regenerative-fashion-pieces\\\/#breadcrumb\",\"itemListElement\":[{\"@type\":\"ListItem\",\"position\":1,\"name\":\"Portada\",\"item\":\"https:\\\/\\\/creadores.org\\\/en\\\/\"},{\"@type\":\"ListItem\",\"position\":2,\"name\":\"Marcos Luengo Presents Two Regenerative Fashion Pieces\"}]},{\"@type\":\"WebSite\",\"@id\":\"https:\\\/\\\/creadores.org\\\/en\\\/#website\",\"url\":\"https:\\\/\\\/creadores.org\\\/en\\\/\",\"name\":\"Asociaci\u00f3n Creadores de Moda de Espa\u00f1a | ACME\",\"description\":\"La Asociaci\u00f3n Creadores de Moda de Espa\u00f1a (ACME) es una organizaci\u00f3n profesional sin \u00e1nimo de lucro fundada en 1988\",\"publisher\":{\"@id\":\"https:\\\/\\\/creadores.org\\\/en\\\/#organization\"},\"potentialAction\":[{\"@type\":\"SearchAction\",\"target\":{\"@type\":\"EntryPoint\",\"urlTemplate\":\"https:\\\/\\\/creadores.org\\\/en\\\/?s={search_term_string}\"},\"query-input\":{\"@type\":\"PropertyValueSpecification\",\"valueRequired\":true,\"valueName\":\"search_term_string\"}}],\"inLanguage\":\"en-US\"},{\"@type\":\"Organization\",\"@id\":\"https:\\\/\\\/creadores.org\\\/en\\\/#organization\",\"name\":\"Asociaci\u00f3n Creadores de Moda de Espa\u00f1a | ACME\",\"url\":\"https:\\\/\\\/creadores.org\\\/en\\\/\",\"logo\":{\"@type\":\"ImageObject\",\"inLanguage\":\"en-US\",\"@id\":\"https:\\\/\\\/creadores.org\\\/en\\\/#\\\/schema\\\/logo\\\/image\\\/\",\"url\":\"https:\\\/\\\/creadores.org\\\/wp-content\\\/uploads\\\/2025\\\/06\\\/acme-logo.svg\",\"contentUrl\":\"https:\\\/\\\/creadores.org\\\/wp-content\\\/uploads\\\/2025\\\/06\\\/acme-logo.svg\",\"width\":650,\"height\":119,\"caption\":\"Asociaci\u00f3n Creadores de Moda de Espa\u00f1a | ACME\"},\"image\":{\"@id\":\"https:\\\/\\\/creadores.org\\\/en\\\/#\\\/schema\\\/logo\\\/image\\\/\"},\"sameAs\":[\"https:\\\/\\\/www.facebook.com\\\/Asociaci\u00f3n-Creadores-de-Moda-de-Espa\u00f1a-297009471514\\\/\",\"https:\\\/\\\/x.com\\\/creadoresacme\",\"https:\\\/\\\/www.instagram.com\\\/creadoresacme\\\/\"]},{\"@type\":\"Person\",\"@id\":\"https:\\\/\\\/creadores.org\\\/en\\\/#\\\/schema\\\/person\\\/fdf61cde9f2e71e9cefe26613b50a079\",\"name\":\"Felipe\"}]}<\/script>\n<!-- \/ Yoast SEO plugin. -->","yoast_head_json":{"title":"Marcos Luengo Presents Two Regenerative Fashion Pieces - Asociaci\u00f3n Creadores de Moda de Espa\u00f1a | ACME","robots":{"index":"index","follow":"follow","max-snippet":"max-snippet:-1","max-image-preview":"max-image-preview:large","max-video-preview":"max-video-preview:-1"},"canonical":"https:\/\/creadores.org\/en\/marcos-luengo-presents-two-regenerative-fashion-pieces\/","og_locale":"en_US","og_type":"article","og_title":"Marcos Luengo Presents Two Regenerative Fashion Pieces - Asociaci\u00f3n Creadores de Moda de Espa\u00f1a | ACME","og_description":"Marcos Luengo presented two unique pieces as a part of The Gift of Colour, a project promoted by Municipality 5 of the Comune di Milano within the framework of Fuorisalone 2026 and Milan Design Week. The fashion designer, a member of the Asociaci\u00f3n de Creadores de Moda de Espa\u00f1a (ACME), participated in this initiative with [&hellip;]","og_url":"https:\/\/creadores.org\/en\/marcos-luengo-presents-two-regenerative-fashion-pieces\/","og_site_name":"Asociaci\u00f3n Creadores de Moda de Espa\u00f1a | ACME","article_publisher":"https:\/\/www.facebook.com\/Asociaci%c3%b3n-Creadores-de-Moda-de-Espa%c3%b1a-297009471514\/","article_published_time":"2026-04-30T13:50:36+00:00","article_modified_time":"2026-04-30T14:49:47+00:00","og_image":[{"width":1200,"height":800,"url":"https:\/\/creadores.org\/wp-content\/uploads\/2026\/04\/marcos-luengo-Earth-Felt26-.jpg","type":"image\/jpeg"}],"author":"Felipe","twitter_card":"summary_large_image","twitter_creator":"@creadoresacme","twitter_site":"@creadoresacme","twitter_misc":{"Written by":"Felipe","Est. reading time":"2 minutes"},"schema":{"@context":"https:\/\/schema.org","@graph":[{"@type":"Article","@id":"https:\/\/creadores.org\/en\/marcos-luengo-presents-two-regenerative-fashion-pieces\/#article","isPartOf":{"@id":"https:\/\/creadores.org\/en\/marcos-luengo-presents-two-regenerative-fashion-pieces\/"},"author":{"name":"Felipe","@id":"https:\/\/creadores.org\/en\/#\/schema\/person\/fdf61cde9f2e71e9cefe26613b50a079"},"headline":"Marcos Luengo Presents Two Regenerative Fashion Pieces","datePublished":"2026-04-30T13:50:36+00:00","dateModified":"2026-04-30T14:49:47+00:00","mainEntityOfPage":{"@id":"https:\/\/creadores.org\/en\/marcos-luengo-presents-two-regenerative-fashion-pieces\/"},"wordCount":254,"publisher":{"@id":"https:\/\/creadores.org\/en\/#organization"},"image":{"@id":"https:\/\/creadores.org\/en\/marcos-luengo-presents-two-regenerative-fashion-pieces\/#primaryimage"},"thumbnailUrl":"https:\/\/creadores.org\/wp-content\/uploads\/2026\/04\/marcos-luengo-Earth-Felt26-.jpg","articleSection":["News"],"inLanguage":"en-US"},{"@type":"WebPage","@id":"https:\/\/creadores.org\/en\/marcos-luengo-presents-two-regenerative-fashion-pieces\/","url":"https:\/\/creadores.org\/en\/marcos-luengo-presents-two-regenerative-fashion-pieces\/","name":"Marcos Luengo Presents Two Regenerative Fashion Pieces - Asociaci\u00f3n Creadores de Moda de Espa\u00f1a | ACME","isPartOf":{"@id":"https:\/\/creadores.org\/en\/#website"},"primaryImageOfPage":{"@id":"https:\/\/creadores.org\/en\/marcos-luengo-presents-two-regenerative-fashion-pieces\/#primaryimage"},"image":{"@id":"https:\/\/creadores.org\/en\/marcos-luengo-presents-two-regenerative-fashion-pieces\/#primaryimage"},"thumbnailUrl":"https:\/\/creadores.org\/wp-content\/uploads\/2026\/04\/marcos-luengo-Earth-Felt26-.jpg","datePublished":"2026-04-30T13:50:36+00:00","dateModified":"2026-04-30T14:49:47+00:00","breadcrumb":{"@id":"https:\/\/creadores.org\/en\/marcos-luengo-presents-two-regenerative-fashion-pieces\/#breadcrumb"},"inLanguage":"en-US","potentialAction":[{"@type":"ReadAction","target":["https:\/\/creadores.org\/en\/marcos-luengo-presents-two-regenerative-fashion-pieces\/"]}]},{"@type":"ImageObject","inLanguage":"en-US","@id":"https:\/\/creadores.org\/en\/marcos-luengo-presents-two-regenerative-fashion-pieces\/#primaryimage","url":"https:\/\/creadores.org\/wp-content\/uploads\/2026\/04\/marcos-luengo-Earth-Felt26-.jpg","contentUrl":"https:\/\/creadores.org\/wp-content\/uploads\/2026\/04\/marcos-luengo-Earth-Felt26-.jpg","width":1200,"height":800},{"@type":"BreadcrumbList","@id":"https:\/\/creadores.org\/en\/marcos-luengo-presents-two-regenerative-fashion-pieces\/#breadcrumb","itemListElement":[{"@type":"ListItem","position":1,"name":"Portada","item":"https:\/\/creadores.org\/en\/"},{"@type":"ListItem","position":2,"name":"Marcos Luengo Presents Two Regenerative Fashion Pieces"}]},{"@type":"WebSite","@id":"https:\/\/creadores.org\/en\/#website","url":"https:\/\/creadores.org\/en\/","name":"Asociaci\u00f3n Creadores de Moda de Espa\u00f1a | ACME","description":"La Asociaci\u00f3n Creadores de Moda de Espa\u00f1a (ACME) es una organizaci\u00f3n profesional sin \u00e1nimo de lucro fundada en 1988","publisher":{"@id":"https:\/\/creadores.org\/en\/#organization"},"potentialAction":[{"@type":"SearchAction","target":{"@type":"EntryPoint","urlTemplate":"https:\/\/creadores.org\/en\/?s={search_term_string}"},"query-input":{"@type":"PropertyValueSpecification","valueRequired":true,"valueName":"search_term_string"}}],"inLanguage":"en-US"},{"@type":"Organization","@id":"https:\/\/creadores.org\/en\/#organization","name":"Asociaci\u00f3n Creadores de Moda de Espa\u00f1a | ACME","url":"https:\/\/creadores.org\/en\/","logo":{"@type":"ImageObject","inLanguage":"en-US","@id":"https:\/\/creadores.org\/en\/#\/schema\/logo\/image\/","url":"https:\/\/creadores.org\/wp-content\/uploads\/2025\/06\/acme-logo.svg","contentUrl":"https:\/\/creadores.org\/wp-content\/uploads\/2025\/06\/acme-logo.svg","width":650,"height":119,"caption":"Asociaci\u00f3n Creadores de Moda de Espa\u00f1a | ACME"},"image":{"@id":"https:\/\/creadores.org\/en\/#\/schema\/logo\/image\/"},"sameAs":["https:\/\/www.facebook.com\/Asociaci\u00f3n-Creadores-de-Moda-de-Espa\u00f1a-297009471514\/","https:\/\/x.com\/creadoresacme","https:\/\/www.instagram.com\/creadoresacme\/"]},{"@type":"Person","@id":"https:\/\/creadores.org\/en\/#\/schema\/person\/fdf61cde9f2e71e9cefe26613b50a079","name":"Felipe"}]}},"_links":{"self":[{"href":"https:\/\/creadores.org\/en\/wp-json\/wp\/v2\/posts\/98538","targetHints":{"allow":["GET"]}}],"collection":[{"href":"https:\/\/creadores.org\/en\/wp-json\/wp\/v2\/posts"}],"about":[{"href":"https:\/\/creadores.org\/en\/wp-json\/wp\/v2\/types\/post"}],"author":[{"embeddable":true,"href":"https:\/\/creadores.org\/en\/wp-json\/wp\/v2\/users\/4"}],"replies":[{"embeddable":true,"href":"https:\/\/creadores.org\/en\/wp-json\/wp\/v2\/comments?post=98538"}],"version-history":[{"count":1,"href":"https:\/\/creadores.org\/en\/wp-json\/wp\/v2\/posts\/98538\/revisions"}],"predecessor-version":[{"id":98542,"href":"https:\/\/creadores.org\/en\/wp-json\/wp\/v2\/posts\/98538\/revisions\/98542"}],"wp:featuredmedia":[{"embeddable":true,"href":"https:\/\/creadores.org\/en\/wp-json\/wp\/v2\/media\/98540"}],"wp:attachment":[{"href":"https:\/\/creadores.org\/en\/wp-json\/wp\/v2\/media?parent=98538"}],"wp:term":[{"taxonomy":"category","embeddable":true,"href":"https:\/\/creadores.org\/en\/wp-json\/wp\/v2\/categories?post=98538"},{"taxonomy":"post_tag","embeddable":true,"href":"https:\/\/creadores.org\/en\/wp-json\/wp\/v2\/tags?post=98538"}],"curies":[{"name":"wp","href":"https:\/\/api.w.org\/{rel}","templated":true}]}}