{"id":1249,"count":13,"description":"","link":"https:\/\/creadores.org\/categoria\/desfiles\/colecciones-2021\/otono-invierno-2021\/","name":"Oto\u00f1o-Invierno 2021","slug":"otono-invierno-2021","taxonomy":"category","parent":1247,"meta":[],"yoast_head":"<!-- This site is optimized with the Yoast SEO plugin v28.4 - https:\/\/yoast.com\/product\/yoast-seo-wordpress\/ -->\n<title>Oto\u00f1o-Invierno 2021 Archives - Asociaci\u00f3n Creadores de Moda de Espa\u00f1a | ACME<\/title>\n<meta name=\"robots\" content=\"index, follow, max-snippet:-1, max-image-preview:large, max-video-preview:-1\" \/>\n<link rel=\"canonical\" href=\"https:\/\/creadores.org\/categoria\/desfiles\/colecciones-2021\/otono-invierno-2021\/\" \/>\n<meta property=\"og:locale\" content=\"es_ES\" \/>\n<meta property=\"og:type\" content=\"article\" \/>\n<meta property=\"og:title\" content=\"Oto\u00f1o-Invierno 2021 Archives - Asociaci\u00f3n Creadores de Moda de Espa\u00f1a | ACME\" \/>\n<meta property=\"og:url\" content=\"https:\/\/creadores.org\/categoria\/desfiles\/colecciones-2021\/otono-invierno-2021\/\" \/>\n<meta property=\"og:site_name\" content=\"Asociaci\u00f3n Creadores de Moda de Espa\u00f1a | ACME\" \/>\n<meta name=\"twitter:card\" content=\"summary_large_image\" \/>\n<meta name=\"twitter:site\" content=\"@creadoresacme\" \/>\n<script type=\"application\/ld+json\" class=\"yoast-schema-graph\">{\"@context\":\"https:\\\/\\\/schema.org\",\"@graph\":[{\"@type\":\"CollectionPage\",\"@id\":\"https:\\\/\\\/creadores.org\\\/categoria\\\/desfiles\\\/colecciones-2021\\\/otono-invierno-2021\\\/\",\"url\":\"https:\\\/\\\/creadores.org\\\/categoria\\\/desfiles\\\/colecciones-2021\\\/otono-invierno-2021\\\/\",\"name\":\"Oto\u00f1o-Invierno 2021 Archives - Asociaci\u00f3n Creadores de Moda de Espa\u00f1a | ACME\",\"isPartOf\":{\"@id\":\"https:\\\/\\\/creadores.org\\\/#website\"},\"breadcrumb\":{\"@id\":\"https:\\\/\\\/creadores.org\\\/categoria\\\/desfiles\\\/colecciones-2021\\\/otono-invierno-2021\\\/#breadcrumb\"},\"inLanguage\":\"es\"},{\"@type\":\"BreadcrumbList\",\"@id\":\"https:\\\/\\\/creadores.org\\\/categoria\\\/desfiles\\\/colecciones-2021\\\/otono-invierno-2021\\\/#breadcrumb\",\"itemListElement\":[{\"@type\":\"ListItem\",\"position\":1,\"name\":\"Portada\",\"item\":\"https:\\\/\\\/creadores.org\\\/\"},{\"@type\":\"ListItem\",\"position\":2,\"name\":\"Desfiles y Presentaciones\",\"item\":\"https:\\\/\\\/creadores.org\\\/categoria\\\/desfiles\\\/\"},{\"@type\":\"ListItem\",\"position\":3,\"name\":\"Colecciones 2021\",\"item\":\"https:\\\/\\\/creadores.org\\\/categoria\\\/desfiles\\\/colecciones-2021\\\/\"},{\"@type\":\"ListItem\",\"position\":4,\"name\":\"Oto\u00f1o-Invierno 2021\"}]},{\"@type\":\"WebSite\",\"@id\":\"https:\\\/\\\/creadores.org\\\/#website\",\"url\":\"https:\\\/\\\/creadores.org\\\/\",\"name\":\"Asociaci\u00f3n Creadores de Moda de Espa\u00f1a | ACME\",\"description\":\"La Asociaci\u00f3n Creadores de Moda de Espa\u00f1a (ACME) es una organizaci\u00f3n profesional sin \u00e1nimo de lucro fundada en 1988\",\"publisher\":{\"@id\":\"https:\\\/\\\/creadores.org\\\/#organization\"},\"potentialAction\":[{\"@type\":\"SearchAction\",\"target\":{\"@type\":\"EntryPoint\",\"urlTemplate\":\"https:\\\/\\\/creadores.org\\\/?s={search_term_string}\"},\"query-input\":{\"@type\":\"PropertyValueSpecification\",\"valueRequired\":true,\"valueName\":\"search_term_string\"}}],\"inLanguage\":\"es\"},{\"@type\":\"Organization\",\"@id\":\"https:\\\/\\\/creadores.org\\\/#organization\",\"name\":\"Asociaci\u00f3n Creadores de Moda de Espa\u00f1a | ACME\",\"url\":\"https:\\\/\\\/creadores.org\\\/\",\"logo\":{\"@type\":\"ImageObject\",\"inLanguage\":\"es\",\"@id\":\"https:\\\/\\\/creadores.org\\\/#\\\/schema\\\/logo\\\/image\\\/\",\"url\":\"https:\\\/\\\/creadores.org\\\/wp-content\\\/uploads\\\/2025\\\/06\\\/acme-logo.svg\",\"contentUrl\":\"https:\\\/\\\/creadores.org\\\/wp-content\\\/uploads\\\/2025\\\/06\\\/acme-logo.svg\",\"width\":650,\"height\":119,\"caption\":\"Asociaci\u00f3n Creadores de Moda de Espa\u00f1a | ACME\"},\"image\":{\"@id\":\"https:\\\/\\\/creadores.org\\\/#\\\/schema\\\/logo\\\/image\\\/\"},\"sameAs\":[\"https:\\\/\\\/www.facebook.com\\\/Asociaci\u00f3n-Creadores-de-Moda-de-Espa\u00f1a-297009471514\\\/\",\"https:\\\/\\\/x.com\\\/creadoresacme\",\"https:\\\/\\\/www.instagram.com\\\/creadoresacme\\\/\"]}]}<\/script>\n<!-- \/ Yoast SEO plugin. -->","yoast_head_json":{"title":"Oto\u00f1o-Invierno 2021 Archives - Asociaci\u00f3n Creadores de Moda de Espa\u00f1a | ACME","robots":{"index":"index","follow":"follow","max-snippet":"max-snippet:-1","max-image-preview":"max-image-preview:large","max-video-preview":"max-video-preview:-1"},"canonical":"https:\/\/creadores.org\/categoria\/desfiles\/colecciones-2021\/otono-invierno-2021\/","og_locale":"es_ES","og_type":"article","og_title":"Oto\u00f1o-Invierno 2021 Archives - Asociaci\u00f3n Creadores de Moda de Espa\u00f1a | ACME","og_url":"https:\/\/creadores.org\/categoria\/desfiles\/colecciones-2021\/otono-invierno-2021\/","og_site_name":"Asociaci\u00f3n Creadores de Moda de Espa\u00f1a | ACME","twitter_card":"summary_large_image","twitter_site":"@creadoresacme","schema":{"@context":"https:\/\/schema.org","@graph":[{"@type":"CollectionPage","@id":"https:\/\/creadores.org\/categoria\/desfiles\/colecciones-2021\/otono-invierno-2021\/","url":"https:\/\/creadores.org\/categoria\/desfiles\/colecciones-2021\/otono-invierno-2021\/","name":"Oto\u00f1o-Invierno 2021 Archives - Asociaci\u00f3n Creadores de Moda de Espa\u00f1a | ACME","isPartOf":{"@id":"https:\/\/creadores.org\/#website"},"breadcrumb":{"@id":"https:\/\/creadores.org\/categoria\/desfiles\/colecciones-2021\/otono-invierno-2021\/#breadcrumb"},"inLanguage":"es"},{"@type":"BreadcrumbList","@id":"https:\/\/creadores.org\/categoria\/desfiles\/colecciones-2021\/otono-invierno-2021\/#breadcrumb","itemListElement":[{"@type":"ListItem","position":1,"name":"Portada","item":"https:\/\/creadores.org\/"},{"@type":"ListItem","position":2,"name":"Desfiles y Presentaciones","item":"https:\/\/creadores.org\/categoria\/desfiles\/"},{"@type":"ListItem","position":3,"name":"Colecciones 2021","item":"https:\/\/creadores.org\/categoria\/desfiles\/colecciones-2021\/"},{"@type":"ListItem","position":4,"name":"Oto\u00f1o-Invierno 2021"}]},{"@type":"WebSite","@id":"https:\/\/creadores.org\/#website","url":"https:\/\/creadores.org\/","name":"Asociaci\u00f3n Creadores de Moda de Espa\u00f1a | ACME","description":"La Asociaci\u00f3n Creadores de Moda de Espa\u00f1a (ACME) es una organizaci\u00f3n profesional sin \u00e1nimo de lucro fundada en 1988","publisher":{"@id":"https:\/\/creadores.org\/#organization"},"potentialAction":[{"@type":"SearchAction","target":{"@type":"EntryPoint","urlTemplate":"https:\/\/creadores.org\/?s={search_term_string}"},"query-input":{"@type":"PropertyValueSpecification","valueRequired":true,"valueName":"search_term_string"}}],"inLanguage":"es"},{"@type":"Organization","@id":"https:\/\/creadores.org\/#organization","name":"Asociaci\u00f3n Creadores de Moda de Espa\u00f1a | ACME","url":"https:\/\/creadores.org\/","logo":{"@type":"ImageObject","inLanguage":"es","@id":"https:\/\/creadores.org\/#\/schema\/logo\/image\/","url":"https:\/\/creadores.org\/wp-content\/uploads\/2025\/06\/acme-logo.svg","contentUrl":"https:\/\/creadores.org\/wp-content\/uploads\/2025\/06\/acme-logo.svg","width":650,"height":119,"caption":"Asociaci\u00f3n Creadores de Moda de Espa\u00f1a | ACME"},"image":{"@id":"https:\/\/creadores.org\/#\/schema\/logo\/image\/"},"sameAs":["https:\/\/www.facebook.com\/Asociaci\u00f3n-Creadores-de-Moda-de-Espa\u00f1a-297009471514\/","https:\/\/x.com\/creadoresacme","https:\/\/www.instagram.com\/creadoresacme\/"]}]}},"_links":{"self":[{"href":"https:\/\/creadores.org\/wp-json\/wp\/v2\/categories\/1249","targetHints":{"allow":["GET"]}}],"collection":[{"href":"https:\/\/creadores.org\/wp-json\/wp\/v2\/categories"}],"about":[{"href":"https:\/\/creadores.org\/wp-json\/wp\/v2\/taxonomies\/category"}],"up":[{"embeddable":true,"href":"https:\/\/creadores.org\/wp-json\/wp\/v2\/categories\/1247"}],"wp:post_type":[{"href":"https:\/\/creadores.org\/wp-json\/wp\/v2\/posts?categories=1249"}],"curies":[{"name":"wp","href":"https:\/\/api.w.org\/{rel}","templated":true}]}}