{"id":100466,"date":"2026-07-08T15:15:34","date_gmt":"2026-07-08T13:15:34","guid":{"rendered":"https:\/\/creadores.org\/?p=100466"},"modified":"2026-07-08T15:15:34","modified_gmt":"2026-07-08T13:15:34","slug":"pilar-dalbat-lleva-su-universo-creativo-al-museo-del-automovil-y-la-moda-de-malaga","status":"publish","type":"post","link":"https:\/\/creadores.org\/?p=100466","title":{"rendered":"Pilar Dalbat lleva su universo creativo al Museo del Autom\u00f3vil y la Moda de M\u00e1laga"},"content":{"rendered":"<p><a href=\"https:\/\/creadores.org\/asociados\/pilar-dalbat\/\"><strong>Pilar Dalbat<\/strong><\/a> presenta <em><strong>Fashion &amp; Heritage in Motion<\/strong><\/em> en el <strong>Museo del Autom\u00f3vil y la Moda de M\u00e1laga<\/strong>, una exposici\u00f3n concebida espec\u00edficamente para este espacio y realizada con la colaboraci\u00f3n de <strong>Fundaci\u00f3n Caja Rural Granada<\/strong>.<\/p>\n<p>La muestra re\u00fane cerca de una treintena de piezas procedentes del archivo de la firma y de los fondos hist\u00f3ricos del museo. El recorrido pone en relaci\u00f3n las creaciones de <strong>Pilar Dalbat<\/strong> con piezas originales de <strong>Mariano Fortuny<\/strong>, <strong>Crist\u00f3bal Balenciaga<\/strong>, <strong>Coco Chanel<\/strong>, <strong>Christian Dior<\/strong>, <strong>John Galliano<\/strong>, <strong>Paco Rabanne<\/strong>, <strong>Manuel Pertegaz<\/strong> o <strong>Jean Patou<\/strong>.<\/p>\n<p>La sala principal del museo ha sido intervenida por el estudio de la dise\u00f1adora con lonas de algod\u00f3n natural de cinco metros de altura, suspendidas en el espacio, que sirven como soporte para los textos e im\u00e1genes que acompa\u00f1an las prendas.<\/p>\n<p><em><strong>Fashion &amp; Heritage in Motion<\/strong> <\/em>propone una lectura de la moda desde el patrimonio, la artesan\u00eda y la creaci\u00f3n contempor\u00e1nea. La exposici\u00f3n parte del archivo de <strong>Pilar Dalbat<\/strong> y lo sit\u00faa en di\u00e1logo con algunas de las grandes referencias de la historia de la moda, en un recorrido que atiende a afinidades est\u00e9ticas y t\u00e9cnicas entre distintas generaciones de creadores.<\/p>\n<p>La presentaci\u00f3n ha contado con representantes del \u00e1mbito institucional, cultural y de la industria de la moda, entre ellos la consejera de Cultura y Deporte de la Junta de Andaluc\u00eda, <strong>Patricia del Pozo<\/strong>; el delegado territorial de Cultura, Turismo y Deporte en M\u00e1laga, <strong>Carlos Garc\u00eda<\/strong>; las co-directoras del Museo del Autom\u00f3vil y la Moda de M\u00e1laga, <strong>Mar Gonz\u00e1lez Mora<\/strong> y <strong>Elvira Carrera Garc\u00eda<\/strong>; <strong>Sergio Gonz\u00e1lez Arrabal<\/strong>, director de Zona M\u00e1laga y C\u00e1diz de Caja Rural; y <strong>Pepa Bueno<\/strong>, directora ejecutiva de <a href=\"https:\/\/creadores.org\/quienes-somos\/\"><strong>ACME<\/strong><\/a> y vicepresidenta de la <a href=\"https:\/\/academiadelamoda.es\/\" target=\"_blank\" rel=\"noopener noreferrer nofollow\"><strong>Academia de la Moda Espa\u00f1ola<\/strong><\/a>.<\/p>\n<p>Fundada en Granada hace m\u00e1s de quince a\u00f1os por <strong>Pilar Torrecillas<\/strong>, <strong>Pilar Dalbat<\/strong> ha desarrollado una trayectoria vinculada a la moda de autor, la arquitectura, el patrimonio y el paisaje cultural de <strong>Andaluc\u00eda<\/strong>. La firma es habitual de <strong>Mercedes-Benz Fashion Week Madrid<\/strong> y forma parte de la <a href=\"https:\/\/creadores.org\/asociados-acme\/\"><strong>Asociaci\u00f3n Creadores de Moda de Espa\u00f1a<\/strong><\/a>.<\/p>\n<p>La exposici\u00f3n puede visitarse hasta el 30 de agosto en el <strong>Museo del Autom\u00f3vil y la Moda de M\u00e1laga<\/strong>.<\/p>\n","protected":false},"excerpt":{"rendered":"<p>Pilar Dalbat presenta Fashion &amp; Heritage in Motion en el Museo del Autom\u00f3vil y la Moda de M\u00e1laga, una exposici\u00f3n concebida espec\u00edficamente para este espacio y realizada con la colaboraci\u00f3n de Fundaci\u00f3n Caja Rural Granada. La muestra re\u00fane cerca de una treintena de piezas procedentes del archivo de la firma y de los fondos hist\u00f3ricos [&hellip;]<\/p>\n","protected":false},"author":4,"featured_media":100475,"comment_status":"closed","ping_status":"closed","sticky":false,"template":"","format":"standard","meta":{"footnotes":""},"categories":[6],"tags":[],"class_list":["post-100466","post","type-post","status-publish","format-standard","has-post-thumbnail","hentry","category-noticias"],"yoast_head":"<!-- This site is optimized with the Yoast SEO plugin v28.3 - https:\/\/yoast.com\/product\/yoast-seo-wordpress\/ -->\n<title>Pilar Dalbat lleva su universo creativo al Museo del Autom\u00f3vil y la Moda de M\u00e1laga - Asociaci\u00f3n Creadores de Moda de Espa\u00f1a | ACME<\/title>\n<meta name=\"robots\" content=\"index, follow, max-snippet:-1, max-image-preview:large, max-video-preview:-1\" \/>\n<link rel=\"canonical\" href=\"https:\/\/creadores.org\/?p=100466\" \/>\n<meta property=\"og:locale\" content=\"es_ES\" \/>\n<meta property=\"og:type\" content=\"article\" \/>\n<meta property=\"og:title\" content=\"Pilar Dalbat lleva su universo creativo al Museo del Autom\u00f3vil y la Moda de M\u00e1laga - Asociaci\u00f3n Creadores de Moda de Espa\u00f1a | ACME\" \/>\n<meta property=\"og:description\" content=\"Pilar Dalbat presenta Fashion &amp; Heritage in Motion en el Museo del Autom\u00f3vil y la Moda de M\u00e1laga, una exposici\u00f3n concebida espec\u00edficamente para este espacio y realizada con la colaboraci\u00f3n de Fundaci\u00f3n Caja Rural Granada. La muestra re\u00fane cerca de una treintena de piezas procedentes del archivo de la firma y de los fondos hist\u00f3ricos [&hellip;]\" \/>\n<meta property=\"og:url\" content=\"https:\/\/creadores.org\/?p=100466\" \/>\n<meta property=\"og:site_name\" content=\"Asociaci\u00f3n Creadores de Moda de Espa\u00f1a | ACME\" \/>\n<meta property=\"article:publisher\" content=\"https:\/\/www.facebook.com\/Asociaci%c3%b3n-Creadores-de-Moda-de-Espa%c3%b1a-297009471514\/\" \/>\n<meta property=\"article:published_time\" content=\"2026-07-08T13:15:34+00:00\" \/>\n<meta property=\"og:image\" content=\"https:\/\/creadores.org\/wp-content\/uploads\/2026\/07\/pilar-dalbat-DSC07083.jpg\" \/>\n\t<meta property=\"og:image:width\" content=\"1200\" \/>\n\t<meta property=\"og:image:height\" content=\"800\" \/>\n\t<meta property=\"og:image:type\" content=\"image\/jpeg\" \/>\n<meta name=\"author\" content=\"Felipe\" \/>\n<meta name=\"twitter:card\" content=\"summary_large_image\" \/>\n<meta name=\"twitter:creator\" content=\"@creadoresacme\" \/>\n<meta name=\"twitter:site\" content=\"@creadoresacme\" \/>\n<meta name=\"twitter:label1\" content=\"Written by\" \/>\n\t<meta name=\"twitter:data1\" content=\"Felipe\" \/>\n\t<meta name=\"twitter:label2\" content=\"Est. reading time\" \/>\n\t<meta name=\"twitter:data2\" content=\"2 minutos\" \/>\n<script type=\"application\/ld+json\" class=\"yoast-schema-graph\">{\"@context\":\"https:\\\/\\\/schema.org\",\"@graph\":[{\"@type\":\"Article\",\"@id\":\"https:\\\/\\\/creadores.org\\\/?p=100466#article\",\"isPartOf\":{\"@id\":\"https:\\\/\\\/creadores.org\\\/?p=100466\"},\"author\":{\"name\":\"Felipe\",\"@id\":\"https:\\\/\\\/creadores.org\\\/#\\\/schema\\\/person\\\/fdf61cde9f2e71e9cefe26613b50a079\"},\"headline\":\"Pilar Dalbat lleva su universo creativo al Museo del Autom\u00f3vil y la Moda de M\u00e1laga\",\"datePublished\":\"2026-07-08T13:15:34+00:00\",\"mainEntityOfPage\":{\"@id\":\"https:\\\/\\\/creadores.org\\\/?p=100466\"},\"wordCount\":410,\"publisher\":{\"@id\":\"https:\\\/\\\/creadores.org\\\/#organization\"},\"image\":{\"@id\":\"https:\\\/\\\/creadores.org\\\/?p=100466#primaryimage\"},\"thumbnailUrl\":\"https:\\\/\\\/creadores.org\\\/wp-content\\\/uploads\\\/2026\\\/07\\\/pilar-dalbat-DSC07083.jpg\",\"articleSection\":[\"Noticias\"],\"inLanguage\":\"es\"},{\"@type\":\"WebPage\",\"@id\":\"https:\\\/\\\/creadores.org\\\/?p=100466\",\"url\":\"https:\\\/\\\/creadores.org\\\/?p=100466\",\"name\":\"Pilar Dalbat lleva su universo creativo al Museo del Autom\u00f3vil y la Moda de M\u00e1laga - Asociaci\u00f3n Creadores de Moda de Espa\u00f1a | ACME\",\"isPartOf\":{\"@id\":\"https:\\\/\\\/creadores.org\\\/#website\"},\"primaryImageOfPage\":{\"@id\":\"https:\\\/\\\/creadores.org\\\/?p=100466#primaryimage\"},\"image\":{\"@id\":\"https:\\\/\\\/creadores.org\\\/?p=100466#primaryimage\"},\"thumbnailUrl\":\"https:\\\/\\\/creadores.org\\\/wp-content\\\/uploads\\\/2026\\\/07\\\/pilar-dalbat-DSC07083.jpg\",\"datePublished\":\"2026-07-08T13:15:34+00:00\",\"breadcrumb\":{\"@id\":\"https:\\\/\\\/creadores.org\\\/?p=100466#breadcrumb\"},\"inLanguage\":\"es\",\"potentialAction\":[{\"@type\":\"ReadAction\",\"target\":[\"https:\\\/\\\/creadores.org\\\/?p=100466\"]}]},{\"@type\":\"ImageObject\",\"inLanguage\":\"es\",\"@id\":\"https:\\\/\\\/creadores.org\\\/?p=100466#primaryimage\",\"url\":\"https:\\\/\\\/creadores.org\\\/wp-content\\\/uploads\\\/2026\\\/07\\\/pilar-dalbat-DSC07083.jpg\",\"contentUrl\":\"https:\\\/\\\/creadores.org\\\/wp-content\\\/uploads\\\/2026\\\/07\\\/pilar-dalbat-DSC07083.jpg\",\"width\":1200,\"height\":800},{\"@type\":\"BreadcrumbList\",\"@id\":\"https:\\\/\\\/creadores.org\\\/?p=100466#breadcrumb\",\"itemListElement\":[{\"@type\":\"ListItem\",\"position\":1,\"name\":\"Portada\",\"item\":\"https:\\\/\\\/creadores.org\\\/\"},{\"@type\":\"ListItem\",\"position\":2,\"name\":\"Pilar Dalbat lleva su universo creativo al Museo del Autom\u00f3vil y la Moda de M\u00e1laga\"}]},{\"@type\":\"WebSite\",\"@id\":\"https:\\\/\\\/creadores.org\\\/#website\",\"url\":\"https:\\\/\\\/creadores.org\\\/\",\"name\":\"Asociaci\u00f3n Creadores de Moda de Espa\u00f1a | ACME\",\"description\":\"La Asociaci\u00f3n Creadores de Moda de Espa\u00f1a (ACME) es una organizaci\u00f3n profesional sin \u00e1nimo de lucro fundada en 1988\",\"publisher\":{\"@id\":\"https:\\\/\\\/creadores.org\\\/#organization\"},\"potentialAction\":[{\"@type\":\"SearchAction\",\"target\":{\"@type\":\"EntryPoint\",\"urlTemplate\":\"https:\\\/\\\/creadores.org\\\/?s={search_term_string}\"},\"query-input\":{\"@type\":\"PropertyValueSpecification\",\"valueRequired\":true,\"valueName\":\"search_term_string\"}}],\"inLanguage\":\"es\"},{\"@type\":\"Organization\",\"@id\":\"https:\\\/\\\/creadores.org\\\/#organization\",\"name\":\"Asociaci\u00f3n Creadores de Moda de Espa\u00f1a | ACME\",\"url\":\"https:\\\/\\\/creadores.org\\\/\",\"logo\":{\"@type\":\"ImageObject\",\"inLanguage\":\"es\",\"@id\":\"https:\\\/\\\/creadores.org\\\/#\\\/schema\\\/logo\\\/image\\\/\",\"url\":\"https:\\\/\\\/creadores.org\\\/wp-content\\\/uploads\\\/2025\\\/06\\\/acme-logo.svg\",\"contentUrl\":\"https:\\\/\\\/creadores.org\\\/wp-content\\\/uploads\\\/2025\\\/06\\\/acme-logo.svg\",\"width\":650,\"height\":119,\"caption\":\"Asociaci\u00f3n Creadores de Moda de Espa\u00f1a | ACME\"},\"image\":{\"@id\":\"https:\\\/\\\/creadores.org\\\/#\\\/schema\\\/logo\\\/image\\\/\"},\"sameAs\":[\"https:\\\/\\\/www.facebook.com\\\/Asociaci\u00f3n-Creadores-de-Moda-de-Espa\u00f1a-297009471514\\\/\",\"https:\\\/\\\/x.com\\\/creadoresacme\",\"https:\\\/\\\/www.instagram.com\\\/creadoresacme\\\/\"]},{\"@type\":\"Person\",\"@id\":\"https:\\\/\\\/creadores.org\\\/#\\\/schema\\\/person\\\/fdf61cde9f2e71e9cefe26613b50a079\",\"name\":\"Felipe\"}]}<\/script>\n<!-- \/ Yoast SEO plugin. -->","yoast_head_json":{"title":"Pilar Dalbat lleva su universo creativo al Museo del Autom\u00f3vil y la Moda de M\u00e1laga - Asociaci\u00f3n Creadores de Moda de Espa\u00f1a | ACME","robots":{"index":"index","follow":"follow","max-snippet":"max-snippet:-1","max-image-preview":"max-image-preview:large","max-video-preview":"max-video-preview:-1"},"canonical":"https:\/\/creadores.org\/?p=100466","og_locale":"es_ES","og_type":"article","og_title":"Pilar Dalbat lleva su universo creativo al Museo del Autom\u00f3vil y la Moda de M\u00e1laga - Asociaci\u00f3n Creadores de Moda de Espa\u00f1a | ACME","og_description":"Pilar Dalbat presenta Fashion &amp; Heritage in Motion en el Museo del Autom\u00f3vil y la Moda de M\u00e1laga, una exposici\u00f3n concebida espec\u00edficamente para este espacio y realizada con la colaboraci\u00f3n de Fundaci\u00f3n Caja Rural Granada. La muestra re\u00fane cerca de una treintena de piezas procedentes del archivo de la firma y de los fondos hist\u00f3ricos [&hellip;]","og_url":"https:\/\/creadores.org\/?p=100466","og_site_name":"Asociaci\u00f3n Creadores de Moda de Espa\u00f1a | ACME","article_publisher":"https:\/\/www.facebook.com\/Asociaci%c3%b3n-Creadores-de-Moda-de-Espa%c3%b1a-297009471514\/","article_published_time":"2026-07-08T13:15:34+00:00","og_image":[{"width":1200,"height":800,"url":"https:\/\/creadores.org\/wp-content\/uploads\/2026\/07\/pilar-dalbat-DSC07083.jpg","type":"image\/jpeg"}],"author":"Felipe","twitter_card":"summary_large_image","twitter_creator":"@creadoresacme","twitter_site":"@creadoresacme","twitter_misc":{"Written by":"Felipe","Est. reading time":"2 minutos"},"schema":{"@context":"https:\/\/schema.org","@graph":[{"@type":"Article","@id":"https:\/\/creadores.org\/?p=100466#article","isPartOf":{"@id":"https:\/\/creadores.org\/?p=100466"},"author":{"name":"Felipe","@id":"https:\/\/creadores.org\/#\/schema\/person\/fdf61cde9f2e71e9cefe26613b50a079"},"headline":"Pilar Dalbat lleva su universo creativo al Museo del Autom\u00f3vil y la Moda de M\u00e1laga","datePublished":"2026-07-08T13:15:34+00:00","mainEntityOfPage":{"@id":"https:\/\/creadores.org\/?p=100466"},"wordCount":410,"publisher":{"@id":"https:\/\/creadores.org\/#organization"},"image":{"@id":"https:\/\/creadores.org\/?p=100466#primaryimage"},"thumbnailUrl":"https:\/\/creadores.org\/wp-content\/uploads\/2026\/07\/pilar-dalbat-DSC07083.jpg","articleSection":["Noticias"],"inLanguage":"es"},{"@type":"WebPage","@id":"https:\/\/creadores.org\/?p=100466","url":"https:\/\/creadores.org\/?p=100466","name":"Pilar Dalbat lleva su universo creativo al Museo del Autom\u00f3vil y la Moda de M\u00e1laga - Asociaci\u00f3n Creadores de Moda de Espa\u00f1a | ACME","isPartOf":{"@id":"https:\/\/creadores.org\/#website"},"primaryImageOfPage":{"@id":"https:\/\/creadores.org\/?p=100466#primaryimage"},"image":{"@id":"https:\/\/creadores.org\/?p=100466#primaryimage"},"thumbnailUrl":"https:\/\/creadores.org\/wp-content\/uploads\/2026\/07\/pilar-dalbat-DSC07083.jpg","datePublished":"2026-07-08T13:15:34+00:00","breadcrumb":{"@id":"https:\/\/creadores.org\/?p=100466#breadcrumb"},"inLanguage":"es","potentialAction":[{"@type":"ReadAction","target":["https:\/\/creadores.org\/?p=100466"]}]},{"@type":"ImageObject","inLanguage":"es","@id":"https:\/\/creadores.org\/?p=100466#primaryimage","url":"https:\/\/creadores.org\/wp-content\/uploads\/2026\/07\/pilar-dalbat-DSC07083.jpg","contentUrl":"https:\/\/creadores.org\/wp-content\/uploads\/2026\/07\/pilar-dalbat-DSC07083.jpg","width":1200,"height":800},{"@type":"BreadcrumbList","@id":"https:\/\/creadores.org\/?p=100466#breadcrumb","itemListElement":[{"@type":"ListItem","position":1,"name":"Portada","item":"https:\/\/creadores.org\/"},{"@type":"ListItem","position":2,"name":"Pilar Dalbat lleva su universo creativo al Museo del Autom\u00f3vil y la Moda de M\u00e1laga"}]},{"@type":"WebSite","@id":"https:\/\/creadores.org\/#website","url":"https:\/\/creadores.org\/","name":"Asociaci\u00f3n Creadores de Moda de Espa\u00f1a | ACME","description":"La Asociaci\u00f3n Creadores de Moda de Espa\u00f1a (ACME) es una organizaci\u00f3n profesional sin \u00e1nimo de lucro fundada en 1988","publisher":{"@id":"https:\/\/creadores.org\/#organization"},"potentialAction":[{"@type":"SearchAction","target":{"@type":"EntryPoint","urlTemplate":"https:\/\/creadores.org\/?s={search_term_string}"},"query-input":{"@type":"PropertyValueSpecification","valueRequired":true,"valueName":"search_term_string"}}],"inLanguage":"es"},{"@type":"Organization","@id":"https:\/\/creadores.org\/#organization","name":"Asociaci\u00f3n Creadores de Moda de Espa\u00f1a | ACME","url":"https:\/\/creadores.org\/","logo":{"@type":"ImageObject","inLanguage":"es","@id":"https:\/\/creadores.org\/#\/schema\/logo\/image\/","url":"https:\/\/creadores.org\/wp-content\/uploads\/2025\/06\/acme-logo.svg","contentUrl":"https:\/\/creadores.org\/wp-content\/uploads\/2025\/06\/acme-logo.svg","width":650,"height":119,"caption":"Asociaci\u00f3n Creadores de Moda de Espa\u00f1a | ACME"},"image":{"@id":"https:\/\/creadores.org\/#\/schema\/logo\/image\/"},"sameAs":["https:\/\/www.facebook.com\/Asociaci\u00f3n-Creadores-de-Moda-de-Espa\u00f1a-297009471514\/","https:\/\/x.com\/creadoresacme","https:\/\/www.instagram.com\/creadoresacme\/"]},{"@type":"Person","@id":"https:\/\/creadores.org\/#\/schema\/person\/fdf61cde9f2e71e9cefe26613b50a079","name":"Felipe"}]}},"_links":{"self":[{"href":"https:\/\/creadores.org\/index.php?rest_route=\/wp\/v2\/posts\/100466","targetHints":{"allow":["GET"]}}],"collection":[{"href":"https:\/\/creadores.org\/index.php?rest_route=\/wp\/v2\/posts"}],"about":[{"href":"https:\/\/creadores.org\/index.php?rest_route=\/wp\/v2\/types\/post"}],"author":[{"embeddable":true,"href":"https:\/\/creadores.org\/index.php?rest_route=\/wp\/v2\/users\/4"}],"replies":[{"embeddable":true,"href":"https:\/\/creadores.org\/index.php?rest_route=%2Fwp%2Fv2%2Fcomments&post=100466"}],"version-history":[{"count":2,"href":"https:\/\/creadores.org\/index.php?rest_route=\/wp\/v2\/posts\/100466\/revisions"}],"predecessor-version":[{"id":100482,"href":"https:\/\/creadores.org\/index.php?rest_route=\/wp\/v2\/posts\/100466\/revisions\/100482"}],"wp:featuredmedia":[{"embeddable":true,"href":"https:\/\/creadores.org\/index.php?rest_route=\/wp\/v2\/media\/100475"}],"wp:attachment":[{"href":"https:\/\/creadores.org\/index.php?rest_route=%2Fwp%2Fv2%2Fmedia&parent=100466"}],"wp:term":[{"taxonomy":"category","embeddable":true,"href":"https:\/\/creadores.org\/index.php?rest_route=%2Fwp%2Fv2%2Fcategories&post=100466"},{"taxonomy":"post_tag","embeddable":true,"href":"https:\/\/creadores.org\/index.php?rest_route=%2Fwp%2Fv2%2Ftags&post=100466"}],"curies":[{"name":"wp","href":"https:\/\/api.w.org\/{rel}","templated":true}]}}