{"id":11977,"date":"2017-05-10T09:33:28","date_gmt":"2017-05-10T07:33:28","guid":{"rendered":"https:\/\/creadores.org\/?p=11977"},"modified":"2025-07-02T09:13:21","modified_gmt":"2025-07-02T07:13:21","slug":"elio-la-moda-arte-los-premios","status":"publish","type":"post","link":"https:\/\/creadores.org\/elio-la-moda-arte-los-premios\/","title":{"rendered":"Elio, la moda, el arte y los premios"},"content":{"rendered":"<p>La Comunidad de Madrid acaba de anunciar los ganadores de sus Premios de Cultura 2016, y este a\u00f1o, por primera vez, la Moda -y s\u00ed, lo pongo en may\u00fasculas-, se a\u00f1ade como categor\u00eda, junto al teatro, cine, literatura, etc., y\u00a0Elio Berhanyer ha sido el dise\u00f1ador merecedor de esta distinci\u00f3n. Justicia po\u00e9tica despu\u00e9s de que el pasado 4 de mayo se hiciera p\u00fablico el fallo del jurado del premio Princesa de Asturias categor\u00eda de las Artes. Y no, en esa ocasi\u00f3n no fue para Elio Berhanyer. Su candidatura hab\u00eda sido una iniciativa de ADYMO (Asociaci\u00f3n de Dise\u00f1o y Moda de Asturias) que desde la Asociaci\u00f3n Creadores de Moda de Espa\u00f1a hemos apoyado con todos nuestros recursos, aunque el resultado no ha sido el que hubi\u00e9semos querido. Ten\u00edamos muchas cosas en contra, pero otras muchas a favor. Entre las primeras, la escasez de tiempo para montar la campa\u00f1a de apoyo, algo m\u00e1s de un mes, o que en estos momentos, Elio ya no es una figura internacionalmente conocida, aunque en su momento de esplendor, en los a\u00f1os 70, s\u00ed lo fue. Tambi\u00e9n entre las dificultades, el que en las bases de los premios no se cite la moda entre las categor\u00edas art\u00edsticas a premiar. Y ah\u00ed est\u00e1 el quid de la cuesti\u00f3n. En un <a href=\"http:\/\/www.efe.com\/efe\/espana\/gente\/la-moda-merece-un-gran-premio\/10007-3244938\" target=\"_blank\" rel=\"noopener noreferrer nofollow\">encuentro con la agencia EFE<\/a> que organizamos desde ACME para darle difusi\u00f3n a la candidatura, Elio, siempre tan elegante y generoso, manifest\u00f3 nada m\u00e1s llegar: \u00abno estoy aqu\u00ed a t\u00edtulo personal, represento a todos mis compa\u00f1eros, a la moda de Espa\u00f1a\u00bb. \u00c9l ten\u00eda muy claro que si hubiera recibido el galard\u00f3n, hubiera sido un reconocimiento colectivo a la moda entendida como un arte m\u00e1s, porque la moda es parte fundamental de la historia cultural de las naciones. Y esto, que parece muy obvio, no resulta serlo tanto\u2026 Por ejemplo, en la composici\u00f3n del jurado del premio no hab\u00eda nadie que representara a esta disciplina, con lo cual tampoco hab\u00eda nadie que pudiera defender desde dentro su candidatura.<\/p>\n<p><img fetchpriority=\"high\" decoding=\"async\" class=\"wp-image-11988 size-medium\" src=\"https:\/\/creadores.org\/src\/uploads\/2017\/05\/desayuno_elio_berhanyer-460x307.jpg\" alt=\"\" width=\"460\" height=\"307\" srcset=\"https:\/\/creadores.org\/wp-content\/uploads\/2017\/05\/desayuno_elio_berhanyer-460x307.jpg 460w, https:\/\/creadores.org\/wp-content\/uploads\/2017\/05\/desayuno_elio_berhanyer-768x512.jpg 768w, https:\/\/creadores.org\/wp-content\/uploads\/2017\/05\/desayuno_elio_berhanyer-960x640.jpg 960w, https:\/\/creadores.org\/wp-content\/uploads\/2017\/05\/desayuno_elio_berhanyer.jpg 1200w\" sizes=\"(max-width: 460px) 100vw, 460px\" \/><\/p>\n<p>A su favor, hab\u00eda y hay muchas cosas. La profesi\u00f3n al completo estuvo a su lado, tanto los dise\u00f1adores como escuelas y universidades de dise\u00f1o, museos, asociaciones y empresarios del textil, medios de comunicaci\u00f3n&#8230; La m\u00e1s activa, Agatha Ruiz de la Prada, que nada m\u00e1s enterarse de la iniciativa puso a todo su equipo a trabajar para recabar la mayor cantidad posible de apoyos. Hemos recibido cartas de destacados personajes pol\u00edticos, como la presidenta de la Comunidad de Madrid, Cristina Cifuentes; de deportistas de \u00e9lite, como Ona Carbonell; actrices, como Concha Velasco; modelos como Nieves Alvarez o Naty Abascal, que junto a su hermana gemela Ana trabajaron como modelo para Elio; la baronesa Thyssen, Antonio Gala, Miriam Clegg, Carla Royo Vilanova, Mar\u00eda Zurita, Alejandra Rojas\u2026 La lista es muy grande. En change.org la campa\u00f1a recab\u00f3 en torno a 1000 firmas de personas an\u00f3nimas.<\/p>\n<p><img decoding=\"async\" class=\"wp-image-11983 size-medium\" src=\"https:\/\/creadores.org\/src\/uploads\/2017\/05\/Boceto-Elio_1962_web-328x460.jpg\" alt=\"\" width=\"328\" height=\"460\" srcset=\"https:\/\/creadores.org\/wp-content\/uploads\/2017\/05\/Boceto-Elio_1962_web-328x460.jpg 328w, https:\/\/creadores.org\/wp-content\/uploads\/2017\/05\/Boceto-Elio_1962_web-768x1076.jpg 768w, https:\/\/creadores.org\/wp-content\/uploads\/2017\/05\/Boceto-Elio_1962_web-685x960.jpg 685w, https:\/\/creadores.org\/wp-content\/uploads\/2017\/05\/Boceto-Elio_1962_web.jpg 900w\" sizes=\"(max-width: 328px) 100vw, 328px\" \/><\/p>\n<p>Desde luego no era f\u00e1cil conseguirlo: a esta edici\u00f3n concurr\u00edan 43 candidaturas de 19 pa\u00edses, entre ellas las de Bruce Springsteen o David Hockney, tan s\u00f3lo por citar a dos de los m\u00e1s relevantes desde el punto de vista medi\u00e1tico; y por supuesto, nada que objetar y nuestra m\u00e1s sincera enhorabuena al ganador, el artista pl\u00e1stico sudafricano William Kentridge. Pero como dec\u00eda m\u00e1s arriba, la cuesti\u00f3n es que la moda se merece por derecho tener un espacio en ese lugar privilegiado que son las Artes; en realidad, ya ocupa un lugar propio en los museos, y las exposiciones de Givenchy en el Thyssen o la de Balenciaga que albergar\u00e1 dentro de poco el Prado \u2013pongo s\u00f3lo dos ejemplos cercanos, pero podr\u00eda citar cientos-, son prueba fehaciente de ello. El catedr\u00e1tico de Teor\u00eda de la Literatura y Literatura Comparada en la Universidad de Coru\u00f1a, Jos\u00e9 Mar\u00eda Paz Gago, en su libro <em>El octavo arte. La moda<\/em>, pone muy claramente de manifiesto que esta disciplina encierra importantes valores hist\u00f3ricos, sociales y culturales que han transformado y marcado la sociedad, por lo que sin duda merece ser catalogada como el octavo arte. As\u00ed que, el a\u00f1o que viene, como seguiremos intent\u00e1ndolo, acompa\u00f1aremos la candidatura de Elio con dicho libro. Elio y la moda se merecen m\u00e1s de un premio.<\/p>\n<p><em>Foto: EFE\/Fernando Alvarado<\/em><\/p>\n","protected":false},"excerpt":{"rendered":"<p>La Comunidad de Madrid acaba de anunciar los ganadores de sus Premios de Cultura 2016, y este a\u00f1o, por primera vez, la Moda -y s\u00ed, lo pongo en may\u00fasculas-, se a\u00f1ade como categor\u00eda, junto al teatro, cine, literatura, etc., y\u00a0Elio Berhanyer ha sido el dise\u00f1ador merecedor de esta distinci\u00f3n. Justicia po\u00e9tica despu\u00e9s de que el [&hellip;]<\/p>\n","protected":false},"author":4,"featured_media":82688,"comment_status":"closed","ping_status":"closed","sticky":false,"template":"","format":"standard","meta":{"footnotes":""},"categories":[6],"tags":[101,75,783,97,792,787,487,789,790,785,784,793,773,242,739,791,788,786,219,794,774],"class_list":["post-11977","post","type-post","status-publish","format-standard","has-post-thumbnail","hentry","category-noticias","tag-60-minutos-de-moda-con-efe-estilo","tag-acme","tag-adymo","tag-agatha-ruiz-de-la-prada","tag-alejandra-rojas","tag-antonio-gala","tag-balenciaga","tag-baronesa-thyssen","tag-carla-royo-vilanova","tag-concha-velasco","tag-cristina-cifuentes","tag-el-octavo-arte-la-moda","tag-elio-berhanyer","tag-givenchy","tag-jose-maria-paz-gago","tag-maria-zurita","tag-miriam-clegg","tag-nieves-alvarez","tag-ona-carbonell","tag-premios-de-cultura-de-la-comunidad-de-madrid-2016","tag-premios-princesa-de-asturias"],"yoast_head":"<!-- This site is optimized with the Yoast SEO plugin v28.4 - https:\/\/yoast.com\/product\/yoast-seo-wordpress\/ -->\n<title>Elio, la moda, el arte y los premios - Asociaci\u00f3n Creadores de Moda de Espa\u00f1a | ACME<\/title>\n<meta name=\"robots\" content=\"index, follow, max-snippet:-1, max-image-preview:large, max-video-preview:-1\" \/>\n<link rel=\"canonical\" href=\"https:\/\/creadores.org\/elio-la-moda-arte-los-premios\/\" \/>\n<meta property=\"og:locale\" content=\"es_ES\" \/>\n<meta property=\"og:type\" content=\"article\" \/>\n<meta property=\"og:title\" content=\"Elio, la moda, el arte y los premios - Asociaci\u00f3n Creadores de Moda de Espa\u00f1a | ACME\" \/>\n<meta property=\"og:description\" content=\"La Comunidad de Madrid acaba de anunciar los ganadores de sus Premios de Cultura 2016, y este a\u00f1o, por primera vez, la Moda -y s\u00ed, lo pongo en may\u00fasculas-, se a\u00f1ade como categor\u00eda, junto al teatro, cine, literatura, etc., y\u00a0Elio Berhanyer ha sido el dise\u00f1ador merecedor de esta distinci\u00f3n. Justicia po\u00e9tica despu\u00e9s de que el [&hellip;]\" \/>\n<meta property=\"og:url\" content=\"https:\/\/creadores.org\/elio-la-moda-arte-los-premios\/\" \/>\n<meta property=\"og:site_name\" content=\"Asociaci\u00f3n Creadores de Moda de Espa\u00f1a | ACME\" \/>\n<meta property=\"article:publisher\" content=\"https:\/\/www.facebook.com\/Asociaci%c3%b3n-Creadores-de-Moda-de-Espa%c3%b1a-297009471514\/\" \/>\n<meta property=\"article:published_time\" content=\"2017-05-10T07:33:28+00:00\" \/>\n<meta property=\"article:modified_time\" content=\"2025-07-02T07:13:21+00:00\" \/>\n<meta property=\"og:image\" content=\"https:\/\/creadores.org\/wp-content\/uploads\/2017\/05\/desayuno_elio_berhanyer_web2.jpg\" \/>\n\t<meta property=\"og:image:width\" content=\"1128\" \/>\n\t<meta property=\"og:image:height\" content=\"484\" \/>\n\t<meta property=\"og:image:type\" content=\"image\/jpeg\" \/>\n<meta name=\"author\" content=\"Felipe\" \/>\n<meta name=\"twitter:card\" content=\"summary_large_image\" \/>\n<meta name=\"twitter:creator\" content=\"@creadoresacme\" \/>\n<meta name=\"twitter:site\" content=\"@creadoresacme\" \/>\n<meta name=\"twitter:label1\" content=\"Escrito por\" \/>\n\t<meta name=\"twitter:data1\" content=\"Felipe\" \/>\n\t<meta name=\"twitter:label2\" content=\"Tiempo de lectura\" \/>\n\t<meta name=\"twitter:data2\" content=\"4 minutos\" \/>\n<script type=\"application\/ld+json\" class=\"yoast-schema-graph\">{\"@context\":\"https:\\\/\\\/schema.org\",\"@graph\":[{\"@type\":\"Article\",\"@id\":\"https:\\\/\\\/creadores.org\\\/elio-la-moda-arte-los-premios\\\/#article\",\"isPartOf\":{\"@id\":\"https:\\\/\\\/creadores.org\\\/elio-la-moda-arte-los-premios\\\/\"},\"author\":{\"name\":\"Felipe\",\"@id\":\"https:\\\/\\\/creadores.org\\\/#\\\/schema\\\/person\\\/fdf61cde9f2e71e9cefe26613b50a079\"},\"headline\":\"Elio, la moda, el arte y los premios\",\"datePublished\":\"2017-05-10T07:33:28+00:00\",\"dateModified\":\"2025-07-02T07:13:21+00:00\",\"mainEntityOfPage\":{\"@id\":\"https:\\\/\\\/creadores.org\\\/elio-la-moda-arte-los-premios\\\/\"},\"wordCount\":766,\"publisher\":{\"@id\":\"https:\\\/\\\/creadores.org\\\/#organization\"},\"image\":{\"@id\":\"https:\\\/\\\/creadores.org\\\/elio-la-moda-arte-los-premios\\\/#primaryimage\"},\"thumbnailUrl\":\"https:\\\/\\\/creadores.org\\\/wp-content\\\/uploads\\\/2025\\\/06\\\/desayuno_elio_berhanyer_web2.jpg-3.jpg\",\"keywords\":[\"60 minutos de moda con EFE Estilo\",\"ACME\",\"Adymo\",\"Agatha Ruiz de la Prada\",\"Alejandra Rojas\",\"Antonio Gala\",\"Balenciaga\",\"baronesa Thyssen\",\"Carla Royo Vilanova\",\"Concha Velasco\",\"Cristina Cifuentes\",\"El octavo arte. La moda\",\"Elio berhanyer\",\"Givenchy\",\"Jos\u00e9 Mar\u00eda Paz Gago\",\"Mar\u00eda Zurita\",\"Miriam Clegg\",\"Nieves Alvarez\",\"ona carbonell\",\"Premios de Cultura de la Comunidad de Madrid 2016\",\"premios Princesa de Asturias\"],\"articleSection\":[\"Noticias\"],\"inLanguage\":\"es\"},{\"@type\":\"WebPage\",\"@id\":\"https:\\\/\\\/creadores.org\\\/elio-la-moda-arte-los-premios\\\/\",\"url\":\"https:\\\/\\\/creadores.org\\\/elio-la-moda-arte-los-premios\\\/\",\"name\":\"Elio, la moda, el arte y los premios - Asociaci\u00f3n Creadores de Moda de Espa\u00f1a | ACME\",\"isPartOf\":{\"@id\":\"https:\\\/\\\/creadores.org\\\/#website\"},\"primaryImageOfPage\":{\"@id\":\"https:\\\/\\\/creadores.org\\\/elio-la-moda-arte-los-premios\\\/#primaryimage\"},\"image\":{\"@id\":\"https:\\\/\\\/creadores.org\\\/elio-la-moda-arte-los-premios\\\/#primaryimage\"},\"thumbnailUrl\":\"https:\\\/\\\/creadores.org\\\/wp-content\\\/uploads\\\/2025\\\/06\\\/desayuno_elio_berhanyer_web2.jpg-3.jpg\",\"datePublished\":\"2017-05-10T07:33:28+00:00\",\"dateModified\":\"2025-07-02T07:13:21+00:00\",\"breadcrumb\":{\"@id\":\"https:\\\/\\\/creadores.org\\\/elio-la-moda-arte-los-premios\\\/#breadcrumb\"},\"inLanguage\":\"es\",\"potentialAction\":[{\"@type\":\"ReadAction\",\"target\":[\"https:\\\/\\\/creadores.org\\\/elio-la-moda-arte-los-premios\\\/\"]}]},{\"@type\":\"ImageObject\",\"inLanguage\":\"es\",\"@id\":\"https:\\\/\\\/creadores.org\\\/elio-la-moda-arte-los-premios\\\/#primaryimage\",\"url\":\"https:\\\/\\\/creadores.org\\\/wp-content\\\/uploads\\\/2025\\\/06\\\/desayuno_elio_berhanyer_web2.jpg-3.jpg\",\"contentUrl\":\"https:\\\/\\\/creadores.org\\\/wp-content\\\/uploads\\\/2025\\\/06\\\/desayuno_elio_berhanyer_web2.jpg-3.jpg\",\"width\":1128,\"height\":484},{\"@type\":\"BreadcrumbList\",\"@id\":\"https:\\\/\\\/creadores.org\\\/elio-la-moda-arte-los-premios\\\/#breadcrumb\",\"itemListElement\":[{\"@type\":\"ListItem\",\"position\":1,\"name\":\"Portada\",\"item\":\"https:\\\/\\\/creadores.org\\\/\"},{\"@type\":\"ListItem\",\"position\":2,\"name\":\"Elio, la moda, el arte y los premios\"}]},{\"@type\":\"WebSite\",\"@id\":\"https:\\\/\\\/creadores.org\\\/#website\",\"url\":\"https:\\\/\\\/creadores.org\\\/\",\"name\":\"Asociaci\u00f3n Creadores de Moda de Espa\u00f1a | ACME\",\"description\":\"La Asociaci\u00f3n Creadores de Moda de Espa\u00f1a (ACME) es una organizaci\u00f3n profesional sin \u00e1nimo de lucro fundada en 1988\",\"publisher\":{\"@id\":\"https:\\\/\\\/creadores.org\\\/#organization\"},\"potentialAction\":[{\"@type\":\"SearchAction\",\"target\":{\"@type\":\"EntryPoint\",\"urlTemplate\":\"https:\\\/\\\/creadores.org\\\/?s={search_term_string}\"},\"query-input\":{\"@type\":\"PropertyValueSpecification\",\"valueRequired\":true,\"valueName\":\"search_term_string\"}}],\"inLanguage\":\"es\"},{\"@type\":\"Organization\",\"@id\":\"https:\\\/\\\/creadores.org\\\/#organization\",\"name\":\"Asociaci\u00f3n Creadores de Moda de Espa\u00f1a | ACME\",\"url\":\"https:\\\/\\\/creadores.org\\\/\",\"logo\":{\"@type\":\"ImageObject\",\"inLanguage\":\"es\",\"@id\":\"https:\\\/\\\/creadores.org\\\/#\\\/schema\\\/logo\\\/image\\\/\",\"url\":\"https:\\\/\\\/creadores.org\\\/wp-content\\\/uploads\\\/2025\\\/06\\\/acme-logo.svg\",\"contentUrl\":\"https:\\\/\\\/creadores.org\\\/wp-content\\\/uploads\\\/2025\\\/06\\\/acme-logo.svg\",\"width\":650,\"height\":119,\"caption\":\"Asociaci\u00f3n Creadores de Moda de Espa\u00f1a | ACME\"},\"image\":{\"@id\":\"https:\\\/\\\/creadores.org\\\/#\\\/schema\\\/logo\\\/image\\\/\"},\"sameAs\":[\"https:\\\/\\\/www.facebook.com\\\/Asociaci\u00f3n-Creadores-de-Moda-de-Espa\u00f1a-297009471514\\\/\",\"https:\\\/\\\/x.com\\\/creadoresacme\",\"https:\\\/\\\/www.instagram.com\\\/creadoresacme\\\/\"]},{\"@type\":\"Person\",\"@id\":\"https:\\\/\\\/creadores.org\\\/#\\\/schema\\\/person\\\/fdf61cde9f2e71e9cefe26613b50a079\",\"name\":\"Felipe\"}]}<\/script>\n<!-- \/ Yoast SEO plugin. -->","yoast_head_json":{"title":"Elio, la moda, el arte y los premios - Asociaci\u00f3n Creadores de Moda de Espa\u00f1a | ACME","robots":{"index":"index","follow":"follow","max-snippet":"max-snippet:-1","max-image-preview":"max-image-preview:large","max-video-preview":"max-video-preview:-1"},"canonical":"https:\/\/creadores.org\/elio-la-moda-arte-los-premios\/","og_locale":"es_ES","og_type":"article","og_title":"Elio, la moda, el arte y los premios - Asociaci\u00f3n Creadores de Moda de Espa\u00f1a | ACME","og_description":"La Comunidad de Madrid acaba de anunciar los ganadores de sus Premios de Cultura 2016, y este a\u00f1o, por primera vez, la Moda -y s\u00ed, lo pongo en may\u00fasculas-, se a\u00f1ade como categor\u00eda, junto al teatro, cine, literatura, etc., y\u00a0Elio Berhanyer ha sido el dise\u00f1ador merecedor de esta distinci\u00f3n. Justicia po\u00e9tica despu\u00e9s de que el [&hellip;]","og_url":"https:\/\/creadores.org\/elio-la-moda-arte-los-premios\/","og_site_name":"Asociaci\u00f3n Creadores de Moda de Espa\u00f1a | ACME","article_publisher":"https:\/\/www.facebook.com\/Asociaci%c3%b3n-Creadores-de-Moda-de-Espa%c3%b1a-297009471514\/","article_published_time":"2017-05-10T07:33:28+00:00","article_modified_time":"2025-07-02T07:13:21+00:00","og_image":[{"width":1128,"height":484,"url":"https:\/\/creadores.org\/wp-content\/uploads\/2017\/05\/desayuno_elio_berhanyer_web2.jpg","type":"image\/jpeg"}],"author":"Felipe","twitter_card":"summary_large_image","twitter_creator":"@creadoresacme","twitter_site":"@creadoresacme","twitter_misc":{"Escrito por":"Felipe","Tiempo de lectura":"4 minutos"},"schema":{"@context":"https:\/\/schema.org","@graph":[{"@type":"Article","@id":"https:\/\/creadores.org\/elio-la-moda-arte-los-premios\/#article","isPartOf":{"@id":"https:\/\/creadores.org\/elio-la-moda-arte-los-premios\/"},"author":{"name":"Felipe","@id":"https:\/\/creadores.org\/#\/schema\/person\/fdf61cde9f2e71e9cefe26613b50a079"},"headline":"Elio, la moda, el arte y los premios","datePublished":"2017-05-10T07:33:28+00:00","dateModified":"2025-07-02T07:13:21+00:00","mainEntityOfPage":{"@id":"https:\/\/creadores.org\/elio-la-moda-arte-los-premios\/"},"wordCount":766,"publisher":{"@id":"https:\/\/creadores.org\/#organization"},"image":{"@id":"https:\/\/creadores.org\/elio-la-moda-arte-los-premios\/#primaryimage"},"thumbnailUrl":"https:\/\/creadores.org\/wp-content\/uploads\/2025\/06\/desayuno_elio_berhanyer_web2.jpg-3.jpg","keywords":["60 minutos de moda con EFE Estilo","ACME","Adymo","Agatha Ruiz de la Prada","Alejandra Rojas","Antonio Gala","Balenciaga","baronesa Thyssen","Carla Royo Vilanova","Concha Velasco","Cristina Cifuentes","El octavo arte. La moda","Elio berhanyer","Givenchy","Jos\u00e9 Mar\u00eda Paz Gago","Mar\u00eda Zurita","Miriam Clegg","Nieves Alvarez","ona carbonell","Premios de Cultura de la Comunidad de Madrid 2016","premios Princesa de Asturias"],"articleSection":["Noticias"],"inLanguage":"es"},{"@type":"WebPage","@id":"https:\/\/creadores.org\/elio-la-moda-arte-los-premios\/","url":"https:\/\/creadores.org\/elio-la-moda-arte-los-premios\/","name":"Elio, la moda, el arte y los premios - Asociaci\u00f3n Creadores de Moda de Espa\u00f1a | ACME","isPartOf":{"@id":"https:\/\/creadores.org\/#website"},"primaryImageOfPage":{"@id":"https:\/\/creadores.org\/elio-la-moda-arte-los-premios\/#primaryimage"},"image":{"@id":"https:\/\/creadores.org\/elio-la-moda-arte-los-premios\/#primaryimage"},"thumbnailUrl":"https:\/\/creadores.org\/wp-content\/uploads\/2025\/06\/desayuno_elio_berhanyer_web2.jpg-3.jpg","datePublished":"2017-05-10T07:33:28+00:00","dateModified":"2025-07-02T07:13:21+00:00","breadcrumb":{"@id":"https:\/\/creadores.org\/elio-la-moda-arte-los-premios\/#breadcrumb"},"inLanguage":"es","potentialAction":[{"@type":"ReadAction","target":["https:\/\/creadores.org\/elio-la-moda-arte-los-premios\/"]}]},{"@type":"ImageObject","inLanguage":"es","@id":"https:\/\/creadores.org\/elio-la-moda-arte-los-premios\/#primaryimage","url":"https:\/\/creadores.org\/wp-content\/uploads\/2025\/06\/desayuno_elio_berhanyer_web2.jpg-3.jpg","contentUrl":"https:\/\/creadores.org\/wp-content\/uploads\/2025\/06\/desayuno_elio_berhanyer_web2.jpg-3.jpg","width":1128,"height":484},{"@type":"BreadcrumbList","@id":"https:\/\/creadores.org\/elio-la-moda-arte-los-premios\/#breadcrumb","itemListElement":[{"@type":"ListItem","position":1,"name":"Portada","item":"https:\/\/creadores.org\/"},{"@type":"ListItem","position":2,"name":"Elio, la moda, el arte y los premios"}]},{"@type":"WebSite","@id":"https:\/\/creadores.org\/#website","url":"https:\/\/creadores.org\/","name":"Asociaci\u00f3n Creadores de Moda de Espa\u00f1a | ACME","description":"La Asociaci\u00f3n Creadores de Moda de Espa\u00f1a (ACME) es una organizaci\u00f3n profesional sin \u00e1nimo de lucro fundada en 1988","publisher":{"@id":"https:\/\/creadores.org\/#organization"},"potentialAction":[{"@type":"SearchAction","target":{"@type":"EntryPoint","urlTemplate":"https:\/\/creadores.org\/?s={search_term_string}"},"query-input":{"@type":"PropertyValueSpecification","valueRequired":true,"valueName":"search_term_string"}}],"inLanguage":"es"},{"@type":"Organization","@id":"https:\/\/creadores.org\/#organization","name":"Asociaci\u00f3n Creadores de Moda de Espa\u00f1a | ACME","url":"https:\/\/creadores.org\/","logo":{"@type":"ImageObject","inLanguage":"es","@id":"https:\/\/creadores.org\/#\/schema\/logo\/image\/","url":"https:\/\/creadores.org\/wp-content\/uploads\/2025\/06\/acme-logo.svg","contentUrl":"https:\/\/creadores.org\/wp-content\/uploads\/2025\/06\/acme-logo.svg","width":650,"height":119,"caption":"Asociaci\u00f3n Creadores de Moda de Espa\u00f1a | ACME"},"image":{"@id":"https:\/\/creadores.org\/#\/schema\/logo\/image\/"},"sameAs":["https:\/\/www.facebook.com\/Asociaci\u00f3n-Creadores-de-Moda-de-Espa\u00f1a-297009471514\/","https:\/\/x.com\/creadoresacme","https:\/\/www.instagram.com\/creadoresacme\/"]},{"@type":"Person","@id":"https:\/\/creadores.org\/#\/schema\/person\/fdf61cde9f2e71e9cefe26613b50a079","name":"Felipe"}]}},"_links":{"self":[{"href":"https:\/\/creadores.org\/wp-json\/wp\/v2\/posts\/11977","targetHints":{"allow":["GET"]}}],"collection":[{"href":"https:\/\/creadores.org\/wp-json\/wp\/v2\/posts"}],"about":[{"href":"https:\/\/creadores.org\/wp-json\/wp\/v2\/types\/post"}],"author":[{"embeddable":true,"href":"https:\/\/creadores.org\/wp-json\/wp\/v2\/users\/4"}],"replies":[{"embeddable":true,"href":"https:\/\/creadores.org\/wp-json\/wp\/v2\/comments?post=11977"}],"version-history":[{"count":3,"href":"https:\/\/creadores.org\/wp-json\/wp\/v2\/posts\/11977\/revisions"}],"predecessor-version":[{"id":79666,"href":"https:\/\/creadores.org\/wp-json\/wp\/v2\/posts\/11977\/revisions\/79666"}],"wp:featuredmedia":[{"embeddable":true,"href":"https:\/\/creadores.org\/wp-json\/wp\/v2\/media\/82688"}],"wp:attachment":[{"href":"https:\/\/creadores.org\/wp-json\/wp\/v2\/media?parent=11977"}],"wp:term":[{"taxonomy":"category","embeddable":true,"href":"https:\/\/creadores.org\/wp-json\/wp\/v2\/categories?post=11977"},{"taxonomy":"post_tag","embeddable":true,"href":"https:\/\/creadores.org\/wp-json\/wp\/v2\/tags?post=11977"}],"curies":[{"name":"wp","href":"https:\/\/api.w.org\/{rel}","templated":true}]}}