{"id":23323,"date":"2020-01-31T23:31:19","date_gmt":"2020-01-31T22:31:19","guid":{"rendered":"https:\/\/creadores.org\/?p=23323"},"modified":"2025-07-16T13:28:26","modified_gmt":"2025-07-16T11:28:26","slug":"la-eterna-juventud-ana-locking","status":"publish","type":"post","link":"https:\/\/creadores.org\/?p=23323","title":{"rendered":"La eterna juventud de Ana Locking"},"content":{"rendered":"<p><a href=\"http:\/\/analocking.com\/\" target=\"_blank\" rel=\"noopener noreferrer nofollow\">ANA LOCKING<\/a>\u00a0 presenta <em>Too young to die old,\u00a0<\/em>una declaraci\u00f3n de intenciones en la que la dise\u00f1adora desnuda su esp\u00edritu inquieto y apasionado,\u00a0 y hace gala de su sensibilidad para\u00a0conectar con\u00a0los nuevos tiempos.<\/p>\n<p>Electrizante\u00a0y rebelde, esta colecci\u00f3n es una reflexi\u00f3n sobre los diferentes movimientos generacionales. La vitalidad es la gran protagonista de propuestas en la que se\u00a0mezclan de manera trepidante los colores, las texturas y los estampados, como s\u00edmbolo de las emociones adolescentes.<\/p>\n<p>Tul con bordados florales de lentejuelas, efectos metalizados, lunares, flecos, pata de gallo, pelo sint\u00e9tico, pa\u00f1os de alpaca, <em>jacquards<\/em>, plisados&#8230; Un sin fin de de materiales y acabados vibrantes que\u00a0representan una juventud tan apasionante como convulsa.<\/p>\n<p>Con el apoyo de:<\/p>\n<p><img fetchpriority=\"high\" decoding=\"async\" class=\"aligncenter wp-image-43916 size-full\" src=\"https:\/\/creadores.org\/wp-content\/uploads\/2020\/09\/logo_Comunidad_Madrid_noticias.jpg\" alt=\"\" width=\"500\" height=\"200\" srcset=\"https:\/\/creadores.org\/wp-content\/uploads\/2020\/09\/logo_Comunidad_Madrid_noticias.jpg 500w, https:\/\/creadores.org\/wp-content\/uploads\/2020\/09\/logo_Comunidad_Madrid_noticias-480x192.jpg 480w, https:\/\/creadores.org\/wp-content\/uploads\/2020\/09\/logo_Comunidad_Madrid_noticias-150x60.jpg 150w\" sizes=\"(max-width: 500px) 100vw, 500px\" \/><\/p>\n<p>\u00a0<\/p>\n<p>\u00a0<\/p>\n","protected":false},"excerpt":{"rendered":"<p>ANA LOCKING\u00a0 presenta Too young to die old,\u00a0una declaraci\u00f3n de intenciones en la que la dise\u00f1adora desnuda su esp\u00edritu inquieto y apasionado,\u00a0 y hace gala de su sensibilidad para\u00a0conectar con\u00a0los nuevos tiempos. Electrizante\u00a0y rebelde, esta colecci\u00f3n es una reflexi\u00f3n sobre los diferentes movimientos generacionales. La vitalidad es la gran protagonista de propuestas en la que [&hellip;]<\/p>\n","protected":false},"author":4,"featured_media":83131,"comment_status":"closed","ping_status":"closed","sticky":false,"template":"","format":"standard","meta":{"footnotes":""},"categories":[1245],"tags":[],"class_list":["post-23323","post","type-post","status-publish","format-standard","has-post-thumbnail","hentry","category-otono-invierno-2020"],"yoast_head":"<!-- This site is optimized with the Yoast SEO plugin v28.3 - https:\/\/yoast.com\/product\/yoast-seo-wordpress\/ -->\n<title>La eterna juventud de Ana Locking - Asociaci\u00f3n Creadores de Moda de Espa\u00f1a | ACME<\/title>\n<meta name=\"robots\" content=\"index, follow, max-snippet:-1, max-image-preview:large, max-video-preview:-1\" \/>\n<link rel=\"canonical\" href=\"https:\/\/creadores.org\/?p=23323\" \/>\n<meta property=\"og:locale\" content=\"es_ES\" \/>\n<meta property=\"og:type\" content=\"article\" \/>\n<meta property=\"og:title\" content=\"La eterna juventud de Ana Locking - Asociaci\u00f3n Creadores de Moda de Espa\u00f1a | ACME\" \/>\n<meta property=\"og:description\" content=\"ANA LOCKING\u00a0 presenta Too young to die old,\u00a0una declaraci\u00f3n de intenciones en la que la dise\u00f1adora desnuda su esp\u00edritu inquieto y apasionado,\u00a0 y hace gala de su sensibilidad para\u00a0conectar con\u00a0los nuevos tiempos. Electrizante\u00a0y rebelde, esta colecci\u00f3n es una reflexi\u00f3n sobre los diferentes movimientos generacionales. La vitalidad es la gran protagonista de propuestas en la que [&hellip;]\" \/>\n<meta property=\"og:url\" content=\"https:\/\/creadores.org\/?p=23323\" \/>\n<meta property=\"og:site_name\" content=\"Asociaci\u00f3n Creadores de Moda de Espa\u00f1a | ACME\" \/>\n<meta property=\"article:publisher\" content=\"https:\/\/www.facebook.com\/Asociaci%c3%b3n-Creadores-de-Moda-de-Espa%c3%b1a-297009471514\/\" \/>\n<meta property=\"article:published_time\" content=\"2020-01-31T22:31:19+00:00\" \/>\n<meta property=\"article:modified_time\" content=\"2025-07-16T11:28:26+00:00\" \/>\n<meta property=\"og:image\" content=\"https:\/\/creadores.org\/wp-content\/uploads\/2025\/06\/Ana_Locking_web.jpg-4.jpg\" \/>\n\t<meta property=\"og:image:width\" content=\"1500\" \/>\n\t<meta property=\"og:image:height\" content=\"644\" \/>\n\t<meta property=\"og:image:type\" content=\"image\/jpeg\" \/>\n<meta name=\"author\" content=\"Felipe\" \/>\n<meta name=\"twitter:card\" content=\"summary_large_image\" \/>\n<meta name=\"twitter:creator\" content=\"@creadoresacme\" \/>\n<meta name=\"twitter:site\" content=\"@creadoresacme\" \/>\n<meta name=\"twitter:label1\" content=\"Written by\" \/>\n\t<meta name=\"twitter:data1\" content=\"Felipe\" \/>\n\t<meta name=\"twitter:label2\" content=\"Est. reading time\" \/>\n\t<meta name=\"twitter:data2\" content=\"1 minuto\" \/>\n<script type=\"application\/ld+json\" class=\"yoast-schema-graph\">{\"@context\":\"https:\\\/\\\/schema.org\",\"@graph\":[{\"@type\":\"Article\",\"@id\":\"https:\\\/\\\/creadores.org\\\/?p=23323#article\",\"isPartOf\":{\"@id\":\"https:\\\/\\\/creadores.org\\\/?p=23323\"},\"author\":{\"name\":\"Felipe\",\"@id\":\"https:\\\/\\\/creadores.org\\\/#\\\/schema\\\/person\\\/fdf61cde9f2e71e9cefe26613b50a079\"},\"headline\":\"La eterna juventud de Ana Locking\",\"datePublished\":\"2020-01-31T22:31:19+00:00\",\"dateModified\":\"2025-07-16T11:28:26+00:00\",\"mainEntityOfPage\":{\"@id\":\"https:\\\/\\\/creadores.org\\\/?p=23323\"},\"wordCount\":132,\"publisher\":{\"@id\":\"https:\\\/\\\/creadores.org\\\/#organization\"},\"image\":{\"@id\":\"https:\\\/\\\/creadores.org\\\/?p=23323#primaryimage\"},\"thumbnailUrl\":\"https:\\\/\\\/creadores.org\\\/wp-content\\\/uploads\\\/2025\\\/06\\\/Ana_Locking_web.jpg-4.jpg\",\"articleSection\":[\"Oto\u00f1o-Invierno 2020\"],\"inLanguage\":\"es\"},{\"@type\":\"WebPage\",\"@id\":\"https:\\\/\\\/creadores.org\\\/?p=23323\",\"url\":\"https:\\\/\\\/creadores.org\\\/?p=23323\",\"name\":\"La eterna juventud de Ana Locking - Asociaci\u00f3n Creadores de Moda de Espa\u00f1a | ACME\",\"isPartOf\":{\"@id\":\"https:\\\/\\\/creadores.org\\\/#website\"},\"primaryImageOfPage\":{\"@id\":\"https:\\\/\\\/creadores.org\\\/?p=23323#primaryimage\"},\"image\":{\"@id\":\"https:\\\/\\\/creadores.org\\\/?p=23323#primaryimage\"},\"thumbnailUrl\":\"https:\\\/\\\/creadores.org\\\/wp-content\\\/uploads\\\/2025\\\/06\\\/Ana_Locking_web.jpg-4.jpg\",\"datePublished\":\"2020-01-31T22:31:19+00:00\",\"dateModified\":\"2025-07-16T11:28:26+00:00\",\"breadcrumb\":{\"@id\":\"https:\\\/\\\/creadores.org\\\/?p=23323#breadcrumb\"},\"inLanguage\":\"es\",\"potentialAction\":[{\"@type\":\"ReadAction\",\"target\":[\"https:\\\/\\\/creadores.org\\\/?p=23323\"]}]},{\"@type\":\"ImageObject\",\"inLanguage\":\"es\",\"@id\":\"https:\\\/\\\/creadores.org\\\/?p=23323#primaryimage\",\"url\":\"https:\\\/\\\/creadores.org\\\/wp-content\\\/uploads\\\/2025\\\/06\\\/Ana_Locking_web.jpg-4.jpg\",\"contentUrl\":\"https:\\\/\\\/creadores.org\\\/wp-content\\\/uploads\\\/2025\\\/06\\\/Ana_Locking_web.jpg-4.jpg\",\"width\":1500,\"height\":644,\"caption\":\"null\"},{\"@type\":\"BreadcrumbList\",\"@id\":\"https:\\\/\\\/creadores.org\\\/?p=23323#breadcrumb\",\"itemListElement\":[{\"@type\":\"ListItem\",\"position\":1,\"name\":\"Portada\",\"item\":\"https:\\\/\\\/creadores.org\\\/\"},{\"@type\":\"ListItem\",\"position\":2,\"name\":\"La eterna juventud de Ana Locking\"}]},{\"@type\":\"WebSite\",\"@id\":\"https:\\\/\\\/creadores.org\\\/#website\",\"url\":\"https:\\\/\\\/creadores.org\\\/\",\"name\":\"Asociaci\u00f3n Creadores de Moda de Espa\u00f1a | ACME\",\"description\":\"La Asociaci\u00f3n Creadores de Moda de Espa\u00f1a (ACME) es una organizaci\u00f3n profesional sin \u00e1nimo de lucro fundada en 1988\",\"publisher\":{\"@id\":\"https:\\\/\\\/creadores.org\\\/#organization\"},\"potentialAction\":[{\"@type\":\"SearchAction\",\"target\":{\"@type\":\"EntryPoint\",\"urlTemplate\":\"https:\\\/\\\/creadores.org\\\/?s={search_term_string}\"},\"query-input\":{\"@type\":\"PropertyValueSpecification\",\"valueRequired\":true,\"valueName\":\"search_term_string\"}}],\"inLanguage\":\"es\"},{\"@type\":\"Organization\",\"@id\":\"https:\\\/\\\/creadores.org\\\/#organization\",\"name\":\"Asociaci\u00f3n Creadores de Moda de Espa\u00f1a | ACME\",\"url\":\"https:\\\/\\\/creadores.org\\\/\",\"logo\":{\"@type\":\"ImageObject\",\"inLanguage\":\"es\",\"@id\":\"https:\\\/\\\/creadores.org\\\/#\\\/schema\\\/logo\\\/image\\\/\",\"url\":\"https:\\\/\\\/creadores.org\\\/wp-content\\\/uploads\\\/2025\\\/06\\\/acme-logo.svg\",\"contentUrl\":\"https:\\\/\\\/creadores.org\\\/wp-content\\\/uploads\\\/2025\\\/06\\\/acme-logo.svg\",\"width\":650,\"height\":119,\"caption\":\"Asociaci\u00f3n Creadores de Moda de Espa\u00f1a | ACME\"},\"image\":{\"@id\":\"https:\\\/\\\/creadores.org\\\/#\\\/schema\\\/logo\\\/image\\\/\"},\"sameAs\":[\"https:\\\/\\\/www.facebook.com\\\/Asociaci\u00f3n-Creadores-de-Moda-de-Espa\u00f1a-297009471514\\\/\",\"https:\\\/\\\/x.com\\\/creadoresacme\",\"https:\\\/\\\/www.instagram.com\\\/creadoresacme\\\/\"]},{\"@type\":\"Person\",\"@id\":\"https:\\\/\\\/creadores.org\\\/#\\\/schema\\\/person\\\/fdf61cde9f2e71e9cefe26613b50a079\",\"name\":\"Felipe\"}]}<\/script>\n<!-- \/ Yoast SEO plugin. -->","yoast_head_json":{"title":"La eterna juventud de Ana Locking - Asociaci\u00f3n Creadores de Moda de Espa\u00f1a | ACME","robots":{"index":"index","follow":"follow","max-snippet":"max-snippet:-1","max-image-preview":"max-image-preview:large","max-video-preview":"max-video-preview:-1"},"canonical":"https:\/\/creadores.org\/?p=23323","og_locale":"es_ES","og_type":"article","og_title":"La eterna juventud de Ana Locking - Asociaci\u00f3n Creadores de Moda de Espa\u00f1a | ACME","og_description":"ANA LOCKING\u00a0 presenta Too young to die old,\u00a0una declaraci\u00f3n de intenciones en la que la dise\u00f1adora desnuda su esp\u00edritu inquieto y apasionado,\u00a0 y hace gala de su sensibilidad para\u00a0conectar con\u00a0los nuevos tiempos. Electrizante\u00a0y rebelde, esta colecci\u00f3n es una reflexi\u00f3n sobre los diferentes movimientos generacionales. La vitalidad es la gran protagonista de propuestas en la que [&hellip;]","og_url":"https:\/\/creadores.org\/?p=23323","og_site_name":"Asociaci\u00f3n Creadores de Moda de Espa\u00f1a | ACME","article_publisher":"https:\/\/www.facebook.com\/Asociaci%c3%b3n-Creadores-de-Moda-de-Espa%c3%b1a-297009471514\/","article_published_time":"2020-01-31T22:31:19+00:00","article_modified_time":"2025-07-16T11:28:26+00:00","og_image":[{"width":1500,"height":644,"url":"https:\/\/creadores.org\/wp-content\/uploads\/2025\/06\/Ana_Locking_web.jpg-4.jpg","type":"image\/jpeg"}],"author":"Felipe","twitter_card":"summary_large_image","twitter_creator":"@creadoresacme","twitter_site":"@creadoresacme","twitter_misc":{"Written by":"Felipe","Est. reading time":"1 minuto"},"schema":{"@context":"https:\/\/schema.org","@graph":[{"@type":"Article","@id":"https:\/\/creadores.org\/?p=23323#article","isPartOf":{"@id":"https:\/\/creadores.org\/?p=23323"},"author":{"name":"Felipe","@id":"https:\/\/creadores.org\/#\/schema\/person\/fdf61cde9f2e71e9cefe26613b50a079"},"headline":"La eterna juventud de Ana Locking","datePublished":"2020-01-31T22:31:19+00:00","dateModified":"2025-07-16T11:28:26+00:00","mainEntityOfPage":{"@id":"https:\/\/creadores.org\/?p=23323"},"wordCount":132,"publisher":{"@id":"https:\/\/creadores.org\/#organization"},"image":{"@id":"https:\/\/creadores.org\/?p=23323#primaryimage"},"thumbnailUrl":"https:\/\/creadores.org\/wp-content\/uploads\/2025\/06\/Ana_Locking_web.jpg-4.jpg","articleSection":["Oto\u00f1o-Invierno 2020"],"inLanguage":"es"},{"@type":"WebPage","@id":"https:\/\/creadores.org\/?p=23323","url":"https:\/\/creadores.org\/?p=23323","name":"La eterna juventud de Ana Locking - Asociaci\u00f3n Creadores de Moda de Espa\u00f1a | ACME","isPartOf":{"@id":"https:\/\/creadores.org\/#website"},"primaryImageOfPage":{"@id":"https:\/\/creadores.org\/?p=23323#primaryimage"},"image":{"@id":"https:\/\/creadores.org\/?p=23323#primaryimage"},"thumbnailUrl":"https:\/\/creadores.org\/wp-content\/uploads\/2025\/06\/Ana_Locking_web.jpg-4.jpg","datePublished":"2020-01-31T22:31:19+00:00","dateModified":"2025-07-16T11:28:26+00:00","breadcrumb":{"@id":"https:\/\/creadores.org\/?p=23323#breadcrumb"},"inLanguage":"es","potentialAction":[{"@type":"ReadAction","target":["https:\/\/creadores.org\/?p=23323"]}]},{"@type":"ImageObject","inLanguage":"es","@id":"https:\/\/creadores.org\/?p=23323#primaryimage","url":"https:\/\/creadores.org\/wp-content\/uploads\/2025\/06\/Ana_Locking_web.jpg-4.jpg","contentUrl":"https:\/\/creadores.org\/wp-content\/uploads\/2025\/06\/Ana_Locking_web.jpg-4.jpg","width":1500,"height":644,"caption":"null"},{"@type":"BreadcrumbList","@id":"https:\/\/creadores.org\/?p=23323#breadcrumb","itemListElement":[{"@type":"ListItem","position":1,"name":"Portada","item":"https:\/\/creadores.org\/"},{"@type":"ListItem","position":2,"name":"La eterna juventud de Ana Locking"}]},{"@type":"WebSite","@id":"https:\/\/creadores.org\/#website","url":"https:\/\/creadores.org\/","name":"Asociaci\u00f3n Creadores de Moda de Espa\u00f1a | ACME","description":"La Asociaci\u00f3n Creadores de Moda de Espa\u00f1a (ACME) es una organizaci\u00f3n profesional sin \u00e1nimo de lucro fundada en 1988","publisher":{"@id":"https:\/\/creadores.org\/#organization"},"potentialAction":[{"@type":"SearchAction","target":{"@type":"EntryPoint","urlTemplate":"https:\/\/creadores.org\/?s={search_term_string}"},"query-input":{"@type":"PropertyValueSpecification","valueRequired":true,"valueName":"search_term_string"}}],"inLanguage":"es"},{"@type":"Organization","@id":"https:\/\/creadores.org\/#organization","name":"Asociaci\u00f3n Creadores de Moda de Espa\u00f1a | ACME","url":"https:\/\/creadores.org\/","logo":{"@type":"ImageObject","inLanguage":"es","@id":"https:\/\/creadores.org\/#\/schema\/logo\/image\/","url":"https:\/\/creadores.org\/wp-content\/uploads\/2025\/06\/acme-logo.svg","contentUrl":"https:\/\/creadores.org\/wp-content\/uploads\/2025\/06\/acme-logo.svg","width":650,"height":119,"caption":"Asociaci\u00f3n Creadores de Moda de Espa\u00f1a | ACME"},"image":{"@id":"https:\/\/creadores.org\/#\/schema\/logo\/image\/"},"sameAs":["https:\/\/www.facebook.com\/Asociaci\u00f3n-Creadores-de-Moda-de-Espa\u00f1a-297009471514\/","https:\/\/x.com\/creadoresacme","https:\/\/www.instagram.com\/creadoresacme\/"]},{"@type":"Person","@id":"https:\/\/creadores.org\/#\/schema\/person\/fdf61cde9f2e71e9cefe26613b50a079","name":"Felipe"}]}},"_links":{"self":[{"href":"https:\/\/creadores.org\/index.php?rest_route=\/wp\/v2\/posts\/23323","targetHints":{"allow":["GET"]}}],"collection":[{"href":"https:\/\/creadores.org\/index.php?rest_route=\/wp\/v2\/posts"}],"about":[{"href":"https:\/\/creadores.org\/index.php?rest_route=\/wp\/v2\/types\/post"}],"author":[{"embeddable":true,"href":"https:\/\/creadores.org\/index.php?rest_route=\/wp\/v2\/users\/4"}],"replies":[{"embeddable":true,"href":"https:\/\/creadores.org\/index.php?rest_route=%2Fwp%2Fv2%2Fcomments&post=23323"}],"version-history":[{"count":4,"href":"https:\/\/creadores.org\/index.php?rest_route=\/wp\/v2\/posts\/23323\/revisions"}],"predecessor-version":[{"id":83133,"href":"https:\/\/creadores.org\/index.php?rest_route=\/wp\/v2\/posts\/23323\/revisions\/83133"}],"wp:featuredmedia":[{"embeddable":true,"href":"https:\/\/creadores.org\/index.php?rest_route=\/wp\/v2\/media\/83131"}],"wp:attachment":[{"href":"https:\/\/creadores.org\/index.php?rest_route=%2Fwp%2Fv2%2Fmedia&parent=23323"}],"wp:term":[{"taxonomy":"category","embeddable":true,"href":"https:\/\/creadores.org\/index.php?rest_route=%2Fwp%2Fv2%2Fcategories&post=23323"},{"taxonomy":"post_tag","embeddable":true,"href":"https:\/\/creadores.org\/index.php?rest_route=%2Fwp%2Fv2%2Ftags&post=23323"}],"curies":[{"name":"wp","href":"https:\/\/api.w.org\/{rel}","templated":true}]}}