{"id":3199,"date":"2014-11-19T15:50:53","date_gmt":"2014-11-19T14:50:53","guid":{"rendered":"https:\/\/creadores.org\/?p=3199"},"modified":"2025-07-02T09:20:30","modified_gmt":"2025-07-02T07:20:30","slug":"josep-font-premio-nacional-de-diseno-de-moda","status":"publish","type":"post","link":"https:\/\/creadores.org\/josep-font-premio-nacional-de-diseno-de-moda\/","title":{"rendered":"Josep Font, Premio Nacional de Dise\u00f1o de Moda"},"content":{"rendered":"<div id=\"tamano\" class=\"tamano\">\n<p style=\"color: #000000;\">El dise\u00f1ador <strong>Josep Font<\/strong>, director creativo de la firma <a href=\"http:\/\/www.delpozo.com\/\" target=\"_blank\" rel=\"noopener noreferrer\"><strong>Delpozo<\/strong><\/a>,\u00a0ha sido galardonado con el Premio Nacional de Dise\u00f1o de Moda, distinci\u00f3n que concede anualmente el <a href=\"http:\/\/www.mecd.gob.es\/portada-mecd\/\" target=\"_blank\" rel=\"noopener noreferrer\">Ministerio de Educaci\u00f3n, Cultura y Deporte <\/a>desde 2009.<\/p>\n<p style=\"color: #000000;\">Este premio reconoce la labor profesional de\u00a0uno de los dise\u00f1adores espa\u00f1oles m\u00e1s internacionales. Josep Font comenz\u00f3 su trayectoria desfilando en diferentes pasarelas como Madrid, Barcelona, Tokio y Par\u00eds. Tras varios a\u00f1os presentando sus colecciones de <em>pr\u00eat-\u00e0-porter<\/em> en la capital francesa,\u00a0 la <em>F\u00e9d\u00e9ration Fran\u00e7aise de la Haute Couture<\/em> le invit\u00f3 a participar en la Semana de Alta Costura durante cuatro temporadas.<\/p>\n<p style=\"color: #000000;\">Su saber hacer y el talento demostrado en el \u00e1mbito nacional e internacional\u00a0le convirtieron en el candidato perfecto para hacerse con las riendas de una casa\u00a0m\u00edtica\u00a0de la moda espa\u00f1ola.\u00a0Tras\u00a0el fallecimiento de <strong>Jes\u00fas del Pozo<\/strong>, el Grupo Perfumes\u00a0y Dise\u00f1o adquiri\u00f3 la firma y nombr\u00f3 a Josep Font como director creativo.\u00a0El dise\u00f1ador catal\u00e1n\u00a0se encarga de dirigir el <em>atelier<\/em> y colecciones de Delpozo desde\u00a02012, inici\u00e1ndose con \u00e9l una\u00a0nueva etapa\u00a0de\u00a0reposicionamiento de la marca\u00a0y un ambicioso plan de\u00a0expansi\u00f3n internacional.<\/p>\n<p>Caracterizadas por una constante investigaci\u00f3n creativa y un laborioso proceso artesanal, sus\u00a0colecciones para\u00a0Delpozo se venden en grandes almacenes internacionales como <strong>Galeries Lafayette, Barneys, Harvey Nichols<\/strong> o el prestigioso portal <strong>Net a Porter<\/strong>.\u00a0Actualmente, la firma \u00a0presenta sus creaciones en la\u00a0<a href=\"https:\/\/creadores.org\/delpozo-presenta-sus-creaciones-en-la-nyfw\/\" target=\"_blank\" rel=\"noopener noreferrer\"><em>New York Fashion\u00a0Week<\/em><\/a>.<\/p>\n<p style=\"color: #000000;\">El jurado ha destacado\u00a0\u00abla calidad, trayectoria y coherencia de su propuesta de moda, creadora de un universo on\u00edrico y de un imaginario reconocible\u00bb, valores que le han convertido hoy en\u00a0el nuevo ganador del m\u00e1ximo galard\u00f3n del Dise\u00f1o de Moda en Espa\u00f1a que ha distinguido en anteriores ediciones a grandes nombres de nuestra moda como <a href=\"https:\/\/creadores.org\/amaya-arzuaga-premio-nacional-de-diseno-de-moda\/\" target=\"_blank\" rel=\"noopener noreferrer\">Amaya Arzuaga<\/a>, Pertegaz, Paco Rabanne, Elio Berhanyer y Manolo Blahnik.<\/p>\n<p>Miguel \u00c1ngel Recio Crespo, director general de Bellas Artes;\u00a0<a href=\"https:\/\/creadores.org\/amaya-arzuaga-premio-nacional-de-diseno-de-moda\/\" target=\"_blank\" rel=\"noopener noreferrer\">Amaya Arzuaga<\/a>, Premio Nacional de Dise\u00f1o de Moda 2013; Marta Blanco Carpintero, presidenta de la Asociaci\u00f3n de Amigos del Museo del Traje; Jos\u00e9 Luis Calvo Gonz\u00e1lez, director del M\u00e1ster en Marketing y Comunicaci\u00f3n de Moda de la UNED; Pepa Bueno, directora ejecutiva ACME; Jes\u00fas Mar\u00eda Montes-Fern\u00e1ndez, director del programa de TVE <em>Flash Moda<\/em>; Empar Prieto , directora de la revista <em>S Moda<\/em>, y Rosario Turquillo Azcona, empresaria y dise\u00f1adora, han formado parte del jurado.<\/p>\n<\/div>\n<p>[:]<\/p>\n","protected":false},"excerpt":{"rendered":"<p>El dise\u00f1ador Josep Font, director creativo de la firma Delpozo,\u00a0ha sido galardonado con el Premio Nacional de Dise\u00f1o de Moda, distinci\u00f3n que concede anualmente el Ministerio de Educaci\u00f3n, Cultura y Deporte desde 2009. Este premio reconoce la labor profesional de\u00a0uno de los dise\u00f1adores espa\u00f1oles m\u00e1s internacionales. Josep Font comenz\u00f3 su trayectoria desfilando en diferentes pasarelas [&hellip;]<\/p>\n","protected":false},"author":4,"featured_media":82198,"comment_status":"closed","ping_status":"closed","sticky":false,"template":"","format":"standard","meta":{"footnotes":""},"categories":[6],"tags":[75,74,285,287,178,286],"class_list":["post-3199","post","type-post","status-publish","format-standard","has-post-thumbnail","hentry","category-noticias","tag-acme","tag-delpozo","tag-josep-font","tag-ministerio-de-cultura","tag-premio","tag-premio-nacion-diseno-de-moda"],"yoast_head":"<!-- This site is optimized with the Yoast SEO plugin v28.4 - https:\/\/yoast.com\/product\/yoast-seo-wordpress\/ -->\n<title>Josep Font, Premio Nacional de Dise\u00f1o de Moda - Asociaci\u00f3n Creadores de Moda de Espa\u00f1a | ACME<\/title>\n<meta name=\"robots\" content=\"index, follow, max-snippet:-1, max-image-preview:large, max-video-preview:-1\" \/>\n<link rel=\"canonical\" href=\"https:\/\/creadores.org\/josep-font-premio-nacional-de-diseno-de-moda\/\" \/>\n<meta property=\"og:locale\" content=\"es_ES\" \/>\n<meta property=\"og:type\" content=\"article\" \/>\n<meta property=\"og:title\" content=\"Josep Font, Premio Nacional de Dise\u00f1o de Moda - Asociaci\u00f3n Creadores de Moda de Espa\u00f1a | ACME\" \/>\n<meta property=\"og:description\" content=\"El dise\u00f1ador Josep Font, director creativo de la firma Delpozo,\u00a0ha sido galardonado con el Premio Nacional de Dise\u00f1o de Moda, distinci\u00f3n que concede anualmente el Ministerio de Educaci\u00f3n, Cultura y Deporte desde 2009. Este premio reconoce la labor profesional de\u00a0uno de los dise\u00f1adores espa\u00f1oles m\u00e1s internacionales. Josep Font comenz\u00f3 su trayectoria desfilando en diferentes pasarelas [&hellip;]\" \/>\n<meta property=\"og:url\" content=\"https:\/\/creadores.org\/josep-font-premio-nacional-de-diseno-de-moda\/\" \/>\n<meta property=\"og:site_name\" content=\"Asociaci\u00f3n Creadores de Moda de Espa\u00f1a | ACME\" \/>\n<meta property=\"article:publisher\" content=\"https:\/\/www.facebook.com\/Asociaci%c3%b3n-Creadores-de-Moda-de-Espa%c3%b1a-297009471514\/\" \/>\n<meta property=\"article:published_time\" content=\"2014-11-19T14:50:53+00:00\" \/>\n<meta property=\"article:modified_time\" content=\"2025-07-02T07:20:30+00:00\" \/>\n<meta property=\"og:image\" content=\"https:\/\/creadores.org\/wp-content\/uploads\/2014\/11\/josep-font_premio-nacional.jpg\" \/>\n\t<meta property=\"og:image:width\" content=\"1200\" \/>\n\t<meta property=\"og:image:height\" content=\"515\" \/>\n\t<meta property=\"og:image:type\" content=\"image\/jpeg\" \/>\n<meta name=\"author\" content=\"Felipe\" \/>\n<meta name=\"twitter:card\" content=\"summary_large_image\" \/>\n<meta name=\"twitter:creator\" content=\"@creadoresacme\" \/>\n<meta name=\"twitter:site\" content=\"@creadoresacme\" \/>\n<meta name=\"twitter:label1\" content=\"Escrito por\" \/>\n\t<meta name=\"twitter:data1\" content=\"Felipe\" \/>\n\t<meta name=\"twitter:label2\" content=\"Tiempo de lectura\" \/>\n\t<meta name=\"twitter:data2\" content=\"2 minutos\" \/>\n<script type=\"application\/ld+json\" class=\"yoast-schema-graph\">{\"@context\":\"https:\\\/\\\/schema.org\",\"@graph\":[{\"@type\":\"Article\",\"@id\":\"https:\\\/\\\/creadores.org\\\/josep-font-premio-nacional-de-diseno-de-moda\\\/#article\",\"isPartOf\":{\"@id\":\"https:\\\/\\\/creadores.org\\\/josep-font-premio-nacional-de-diseno-de-moda\\\/\"},\"author\":{\"name\":\"Felipe\",\"@id\":\"https:\\\/\\\/creadores.org\\\/#\\\/schema\\\/person\\\/fdf61cde9f2e71e9cefe26613b50a079\"},\"headline\":\"Josep Font, Premio Nacional de Dise\u00f1o de Moda\",\"datePublished\":\"2014-11-19T14:50:53+00:00\",\"dateModified\":\"2025-07-02T07:20:30+00:00\",\"mainEntityOfPage\":{\"@id\":\"https:\\\/\\\/creadores.org\\\/josep-font-premio-nacional-de-diseno-de-moda\\\/\"},\"wordCount\":420,\"publisher\":{\"@id\":\"https:\\\/\\\/creadores.org\\\/#organization\"},\"image\":{\"@id\":\"https:\\\/\\\/creadores.org\\\/josep-font-premio-nacional-de-diseno-de-moda\\\/#primaryimage\"},\"thumbnailUrl\":\"https:\\\/\\\/creadores.org\\\/wp-content\\\/uploads\\\/2025\\\/06\\\/josep-font_premio-nacional.jpg-2.jpg\",\"keywords\":[\"ACME\",\"Delpozo\",\"Josep Font\",\"Ministerio de Cultura\",\"premio\",\"Premio Nacion Dise\u00f1o de Moda\"],\"articleSection\":[\"Noticias\"],\"inLanguage\":\"es\"},{\"@type\":\"WebPage\",\"@id\":\"https:\\\/\\\/creadores.org\\\/josep-font-premio-nacional-de-diseno-de-moda\\\/\",\"url\":\"https:\\\/\\\/creadores.org\\\/josep-font-premio-nacional-de-diseno-de-moda\\\/\",\"name\":\"Josep Font, Premio Nacional de Dise\u00f1o de Moda - Asociaci\u00f3n Creadores de Moda de Espa\u00f1a | ACME\",\"isPartOf\":{\"@id\":\"https:\\\/\\\/creadores.org\\\/#website\"},\"primaryImageOfPage\":{\"@id\":\"https:\\\/\\\/creadores.org\\\/josep-font-premio-nacional-de-diseno-de-moda\\\/#primaryimage\"},\"image\":{\"@id\":\"https:\\\/\\\/creadores.org\\\/josep-font-premio-nacional-de-diseno-de-moda\\\/#primaryimage\"},\"thumbnailUrl\":\"https:\\\/\\\/creadores.org\\\/wp-content\\\/uploads\\\/2025\\\/06\\\/josep-font_premio-nacional.jpg-2.jpg\",\"datePublished\":\"2014-11-19T14:50:53+00:00\",\"dateModified\":\"2025-07-02T07:20:30+00:00\",\"breadcrumb\":{\"@id\":\"https:\\\/\\\/creadores.org\\\/josep-font-premio-nacional-de-diseno-de-moda\\\/#breadcrumb\"},\"inLanguage\":\"es\",\"potentialAction\":[{\"@type\":\"ReadAction\",\"target\":[\"https:\\\/\\\/creadores.org\\\/josep-font-premio-nacional-de-diseno-de-moda\\\/\"]}]},{\"@type\":\"ImageObject\",\"inLanguage\":\"es\",\"@id\":\"https:\\\/\\\/creadores.org\\\/josep-font-premio-nacional-de-diseno-de-moda\\\/#primaryimage\",\"url\":\"https:\\\/\\\/creadores.org\\\/wp-content\\\/uploads\\\/2025\\\/06\\\/josep-font_premio-nacional.jpg-2.jpg\",\"contentUrl\":\"https:\\\/\\\/creadores.org\\\/wp-content\\\/uploads\\\/2025\\\/06\\\/josep-font_premio-nacional.jpg-2.jpg\",\"width\":1200,\"height\":515},{\"@type\":\"BreadcrumbList\",\"@id\":\"https:\\\/\\\/creadores.org\\\/josep-font-premio-nacional-de-diseno-de-moda\\\/#breadcrumb\",\"itemListElement\":[{\"@type\":\"ListItem\",\"position\":1,\"name\":\"Portada\",\"item\":\"https:\\\/\\\/creadores.org\\\/\"},{\"@type\":\"ListItem\",\"position\":2,\"name\":\"Josep Font, Premio Nacional de Dise\u00f1o de Moda\"}]},{\"@type\":\"WebSite\",\"@id\":\"https:\\\/\\\/creadores.org\\\/#website\",\"url\":\"https:\\\/\\\/creadores.org\\\/\",\"name\":\"Asociaci\u00f3n Creadores de Moda de Espa\u00f1a | ACME\",\"description\":\"La Asociaci\u00f3n Creadores de Moda de Espa\u00f1a (ACME) es una organizaci\u00f3n profesional sin \u00e1nimo de lucro fundada en 1988\",\"publisher\":{\"@id\":\"https:\\\/\\\/creadores.org\\\/#organization\"},\"potentialAction\":[{\"@type\":\"SearchAction\",\"target\":{\"@type\":\"EntryPoint\",\"urlTemplate\":\"https:\\\/\\\/creadores.org\\\/?s={search_term_string}\"},\"query-input\":{\"@type\":\"PropertyValueSpecification\",\"valueRequired\":true,\"valueName\":\"search_term_string\"}}],\"inLanguage\":\"es\"},{\"@type\":\"Organization\",\"@id\":\"https:\\\/\\\/creadores.org\\\/#organization\",\"name\":\"Asociaci\u00f3n Creadores de Moda de Espa\u00f1a | ACME\",\"url\":\"https:\\\/\\\/creadores.org\\\/\",\"logo\":{\"@type\":\"ImageObject\",\"inLanguage\":\"es\",\"@id\":\"https:\\\/\\\/creadores.org\\\/#\\\/schema\\\/logo\\\/image\\\/\",\"url\":\"https:\\\/\\\/creadores.org\\\/wp-content\\\/uploads\\\/2025\\\/06\\\/acme-logo.svg\",\"contentUrl\":\"https:\\\/\\\/creadores.org\\\/wp-content\\\/uploads\\\/2025\\\/06\\\/acme-logo.svg\",\"width\":650,\"height\":119,\"caption\":\"Asociaci\u00f3n Creadores de Moda de Espa\u00f1a | ACME\"},\"image\":{\"@id\":\"https:\\\/\\\/creadores.org\\\/#\\\/schema\\\/logo\\\/image\\\/\"},\"sameAs\":[\"https:\\\/\\\/www.facebook.com\\\/Asociaci\u00f3n-Creadores-de-Moda-de-Espa\u00f1a-297009471514\\\/\",\"https:\\\/\\\/x.com\\\/creadoresacme\",\"https:\\\/\\\/www.instagram.com\\\/creadoresacme\\\/\"]},{\"@type\":\"Person\",\"@id\":\"https:\\\/\\\/creadores.org\\\/#\\\/schema\\\/person\\\/fdf61cde9f2e71e9cefe26613b50a079\",\"name\":\"Felipe\"}]}<\/script>\n<!-- \/ Yoast SEO plugin. -->","yoast_head_json":{"title":"Josep Font, Premio Nacional de Dise\u00f1o de Moda - Asociaci\u00f3n Creadores de Moda de Espa\u00f1a | ACME","robots":{"index":"index","follow":"follow","max-snippet":"max-snippet:-1","max-image-preview":"max-image-preview:large","max-video-preview":"max-video-preview:-1"},"canonical":"https:\/\/creadores.org\/josep-font-premio-nacional-de-diseno-de-moda\/","og_locale":"es_ES","og_type":"article","og_title":"Josep Font, Premio Nacional de Dise\u00f1o de Moda - Asociaci\u00f3n Creadores de Moda de Espa\u00f1a | ACME","og_description":"El dise\u00f1ador Josep Font, director creativo de la firma Delpozo,\u00a0ha sido galardonado con el Premio Nacional de Dise\u00f1o de Moda, distinci\u00f3n que concede anualmente el Ministerio de Educaci\u00f3n, Cultura y Deporte desde 2009. Este premio reconoce la labor profesional de\u00a0uno de los dise\u00f1adores espa\u00f1oles m\u00e1s internacionales. Josep Font comenz\u00f3 su trayectoria desfilando en diferentes pasarelas [&hellip;]","og_url":"https:\/\/creadores.org\/josep-font-premio-nacional-de-diseno-de-moda\/","og_site_name":"Asociaci\u00f3n Creadores de Moda de Espa\u00f1a | ACME","article_publisher":"https:\/\/www.facebook.com\/Asociaci%c3%b3n-Creadores-de-Moda-de-Espa%c3%b1a-297009471514\/","article_published_time":"2014-11-19T14:50:53+00:00","article_modified_time":"2025-07-02T07:20:30+00:00","og_image":[{"width":1200,"height":515,"url":"https:\/\/creadores.org\/wp-content\/uploads\/2014\/11\/josep-font_premio-nacional.jpg","type":"image\/jpeg"}],"author":"Felipe","twitter_card":"summary_large_image","twitter_creator":"@creadoresacme","twitter_site":"@creadoresacme","twitter_misc":{"Escrito por":"Felipe","Tiempo de lectura":"2 minutos"},"schema":{"@context":"https:\/\/schema.org","@graph":[{"@type":"Article","@id":"https:\/\/creadores.org\/josep-font-premio-nacional-de-diseno-de-moda\/#article","isPartOf":{"@id":"https:\/\/creadores.org\/josep-font-premio-nacional-de-diseno-de-moda\/"},"author":{"name":"Felipe","@id":"https:\/\/creadores.org\/#\/schema\/person\/fdf61cde9f2e71e9cefe26613b50a079"},"headline":"Josep Font, Premio Nacional de Dise\u00f1o de Moda","datePublished":"2014-11-19T14:50:53+00:00","dateModified":"2025-07-02T07:20:30+00:00","mainEntityOfPage":{"@id":"https:\/\/creadores.org\/josep-font-premio-nacional-de-diseno-de-moda\/"},"wordCount":420,"publisher":{"@id":"https:\/\/creadores.org\/#organization"},"image":{"@id":"https:\/\/creadores.org\/josep-font-premio-nacional-de-diseno-de-moda\/#primaryimage"},"thumbnailUrl":"https:\/\/creadores.org\/wp-content\/uploads\/2025\/06\/josep-font_premio-nacional.jpg-2.jpg","keywords":["ACME","Delpozo","Josep Font","Ministerio de Cultura","premio","Premio Nacion Dise\u00f1o de Moda"],"articleSection":["Noticias"],"inLanguage":"es"},{"@type":"WebPage","@id":"https:\/\/creadores.org\/josep-font-premio-nacional-de-diseno-de-moda\/","url":"https:\/\/creadores.org\/josep-font-premio-nacional-de-diseno-de-moda\/","name":"Josep Font, Premio Nacional de Dise\u00f1o de Moda - Asociaci\u00f3n Creadores de Moda de Espa\u00f1a | ACME","isPartOf":{"@id":"https:\/\/creadores.org\/#website"},"primaryImageOfPage":{"@id":"https:\/\/creadores.org\/josep-font-premio-nacional-de-diseno-de-moda\/#primaryimage"},"image":{"@id":"https:\/\/creadores.org\/josep-font-premio-nacional-de-diseno-de-moda\/#primaryimage"},"thumbnailUrl":"https:\/\/creadores.org\/wp-content\/uploads\/2025\/06\/josep-font_premio-nacional.jpg-2.jpg","datePublished":"2014-11-19T14:50:53+00:00","dateModified":"2025-07-02T07:20:30+00:00","breadcrumb":{"@id":"https:\/\/creadores.org\/josep-font-premio-nacional-de-diseno-de-moda\/#breadcrumb"},"inLanguage":"es","potentialAction":[{"@type":"ReadAction","target":["https:\/\/creadores.org\/josep-font-premio-nacional-de-diseno-de-moda\/"]}]},{"@type":"ImageObject","inLanguage":"es","@id":"https:\/\/creadores.org\/josep-font-premio-nacional-de-diseno-de-moda\/#primaryimage","url":"https:\/\/creadores.org\/wp-content\/uploads\/2025\/06\/josep-font_premio-nacional.jpg-2.jpg","contentUrl":"https:\/\/creadores.org\/wp-content\/uploads\/2025\/06\/josep-font_premio-nacional.jpg-2.jpg","width":1200,"height":515},{"@type":"BreadcrumbList","@id":"https:\/\/creadores.org\/josep-font-premio-nacional-de-diseno-de-moda\/#breadcrumb","itemListElement":[{"@type":"ListItem","position":1,"name":"Portada","item":"https:\/\/creadores.org\/"},{"@type":"ListItem","position":2,"name":"Josep Font, Premio Nacional de Dise\u00f1o de Moda"}]},{"@type":"WebSite","@id":"https:\/\/creadores.org\/#website","url":"https:\/\/creadores.org\/","name":"Asociaci\u00f3n Creadores de Moda de Espa\u00f1a | ACME","description":"La Asociaci\u00f3n Creadores de Moda de Espa\u00f1a (ACME) es una organizaci\u00f3n profesional sin \u00e1nimo de lucro fundada en 1988","publisher":{"@id":"https:\/\/creadores.org\/#organization"},"potentialAction":[{"@type":"SearchAction","target":{"@type":"EntryPoint","urlTemplate":"https:\/\/creadores.org\/?s={search_term_string}"},"query-input":{"@type":"PropertyValueSpecification","valueRequired":true,"valueName":"search_term_string"}}],"inLanguage":"es"},{"@type":"Organization","@id":"https:\/\/creadores.org\/#organization","name":"Asociaci\u00f3n Creadores de Moda de Espa\u00f1a | ACME","url":"https:\/\/creadores.org\/","logo":{"@type":"ImageObject","inLanguage":"es","@id":"https:\/\/creadores.org\/#\/schema\/logo\/image\/","url":"https:\/\/creadores.org\/wp-content\/uploads\/2025\/06\/acme-logo.svg","contentUrl":"https:\/\/creadores.org\/wp-content\/uploads\/2025\/06\/acme-logo.svg","width":650,"height":119,"caption":"Asociaci\u00f3n Creadores de Moda de Espa\u00f1a | ACME"},"image":{"@id":"https:\/\/creadores.org\/#\/schema\/logo\/image\/"},"sameAs":["https:\/\/www.facebook.com\/Asociaci\u00f3n-Creadores-de-Moda-de-Espa\u00f1a-297009471514\/","https:\/\/x.com\/creadoresacme","https:\/\/www.instagram.com\/creadoresacme\/"]},{"@type":"Person","@id":"https:\/\/creadores.org\/#\/schema\/person\/fdf61cde9f2e71e9cefe26613b50a079","name":"Felipe"}]}},"_links":{"self":[{"href":"https:\/\/creadores.org\/wp-json\/wp\/v2\/posts\/3199","targetHints":{"allow":["GET"]}}],"collection":[{"href":"https:\/\/creadores.org\/wp-json\/wp\/v2\/posts"}],"about":[{"href":"https:\/\/creadores.org\/wp-json\/wp\/v2\/types\/post"}],"author":[{"embeddable":true,"href":"https:\/\/creadores.org\/wp-json\/wp\/v2\/users\/4"}],"replies":[{"embeddable":true,"href":"https:\/\/creadores.org\/wp-json\/wp\/v2\/comments?post=3199"}],"version-history":[{"count":3,"href":"https:\/\/creadores.org\/wp-json\/wp\/v2\/posts\/3199\/revisions"}],"predecessor-version":[{"id":79022,"href":"https:\/\/creadores.org\/wp-json\/wp\/v2\/posts\/3199\/revisions\/79022"}],"wp:featuredmedia":[{"embeddable":true,"href":"https:\/\/creadores.org\/wp-json\/wp\/v2\/media\/82198"}],"wp:attachment":[{"href":"https:\/\/creadores.org\/wp-json\/wp\/v2\/media?parent=3199"}],"wp:term":[{"taxonomy":"category","embeddable":true,"href":"https:\/\/creadores.org\/wp-json\/wp\/v2\/categories?post=3199"},{"taxonomy":"post_tag","embeddable":true,"href":"https:\/\/creadores.org\/wp-json\/wp\/v2\/tags?post=3199"}],"curies":[{"name":"wp","href":"https:\/\/api.w.org\/{rel}","templated":true}]}}