{"id":50324,"date":"2022-09-15T11:35:18","date_gmt":"2022-09-15T09:35:18","guid":{"rendered":"https:\/\/creadores.org\/?p=50324"},"modified":"2025-07-02T09:16:33","modified_gmt":"2025-07-02T07:16:33","slug":"acme-suma-a-dos-nuevas-firmas-de-gran-canaria-moda-calida","status":"publish","type":"post","link":"https:\/\/creadores.org\/?p=50324","title":{"rendered":"ACME suma a dos nuevas firmas de Gran Canaria Moda C\u00e1lida"},"content":{"rendered":"<p><a href=\"https:\/\/www.ogadeniacouture.com\/\" target=\"_blank\" rel=\"noopener noreferrer nofollow\"><strong>Ogadenia Couture<\/strong><\/a> y <a href=\"https:\/\/comolatruchaaltruchocloth.com\/\" target=\"_blank\" rel=\"noopener noreferrer nofollow\"><strong>Como la trucha al trucho<\/strong><\/a> se incorporan al programa de asesoramiento que la <strong>Asociaci\u00f3n Creadores de Moda de Espa\u00f1a<\/strong> ofrece a firmas seleccionadas de <a href=\"https:\/\/www.grancanariamodacalida.com\/\" target=\"_blank\" rel=\"noopener noreferrer nofollow\"><strong>Gran Canaria Moda C\u00e1lida<\/strong><\/a>. Un acuerdo de colaboraci\u00f3n que ambas instituciones establecieron en 2018 y gracias al cual nueve firmas grancanarias reciben los servicios profesionales de <strong>ACME<\/strong>.<\/p>\n<p>Su adhesi\u00f3n a este programa se hizo efectiva en un encuentro celebrado en la sede de la asociaci\u00f3n, y en el que tambi\u00e9n participaron la consejera de Industria del Cabildo de Gran Canaria, <a href=\"https:\/\/cabildo.grancanaria.com\/area-tematica\/industria-comercio-y-artesania\" target=\"_blank\" rel=\"noopener noreferrer nofollow\"><strong>Minerva Alonso<\/strong><\/a>; <a href=\"https:\/\/www.grancanariamodacalida.com\/\" target=\"_blank\" rel=\"noopener noreferrer nofollow\"><strong>Araceli D\u00edaz Santana<\/strong><\/a>, directora de Gran Canaria Moda C\u00e1lida; <a href=\"https:\/\/devotaylomba.com\/\" target=\"_blank\" rel=\"noopener noreferrer nofollow\"><strong>Modesto Lomba<\/strong><\/a>, presidente de ACME, y <strong>Pepa Bueno<\/strong>, directora ejecutiva de ACME.<\/p>\n<p>Ahora mismo se benefician de este acuerdo los creadores <a href=\"https:\/\/www.arcadiodominguez.com\/\" target=\"_blank\" rel=\"noopener noreferrer nofollow\"><strong>Arcadio Dom\u00ednguez<\/strong><\/a>, Blas\u00f3n, <a href=\"https:\/\/aureliagil.com\/\" target=\"_blank\" rel=\"noopener noreferrer nofollow\"><strong>Aurelia Gil<\/strong><\/a>, <a href=\"https:\/\/chelaclo.com\/\" target=\"_blank\" rel=\"noopener noreferrer nofollow\"><strong>Chela Clo<\/strong><\/a>, <a href=\"http:\/\/www.lucasbalboa.com\/\" target=\"_blank\" rel=\"noopener noreferrer nofollow\"><strong>Lucas Balboa<\/strong><\/a>, <a href=\"https:\/\/www.elenamorales.es\/\" target=\"_blank\" rel=\"noopener noreferrer nofollow\"><strong>Elena Morales<\/strong><\/a>, Susana Requena, <a href=\"http:\/\/www.pedropalmas.com\/\" target=\"_blank\" rel=\"noopener noreferrer nofollow\"><strong>Pedro Palmas<\/strong><\/a> y <a href=\"https:\/\/weargonzales.com\/\" target=\"_blank\" rel=\"noopener noreferrer nofollow\"><strong>Gonzales<\/strong><\/a>, a los que ahora se suman <a href=\"https:\/\/www.ogadeniacouture.com\/\" target=\"_blank\" rel=\"noopener noreferrer nofollow\"><strong>Ogadenia Couture<\/strong><\/a> y <a href=\"https:\/\/comolatruchaaltruchocloth.com\/\" target=\"_blank\" rel=\"noopener noreferrer nofollow\"><strong>Como la trucha al trucho<\/strong><\/a>. Se trata de una ayuda no permanente, tal y como explic\u00f3 la consejera durante este encuentro. Esta colaboraci\u00f3n con <strong>ACME<\/strong> tiene el objetivo de servir de plataforma de lanzamiento a las firmas grancanarias. Para la selecci\u00f3n de las marcas que se incorporan se tiene en cuenta un informe que realiza la propia asociaci\u00f3n, as\u00ed como que los dise\u00f1adores seleccionados tengan instrumentos para comercializar fuera de Canarias.<\/p>\n<p>De <a href=\"https:\/\/www.ogadeniacouture.com\/\" target=\"_blank\" rel=\"noopener noreferrer nofollow\"><strong>Ogadenia Couture<\/strong><\/a> 2022 cabe destacar su apuesta por la labor artesanal, que se manifiesta en la variedad de tejidos bordados a mano sobre telar que protagonizan sus colecciones, cuya esencia es la sensualidad y la feminidad.<\/p>\n<p>En el caso de la firma de ba\u00f1o <a href=\"https:\/\/comolatruchaaltruchocloth.com\/\" target=\"_blank\" rel=\"noopener noreferrer nofollow\"><strong>Como la trucha al trucho<\/strong><\/a>,\u00a0 su colecci\u00f3n 2022, llamada \u2018<strong>Damajuana<\/strong>&#8216; se inspiraba en la mujer de car\u00e1cter mediterr\u00e1neo y aventurera, con una serie de piezas c\u00f3modas y vers\u00e1tiles, sello de identidad de la marca.<\/p>\n","protected":false},"excerpt":{"rendered":"<p>Ogadenia Couture y Como la trucha al trucho se incorporan al programa de asesoramiento que la Asociaci\u00f3n Creadores de Moda de Espa\u00f1a ofrece a firmas seleccionadas de Gran Canaria Moda C\u00e1lida. Un acuerdo de colaboraci\u00f3n que ambas instituciones establecieron en 2018 y gracias al cual nueve firmas grancanarias reciben los servicios profesionales de ACME. Su [&hellip;]<\/p>\n","protected":false},"author":4,"featured_media":50327,"comment_status":"closed","ping_status":"closed","sticky":false,"template":"","format":"standard","meta":{"footnotes":""},"categories":[6],"tags":[],"class_list":["post-50324","post","type-post","status-publish","format-standard","has-post-thumbnail","hentry","category-noticias"],"yoast_head":"<!-- This site is optimized with the Yoast SEO plugin v28.3 - https:\/\/yoast.com\/product\/yoast-seo-wordpress\/ -->\n<title>ACME suma a dos nuevas firmas de Gran Canaria Moda C\u00e1lida - Asociaci\u00f3n Creadores de Moda de Espa\u00f1a | ACME<\/title>\n<meta name=\"robots\" content=\"index, follow, max-snippet:-1, max-image-preview:large, max-video-preview:-1\" \/>\n<link rel=\"canonical\" href=\"https:\/\/creadores.org\/?p=50324\" \/>\n<meta property=\"og:locale\" content=\"es_ES\" \/>\n<meta property=\"og:type\" content=\"article\" \/>\n<meta property=\"og:title\" content=\"ACME suma a dos nuevas firmas de Gran Canaria Moda C\u00e1lida - Asociaci\u00f3n Creadores de Moda de Espa\u00f1a | ACME\" \/>\n<meta property=\"og:description\" content=\"Ogadenia Couture y Como la trucha al trucho se incorporan al programa de asesoramiento que la Asociaci\u00f3n Creadores de Moda de Espa\u00f1a ofrece a firmas seleccionadas de Gran Canaria Moda C\u00e1lida. Un acuerdo de colaboraci\u00f3n que ambas instituciones establecieron en 2018 y gracias al cual nueve firmas grancanarias reciben los servicios profesionales de ACME. Su [&hellip;]\" \/>\n<meta property=\"og:url\" content=\"https:\/\/creadores.org\/?p=50324\" \/>\n<meta property=\"og:site_name\" content=\"Asociaci\u00f3n Creadores de Moda de Espa\u00f1a | ACME\" \/>\n<meta property=\"article:publisher\" content=\"https:\/\/www.facebook.com\/Asociaci%c3%b3n-Creadores-de-Moda-de-Espa%c3%b1a-297009471514\/\" \/>\n<meta property=\"article:published_time\" content=\"2022-09-15T09:35:18+00:00\" \/>\n<meta property=\"article:modified_time\" content=\"2025-07-02T07:16:33+00:00\" \/>\n<meta property=\"og:image\" content=\"https:\/\/creadores.org\/wp-content\/uploads\/2022\/09\/web-cabildo-asociacion-creadores-moda-espana-150922-011-.jpg\" \/>\n\t<meta property=\"og:image:width\" content=\"1800\" \/>\n\t<meta property=\"og:image:height\" content=\"1200\" \/>\n\t<meta property=\"og:image:type\" content=\"image\/jpeg\" \/>\n<meta name=\"author\" content=\"Felipe\" \/>\n<meta name=\"twitter:card\" content=\"summary_large_image\" \/>\n<meta name=\"twitter:creator\" content=\"@creadoresacme\" \/>\n<meta name=\"twitter:site\" content=\"@creadoresacme\" \/>\n<meta name=\"twitter:label1\" content=\"Written by\" \/>\n\t<meta name=\"twitter:data1\" content=\"Felipe\" \/>\n\t<meta name=\"twitter:label2\" content=\"Est. reading time\" \/>\n\t<meta name=\"twitter:data2\" content=\"2 minutos\" \/>\n<script type=\"application\/ld+json\" class=\"yoast-schema-graph\">{\"@context\":\"https:\\\/\\\/schema.org\",\"@graph\":[{\"@type\":\"Article\",\"@id\":\"https:\\\/\\\/creadores.org\\\/?p=50324#article\",\"isPartOf\":{\"@id\":\"https:\\\/\\\/creadores.org\\\/?p=50324\"},\"author\":{\"name\":\"Felipe\",\"@id\":\"https:\\\/\\\/creadores.org\\\/#\\\/schema\\\/person\\\/fdf61cde9f2e71e9cefe26613b50a079\"},\"headline\":\"ACME suma a dos nuevas firmas de Gran Canaria Moda C\u00e1lida\",\"datePublished\":\"2022-09-15T09:35:18+00:00\",\"dateModified\":\"2025-07-02T07:16:33+00:00\",\"mainEntityOfPage\":{\"@id\":\"https:\\\/\\\/creadores.org\\\/?p=50324\"},\"wordCount\":325,\"publisher\":{\"@id\":\"https:\\\/\\\/creadores.org\\\/#organization\"},\"image\":{\"@id\":\"https:\\\/\\\/creadores.org\\\/?p=50324#primaryimage\"},\"thumbnailUrl\":\"https:\\\/\\\/creadores.org\\\/wp-content\\\/uploads\\\/2022\\\/09\\\/web-cabildo-asociacion-creadores-moda-espana-150922-011-.jpg\",\"articleSection\":[\"Noticias\"],\"inLanguage\":\"es\"},{\"@type\":\"WebPage\",\"@id\":\"https:\\\/\\\/creadores.org\\\/?p=50324\",\"url\":\"https:\\\/\\\/creadores.org\\\/?p=50324\",\"name\":\"ACME suma a dos nuevas firmas de Gran Canaria Moda C\u00e1lida - Asociaci\u00f3n Creadores de Moda de Espa\u00f1a | ACME\",\"isPartOf\":{\"@id\":\"https:\\\/\\\/creadores.org\\\/#website\"},\"primaryImageOfPage\":{\"@id\":\"https:\\\/\\\/creadores.org\\\/?p=50324#primaryimage\"},\"image\":{\"@id\":\"https:\\\/\\\/creadores.org\\\/?p=50324#primaryimage\"},\"thumbnailUrl\":\"https:\\\/\\\/creadores.org\\\/wp-content\\\/uploads\\\/2022\\\/09\\\/web-cabildo-asociacion-creadores-moda-espana-150922-011-.jpg\",\"datePublished\":\"2022-09-15T09:35:18+00:00\",\"dateModified\":\"2025-07-02T07:16:33+00:00\",\"breadcrumb\":{\"@id\":\"https:\\\/\\\/creadores.org\\\/?p=50324#breadcrumb\"},\"inLanguage\":\"es\",\"potentialAction\":[{\"@type\":\"ReadAction\",\"target\":[\"https:\\\/\\\/creadores.org\\\/?p=50324\"]}]},{\"@type\":\"ImageObject\",\"inLanguage\":\"es\",\"@id\":\"https:\\\/\\\/creadores.org\\\/?p=50324#primaryimage\",\"url\":\"https:\\\/\\\/creadores.org\\\/wp-content\\\/uploads\\\/2022\\\/09\\\/web-cabildo-asociacion-creadores-moda-espana-150922-011-.jpg\",\"contentUrl\":\"https:\\\/\\\/creadores.org\\\/wp-content\\\/uploads\\\/2022\\\/09\\\/web-cabildo-asociacion-creadores-moda-espana-150922-011-.jpg\",\"width\":1800,\"height\":1200},{\"@type\":\"BreadcrumbList\",\"@id\":\"https:\\\/\\\/creadores.org\\\/?p=50324#breadcrumb\",\"itemListElement\":[{\"@type\":\"ListItem\",\"position\":1,\"name\":\"Portada\",\"item\":\"https:\\\/\\\/creadores.org\\\/\"},{\"@type\":\"ListItem\",\"position\":2,\"name\":\"ACME suma a dos nuevas firmas de Gran Canaria Moda C\u00e1lida\"}]},{\"@type\":\"WebSite\",\"@id\":\"https:\\\/\\\/creadores.org\\\/#website\",\"url\":\"https:\\\/\\\/creadores.org\\\/\",\"name\":\"Asociaci\u00f3n Creadores de Moda de Espa\u00f1a | ACME\",\"description\":\"La Asociaci\u00f3n Creadores de Moda de Espa\u00f1a (ACME) es una organizaci\u00f3n profesional sin \u00e1nimo de lucro fundada en 1988\",\"publisher\":{\"@id\":\"https:\\\/\\\/creadores.org\\\/#organization\"},\"potentialAction\":[{\"@type\":\"SearchAction\",\"target\":{\"@type\":\"EntryPoint\",\"urlTemplate\":\"https:\\\/\\\/creadores.org\\\/?s={search_term_string}\"},\"query-input\":{\"@type\":\"PropertyValueSpecification\",\"valueRequired\":true,\"valueName\":\"search_term_string\"}}],\"inLanguage\":\"es\"},{\"@type\":\"Organization\",\"@id\":\"https:\\\/\\\/creadores.org\\\/#organization\",\"name\":\"Asociaci\u00f3n Creadores de Moda de Espa\u00f1a | ACME\",\"url\":\"https:\\\/\\\/creadores.org\\\/\",\"logo\":{\"@type\":\"ImageObject\",\"inLanguage\":\"es\",\"@id\":\"https:\\\/\\\/creadores.org\\\/#\\\/schema\\\/logo\\\/image\\\/\",\"url\":\"https:\\\/\\\/creadores.org\\\/wp-content\\\/uploads\\\/2025\\\/06\\\/acme-logo.svg\",\"contentUrl\":\"https:\\\/\\\/creadores.org\\\/wp-content\\\/uploads\\\/2025\\\/06\\\/acme-logo.svg\",\"width\":650,\"height\":119,\"caption\":\"Asociaci\u00f3n Creadores de Moda de Espa\u00f1a | ACME\"},\"image\":{\"@id\":\"https:\\\/\\\/creadores.org\\\/#\\\/schema\\\/logo\\\/image\\\/\"},\"sameAs\":[\"https:\\\/\\\/www.facebook.com\\\/Asociaci\u00f3n-Creadores-de-Moda-de-Espa\u00f1a-297009471514\\\/\",\"https:\\\/\\\/x.com\\\/creadoresacme\",\"https:\\\/\\\/www.instagram.com\\\/creadoresacme\\\/\"]},{\"@type\":\"Person\",\"@id\":\"https:\\\/\\\/creadores.org\\\/#\\\/schema\\\/person\\\/fdf61cde9f2e71e9cefe26613b50a079\",\"name\":\"Felipe\"}]}<\/script>\n<!-- \/ Yoast SEO plugin. -->","yoast_head_json":{"title":"ACME suma a dos nuevas firmas de Gran Canaria Moda C\u00e1lida - Asociaci\u00f3n Creadores de Moda de Espa\u00f1a | ACME","robots":{"index":"index","follow":"follow","max-snippet":"max-snippet:-1","max-image-preview":"max-image-preview:large","max-video-preview":"max-video-preview:-1"},"canonical":"https:\/\/creadores.org\/?p=50324","og_locale":"es_ES","og_type":"article","og_title":"ACME suma a dos nuevas firmas de Gran Canaria Moda C\u00e1lida - Asociaci\u00f3n Creadores de Moda de Espa\u00f1a | ACME","og_description":"Ogadenia Couture y Como la trucha al trucho se incorporan al programa de asesoramiento que la Asociaci\u00f3n Creadores de Moda de Espa\u00f1a ofrece a firmas seleccionadas de Gran Canaria Moda C\u00e1lida. Un acuerdo de colaboraci\u00f3n que ambas instituciones establecieron en 2018 y gracias al cual nueve firmas grancanarias reciben los servicios profesionales de ACME. Su [&hellip;]","og_url":"https:\/\/creadores.org\/?p=50324","og_site_name":"Asociaci\u00f3n Creadores de Moda de Espa\u00f1a | ACME","article_publisher":"https:\/\/www.facebook.com\/Asociaci%c3%b3n-Creadores-de-Moda-de-Espa%c3%b1a-297009471514\/","article_published_time":"2022-09-15T09:35:18+00:00","article_modified_time":"2025-07-02T07:16:33+00:00","og_image":[{"width":1800,"height":1200,"url":"https:\/\/creadores.org\/wp-content\/uploads\/2022\/09\/web-cabildo-asociacion-creadores-moda-espana-150922-011-.jpg","type":"image\/jpeg"}],"author":"Felipe","twitter_card":"summary_large_image","twitter_creator":"@creadoresacme","twitter_site":"@creadoresacme","twitter_misc":{"Written by":"Felipe","Est. reading time":"2 minutos"},"schema":{"@context":"https:\/\/schema.org","@graph":[{"@type":"Article","@id":"https:\/\/creadores.org\/?p=50324#article","isPartOf":{"@id":"https:\/\/creadores.org\/?p=50324"},"author":{"name":"Felipe","@id":"https:\/\/creadores.org\/#\/schema\/person\/fdf61cde9f2e71e9cefe26613b50a079"},"headline":"ACME suma a dos nuevas firmas de Gran Canaria Moda C\u00e1lida","datePublished":"2022-09-15T09:35:18+00:00","dateModified":"2025-07-02T07:16:33+00:00","mainEntityOfPage":{"@id":"https:\/\/creadores.org\/?p=50324"},"wordCount":325,"publisher":{"@id":"https:\/\/creadores.org\/#organization"},"image":{"@id":"https:\/\/creadores.org\/?p=50324#primaryimage"},"thumbnailUrl":"https:\/\/creadores.org\/wp-content\/uploads\/2022\/09\/web-cabildo-asociacion-creadores-moda-espana-150922-011-.jpg","articleSection":["Noticias"],"inLanguage":"es"},{"@type":"WebPage","@id":"https:\/\/creadores.org\/?p=50324","url":"https:\/\/creadores.org\/?p=50324","name":"ACME suma a dos nuevas firmas de Gran Canaria Moda C\u00e1lida - Asociaci\u00f3n Creadores de Moda de Espa\u00f1a | ACME","isPartOf":{"@id":"https:\/\/creadores.org\/#website"},"primaryImageOfPage":{"@id":"https:\/\/creadores.org\/?p=50324#primaryimage"},"image":{"@id":"https:\/\/creadores.org\/?p=50324#primaryimage"},"thumbnailUrl":"https:\/\/creadores.org\/wp-content\/uploads\/2022\/09\/web-cabildo-asociacion-creadores-moda-espana-150922-011-.jpg","datePublished":"2022-09-15T09:35:18+00:00","dateModified":"2025-07-02T07:16:33+00:00","breadcrumb":{"@id":"https:\/\/creadores.org\/?p=50324#breadcrumb"},"inLanguage":"es","potentialAction":[{"@type":"ReadAction","target":["https:\/\/creadores.org\/?p=50324"]}]},{"@type":"ImageObject","inLanguage":"es","@id":"https:\/\/creadores.org\/?p=50324#primaryimage","url":"https:\/\/creadores.org\/wp-content\/uploads\/2022\/09\/web-cabildo-asociacion-creadores-moda-espana-150922-011-.jpg","contentUrl":"https:\/\/creadores.org\/wp-content\/uploads\/2022\/09\/web-cabildo-asociacion-creadores-moda-espana-150922-011-.jpg","width":1800,"height":1200},{"@type":"BreadcrumbList","@id":"https:\/\/creadores.org\/?p=50324#breadcrumb","itemListElement":[{"@type":"ListItem","position":1,"name":"Portada","item":"https:\/\/creadores.org\/"},{"@type":"ListItem","position":2,"name":"ACME suma a dos nuevas firmas de Gran Canaria Moda C\u00e1lida"}]},{"@type":"WebSite","@id":"https:\/\/creadores.org\/#website","url":"https:\/\/creadores.org\/","name":"Asociaci\u00f3n Creadores de Moda de Espa\u00f1a | ACME","description":"La Asociaci\u00f3n Creadores de Moda de Espa\u00f1a (ACME) es una organizaci\u00f3n profesional sin \u00e1nimo de lucro fundada en 1988","publisher":{"@id":"https:\/\/creadores.org\/#organization"},"potentialAction":[{"@type":"SearchAction","target":{"@type":"EntryPoint","urlTemplate":"https:\/\/creadores.org\/?s={search_term_string}"},"query-input":{"@type":"PropertyValueSpecification","valueRequired":true,"valueName":"search_term_string"}}],"inLanguage":"es"},{"@type":"Organization","@id":"https:\/\/creadores.org\/#organization","name":"Asociaci\u00f3n Creadores de Moda de Espa\u00f1a | ACME","url":"https:\/\/creadores.org\/","logo":{"@type":"ImageObject","inLanguage":"es","@id":"https:\/\/creadores.org\/#\/schema\/logo\/image\/","url":"https:\/\/creadores.org\/wp-content\/uploads\/2025\/06\/acme-logo.svg","contentUrl":"https:\/\/creadores.org\/wp-content\/uploads\/2025\/06\/acme-logo.svg","width":650,"height":119,"caption":"Asociaci\u00f3n Creadores de Moda de Espa\u00f1a | ACME"},"image":{"@id":"https:\/\/creadores.org\/#\/schema\/logo\/image\/"},"sameAs":["https:\/\/www.facebook.com\/Asociaci\u00f3n-Creadores-de-Moda-de-Espa\u00f1a-297009471514\/","https:\/\/x.com\/creadoresacme","https:\/\/www.instagram.com\/creadoresacme\/"]},{"@type":"Person","@id":"https:\/\/creadores.org\/#\/schema\/person\/fdf61cde9f2e71e9cefe26613b50a079","name":"Felipe"}]}},"_links":{"self":[{"href":"https:\/\/creadores.org\/index.php?rest_route=\/wp\/v2\/posts\/50324","targetHints":{"allow":["GET"]}}],"collection":[{"href":"https:\/\/creadores.org\/index.php?rest_route=\/wp\/v2\/posts"}],"about":[{"href":"https:\/\/creadores.org\/index.php?rest_route=\/wp\/v2\/types\/post"}],"author":[{"embeddable":true,"href":"https:\/\/creadores.org\/index.php?rest_route=\/wp\/v2\/users\/4"}],"replies":[{"embeddable":true,"href":"https:\/\/creadores.org\/index.php?rest_route=%2Fwp%2Fv2%2Fcomments&post=50324"}],"version-history":[{"count":3,"href":"https:\/\/creadores.org\/index.php?rest_route=\/wp\/v2\/posts\/50324\/revisions"}],"predecessor-version":[{"id":81877,"href":"https:\/\/creadores.org\/index.php?rest_route=\/wp\/v2\/posts\/50324\/revisions\/81877"}],"wp:featuredmedia":[{"embeddable":true,"href":"https:\/\/creadores.org\/index.php?rest_route=\/wp\/v2\/media\/50327"}],"wp:attachment":[{"href":"https:\/\/creadores.org\/index.php?rest_route=%2Fwp%2Fv2%2Fmedia&parent=50324"}],"wp:term":[{"taxonomy":"category","embeddable":true,"href":"https:\/\/creadores.org\/index.php?rest_route=%2Fwp%2Fv2%2Fcategories&post=50324"},{"taxonomy":"post_tag","embeddable":true,"href":"https:\/\/creadores.org\/index.php?rest_route=%2Fwp%2Fv2%2Ftags&post=50324"}],"curies":[{"name":"wp","href":"https:\/\/api.w.org\/{rel}","templated":true}]}}