{"id":61143,"date":"2024-02-16T12:18:51","date_gmt":"2024-02-16T11:18:51","guid":{"rendered":"https:\/\/creadores.org\/?p=61143"},"modified":"2025-07-16T13:31:09","modified_gmt":"2025-07-16T11:31:09","slug":"agatha-ruiz-de-la-prada-llena-mbfwm-de-lunares","status":"publish","type":"post","link":"https:\/\/creadores.org\/?p=61143","title":{"rendered":"\u00c1gatha Ruiz de la PRada llena MBFWM de lunares"},"content":{"rendered":"<p><a href=\"https:\/\/www.agatharuizdelaprada.com\/\" target=\"_blank\" rel=\"noopener noreferrer nofollow\"><strong>\u00c1gatha Ruiz de la Prada<\/strong><\/a> pisa de nuevo la pasarela de Mercedes Benz Fashion Week Madrid con una colecci\u00f3n donde el lunar es el principal protagonista.<\/p>\n<p>El desfile comienza con el lanzamiento de una l\u00ednea de cascos de motos \u201cagathizados\u201d junto a NZI Helmets en los que combina arte pop con tecnolog\u00eda de protecci\u00f3n avanzada. Junto a los cascos, la creadora tambi\u00e9n se atreve a dise\u00f1ar complementos para motoristas, realizados en colaboraci\u00f3n con ByCity: cazadoras, vaqueros, chubasqueros, guantes e incluso bolsas con sus emblem\u00e1ticos estampados para llevar el casco.<\/p>\n<p>Los lunares aparecen en estampados de algod\u00f3n en las prendas m\u00e1s comerciales, y en polipiel de peluche o acolchada, en neoprenos de color ne\u00f3n, en popel\u00edn y en pana entre las prendas confeccionadas en su propio taller. Asimismo, no faltan los ic\u00f3nicos cl\u00e1sicos de la marca: el coraz\u00f3n, la flor y la estrella, los cuales juegan entre rayas multicolores, dibujos geom\u00e9tricos y matices de graffiti. Para coronar sus looks, la firma ha colaborado con Morena Coraz\u00f3n, una marca de bisuter\u00eda mexicana que ha producido unas diademas joya decoradas con besos y corazones.<\/p>\n<p>La filosof\u00eda creativa de Agatha Ruiz de la Prada se refleja en su continua experimentaci\u00f3n con patrones y el patchwork, as\u00ed como en su curiosidad por t\u00e9cnicas artesanales como las que desarrollan Telares Lencas en la elaboraci\u00f3n a mano de sus telas por mujeres hondure\u00f1as.<\/p>\n<p>Por \u00faltimo, Marcelo Mellino, habitual en las presentaciones de la dise\u00f1adora, ha creado una canci\u00f3n para este show que es una declaraci\u00f3n de intenciones: \u201c\u00a1No pienses m\u00e1s, esto se acab\u00f3!\u201d<\/p>\n","protected":false},"excerpt":{"rendered":"<p>\u00c1gatha Ruiz de la Prada pisa de nuevo la pasarela de Mercedes Benz Fashion Week Madrid con una colecci\u00f3n donde el lunar es el principal protagonista. El desfile comienza con el lanzamiento de una l\u00ednea de cascos de motos \u201cagathizados\u201d junto a NZI Helmets en los que combina arte pop con tecnolog\u00eda de protecci\u00f3n avanzada. [&hellip;]<\/p>\n","protected":false},"author":4,"featured_media":61144,"comment_status":"closed","ping_status":"closed","sticky":false,"template":"","format":"standard","meta":{"footnotes":""},"categories":[1391],"tags":[],"class_list":["post-61143","post","type-post","status-publish","format-standard","has-post-thumbnail","hentry","category-primavera-verano-2024"],"yoast_head":"<!-- This site is optimized with the Yoast SEO plugin v28.3 - https:\/\/yoast.com\/product\/yoast-seo-wordpress\/ -->\n<title>\u00c1gatha Ruiz de la PRada llena MBFWM de lunares - Asociaci\u00f3n Creadores de Moda de Espa\u00f1a | ACME<\/title>\n<meta name=\"robots\" content=\"index, follow, max-snippet:-1, max-image-preview:large, max-video-preview:-1\" \/>\n<link rel=\"canonical\" href=\"https:\/\/creadores.org\/?p=61143\" \/>\n<meta property=\"og:locale\" content=\"es_ES\" \/>\n<meta property=\"og:type\" content=\"article\" \/>\n<meta property=\"og:title\" content=\"\u00c1gatha Ruiz de la PRada llena MBFWM de lunares - Asociaci\u00f3n Creadores de Moda de Espa\u00f1a | ACME\" \/>\n<meta property=\"og:description\" content=\"\u00c1gatha Ruiz de la Prada pisa de nuevo la pasarela de Mercedes Benz Fashion Week Madrid con una colecci\u00f3n donde el lunar es el principal protagonista. El desfile comienza con el lanzamiento de una l\u00ednea de cascos de motos \u201cagathizados\u201d junto a NZI Helmets en los que combina arte pop con tecnolog\u00eda de protecci\u00f3n avanzada. [&hellip;]\" \/>\n<meta property=\"og:url\" content=\"https:\/\/creadores.org\/?p=61143\" \/>\n<meta property=\"og:site_name\" content=\"Asociaci\u00f3n Creadores de Moda de Espa\u00f1a | ACME\" \/>\n<meta property=\"article:publisher\" content=\"https:\/\/www.facebook.com\/Asociaci%c3%b3n-Creadores-de-Moda-de-Espa%c3%b1a-297009471514\/\" \/>\n<meta property=\"article:published_time\" content=\"2024-02-16T11:18:51+00:00\" \/>\n<meta property=\"article:modified_time\" content=\"2025-07-16T11:31:09+00:00\" \/>\n<meta property=\"og:image\" content=\"https:\/\/creadores.org\/wp-content\/uploads\/2024\/02\/agatha-ruiz-de-la-prada-oi24-web-acme.jpg\" \/>\n\t<meta property=\"og:image:width\" content=\"1200\" \/>\n\t<meta property=\"og:image:height\" content=\"800\" \/>\n\t<meta property=\"og:image:type\" content=\"image\/jpeg\" \/>\n<meta name=\"author\" content=\"Felipe\" \/>\n<meta name=\"twitter:card\" content=\"summary_large_image\" \/>\n<meta name=\"twitter:creator\" content=\"@creadoresacme\" \/>\n<meta name=\"twitter:site\" content=\"@creadoresacme\" \/>\n<meta name=\"twitter:label1\" content=\"Escrito por\" \/>\n\t<meta name=\"twitter:data1\" content=\"Felipe\" \/>\n\t<meta name=\"twitter:label2\" content=\"Tiempo de lectura\" \/>\n\t<meta name=\"twitter:data2\" content=\"2 minutos\" \/>\n<script type=\"application\/ld+json\" class=\"yoast-schema-graph\">{\"@context\":\"https:\\\/\\\/schema.org\",\"@graph\":[{\"@type\":\"Article\",\"@id\":\"https:\\\/\\\/creadores.org\\\/?p=61143#article\",\"isPartOf\":{\"@id\":\"https:\\\/\\\/creadores.org\\\/?p=61143\"},\"author\":{\"name\":\"Felipe\",\"@id\":\"https:\\\/\\\/creadores.org\\\/#\\\/schema\\\/person\\\/fdf61cde9f2e71e9cefe26613b50a079\"},\"headline\":\"\u00c1gatha Ruiz de la PRada llena MBFWM de lunares\",\"datePublished\":\"2024-02-16T11:18:51+00:00\",\"dateModified\":\"2025-07-16T11:31:09+00:00\",\"mainEntityOfPage\":{\"@id\":\"https:\\\/\\\/creadores.org\\\/?p=61143\"},\"wordCount\":292,\"publisher\":{\"@id\":\"https:\\\/\\\/creadores.org\\\/#organization\"},\"image\":{\"@id\":\"https:\\\/\\\/creadores.org\\\/?p=61143#primaryimage\"},\"thumbnailUrl\":\"https:\\\/\\\/creadores.org\\\/wp-content\\\/uploads\\\/2024\\\/02\\\/agatha-ruiz-de-la-prada-oi24-web-acme.jpg\",\"articleSection\":[\"Primavera-Verano 2024\"],\"inLanguage\":\"es\"},{\"@type\":\"WebPage\",\"@id\":\"https:\\\/\\\/creadores.org\\\/?p=61143\",\"url\":\"https:\\\/\\\/creadores.org\\\/?p=61143\",\"name\":\"\u00c1gatha Ruiz de la PRada llena MBFWM de lunares - Asociaci\u00f3n Creadores de Moda de Espa\u00f1a | ACME\",\"isPartOf\":{\"@id\":\"https:\\\/\\\/creadores.org\\\/#website\"},\"primaryImageOfPage\":{\"@id\":\"https:\\\/\\\/creadores.org\\\/?p=61143#primaryimage\"},\"image\":{\"@id\":\"https:\\\/\\\/creadores.org\\\/?p=61143#primaryimage\"},\"thumbnailUrl\":\"https:\\\/\\\/creadores.org\\\/wp-content\\\/uploads\\\/2024\\\/02\\\/agatha-ruiz-de-la-prada-oi24-web-acme.jpg\",\"datePublished\":\"2024-02-16T11:18:51+00:00\",\"dateModified\":\"2025-07-16T11:31:09+00:00\",\"breadcrumb\":{\"@id\":\"https:\\\/\\\/creadores.org\\\/?p=61143#breadcrumb\"},\"inLanguage\":\"es\",\"potentialAction\":[{\"@type\":\"ReadAction\",\"target\":[\"https:\\\/\\\/creadores.org\\\/?p=61143\"]}]},{\"@type\":\"ImageObject\",\"inLanguage\":\"es\",\"@id\":\"https:\\\/\\\/creadores.org\\\/?p=61143#primaryimage\",\"url\":\"https:\\\/\\\/creadores.org\\\/wp-content\\\/uploads\\\/2024\\\/02\\\/agatha-ruiz-de-la-prada-oi24-web-acme.jpg\",\"contentUrl\":\"https:\\\/\\\/creadores.org\\\/wp-content\\\/uploads\\\/2024\\\/02\\\/agatha-ruiz-de-la-prada-oi24-web-acme.jpg\",\"width\":1200,\"height\":800},{\"@type\":\"BreadcrumbList\",\"@id\":\"https:\\\/\\\/creadores.org\\\/?p=61143#breadcrumb\",\"itemListElement\":[{\"@type\":\"ListItem\",\"position\":1,\"name\":\"Portada\",\"item\":\"https:\\\/\\\/creadores.org\\\/\"},{\"@type\":\"ListItem\",\"position\":2,\"name\":\"\u00c1gatha Ruiz de la PRada llena MBFWM de lunares\"}]},{\"@type\":\"WebSite\",\"@id\":\"https:\\\/\\\/creadores.org\\\/#website\",\"url\":\"https:\\\/\\\/creadores.org\\\/\",\"name\":\"Asociaci\u00f3n Creadores de Moda de Espa\u00f1a | ACME\",\"description\":\"La Asociaci\u00f3n Creadores de Moda de Espa\u00f1a (ACME) es una organizaci\u00f3n profesional sin \u00e1nimo de lucro fundada en 1988\",\"publisher\":{\"@id\":\"https:\\\/\\\/creadores.org\\\/#organization\"},\"potentialAction\":[{\"@type\":\"SearchAction\",\"target\":{\"@type\":\"EntryPoint\",\"urlTemplate\":\"https:\\\/\\\/creadores.org\\\/?s={search_term_string}\"},\"query-input\":{\"@type\":\"PropertyValueSpecification\",\"valueRequired\":true,\"valueName\":\"search_term_string\"}}],\"inLanguage\":\"es\"},{\"@type\":\"Organization\",\"@id\":\"https:\\\/\\\/creadores.org\\\/#organization\",\"name\":\"Asociaci\u00f3n Creadores de Moda de Espa\u00f1a | ACME\",\"url\":\"https:\\\/\\\/creadores.org\\\/\",\"logo\":{\"@type\":\"ImageObject\",\"inLanguage\":\"es\",\"@id\":\"https:\\\/\\\/creadores.org\\\/#\\\/schema\\\/logo\\\/image\\\/\",\"url\":\"https:\\\/\\\/creadores.org\\\/wp-content\\\/uploads\\\/2025\\\/06\\\/acme-logo.svg\",\"contentUrl\":\"https:\\\/\\\/creadores.org\\\/wp-content\\\/uploads\\\/2025\\\/06\\\/acme-logo.svg\",\"width\":650,\"height\":119,\"caption\":\"Asociaci\u00f3n Creadores de Moda de Espa\u00f1a | ACME\"},\"image\":{\"@id\":\"https:\\\/\\\/creadores.org\\\/#\\\/schema\\\/logo\\\/image\\\/\"},\"sameAs\":[\"https:\\\/\\\/www.facebook.com\\\/Asociaci\u00f3n-Creadores-de-Moda-de-Espa\u00f1a-297009471514\\\/\",\"https:\\\/\\\/x.com\\\/creadoresacme\",\"https:\\\/\\\/www.instagram.com\\\/creadoresacme\\\/\"]},{\"@type\":\"Person\",\"@id\":\"https:\\\/\\\/creadores.org\\\/#\\\/schema\\\/person\\\/fdf61cde9f2e71e9cefe26613b50a079\",\"name\":\"Felipe\"}]}<\/script>\n<!-- \/ Yoast SEO plugin. -->","yoast_head_json":{"title":"\u00c1gatha Ruiz de la PRada llena MBFWM de lunares - Asociaci\u00f3n Creadores de Moda de Espa\u00f1a | ACME","robots":{"index":"index","follow":"follow","max-snippet":"max-snippet:-1","max-image-preview":"max-image-preview:large","max-video-preview":"max-video-preview:-1"},"canonical":"https:\/\/creadores.org\/?p=61143","og_locale":"es_ES","og_type":"article","og_title":"\u00c1gatha Ruiz de la PRada llena MBFWM de lunares - Asociaci\u00f3n Creadores de Moda de Espa\u00f1a | ACME","og_description":"\u00c1gatha Ruiz de la Prada pisa de nuevo la pasarela de Mercedes Benz Fashion Week Madrid con una colecci\u00f3n donde el lunar es el principal protagonista. El desfile comienza con el lanzamiento de una l\u00ednea de cascos de motos \u201cagathizados\u201d junto a NZI Helmets en los que combina arte pop con tecnolog\u00eda de protecci\u00f3n avanzada. [&hellip;]","og_url":"https:\/\/creadores.org\/?p=61143","og_site_name":"Asociaci\u00f3n Creadores de Moda de Espa\u00f1a | ACME","article_publisher":"https:\/\/www.facebook.com\/Asociaci%c3%b3n-Creadores-de-Moda-de-Espa%c3%b1a-297009471514\/","article_published_time":"2024-02-16T11:18:51+00:00","article_modified_time":"2025-07-16T11:31:09+00:00","og_image":[{"width":1200,"height":800,"url":"https:\/\/creadores.org\/wp-content\/uploads\/2024\/02\/agatha-ruiz-de-la-prada-oi24-web-acme.jpg","type":"image\/jpeg"}],"author":"Felipe","twitter_card":"summary_large_image","twitter_creator":"@creadoresacme","twitter_site":"@creadoresacme","twitter_misc":{"Escrito por":"Felipe","Tiempo de lectura":"2 minutos"},"schema":{"@context":"https:\/\/schema.org","@graph":[{"@type":"Article","@id":"https:\/\/creadores.org\/?p=61143#article","isPartOf":{"@id":"https:\/\/creadores.org\/?p=61143"},"author":{"name":"Felipe","@id":"https:\/\/creadores.org\/#\/schema\/person\/fdf61cde9f2e71e9cefe26613b50a079"},"headline":"\u00c1gatha Ruiz de la PRada llena MBFWM de lunares","datePublished":"2024-02-16T11:18:51+00:00","dateModified":"2025-07-16T11:31:09+00:00","mainEntityOfPage":{"@id":"https:\/\/creadores.org\/?p=61143"},"wordCount":292,"publisher":{"@id":"https:\/\/creadores.org\/#organization"},"image":{"@id":"https:\/\/creadores.org\/?p=61143#primaryimage"},"thumbnailUrl":"https:\/\/creadores.org\/wp-content\/uploads\/2024\/02\/agatha-ruiz-de-la-prada-oi24-web-acme.jpg","articleSection":["Primavera-Verano 2024"],"inLanguage":"es"},{"@type":"WebPage","@id":"https:\/\/creadores.org\/?p=61143","url":"https:\/\/creadores.org\/?p=61143","name":"\u00c1gatha Ruiz de la PRada llena MBFWM de lunares - Asociaci\u00f3n Creadores de Moda de Espa\u00f1a | ACME","isPartOf":{"@id":"https:\/\/creadores.org\/#website"},"primaryImageOfPage":{"@id":"https:\/\/creadores.org\/?p=61143#primaryimage"},"image":{"@id":"https:\/\/creadores.org\/?p=61143#primaryimage"},"thumbnailUrl":"https:\/\/creadores.org\/wp-content\/uploads\/2024\/02\/agatha-ruiz-de-la-prada-oi24-web-acme.jpg","datePublished":"2024-02-16T11:18:51+00:00","dateModified":"2025-07-16T11:31:09+00:00","breadcrumb":{"@id":"https:\/\/creadores.org\/?p=61143#breadcrumb"},"inLanguage":"es","potentialAction":[{"@type":"ReadAction","target":["https:\/\/creadores.org\/?p=61143"]}]},{"@type":"ImageObject","inLanguage":"es","@id":"https:\/\/creadores.org\/?p=61143#primaryimage","url":"https:\/\/creadores.org\/wp-content\/uploads\/2024\/02\/agatha-ruiz-de-la-prada-oi24-web-acme.jpg","contentUrl":"https:\/\/creadores.org\/wp-content\/uploads\/2024\/02\/agatha-ruiz-de-la-prada-oi24-web-acme.jpg","width":1200,"height":800},{"@type":"BreadcrumbList","@id":"https:\/\/creadores.org\/?p=61143#breadcrumb","itemListElement":[{"@type":"ListItem","position":1,"name":"Portada","item":"https:\/\/creadores.org\/"},{"@type":"ListItem","position":2,"name":"\u00c1gatha Ruiz de la PRada llena MBFWM de lunares"}]},{"@type":"WebSite","@id":"https:\/\/creadores.org\/#website","url":"https:\/\/creadores.org\/","name":"Asociaci\u00f3n Creadores de Moda de Espa\u00f1a | ACME","description":"La Asociaci\u00f3n Creadores de Moda de Espa\u00f1a (ACME) es una organizaci\u00f3n profesional sin \u00e1nimo de lucro fundada en 1988","publisher":{"@id":"https:\/\/creadores.org\/#organization"},"potentialAction":[{"@type":"SearchAction","target":{"@type":"EntryPoint","urlTemplate":"https:\/\/creadores.org\/?s={search_term_string}"},"query-input":{"@type":"PropertyValueSpecification","valueRequired":true,"valueName":"search_term_string"}}],"inLanguage":"es"},{"@type":"Organization","@id":"https:\/\/creadores.org\/#organization","name":"Asociaci\u00f3n Creadores de Moda de Espa\u00f1a | ACME","url":"https:\/\/creadores.org\/","logo":{"@type":"ImageObject","inLanguage":"es","@id":"https:\/\/creadores.org\/#\/schema\/logo\/image\/","url":"https:\/\/creadores.org\/wp-content\/uploads\/2025\/06\/acme-logo.svg","contentUrl":"https:\/\/creadores.org\/wp-content\/uploads\/2025\/06\/acme-logo.svg","width":650,"height":119,"caption":"Asociaci\u00f3n Creadores de Moda de Espa\u00f1a | ACME"},"image":{"@id":"https:\/\/creadores.org\/#\/schema\/logo\/image\/"},"sameAs":["https:\/\/www.facebook.com\/Asociaci\u00f3n-Creadores-de-Moda-de-Espa\u00f1a-297009471514\/","https:\/\/x.com\/creadoresacme","https:\/\/www.instagram.com\/creadoresacme\/"]},{"@type":"Person","@id":"https:\/\/creadores.org\/#\/schema\/person\/fdf61cde9f2e71e9cefe26613b50a079","name":"Felipe"}]}},"_links":{"self":[{"href":"https:\/\/creadores.org\/index.php?rest_route=\/wp\/v2\/posts\/61143","targetHints":{"allow":["GET"]}}],"collection":[{"href":"https:\/\/creadores.org\/index.php?rest_route=\/wp\/v2\/posts"}],"about":[{"href":"https:\/\/creadores.org\/index.php?rest_route=\/wp\/v2\/types\/post"}],"author":[{"embeddable":true,"href":"https:\/\/creadores.org\/index.php?rest_route=\/wp\/v2\/users\/4"}],"replies":[{"embeddable":true,"href":"https:\/\/creadores.org\/index.php?rest_route=%2Fwp%2Fv2%2Fcomments&post=61143"}],"version-history":[{"count":1,"href":"https:\/\/creadores.org\/index.php?rest_route=\/wp\/v2\/posts\/61143\/revisions"}],"predecessor-version":[{"id":71827,"href":"https:\/\/creadores.org\/index.php?rest_route=\/wp\/v2\/posts\/61143\/revisions\/71827"}],"wp:featuredmedia":[{"embeddable":true,"href":"https:\/\/creadores.org\/index.php?rest_route=\/wp\/v2\/media\/61144"}],"wp:attachment":[{"href":"https:\/\/creadores.org\/index.php?rest_route=%2Fwp%2Fv2%2Fmedia&parent=61143"}],"wp:term":[{"taxonomy":"category","embeddable":true,"href":"https:\/\/creadores.org\/index.php?rest_route=%2Fwp%2Fv2%2Fcategories&post=61143"},{"taxonomy":"post_tag","embeddable":true,"href":"https:\/\/creadores.org\/index.php?rest_route=%2Fwp%2Fv2%2Ftags&post=61143"}],"curies":[{"name":"wp","href":"https:\/\/api.w.org\/{rel}","templated":true}]}}